{"id":7766,"date":"2023-07-05T15:56:13","date_gmt":"2023-07-05T18:56:13","guid":{"rendered":"https:\/\/www.reportedeprensa.utalca.cl\/?p=7766"},"modified":"2023-07-05T16:04:10","modified_gmt":"2023-07-05T19:04:10","slug":"05-de-julio-de-2023","status":"publish","type":"post","link":"https:\/\/www.reportedeprensa.utalca.cl\/?p=7766","title":{"rendered":"05 de julio de 2023"},"content":{"rendered":"\t\t<div data-elementor-type=\"wp-post\" data-elementor-id=\"7766\" class=\"elementor elementor-7766\" data-elementor-settings=\"[]\">\n\t\t\t\t\t\t\t<div class=\"elementor-section-wrap\">\n\t\t\t\t\t\t\t<section class=\"elementor-section elementor-top-section elementor-element elementor-element-10154d05 elementor-section-boxed elementor-section-height-default elementor-section-height-default\" data-id=\"10154d05\" data-element_type=\"section\">\n\t\t\t\t\t\t<div class=\"elementor-container elementor-column-gap-default\">\n\t\t\t\t\t<div class=\"elementor-column elementor-col-100 elementor-top-column elementor-element elementor-element-5db19c21\" data-id=\"5db19c21\" data-element_type=\"column\">\n\t\t\t<div class=\"elementor-widget-wrap elementor-element-populated\">\n\t\t\t\t\t\t\t\t<div class=\"elementor-element elementor-element-587e31be elementor-widget elementor-widget-text-editor\" data-id=\"587e31be\" data-element_type=\"widget\" data-widget_type=\"text-editor.default\">\n\t\t\t\t<div class=\"elementor-widget-container\">\n\t\t\t\t\t\t\t\t<p style=\"font-weight: 400;\"><strong><span style=\"font-style: inherit; font-weight: inherit;\">EL MOSTRADOR\u00a0<\/span><\/strong><\/p><p style=\"font-weight: 400;\"><a href=\"https:\/\/www.elmostrador.cl\/noticias\/pais\/2023\/07\/04\/cuech-impulsa-iniciativa-popular-de-norma-sobre-educacion-publica-en-nueva-constitucion\/\" target=\"_blank\" rel=\"noopener\"><span style=\"font-style: inherit;\">Cuech impulsa iniciativa popular de norma sobre educaci\u00f3n p\u00fablica en Nueva Constituci\u00f3n. Se refiere Carlos Torres Fuchslocher, rector.<\/span><span style=\"font-style: inherit;\">\u00a0<\/span><\/a><\/p><p style=\"font-weight: 400;\">\u00a0<\/p><p style=\"font-weight: 400;\"><strong><span style=\"font-style: inherit;\">MEDIABANCO\u00a0<\/span><\/strong><\/p><p style=\"font-weight: 400;\"><a href=\"https:\/\/www.mediabanco.com\/universidades-estatales-impulsan-iniciativa-popular-de-normapara-relevar-el-valor-de-la-educacion-publica\/\" target=\"_blank\" rel=\"noopener\"><span style=\"font-style: inherit; font-weight: inherit;\">Universidades estatales impulsan iniciativa popular de norma para relevar el valor de la educaci\u00f3n p\u00fablica.\u00a0<\/span><span style=\"font-style: inherit; font-weight: inherit;\">Se refiere Carlos Torres Fuchslocher, rector.\u00a0<\/span><\/a><\/p><p style=\"font-weight: 400;\">\u00a0<\/p><p style=\"font-weight: 400;\"><strong><span style=\"font-style: inherit;\">ADPRENSA\u00a0<\/span><\/strong><\/p><p style=\"font-weight: 400;\"><a href=\"https:\/\/www.adprensa.cl\/cronica\/universidades-estatales-impulsan-iniciativa-popular-de-norma-para-relevar-el-valor-de-la-educacion-publica\/\" target=\"_blank\" rel=\"noopener\"><span style=\"font-style: inherit; font-weight: inherit;\">Universidades estatales impulsan iniciativa popular de norma para relevar el valor de la educaci\u00f3n p\u00fablica.\u00a0<\/span><span style=\"font-style: inherit; font-weight: inherit;\">Se refiere Carlos Torres Fuchslocher, rector.<\/span><span style=\"font-style: inherit; font-weight: inherit;\">\u00a0<\/span><\/a><\/p><p style=\"font-weight: 400;\">\u00a0<\/p><p style=\"font-weight: 400;\"><strong><span style=\"font-style: inherit;\">G5NOTICIAS\u00a0<\/span><\/strong><\/p><p style=\"font-weight: 400;\"><a href=\"https:\/\/g5noticias.cl\/2023\/07\/04\/universidades-estatales-impulsan-iniciativa-popular-de-norma-para-relevar-el-valor-de-la-educacion-publica\/\" target=\"_blank\" rel=\"noopener\"><span style=\"font-style: inherit; font-weight: inherit;\">Universidades estatales impulsan iniciativa popular de norma para relevar el valor de la educaci\u00f3n p\u00fablica.\u00a0<\/span><span style=\"font-style: inherit; font-weight: inherit;\">Se refiere Carlos Torres Fuchslocher, rector.<\/span><span style=\"font-style: inherit; font-weight: inherit;\">\u00a0<\/span><\/a><\/p><p style=\"font-weight: 400;\">\u00a0<\/p><p style=\"font-weight: 400;\"><strong><span style=\"font-style: inherit; font-weight: inherit;\">BIOBIOCHILE.CL\u00a0<\/span><\/strong><\/p><p style=\"font-weight: 400;\"><a href=\"https:\/\/www.biobiochile.cl\/noticias\/nacional\/chile\/2023\/07\/04\/diputados-cuestionaron-viabilidad-de-proyecto-para-condonar-deudas-del-cae.shtml\" target=\"_blank\" rel=\"noopener\">Diputados cuestionaron viabilidad de proyecto para condonar deudas del CAE. Luis Urra Monsalve, vicerrector de Gesti\u00f3n Econ\u00f3mica y Administraci\u00f3n de la Universidad de Talca.\u00a0<\/a><\/p><p style=\"font-weight: 400;\">\u00a0<\/p><p style=\"font-weight: 400;\"><strong><span style=\"font-style: inherit; font-weight: inherit;\">LATERCERA.CL\u00a0<\/span><\/strong><\/p><p style=\"font-weight: 400;\"><a href=\"https:\/\/www.latercera.com\/que-pasa\/noticia\/estas-son-las-frutas-y-hortalizas-que-pueden-prevenir-la-trombosis\/GU2DNP6G6BAFXMMABCUALQ74OA\/\" target=\"_blank\" rel=\"noopener\"><span style=\"font-style: inherit;\">Estas son las frutas y hortalizas que pueden prevenir la trombosis.\u00a0<\/span><span style=\"font-style: inherit;\">Se refieren el acad\u00e9mico de la Facultad de Ciencias de la Salud y l\u00edder del proyecto, Eduardo Fuentes; y el acad\u00e9mico de la Escuela de Nutrici\u00f3n y Diet\u00e9tica, Felipe \u00c1vila.\u00a0<\/span><span style=\"font-style: inherit;\">\u00a0<\/span><\/a><\/p><p style=\"font-weight: 400;\">\u00a0<\/p><p style=\"font-weight: 400;\"><strong><span style=\"font-style: inherit;\">COOPERATIVA CIENCIA\u00a0<\/span><\/strong><\/p><p style=\"font-weight: 400;\"><span style=\"font-style: inherit; font-weight: inherit;\"><a href=\"https:\/\/www.cooperativaciencia.cl\/2023\/07\/04\/estudian-extractos-de-frutas-para-prevenir-trombosis\/\" target=\"_blank\" rel=\"noopener\">Estudian extractos de frutas y hortalizas para prevenir la tromb\u00f3sis. Se refieren el acad\u00e9mico de la Facultad de Ciencias de la Salud y l\u00edder del proyecto, Eduardo Fuentes; y el acad\u00e9mico de la Escuela de Nutrici\u00f3n y Diet\u00e9tica, Felipe \u00c1vila.\u00a0<\/a>\u00a0<\/span><\/p><p style=\"font-weight: 400;\"><span style=\"font-style: inherit; font-weight: inherit;\"><strong>\u00a0<\/strong><\/span><\/p><p style=\"font-weight: 400;\"><strong><span style=\"font-style: inherit;\">G5NOTICIAS\u00a0<\/span><\/strong><\/p><p style=\"font-weight: 400;\"><a href=\"https:\/\/g5noticias.cl\/2023\/07\/04\/cientificos-investigan-extractos-de-frutas-y-hortalizas-que-pueden-prevenir-la-trombosis\/\" target=\"_blank\" rel=\"noopener\"><span style=\"font-style: inherit; font-weight: inherit;\">Cient\u00edficos investigan extractos de frutas y hortalizas podr\u00edan ayudar a prevenir la tromb\u00f3sis. Se refieren el acad\u00e9mico de la Facultad de Ciencias de la Salud y l\u00edder del proyecto, Eduardo Fuentes; y el acad\u00e9mico de la Escuela de Nutrici\u00f3n y Diet\u00e9tica, Felipe \u00c1vila.\u00a0\u00a0<\/span><\/a><\/p><p style=\"font-weight: 400;\">\u00a0<\/p><p style=\"font-weight: 400;\"><strong><span style=\"font-style: inherit;\">EMOL\u00a0<\/span><\/strong><\/p><p style=\"font-weight: 400;\"><a href=\"https:\/\/www.emol.com\/noticias\/Nacional\/2023\/07\/04\/1099955\/the-ranking-universidades-latinoamerica-2023.html\" target=\"_blank\" rel=\"noopener\"><span style=\"font-style: inherit; font-weight: inherit;\">Ranking ubica a dos universidades chilenas dentro de las diez mejores de Latinoam\u00e9rica. Se menciona a la Universidad de Talca.<\/span><\/a><span style=\"font-style: inherit; font-weight: inherit;\"><br \/><\/span><\/p><p>\u00a0<\/p><p style=\"font-weight: 400;\"><strong><span style=\"font-style: inherit; font-weight: inherit;\">CANAL 24 HORAS\u00a0<\/span><\/strong><\/p><p style=\"font-weight: 400;\"><a href=\"https:\/\/www.litoralpress.cl\/sitio\/mindexn.cshtml?fecha=04\/07\/2023\" target=\"_blank\" rel=\"noopener\"><span style=\"font-style: inherit;\">A 7.1 % alcanz\u00f3 la tasa de desocupaci\u00f3n de la poblaci\u00f3n extranjera en Chile en el trimestre marzo-mayo 2023. Se refiere Arcadio Cerda, acad\u00e9mico de la Facultad de Econom\u00eda y Negocios.\u00a0<\/span><span style=\"font-style: inherit;\">\u00a0<\/span><\/a><\/p><p style=\"font-weight: 400;\">\u00a0<\/p><p style=\"font-weight: 400;\"><strong><span style=\"font-style: inherit;\">24HORAS.CL\u00a0<\/span><\/strong><\/p><p style=\"font-weight: 400;\"><a href=\"https:\/\/www.24horas.cl\/programas\/manana-informativa\/economista-proyecta-mayor-crecimiento-en-tasa-desocupacion-poblacion-extranjera\" target=\"_blank\" rel=\"noopener\"><span style=\"font-style: inherit; font-weight: inherit;\">Economista proyecta mayor crecimiento en tasa de desocupaci\u00f3n de poblaci\u00f3n extranjera. Se refiere Arcadio Cerda, acad\u00e9mico de la Facultad de Econom\u00eda y Negocios.\u00a0<\/span><\/a><\/p><p style=\"font-weight: 400;\">\u00a0<\/p><p style=\"font-weight: 400;\"><strong><span style=\"font-style: inherit;\">CANAL TVN\u00a0<\/span><\/strong><\/p><p style=\"font-weight: 400;\"><a href=\"https:\/\/www.litoralpress.cl\/sitio\/RadioTV_Detalles.cshtml?LPKey=LR3Q4C5KUZGNJ54UM5VUSEHWVRYJQEZILBGJWN33WU2MJOX43C425WEQT6WCSFYF6YM37XFFV2XV4\" target=\"_blank\" rel=\"noopener\"><span style=\"font-style: inherit; font-weight: inherit;\">Lluvia complica b\u00fasqueda del adulto mayor arrastrado por las aguas del r\u00edo en Linares<\/span>. Se menciona a la Universidad de Talca.\u00a0<\/a><\/p><p style=\"font-weight: 400;\"><span style=\"font-style: inherit; font-weight: inherit;\">\u00a0<\/span><\/p><p style=\"font-weight: 400;\"><strong><span style=\"font-style: inherit; font-weight: inherit;\">CANAL 24 HORAS\u00a0<\/span><\/strong><\/p><p style=\"font-weight: 400;\"><a href=\"https:\/\/www.litoralpress.cl\/sitio\/RadioTV_Detalles.cshtml?LPKey=SYWUGDPVSKCACSWFRPO72DPH2KBD5J2J7TO2KWBWZDNQP74EEDKMW7VS4WZEXBCJKRKOASXDU6HFA\" target=\"_blank\" rel=\"noopener\"><span style=\"font-style: inherit;\">Lluvia complica b\u00fasqueda del adulto mayor arrastrado por las aguas del r\u00edo en Linares<\/span>. Se refiere\u00a0<span style=\"font-style: inherit;\">Patricio Gonz\u00e1lez Colville, agroclimat\u00f3logo del Centro de Investigaci\u00f3n y Transferencia en Riego y Agroclimatolog\u00eda.\u00a0<\/span><\/a><\/p><p style=\"font-weight: 400;\">\u00a0<\/p><p style=\"font-weight: 400;\"><strong>CANAL 30\u00a0<\/strong><\/p><p style=\"font-weight: 400;\"><a href=\"https:\/\/www.litoralpress.cl\/sitio\/RadioTV_Detalles.cshtml?LPKey=FW2FLKAC2J55YPVZUGSRHQPOGNMMYFUICW32WZWMVWMXMJVVWODM5JDNBFXK5Y7DTGS4RI3MX4OBG\" target=\"_blank\" rel=\"noopener\"><span style=\"font-style: inherit; font-weight: inherit;\">Expertos temen que pasen a\u00f1os hasta lograr cierto grado de normalidad en los territorios. Se refiere\u00a0<\/span><span style=\"font-style: inherit; font-weight: inherit;\">Patricio Gonz\u00e1lez Colville, agroclimat\u00f3logo del Centro de Investigaci\u00f3n y Transferencia en Riego y Agroclimatolog\u00eda<\/span><span style=\"font-style: inherit; font-weight: inherit;\">\u00a0<\/span><\/a><\/p><p style=\"font-weight: 400;\">\u00a0<\/p><p style=\"font-weight: 400;\"><span style=\"font-style: inherit; font-weight: inherit;\"><strong>CANAL 30 MULTICOM<\/strong><\/span><strong><span style=\"font-style: inherit; font-weight: inherit;\">\u00a0<\/span><\/strong><\/p><p style=\"font-weight: 400;\"><a href=\"https:\/\/www.litoralpress.cl\/sitio\/RadioTV_Detalles.cshtml?LPKey=GNBVWLIYQURRAA27PEMYYLJMJBV4ZNWGFAW5XNARS5NFIQ2R32OXCHZ5JQFZ6ZBNEWEJIDP7CFRUU\" target=\"_blank\" rel=\"noopener\"><span style=\"font-style: inherit; font-weight: inherit;\">Pronostican nuevos sistemas frontales y r\u00edos atmosf\u00e9ricos durante el invierno<\/span><span style=\"font-style: inherit; font-weight: inherit;\">.<\/span><span style=\"font-style: inherit; font-weight: inherit;\">\u00a0<\/span><span style=\"font-style: inherit; font-weight: inherit;\">Se refiere\u00a0<\/span><span style=\"font-style: inherit; font-weight: inherit;\">Patricio Gonz\u00e1lez Colville,\u00a0<\/span><span style=\"font-style: inherit; font-weight: inherit;\">agroclimat\u00f3logo<\/span><span style=\"font-style: inherit; font-weight: inherit;\">\u00a0del Centro de Investigaci\u00f3n y Transferencia en Riego y Agroclimatolog\u00eda.<\/span><span style=\"font-style: inherit; font-weight: inherit;\">\u00a0<\/span><\/a><\/p><p style=\"font-weight: 400;\">\u00a0<\/p><p style=\"font-weight: 400;\"><strong><span style=\"font-style: inherit; font-weight: inherit;\">RADIO NUEVO MUNDO\u00a0<\/span><\/strong><\/p><p style=\"font-weight: 400;\"><a href=\"https:\/\/www.litoralpress.cl\/sitio\/RadioTV_Detalles.cshtml?LPKey=S2T4FGKNFXZLRJ5FPESXZ3VRTKKFBDJQWC5747BR5ECJR3YAC2WJYHYAOEHVZBO2GCTG6YR5W25T2\" target=\"_blank\" rel=\"noopener\"><span style=\"font-style: inherit;\">Impacto del sistema frontal en la agricultura. Se refiere Samuel Ortega Far\u00edas, director del Centro de Investigaci\u00f3n y Transferencia en Riego y Agroclimatolog\u00eda.\u00a0<\/span><\/a><\/p><p style=\"font-weight: 400;\">\u00a0<\/p><p style=\"font-weight: 400;\"><strong><span style=\"font-style: inherit;\">RADIONUEVOMUNDO.CL\u00a0<\/span><\/strong><\/p><p style=\"font-weight: 400;\"><a href=\"https:\/\/radionuevomundo.cl\/2023\/07\/04\/especialista-llama-a-generar-estrategias-de-prevencion-para-desastres-naturales-que-afecten-el-agro\/\" target=\"_blank\" rel=\"noopener\"><span style=\"font-style: inherit; font-weight: inherit;\">Especialista llama a generar estrategias de prevenci\u00f3n para desastres naturales que afecten el agro.\u00a0<\/span><span style=\"font-style: inherit; font-weight: inherit;\">Se refiere Samuel Ortega Far\u00edas, director del Centro de Investigaci\u00f3n y Transferencia en Riego y Agroclimatolog\u00eda.<\/span><span style=\"font-style: inherit; font-weight: inherit;\">\u00a0<\/span><\/a><\/p><p style=\"font-weight: 400;\">\u00a0<\/p><p style=\"font-weight: 400;\"><strong><span style=\"font-style: inherit;\">RADIO AMIGA\u00a0<\/span><\/strong><\/p><p style=\"font-weight: 400;\"><a href=\"https:\/\/www.litoralpress.cl\/sitio\/RadioTV_Detalles.cshtml?LPKey=6AYRUVOROTXX7MNETKCGE5VLIWVE467BQT2WWRXJIXSGOYA3FSOTMO2LVDCABSL25L377EVL2LJPI\" target=\"_blank\" rel=\"noopener\"><span style=\"font-style: inherit; font-weight: inherit;\">Consecuencias del sistema frontal en la conectividad de la regi\u00f3n del Maule.\u00a0<\/span><span style=\"font-style: inherit; font-weight: inherit;\">Se refiere Miguel Arriagada, director de la Escuela de Ingenier\u00eda Civil en Obras Civiles.\u00a0<\/span><span style=\"font-style: inherit; font-weight: inherit;\">\u00a0\u00a0\u00a0<\/span><\/a><\/p><p style=\"font-weight: 400;\"><span style=\"font-style: inherit; font-weight: inherit;\">\u00a0<\/span><\/p><p style=\"font-weight: 400;\"><strong><span style=\"font-style: inherit; font-weight: inherit;\">CANAL TV5 LINARES\u00a0<\/span><\/strong><\/p><p style=\"font-weight: 400;\"><a href=\"https:\/\/www.litoralpress.cl\/sitio\/RadioTV_Detalles.cshtml?LPKey=HIMTH2QQAYP6UPGUJ6T4WWJ23IITFWAEXI3BTFYG4YDJL6FOK3JFKUXQVQDUK3JAVXBAKWWOY6X7I\" target=\"_blank\" rel=\"noopener\"><span style=\"font-style: inherit; font-weight: inherit;\">Vecinos inquietos por ratones en casas de la precordillera de Linares tras sistema frontal<\/span>. Se refiere Jos\u00e9 Arroyo, acad\u00e9mico Escuela de Enfermer\u00eda.\u00a0<\/a><\/p><p style=\"font-weight: 400;\">\u00a0<\/p><p style=\"font-weight: 400;\"><span style=\"font-style: inherit; font-weight: inherit;\"><strong>CANAL MEGA\u00a0\u00a0<\/strong><\/span><\/p><p style=\"font-weight: 400;\"><a href=\"https:\/\/www.litoralpress.cl\/sitio\/RadioTV_Detalles.cshtml?LPKey=LNFI4WHK5Z2ZTGBYXQM6IP2F6RHNXF5XHNWAJXQ47VFNQGQW27MEGB56WJHEWXNXVSOOXE6CCYLP6\" target=\"_blank\" rel=\"noopener\"><span style=\"font-style: inherit; font-weight: inherit;\">El gobierno convoc\u00f3 a un comit\u00e9 de expertos para normar la relaci\u00f3n entre el Estado y las fundaciones<\/span>. Se refiere\u00a0<span style=\"font-style: inherit; font-weight: inherit;\">Mauricio Morales, director del Centro de An\u00e1lisis Pol\u00edtico (CAP).\u00a0<\/span><\/a><\/p><p style=\"font-weight: 400;\">\u00a0<\/p><p style=\"font-weight: 400;\"><strong><span style=\"font-style: inherit;\">ELDESCONCIERTO.CL\u00a0<\/span><\/strong><\/p><p style=\"font-weight: 400;\"><a href=\"https:\/\/www.eldesconcierto.cl\/nacional\/2023\/07\/04\/aprobacion-inamovible-analistas-miran-la-estabilidad-de-boric-pese-a-caso-convenios.html\" target=\"_blank\" rel=\"noopener\"><span style=\"font-style: inherit; font-weight: inherit;\">Aprobaci\u00f3n inamovible: Analistas miran la estabilidad de Boric pese a Caso Convenios.\u00a0Se refiere\u00a0<\/span><span style=\"font-style: inherit; font-weight: inherit;\">Mario Herrera, investigador del Centro de An\u00e1lisis Pol\u00edtico (CAP).<\/span><span style=\"font-style: inherit; font-weight: inherit;\">\u00a0<\/span><\/a><\/p><p style=\"font-weight: 400;\">\u00a0<\/p><p style=\"font-weight: 400;\"><span style=\"font-style: inherit; font-weight: inherit;\"><strong>EMOL\u00a0<\/strong><\/span><\/p><p style=\"font-weight: 400;\"><a href=\"https:\/\/www.emol.com\/noticias\/Nacional\/2023\/07\/04\/1099895\/comision-expertos-probidad-polemica-convenios.html\" target=\"_blank\" rel=\"noopener\"><span style=\"font-style: inherit;\">Car\u00e1cter consultivo e ideas que deriven en leyes: Qu\u00e9 esperar de la comisi\u00f3n con la que Gobierno sale al paso del Caso Convenios.\u00a0<\/span><span style=\"font-style: inherit;\">Se refiere\u00a0<\/span><span style=\"font-style: inherit;\">Mario Herrera, investigador del Centro de An\u00e1lisis Pol\u00edtico (CAP).<\/span><span style=\"font-style: inherit;\">\u00a0<\/span><\/a><\/p><p style=\"font-weight: 400;\">\u00a0<\/p><p style=\"font-weight: 400;\"><strong><span style=\"font-style: inherit;\">ELDIARIODESANTIAGO.CL\u00a0<\/span><\/strong><\/p><p style=\"font-weight: 400;\"><a href=\"https:\/\/eldiariodesantiago.cl\/archivo\/15209\" target=\"_blank\" rel=\"noopener\"><span style=\"font-style: inherit; font-weight: inherit;\">Car\u00e1cter consultivo e ideas que deriven en leyes: qu\u00e9 esperar de la comisi\u00f3n con la que gobierno sale al paso del caso convenios.\u00a0<\/span><span style=\"font-style: inherit; font-weight: inherit;\">Se refiere\u00a0<\/span><span style=\"font-style: inherit; font-weight: inherit;\">Mario Herrera, investigador del Centro de An\u00e1lisis Pol\u00edtico (CAP).\u00a0<\/span><\/a><\/p>\t\t\t\t\t\t<\/div>\n\t\t\t\t<\/div>\n\t\t\t\t\t<\/div>\n\t\t<\/div>\n\t\t\t\t\t\t\t<\/div>\n\t\t<\/section>\n\t\t\t\t\t\t<\/div>\n\t\t\t\t\t<\/div>\n\t\t","protected":false},"excerpt":{"rendered":"<p>EL MOSTRADOR\u00a0 Cuech impulsa iniciativa popular de norma sobre educaci\u00f3n p\u00fablica en Nueva Constituci\u00f3n. Se refiere Carlos Torres Fuchslocher, rector.\u00a0 \u00a0 MEDIABANCO\u00a0 Universidades estatales impulsan iniciativa popular de norma para relevar el valor de la educaci\u00f3n p\u00fablica.\u00a0Se refiere Carlos Torres Fuchslocher, rector.\u00a0 \u00a0 ADPRENSA\u00a0 Universidades estatales impulsan iniciativa popular de norma para relevar el valor &hellip;<\/p>\n<p class=\"read-more\"> <a class=\"\" href=\"https:\/\/www.reportedeprensa.utalca.cl\/?p=7766\"> <span class=\"screen-reader-text\">05 de julio de 2023<\/span> Read More &raquo;<\/a><\/p>\n","protected":false},"author":1,"featured_media":0,"comment_status":"closed","ping_status":"open","sticky":false,"template":"","format":"standard","meta":{"_monsterinsights_skip_tracking":false,"_monsterinsights_sitenote_active":false,"_monsterinsights_sitenote_note":"","_monsterinsights_sitenote_category":0},"categories":[38],"tags":[],"_links":{"self":[{"href":"https:\/\/www.reportedeprensa.utalca.cl\/index.php?rest_route=\/wp\/v2\/posts\/7766"}],"collection":[{"href":"https:\/\/www.reportedeprensa.utalca.cl\/index.php?rest_route=\/wp\/v2\/posts"}],"about":[{"href":"https:\/\/www.reportedeprensa.utalca.cl\/index.php?rest_route=\/wp\/v2\/types\/post"}],"author":[{"embeddable":true,"href":"https:\/\/www.reportedeprensa.utalca.cl\/index.php?rest_route=\/wp\/v2\/users\/1"}],"replies":[{"embeddable":true,"href":"https:\/\/www.reportedeprensa.utalca.cl\/index.php?rest_route=%2Fwp%2Fv2%2Fcomments&post=7766"}],"version-history":[{"count":4,"href":"https:\/\/www.reportedeprensa.utalca.cl\/index.php?rest_route=\/wp\/v2\/posts\/7766\/revisions"}],"predecessor-version":[{"id":7770,"href":"https:\/\/www.reportedeprensa.utalca.cl\/index.php?rest_route=\/wp\/v2\/posts\/7766\/revisions\/7770"}],"wp:attachment":[{"href":"https:\/\/www.reportedeprensa.utalca.cl\/index.php?rest_route=%2Fwp%2Fv2%2Fmedia&parent=7766"}],"wp:term":[{"taxonomy":"category","embeddable":true,"href":"https:\/\/www.reportedeprensa.utalca.cl\/index.php?rest_route=%2Fwp%2Fv2%2Fcategories&post=7766"},{"taxonomy":"post_tag","embeddable":true,"href":"https:\/\/www.reportedeprensa.utalca.cl\/index.php?rest_route=%2Fwp%2Fv2%2Ftags&post=7766"}],"curies":[{"name":"wp","href":"https:\/\/api.w.org\/{rel}","templated":true}]}}