{"id":7783,"date":"2023-07-06T16:46:10","date_gmt":"2023-07-06T19:46:10","guid":{"rendered":"https:\/\/www.reportedeprensa.utalca.cl\/?p=7783"},"modified":"2023-07-06T16:54:27","modified_gmt":"2023-07-06T19:54:27","slug":"06-de-julio-de-2023","status":"publish","type":"post","link":"https:\/\/www.reportedeprensa.utalca.cl\/?p=7783","title":{"rendered":"06 de julio de 2023"},"content":{"rendered":"\t\t<div data-elementor-type=\"wp-post\" data-elementor-id=\"7783\" class=\"elementor elementor-7783\" data-elementor-settings=\"[]\">\n\t\t\t\t\t\t\t<div class=\"elementor-section-wrap\">\n\t\t\t\t\t\t\t<section class=\"elementor-section elementor-top-section elementor-element elementor-element-10154d05 elementor-section-boxed elementor-section-height-default elementor-section-height-default\" data-id=\"10154d05\" data-element_type=\"section\">\n\t\t\t\t\t\t<div class=\"elementor-container elementor-column-gap-default\">\n\t\t\t\t\t<div class=\"elementor-column elementor-col-100 elementor-top-column elementor-element elementor-element-5db19c21\" data-id=\"5db19c21\" data-element_type=\"column\">\n\t\t\t<div class=\"elementor-widget-wrap elementor-element-populated\">\n\t\t\t\t\t\t\t\t<div class=\"elementor-element elementor-element-587e31be elementor-widget elementor-widget-text-editor\" data-id=\"587e31be\" data-element_type=\"widget\" data-widget_type=\"text-editor.default\">\n\t\t\t\t<div class=\"elementor-widget-container\">\n\t\t\t\t\t\t\t\t<p><strong>EL LECTOR <\/strong><\/p><p><a href=\"https:\/\/www.litoralpress.cl\/paginaconsultas\/Servicios_NClipSitio\/Get_Imagen_Nota.aspx?LPKey=K3OEHFY2P3KNR2EDXR7MW3SQECB4CNG34MYDOR452KCLR5W24UDOV5NUPMF5BUIJWAWTTYRYFR3W2\" target=\"_blank\" rel=\"noopener\">Universidades estatales impulsa iniciativa popular de norma sobre educaci\u00f3n p\u00fablica en Nueva Constituci\u00f3n. Se refiere Carlos Torres Fuchslocher, rector.<\/a><\/p><p>\u00a0<\/p><p><strong>LAVOZENL\u00cdNEA.CL<\/strong><\/p><p><a href=\"https:\/\/lavozenlinea.cl\/2023\/07\/universidades-estatales-impulsan-iniciativa-popular-de-norma-para-relevar-el-valor-de-la-educacion-publica\/\" target=\"_blank\" rel=\"noopener\">Universidades estatales impulsan iniciativa popular de norma para relevar el valor de la educaci\u00f3n p\u00fablica. Se refiere Carlos Torres Fuchslocher, rector.<\/a><\/p><p>\u00a0<\/p><p><strong>BIOBIOCHILE.CL<\/strong><\/p><p><a href=\"https:\/\/www.biobiochile.cl\/noticias\/economia\/tu-bolsillo\/2023\/07\/05\/gobierno-reitera-que-condonar-el-cae-implica-gasto-fiscal-y-cruch-explica-por-que-no-apoya-la-idea.shtml\" target=\"_blank\" rel=\"noopener\">Gobierno reitera que condonar el CAE implica gasto fiscal y Cruch explica por qu\u00e9 no apoya la idea. Se refiere Luis Urra Monsalve, vicerrector de Gesti\u00f3n Econ\u00f3mica y Administraci\u00f3n. <\/a><\/p><p>\u00a0<\/p><p><strong>RADIO BIOBIO<\/strong><\/p><p><a href=\"https:\/\/www.litoralpress.cl\/sitio\/RadioTV_Detalles.cshtml?LPKey=FJ6WR77Z6HD3JRTWUUWQINT66TSNHUSLHJQKVWYVSQ5J2RTTJ2KW2VY4E5X7IFSTTE6UPACSUGFHI\">Diputados de la Comisi\u00f3n de Educaci\u00f3n criticaron el proyecto que busca condonar deudas educativas. Se refiere Luis Urra Monsalve, vicerrector de Gesti\u00f3n Econ\u00f3mica y Administraci\u00f3n.<\/a><\/p><p>\u00a0<\/p><p><strong>EL TIP\u00d3GRAFO<\/strong><\/p><p><a href=\"https:\/\/eltipografo.cl\/2023\/07\/increible-extractos-de-frutas-y-hortalizas-pueden-prevenir-la-trombosis\" target=\"_blank\" rel=\"noopener\">Incre\u00edble: Extractos de frutas y hortalizas pueden prevenir la trombosis. Se refieren el acad\u00e9mico de la Facultad de Ciencias de la Salud y l\u00edder del proyecto, Eduardo Fuentes; y el acad\u00e9mico de la Escuela de Nutrici\u00f3n y Diet\u00e9tica, Felipe \u00c1vila.<\/a><\/p><p>\u00a0<\/p><p><strong>EL MOSTRADOR<\/strong><\/p><p><a href=\"https:\/\/www.elmostrador.cl\/agenda-pais\/agenda-sustentable\/2023\/07\/05\/proyectos-regionales-dan-nuevos-usos-a-los-desechos-de-la-industria-alimentaria\/\" target=\"_blank\" rel=\"noopener\">Proyectos regionales dan nuevos usos a los desechos de la industria alimentaria. Se refieren Gonzalo Pincheira Orellana, investigador del Laboratorio Ambiental de Gases y Biocombustibles (LAGBIO), y el acad\u00e9mico del Instituto de Qu\u00edmica de los Recursos Naturales, Di\u00f3genes Hern\u00e1ndez Espinoza.<\/a><\/p><p>\u00a0<\/p><p><strong>FUTURO360<\/strong><\/p><p><a href=\"https:\/\/www.futuro360.com\/desafiotierra\/nuevos-usos-desechos-industria-alimentaria_20230705\/\" target=\"_blank\" rel=\"noopener\">Biocombustibles, alimentos para animales o pol\u00edmeros: los nuevos usos a los desechos de la industria alimentaria. Se refieren Gonzalo Pincheira Orellana, investigador del Laboratorio Ambiental de Gases y Biocombustibles (LAGBIO), y el acad\u00e9mico del Instituto de Qu\u00edmica de los Recursos Naturales, Di\u00f3genes Hern\u00e1ndez Espinoza.<\/a><\/p><p>\u00a0<\/p><p><strong>MEDIABANCO<\/strong><\/p><p><a href=\"https:\/\/www.mediabanco.com\/proyectos-utalca-dan-nuevos-usos-a-los-desechos-de-la-industria-alimentaria\/\" target=\"_blank\" rel=\"noopener\">Proyectos UTalca dan nuevos usos a los desechos de la industria alimentaria. Se refieren Gonzalo Pincheira Orellana, investigador del Laboratorio Ambiental de Gases y Biocombustibles (LAGBIO), y el acad\u00e9mico del Instituto de Qu\u00edmica de los Recursos Naturales, Di\u00f3genes Hern\u00e1ndez Espinoza.<\/a><\/p><p>\u00a0<\/p><p><strong>ADPRENSA<\/strong><\/p><p><a href=\"https:\/\/www.adprensa.cl\/cronica\/proyectos-utalca-dan-nuevos-usos-a-los-desechos-de-la-industria-alimentaria\/\" target=\"_blank\" rel=\"noopener\">Proyectos UTalca dan nuevos usos a los desechos de la industria alimentaria. Se refieren Gonzalo Pincheira Orellana, investigador del Laboratorio Ambiental de Gases y Biocombustibles (LAGBIO) de la Casa de Estudios, y el acad\u00e9mico del Instituto de Qu\u00edmica de los Recursos Naturales, Di\u00f3genes Hern\u00e1ndez Espinoza.<\/a><\/p><p>\u00a0<\/p><p><strong>CANAL CNN CHILE<\/strong><\/p><p><a href=\"https:\/\/www.litoralpress.cl\/sitio\/RadioTV_Detalles.cshtml?LPKey=VPJBGSPHPNMRE7C6JSGEPSUGXGLOEA5PUDYLIZRH3MOUBYMQNDCAMMBVYB7347P6OLVDMDQAC7CSC\" target=\"_blank\" rel=\"noopener\">\u00bfC\u00f3mo los campos electromagn\u00e9ticos afectan a las abejas? Se refiere Marco Molina Montenegro, acad\u00e9mico del Instituto de Ciencias Biol\u00f3gicas.<\/a><\/p><p>\u00a0<\/p><p><strong>EMOL<\/strong><\/p><p><a href=\"https:\/\/www.emol.com\/noticias\/Economia\/2023\/07\/05\/1100016\/debate-desafios-mineria-submarina.html\" target=\"_blank\" rel=\"noopener\">\u00bfBater\u00edas o biodiversidad?: El debate abierto por el desarrollo de la miner\u00eda en aguas profundas y c\u00f3mo se proyecta para Chile. Se refiere Francisco Rivas, ge\u00f3logo y director de la Escuela de Ingenier\u00eda Civil de Minas.<\/a><strong><br \/><\/strong><\/p><p>\u00a0<\/p><p><strong>EL TIP\u00d3GRAFO<\/strong><\/p><p><a href=\"https:\/\/eltipografo.cl\/2023\/07\/temporal-evidencio-fragilidad-del-sistema-vial-y-ferroviario-ante-desastres-naturales\" target=\"_blank\" rel=\"noopener\">Temporal evidenci\u00f3 fragilidad del sistema vial y ferroviario ante desastres naturales. Se refiere Miguel Arriagada, director de la Escuela de Ingenier\u00eda Civil en Obras Civiles.<\/a><\/p><p>\u00a0<\/p><p><strong>CANAL CONTIVISI\u00d3N<\/strong><\/p><p><a href=\"https:\/\/www.litoralpress.cl\/sitio\/RadioTV_Detalles.cshtml?LPKey=724EO2F3FOWUONSWU4PWMVB7HIYYETZU7APCBKIKQPMJNYBYP37CY2RSFKAHCYOSLHGU6I75QX5IA\" target=\"_blank\" rel=\"noopener\">Pronosticaron llegada de un sistema frontal fr\u00edo a la precordillera del Maule este viernes. Se refiere Patricio Gonz\u00e1lez Colville, agroclimat\u00f3logo del Centro de Investigaci\u00f3n y Transferencia en Riego y Agroclimatolog\u00eda.<\/a><\/p><p>\u00a0<\/p><p><strong>CANAL TVN RED MAULE<\/strong><\/p><p><a href=\"https:\/\/www.litoralpress.cl\/sitio\/RadioTV_Detalles.cshtml?LPKey=V3BJUUBVTIGOAM7B52BTFGGTX6GUZVT2EBMRYZJJU2MUZWRGNTZ6DHCWLVSSQSR7YUC7HTUQP7RDG\" target=\"_blank\" rel=\"noopener\">Llegada de nuevo sistema frontal. Se refiere Patricio Gonz\u00e1lez Colville, agroclimat\u00f3logo del Centro de Investigaci\u00f3n y Transferencia en Riego y Agroclimatolog\u00eda.<\/a><\/p><p>\u00a0<\/p><p><strong>DIARIO TALCA<\/strong><\/p><p><a href=\"https:\/\/www.litoralpress.cl\/paginaconsultas\/Servicios_NClipSitio\/Get_Imagen_Nota.aspx?LPKey=GPDDFXTHMF3D7AAF3FES7LEIDWR2NWRAKJDKRJMMU2UAT4A4UT546NQDC5NUSBONYXSF2SNTR2Z4W\" target=\"_blank\" rel=\"noopener\">Sistema frontal: \u201cSi bien esto no era previsible, s\u00ed era algo que pod\u00eda pasar\u201d. Se refiere Roberto Pizarro Tapia, acad\u00e9mico del Instituto Interdisciplinario de Innovaci\u00f3n.<\/a><\/p><p>\u00a0<\/p><p><strong>DIARIOELHERALDO.CL<\/strong><\/p><p><a href=\"https:\/\/www.diarioelheraldo.cl\/noticia\/linares-vecinos-alertan-de-peligro-por-proliferacion-de-escombros-y-ratones-en-zonas-de-catastrofe\" target=\"_blank\" rel=\"noopener\">Linares: vecinos alertan de peligro por proliferaci\u00f3n de escombros y ratones en zonas de cat\u00e1strofe. Se refiere Jos\u00e9 Arroyo, acad\u00e9mico Escuela de Enfermer\u00eda.<\/a><\/p><p>\u00a0<\/p><p><strong>CANAL TVR <\/strong><\/p><p><a href=\"https:\/\/www.litoralpress.cl\/sitio\/RadioTV_Detalles.cshtml?LPKey=TVELXU33K7K5H2HWOCADXM4V3WPVP2IDJN7F2MNLF4D26XH6MTAL27H5V52QMEX5QHBB5N2V5T6CO\" target=\"_blank\" rel=\"noopener\">Vecinos inquietos por ratones en casas de la precordillera de Linares tras sistema frontal. Se refiere Jos\u00e9 Arroyo, acad\u00e9mico Escuela de Enfermer\u00eda.<\/a><\/p><p>\u00a0<\/p><p><strong>PORTALPORTUARIO.CL<\/strong><\/p><p><a href=\"https:\/\/portalportuario.cl\/seminario-puertos-digitales-de-nueva-generacion-analiza-avances-tecnologicos-de-puerto-san-antonio\/\" target=\"_blank\" rel=\"noopener\">Seminario \u201cPuertos Digitales de Nueva Generaci\u00f3n\u201d analiza avances tecnol\u00f3gicos de Puerto San Antonio. Se menciona a la Universidad de Talca.<\/a><\/p><p>\u00a0<\/p><p><strong>CANAL MEGA <\/strong><\/p><p><a href=\"https:\/\/www.litoralpress.cl\/sitio\/RadioTV_Detalles.cshtml?LPKey=OKNL2GHI47ZW7N7ELIZOHZQZVVLJ75HMEID57HATPDE53HV2QMKKIYFOLPEUPDQOWSFCLH27QICBQ\" target=\"_blank\" rel=\"noopener\">Esc\u00e1ndalo por caso fundaciones tensiona al gabinete. Se refiere Mauricio Morales, director del Centro de An\u00e1lisis Pol\u00edtico (CAP).<\/a><\/p><p>\u00a0<\/p><p><strong>CANAL MEGA<\/strong><\/p><p><a href=\"https:\/\/www.litoralpress.cl\/sitio\/RadioTV_Detalles.cshtml?LPKey=P6D2MZTEHFQWV3JYVV52MGRBDBVU4XAIXIQIQZ33N2DIERCVYX5SLLVSZEQULQC7I4TLSUI6BBEDY\" target=\"_blank\" rel=\"noopener\">El presidente de RD reconoci\u00f3 que supo del caso fundaciones 10 d\u00edas antes de que estallara el esc\u00e1ndalo. Se refiere Mauricio Morales, director del Centro de An\u00e1lisis Pol\u00edtico (CAP).<\/a><\/p><p>\u00a0<\/p><p><strong>RADIO INFINITA<\/strong><\/p><p><a href=\"https:\/\/www.litoralpress.cl\/sitio\/RadioTV_Detalles.cshtml?LPKey=6YFDLEYKZSBPJWHJJPKPNHOYZOAQTTEA5KBAWIUJEGVXHOZIFJH7FPVAY27KAM545ALWZSSYIWTNQ\" target=\"_blank\" rel=\"noopener\">Comentario de pol\u00edtica de Mauricio Morales, director del Centro de An\u00e1lisis Pol\u00edtico (CAP).<\/a><\/p><p>\u00a0<\/p><p><strong>INFINITA.CL<\/strong><\/p><p><a href=\"https:\/\/www.infinita.cl\/columnas\/2023\/07\/05\/mauricio-morales-cambio-de-gabinete.html\" target=\"_blank\" rel=\"noopener\">Caso Convenios: \u201cHacer un cambio de gabinete ahora es muy necesario\u201d. Se refiere Mauricio Morales, director del Centro de An\u00e1lisis Pol\u00edtico (CAP).<\/a><\/p><p>\u00a0<\/p><p><strong>CANAL 24 HORAS<\/strong><\/p><p><a href=\"https:\/\/www.litoralpress.cl\/sitio\/RadioTV_Detalles.cshtml?LPKey=LT5KGEZLNLZS2FKK2EPOPJDVRXSYGAKTXCYIU54GINPKLE4TPNHGH2BWC2BIBFS2XDPGI6VDTM5GW\" target=\"_blank\" rel=\"noopener\">Caso convenios. Se refiere Mario Herrera, investigador del Centro de An\u00e1lisis Pol\u00edtico (CAP).<\/a><\/p><p>\u00a0<\/p><p><strong>24 HORAS.CL<\/strong><\/p><p><a href=\"https:\/\/www.24horas.cl\/actualidad\/politica\/el-futuro-de-jackson-y-montes-tras-caso-convenios\" target=\"_blank\" rel=\"noopener\">Caso convenios. Se refiere Mario Herrera, investigador del Centro de An\u00e1lisis Pol\u00edtico (CAP).<\/a><\/p><p>\u00a0<\/p><p><strong>IDEALEX<\/strong><\/p><p><a href=\"https:\/\/idealex.press\/el-juez-redactor-en-los-juicios-orales-y-sus-deficits-de-atencion\/\" target=\"_blank\" rel=\"noopener\">El juez redactor en los juicios orales enfrenta una serie de d\u00e9ficits de atenci\u00f3n. Se refieren Diego Palomo V\u00e9lez y Diego Vald\u00e9s Quinteros, acad\u00e9micos de la Facultad de Ciencias Jur\u00eddicas y Sociales.<\/a><\/p><p>\u00a0<\/p><p><strong>IDEALEX<\/strong><\/p><p><a href=\"https:\/\/idealex.press\/actuales-tendencias-laborales-mas-regulacion-y-nuevas-logicas-de-trabajo-derecho-comparado-laboral\/\" target=\"_blank\" rel=\"noopener\">Actuales tendencias laborales: M\u00e1s regulaci\u00f3n y nuevas l\u00f3gicas de trabajo. Se refiere Rodrigo Palomo V\u00e9lez, acad\u00e9mico de la Facultad de Ciencias Jur\u00eddicas y Sociales.<\/a><\/p><p>\u00a0<\/p><p><strong>CANAL TVN RED MAULE<\/strong><\/p><p><a href=\"https:\/\/www.litoralpress.cl\/sitio\/RadioTV_Detalles.cshtml?LPKey=MDWCSBFVCOZ6GQNOPUGKDG5OKRGA6VLHDB6HIWNERTNUUXUJO6RTFZJUZBVTCBITXV74UWX6WKMYW\" target=\"_blank\" rel=\"noopener\">Teatro en Vacaciones para la Familia en Centro de Extensi\u00f3n de la UTalca. Se menciona a la Universidad de Talca.<\/a><\/p>\t\t\t\t\t\t<\/div>\n\t\t\t\t<\/div>\n\t\t\t\t\t<\/div>\n\t\t<\/div>\n\t\t\t\t\t\t\t<\/div>\n\t\t<\/section>\n\t\t\t\t\t\t<\/div>\n\t\t\t\t\t<\/div>\n\t\t","protected":false},"excerpt":{"rendered":"<p>EL LECTOR Universidades estatales impulsa iniciativa popular de norma sobre educaci\u00f3n p\u00fablica en Nueva Constituci\u00f3n. Se refiere Carlos Torres Fuchslocher, rector. \u00a0 LAVOZENL\u00cdNEA.CL Universidades estatales impulsan iniciativa popular de norma para relevar el valor de la educaci\u00f3n p\u00fablica. Se refiere Carlos Torres Fuchslocher, rector. \u00a0 BIOBIOCHILE.CL Gobierno reitera que condonar el CAE implica gasto fiscal &hellip;<\/p>\n<p class=\"read-more\"> <a class=\"\" href=\"https:\/\/www.reportedeprensa.utalca.cl\/?p=7783\"> <span class=\"screen-reader-text\">06 de julio de 2023<\/span> Read More &raquo;<\/a><\/p>\n","protected":false},"author":1,"featured_media":0,"comment_status":"closed","ping_status":"open","sticky":false,"template":"","format":"standard","meta":{"_monsterinsights_skip_tracking":false,"_monsterinsights_sitenote_active":false,"_monsterinsights_sitenote_note":"","_monsterinsights_sitenote_category":0},"categories":[38],"tags":[],"_links":{"self":[{"href":"https:\/\/www.reportedeprensa.utalca.cl\/index.php?rest_route=\/wp\/v2\/posts\/7783"}],"collection":[{"href":"https:\/\/www.reportedeprensa.utalca.cl\/index.php?rest_route=\/wp\/v2\/posts"}],"about":[{"href":"https:\/\/www.reportedeprensa.utalca.cl\/index.php?rest_route=\/wp\/v2\/types\/post"}],"author":[{"embeddable":true,"href":"https:\/\/www.reportedeprensa.utalca.cl\/index.php?rest_route=\/wp\/v2\/users\/1"}],"replies":[{"embeddable":true,"href":"https:\/\/www.reportedeprensa.utalca.cl\/index.php?rest_route=%2Fwp%2Fv2%2Fcomments&post=7783"}],"version-history":[{"count":4,"href":"https:\/\/www.reportedeprensa.utalca.cl\/index.php?rest_route=\/wp\/v2\/posts\/7783\/revisions"}],"predecessor-version":[{"id":7787,"href":"https:\/\/www.reportedeprensa.utalca.cl\/index.php?rest_route=\/wp\/v2\/posts\/7783\/revisions\/7787"}],"wp:attachment":[{"href":"https:\/\/www.reportedeprensa.utalca.cl\/index.php?rest_route=%2Fwp%2Fv2%2Fmedia&parent=7783"}],"wp:term":[{"taxonomy":"category","embeddable":true,"href":"https:\/\/www.reportedeprensa.utalca.cl\/index.php?rest_route=%2Fwp%2Fv2%2Fcategories&post=7783"},{"taxonomy":"post_tag","embeddable":true,"href":"https:\/\/www.reportedeprensa.utalca.cl\/index.php?rest_route=%2Fwp%2Fv2%2Ftags&post=7783"}],"curies":[{"name":"wp","href":"https:\/\/api.w.org\/{rel}","templated":true}]}}