{"id":7794,"date":"2023-07-07T16:20:34","date_gmt":"2023-07-07T19:20:34","guid":{"rendered":"https:\/\/www.reportedeprensa.utalca.cl\/?p=7794"},"modified":"2023-07-07T16:25:34","modified_gmt":"2023-07-07T19:25:34","slug":"07-de-julio-de-2023","status":"publish","type":"post","link":"https:\/\/www.reportedeprensa.utalca.cl\/?p=7794","title":{"rendered":"07 de julio de 2023"},"content":{"rendered":"\t\t<div data-elementor-type=\"wp-post\" data-elementor-id=\"7794\" class=\"elementor elementor-7794\" data-elementor-settings=\"[]\">\n\t\t\t\t\t\t\t<div class=\"elementor-section-wrap\">\n\t\t\t\t\t\t\t<section class=\"elementor-section elementor-top-section elementor-element elementor-element-10154d05 elementor-section-boxed elementor-section-height-default elementor-section-height-default\" data-id=\"10154d05\" data-element_type=\"section\">\n\t\t\t\t\t\t<div class=\"elementor-container elementor-column-gap-default\">\n\t\t\t\t\t<div class=\"elementor-column elementor-col-100 elementor-top-column elementor-element elementor-element-5db19c21\" data-id=\"5db19c21\" data-element_type=\"column\">\n\t\t\t<div class=\"elementor-widget-wrap elementor-element-populated\">\n\t\t\t\t\t\t\t\t<div class=\"elementor-element elementor-element-587e31be elementor-widget elementor-widget-text-editor\" data-id=\"587e31be\" data-element_type=\"widget\" data-widget_type=\"text-editor.default\">\n\t\t\t\t<div class=\"elementor-widget-container\">\n\t\t\t\t\t\t\t\t<p><strong>RADIOGUAYACAN.CL<\/strong><\/p><p><a href=\"https:\/\/radioguayacan.cl\/index.php\/2023\/07\/06\/proyectos-utalca-dan-nuevos-usos-a-los-desechos-de-la-industria-alimentaria\/\" target=\"_blank\" rel=\"noopener\">Proyectos UTalca dan nuevos usos a los desechos de la industria alimentaria. Se refieren Gonzalo Pincheira Orellana, investigador del Laboratorio Ambiental de Gases y Biocombustibles (LAGBIO), y el acad\u00e9mico del Instituto de Qu\u00edmica de los Recursos Naturales, Di\u00f3genes Hern\u00e1ndez Espinoza.<\/a><\/p><p>\u00a0<\/p><p><strong>RADIO GUAYAC\u00c1N<\/strong><\/p><p><a href=\"https:\/\/www.litoralpress.cl\/sitio\/RadioTV_Detalles.cshtml?LPKey=5AMEJCMJ5LEZVJQRAUMNQQWJCUAJIFIZ3JDEVNUUOTIZ4B5IR5AF6AH5DUQ3VDPH7EZ4KFQAV4VKO\" target=\"_blank\" rel=\"noopener\">Investigaci\u00f3n para nuevos usos a los desechos de la industria alimentaria. Se refiere Gonzalo Pincheira, investigador del Laboratorio Ambiental de Gases y Biocombustibles (LAGBIO).<\/a><\/p><p>\u00a0<\/p><p><strong>ENTREPRENERD.CL<\/strong><\/p><p><a href=\"https:\/\/www.entreprenerd.cl\/investigadores-desarrollaran-nuevas-variedades-de-manzanas-y-peras-resistentes-a-climas-calidos\/\" target=\"_blank\" rel=\"noopener\">Investigadores desarrollar\u00e1n nuevas variedades de manzanas y peras resistentes a climas c\u00e1lidos. Se refiere Jos\u00e9 Antonio Yuri, director del Centro de Pom\u00e1ceas.<\/a><\/p><p>\u00a0<\/p><p><strong>MEDIABANCO<\/strong><\/p><p><a href=\"https:\/\/www.mediabanco.com\/utalca-y-fundacion-mustakis-desarrollaron-el-primer-torneo-de-robotica-de-la-region-del-maule\/\" target=\"_blank\" rel=\"noopener\">UTalca y Fundaci\u00f3n Mustakis desarrollaron el primer\u00a0Torneo\u00a0de Rob\u00f3tica de la Regi\u00f3n del Maule. Se refiere a directora General de Vinculaci\u00f3n con el Medio, Karin Saavedra Redlich<\/a><\/p><p>\u00a0<\/p><p><strong>CAUQUENESNET.CL<\/strong><\/p><p><a href=\"https:\/\/cauquenesnet.cl\/2023\/07\/06\/utalca-y-fundacion-mustakis-desarrollaron-el-primer-torneo-de-robotica-de-la-region-del-maule\/\" target=\"_blank\" rel=\"noopener\">UTalca y Fundaci\u00f3n Mustakis desarrollaron el primer\u00a0Torneo\u00a0de Rob\u00f3tica de la Regi\u00f3n del Maule. Se refiere a directora General de Vinculaci\u00f3n con el Medio, Karin Saavedra Redlich<\/a><\/p><p>\u00a0<\/p><p><strong>ELHERALDO.CL<\/strong><\/p><p><a href=\"https:\/\/www.diarioelheraldo.cl\/noticia\/utalca-y-fundacion-mustakis-desarrollaron-el-primer-torneo-de-robotica-de-la-region-del-maule-\" target=\"_blank\" rel=\"noopener\">UTalca y Fundaci\u00f3n Mustakis desarrollaron el primer\u00a0Torneo\u00a0de Rob\u00f3tica de la Regi\u00f3n del Maule. Se refiere a directora General de Vinculaci\u00f3n con el Medio, Karin Saavedra Redlich.<\/a><\/p><p>\u00a0<\/p><p><strong>DIARIO FINANCIERO<\/strong><\/p><p><a href=\"https:\/\/www.litoralpress.cl\/paginaconsultas\/Servicios_NClipSitio\/Get_Imagen_Nota.aspx?LPKey=MRBO4DKWX6I4MPLG4HMM42HM45CD7UBCBDHFD44LXWX6CPC7UE33HIMTGIO5F3BZZWSWAZL4KNK4I\" target=\"_blank\" rel=\"noopener\">MIGA es el primer centro cient\u00edfico latinoamericano en realizar investigaci\u00f3n sobre el amon\u00edaco verde como vector energ\u00e9tico. Se menciona a la Universidad de Talca.<\/a><\/p><p>\u00a0<\/p><p><strong>EL LECTOR<\/strong><\/p><p><a href=\"https:\/\/www.litoralpress.cl\/paginaconsultas\/Servicios_NClipSitio\/Get_Imagen_Nota.aspx?LPKey=NXMU6VPDC5RZIHIEPALXI43FAU6MLGVDISHQYJEYAZES4MHT37J4QTY3M4MVT5SOGWPZAB2XSRAUC\" target=\"_blank\" rel=\"noopener\">Consejo de Decanos de Agronom\u00eda reafirma su compromiso con la formaci\u00f3n y la sustentabilidad agroalimentaria. Se refiere Hermine Vogel, decana de la Facultad de Ciencias Agrarias.<\/a><\/p><p>\u00a0<\/p><p><strong>DIARIO EL HERALDO<\/strong><\/p><p><a href=\"https:\/\/www.litoralpress.cl\/paginaconsultas\/Servicios_NClipSitio\/Get_Imagen_Nota.aspx?LPKey=IV2QEU63NRNBYUNXJSOJTAZWRANXWEP2LHHVLBYB6LULXQP4RETO5K5RC7ADW3U2L2NBDNRM5QV5C\" target=\"_blank\" rel=\"noopener\">Linares: vecinos alertan de peligro por proliferaci\u00f3n de escombros y ratones en zonas de cat\u00e1strofe. Se refiere Jos\u00e9 Arroyo, acad\u00e9mico Escuela de Enfermer\u00eda.<\/a><\/p><p>\u00a0<\/p><p><strong>CANAL MEGA<\/strong><\/p><p><a href=\"https:\/\/www.litoralpress.cl\/sitio\/RadioTV_Detalles.cshtml?LPKey=4NBSTCBWIRQR7FCLCUF2X6DXJDRPBVXOQE5RBDIFCOF5AD5V7QG4N5R7SBSWSPKBEQQAGT5PHSHN6\" target=\"_blank\" rel=\"noopener\">La crisis pol\u00edtica que remece a La Moneda. Se refiere Mauricio Morales, director del Centro de An\u00e1lisis Pol\u00edtico (CAP).<\/a><\/p><p>\u00a0<\/p><p><strong>CANAL MEGA<\/strong><\/p><p><a href=\"https:\/\/www.litoralpress.cl\/sitio\/RadioTV_Detalles.cshtml?LPKey=VTOPSV5SYR7KUTKUSCGDLS6A2EBUGSXTZ52NTBGX3JUUXRYTN6HWX3U2C5QMS4WIQ4P6ER5JWNPS6\" target=\"_blank\" rel=\"noopener\">\u00bfC\u00f3mo sale el Gobierno de esta crisis pol\u00edtica? Se refiere Mauricio Morales, director del Centro de An\u00e1lisis Pol\u00edtico (CAP).<\/a><\/p><p>\u00a0<\/p><p><strong>INFINITA.CL<\/strong><\/p><p><a href=\"https:\/\/www.infinita.cl\/columnas\/2023\/07\/06\/mauricio-morales-por-caso-convenios-este-gobierno-no-estaba-preparado-para-que-le-atravesaran-una-daga-en-el-corazon.html\" target=\"_blank\" rel=\"noopener\">\u201cEste gobierno no estaba preparado para que le atravesaran una daga en el coraz\u00f3n\u201d. Se refiere Mauricio Morales, director del Centro de An\u00e1lisis Pol\u00edtico (CAP).<\/a><\/p><p>\u00a0<\/p><p><strong>RADIO INFINITA<\/strong><\/p><p><a href=\"https:\/\/www.litoralpress.cl\/sitio\/RadioTV_Detalles.cshtml?LPKey=IIXAW4FFIV4VQ7OKTCPJFZOKWYRJTR4VND253JSLGIDSAOTSBGZ56RCT5AYHVMPF2AVU5JB5T5LDM\" target=\"_blank\" rel=\"noopener\">Comentario de pol\u00edtica de Mauricio Morales, director del Centro de An\u00e1lisis Pol\u00edtico (CAP).<\/a><\/p><p>\u00a0<\/p><p><strong>EL MERCURIO<\/strong><\/p><p><a href=\"https:\/\/www.litoralpress.cl\/sitio\/MediosOnline_Detalles.cshtml?LPKey=MR3VEBV6J3SC5B5UXD4UEP553O7OKR5NBLM57WSZQAJMVD7UABQSS47EA34JUGCARCY2VTLSWP5VS\" target=\"_blank\" rel=\"noopener\">Frente a la corrupci\u00f3n, no m\u00e1s manique\u00edsmo y apliqu\u00e9monos, ahora de verdad, caiga quien caiga. Se refiere Diego Palomo V\u00e9lez, acad\u00e9mico de la Facultad de Ciencias Jur\u00eddicas y Sociales.<\/a><\/p><p>\u00a0<\/p><p><strong>CANAL TVN RED MAULE<\/strong><\/p><p><a href=\"https:\/\/www.litoralpress.cl\/sitio\/RadioTV_Detalles.cshtml?LPKey=S6TDZ4FIRSALHBU4EGI5N65SOD24VINUHWLQL4EAVCIWPNIRG7VEIWFLAXE2Q3VNKXHKSXQAGXCFM\" target=\"_blank\" rel=\"noopener\">UTalca inaugura nueva exposici\u00f3n. Se menciona a la Universidad de Talca.<\/a><\/p>\t\t\t\t\t\t<\/div>\n\t\t\t\t<\/div>\n\t\t\t\t\t<\/div>\n\t\t<\/div>\n\t\t\t\t\t\t\t<\/div>\n\t\t<\/section>\n\t\t\t\t\t\t<\/div>\n\t\t\t\t\t<\/div>\n\t\t","protected":false},"excerpt":{"rendered":"<p>RADIOGUAYACAN.CL Proyectos UTalca dan nuevos usos a los desechos de la industria alimentaria. Se refieren Gonzalo Pincheira Orellana, investigador del Laboratorio Ambiental de Gases y Biocombustibles (LAGBIO), y el acad\u00e9mico del Instituto de Qu\u00edmica de los Recursos Naturales, Di\u00f3genes Hern\u00e1ndez Espinoza. \u00a0 RADIO GUAYAC\u00c1N Investigaci\u00f3n para nuevos usos a los desechos de la industria alimentaria. &hellip;<\/p>\n<p class=\"read-more\"> <a class=\"\" href=\"https:\/\/www.reportedeprensa.utalca.cl\/?p=7794\"> <span class=\"screen-reader-text\">07 de julio de 2023<\/span> Read More &raquo;<\/a><\/p>\n","protected":false},"author":1,"featured_media":0,"comment_status":"closed","ping_status":"open","sticky":false,"template":"","format":"standard","meta":{"_monsterinsights_skip_tracking":false,"_monsterinsights_sitenote_active":false,"_monsterinsights_sitenote_note":"","_monsterinsights_sitenote_category":0},"categories":[38],"tags":[],"_links":{"self":[{"href":"https:\/\/www.reportedeprensa.utalca.cl\/index.php?rest_route=\/wp\/v2\/posts\/7794"}],"collection":[{"href":"https:\/\/www.reportedeprensa.utalca.cl\/index.php?rest_route=\/wp\/v2\/posts"}],"about":[{"href":"https:\/\/www.reportedeprensa.utalca.cl\/index.php?rest_route=\/wp\/v2\/types\/post"}],"author":[{"embeddable":true,"href":"https:\/\/www.reportedeprensa.utalca.cl\/index.php?rest_route=\/wp\/v2\/users\/1"}],"replies":[{"embeddable":true,"href":"https:\/\/www.reportedeprensa.utalca.cl\/index.php?rest_route=%2Fwp%2Fv2%2Fcomments&post=7794"}],"version-history":[{"count":4,"href":"https:\/\/www.reportedeprensa.utalca.cl\/index.php?rest_route=\/wp\/v2\/posts\/7794\/revisions"}],"predecessor-version":[{"id":7798,"href":"https:\/\/www.reportedeprensa.utalca.cl\/index.php?rest_route=\/wp\/v2\/posts\/7794\/revisions\/7798"}],"wp:attachment":[{"href":"https:\/\/www.reportedeprensa.utalca.cl\/index.php?rest_route=%2Fwp%2Fv2%2Fmedia&parent=7794"}],"wp:term":[{"taxonomy":"category","embeddable":true,"href":"https:\/\/www.reportedeprensa.utalca.cl\/index.php?rest_route=%2Fwp%2Fv2%2Fcategories&post=7794"},{"taxonomy":"post_tag","embeddable":true,"href":"https:\/\/www.reportedeprensa.utalca.cl\/index.php?rest_route=%2Fwp%2Fv2%2Ftags&post=7794"}],"curies":[{"name":"wp","href":"https:\/\/api.w.org\/{rel}","templated":true}]}}