{"id":7803,"date":"2023-07-17T17:00:32","date_gmt":"2023-07-17T20:00:32","guid":{"rendered":"https:\/\/www.reportedeprensa.utalca.cl\/?p=7803"},"modified":"2023-07-17T17:13:35","modified_gmt":"2023-07-17T20:13:35","slug":"17-de-julio-de-2023","status":"publish","type":"post","link":"https:\/\/www.reportedeprensa.utalca.cl\/?p=7803","title":{"rendered":"17 de julio de 2023"},"content":{"rendered":"\t\t<div data-elementor-type=\"wp-post\" data-elementor-id=\"7803\" class=\"elementor elementor-7803\" data-elementor-settings=\"[]\">\n\t\t\t\t\t\t\t<div class=\"elementor-section-wrap\">\n\t\t\t\t\t\t\t<section class=\"elementor-section elementor-top-section elementor-element elementor-element-10154d05 elementor-section-boxed elementor-section-height-default elementor-section-height-default\" data-id=\"10154d05\" data-element_type=\"section\">\n\t\t\t\t\t\t<div class=\"elementor-container elementor-column-gap-default\">\n\t\t\t\t\t<div class=\"elementor-column elementor-col-100 elementor-top-column elementor-element elementor-element-5db19c21\" data-id=\"5db19c21\" data-element_type=\"column\">\n\t\t\t<div class=\"elementor-widget-wrap elementor-element-populated\">\n\t\t\t\t\t\t\t\t<div class=\"elementor-element elementor-element-587e31be elementor-widget elementor-widget-text-editor\" data-id=\"587e31be\" data-element_type=\"widget\" data-widget_type=\"text-editor.default\">\n\t\t\t\t<div class=\"elementor-widget-container\">\n\t\t\t\t\t\t\t\t<p style=\"font-weight: 400;\"><strong><span style=\"font-style: inherit; font-weight: inherit;\">RADIO CONDELL\u00a0<\/span><\/strong><strong><span style=\"font-style: inherit; font-weight: inherit;\">\u00a0<\/span><\/strong><\/p><p style=\"font-weight: 400;\"><a href=\"https:\/\/www.litoralpress.cl\/sitio\/RadioTV_Detalles.cshtml?LPKey=BAPTAEWAO6TZCSKIAJNJK2RZF7FTZCWE7XG5XLJZFCXOP3M7E36G5DITNQFI3K2ETL3HVU7IHBOVK\" target=\"_blank\" rel=\"noopener\"><span style=\"font-style: inherit; font-weight: inherit;\">Balance de primer a\u00f1o de gesti\u00f3n y an\u00e1lisis de los desaf\u00edos de la educaci\u00f3n superior. Se refiere Carlos Torres Fuchslocher rector de la Universidad de Talca.\u00a0<\/span><\/a><strong><span style=\"font-style: inherit; font-weight: inherit;\"><br \/><\/span><\/strong><\/p><p style=\"font-weight: 400;\"><span style=\"font-style: inherit; font-weight: inherit;\">\u00a0<\/span><\/p><p style=\"font-weight: 400;\"><strong><span style=\"font-style: inherit; font-weight: inherit;\">EL HERALDO\u00a0\u00a0<\/span><\/strong><\/p><p style=\"font-weight: 400;\"><a href=\"https:\/\/www.litoralpress.cl\/paginaconsultas\/Servicios_NClipSitio\/Get_Imagen_Nota.aspx?LPKey=553QHWOGLEJ2L5NW5EJ2E53ZG2BTU6ZES6FEBJ54PIJAPYHCHQDMI4DM2Y62JH4M642VICM76WJYA\" target=\"_blank\" rel=\"noopener\"><span style=\"font-style: inherit;\">Comunidades afectadas por temporal recibieron operativo de salud de UTalca. Se refiere la directora de la Escuela de Fonoaudiolog\u00eda, Claudia Montoya.\u00a0\u00a0<\/span><\/a><\/p><p style=\"font-weight: 400;\">\u00a0<\/p><p style=\"font-weight: 400;\"><strong><span style=\"font-style: inherit;\">\u00a0<\/span><span style=\"font-style: inherit;\">EL LECTOR\u00a0<\/span><\/strong><\/p><p style=\"font-weight: 400;\"><a href=\"https:\/\/www.litoralpress.cl\/paginaconsultas\/Servicios_NClipSitio\/Get_Imagen_Nota.aspx?LPKey=AEDPRU7SWF6KUJN2J2ZSIN4TUSXEWWMPMD67X7UIIZDPHUH4PV3BK7DB74O3JPOCGZQA6QFG3ALO4\" target=\"_blank\" rel=\"noopener\"><span style=\"font-style: inherit; font-weight: inherit;\">Comunidades afectadas por temporal recibieron operativo de salud de UTalca. Se refiere la directora de la Escuela de Fonoaudiolog\u00eda, Claudia Montoya.\u00a0\u00a0<\/span><\/a><\/p><p style=\"font-weight: 400;\"><span style=\"font-style: inherit; font-weight: inherit;\">\u00a0<\/span><\/p><p style=\"font-weight: 400;\"><strong><span style=\"font-style: inherit; font-weight: inherit;\">EL MOSTRADOR\u00a0<\/span><\/strong><\/p><p style=\"font-weight: 400;\"><a href=\"https:\/\/www.elmostrador.cl\/cultura\/2023\/07\/11\/transforman-silos-abandonados-en-zonas-rurales-en-obras-de-arte\/\" target=\"_blank\" rel=\"noopener\"><span style=\"font-style: inherit;\">Transforman silos abandonados en gigantescas obras. Se refiere V\u00edctor Letelier Lara, acad\u00e9mico de la Escuela de Arquitectura.\u00a0\u00a0<\/span><\/a><\/p><p style=\"font-weight: 400;\">\u00a0<\/p><p style=\"font-weight: 400;\"><strong><span style=\"font-style: inherit;\">LA PRENSA DE CURIC\u00d3\u00a0<\/span><\/strong><\/p><p style=\"font-weight: 400;\"><a href=\"https:\/\/www.litoralpress.cl\/paginaconsultas\/Servicios_NClipSitio\/Get_Imagen_Nota.aspx?LPKey=236WFXU7PBHHYJNSYZX56KJJS5LHOLRPJDEVJ45TOOTSYPGU5VG4XDJS2EHV2AMRFV5UWJHXRXWNA\" target=\"_blank\" rel=\"noopener\"><span style=\"font-style: inherit; font-weight: inherit;\">Transforman abandonados silos en gigantescas obras. Se refiere V\u00edctor Letelier Lara, acad\u00e9mico de la Escuela de Arquitectura.\u00a0\u00a0<\/span><\/a><\/p><p style=\"font-weight: 400;\">\u00a0<\/p><p style=\"font-weight: 400;\"><strong>LATRIBUNA.CL\u00a0<\/strong><\/p><p style=\"font-weight: 400;\"><a href=\"https:\/\/www.latribuna.cl\/cultura\/2023\/07\/10\/arte-al-aire-libre-transforman-silos-abandonados-en-zonas-rurales-en-gigantescas-obras.html\" target=\"_blank\" rel=\"noopener\"><span style=\"font-style: inherit; font-weight: inherit;\">Arte al aire libre. Transforman abandonados silos abandonados en zonas rurales en gigantescas obras. Se refiere V\u00edctor Letelier Lara, acad\u00e9mico de la Escuela de Arquitectura.\u00a0\u00a0<\/span><\/a><\/p><p style=\"font-weight: 400;\">\u00a0<\/p><p style=\"font-weight: 400;\"><strong><span style=\"font-style: inherit; font-weight: inherit;\">CANAL MEGA\u00a0<\/span><\/strong><\/p><p style=\"font-weight: 400;\"><a href=\"https:\/\/www.litoralpress.cl\/sitio\/RadioTV_Detalles.cshtml?LPKey=ACAKJYJJN7DPIKHLYV5XKMVTWNBSHS2JI2IOOIEMJ4WBMMHZW5OM6C45DCTFGR4INVMQ3ME2DQVWG\" target=\"_blank\" rel=\"noopener\"><span style=\"font-style: inherit; font-weight: inherit;\">Plantas con alto potencial para combatir el Alzheimer.<\/span>\u00a0Se refiere Margarita Guti\u00e9rrez, acad\u00e9mica e investigadora del Instituto de Qu\u00edmica de Recursos Naturales.<\/a><\/p><p style=\"font-weight: 400;\"><strong><span style=\"font-style: inherit; font-weight: inherit;\"><br \/><\/span><\/strong><strong>G5NOTICIAS.CL\u00a0\u00a0<\/strong><\/p><p style=\"font-weight: 400;\"><a href=\"https:\/\/g5noticias.cl\/2023\/07\/15\/investigacion-internacional-busca-mejorar-la-confiabilidad-de-las-redes-electricas\/\" target=\"_blank\" rel=\"noopener\"><span style=\"font-style: inherit;\">Investigaci\u00f3n internacional busca mejorar la confiabilidad de las redes el\u00e9ctricas. Se refiere\u00a0<\/span><span style=\"font-style: inherit;\">Carlos Baier Fuentes<\/span>, acad\u00e9mico y director del Departamento de Ingenier\u00eda El\u00e9ctrica.\u00a0\u00a0<\/a><\/p><p style=\"font-weight: 400;\">\u00a0<\/p><p style=\"font-weight: 400;\"><strong><span style=\"font-style: inherit; font-weight: inherit;\">PUBLIMETRO\u00a0<\/span><\/strong><strong><span style=\"font-style: inherit; font-weight: inherit;\">\u00a0<\/span><\/strong><\/p><p style=\"font-weight: 400;\"><a href=\"https:\/\/www.litoralpress.cl\/paginaconsultas\/Servicios_NClipSitio\/Get_Imagen_Nota.aspx?LPKey=2QJBAKKB6ZF22HO4S6EPXFYRU3YBLCZHU7TWLKA2NKWJS2ZYSTLG5DOR3NZV446GKVE7MWQATFQSW\" target=\"_blank\" rel=\"noopener\"><span style=\"font-style: inherit;\">&#8220;Edadismo laboral&#8221;, el fen\u00f3meno que hace m\u00e1s dif\u00edcil encontrar trabajo despu\u00e9s de los 50 a\u00f1os.<\/span><span style=\"font-style: inherit; font-weight: inherit;\">\u00a0Se refiere Carolina Riveros Ferrada, acad\u00e9mica de la Facultad de Ciencias Jur\u00eddicas y Sociales.\u00a0<\/span><\/a><strong><span style=\"font-style: inherit; font-weight: inherit;\"><br \/><\/span><\/strong><\/p><p>\u00a0<\/p><p style=\"font-weight: 400;\"><strong><span style=\"font-style: inherit; font-weight: inherit;\">CIENCIAENCHILE.CL\u00a0<\/span><\/strong><strong><span style=\"font-style: inherit; font-weight: inherit;\">\u00a0<\/span><\/strong><\/p><p style=\"font-weight: 400;\"><a href=\"https:\/\/www.cienciaenchile.cl\/investigan-extractos-de-frutas-y-hortalizas-que-pueden-prevenir-la-trombosis\/\" target=\"_blank\" rel=\"noopener\"><span style=\"font-style: inherit;\">Investigan extractos de frutas y hortalizas que pueden prevenir la trombosis<\/span><span style=\"font-style: inherit;\">.<\/span><span style=\"font-style: inherit; font-weight: inherit;\">\u00a0Se refieren el acad\u00e9mico\u00a0de\u00a0la Facultad\u00a0de\u00a0Ciencias\u00a0de\u00a0la Salud y l\u00edder\u00a0del proyecto, Eduardo Fuentes; y el acad\u00e9mico\u00a0de\u00a0la Escuela\u00a0de\u00a0Nutrici\u00f3n y Diet\u00e9tica, Felipe \u00c1vila.<\/span><\/a><strong><span style=\"font-style: inherit; font-weight: inherit;\"><br \/><\/span><\/strong><\/p><p style=\"font-weight: 400;\"><strong><span style=\"font-style: inherit; font-weight: inherit;\">\u00a0<\/span><\/strong><\/p><p style=\"font-weight: 400;\"><strong><span style=\"font-style: inherit; font-weight: inherit;\">CNN CHILE \u00a0<\/span><\/strong><strong><span style=\"font-style: inherit; font-weight: inherit;\">\u00a0<\/span><\/strong><\/p><p style=\"font-weight: 400;\"><a href=\"https:\/\/www.litoralpress.cl\/sitio\/RadioTV_Detalles.cshtml?LPKey=FFGF4CYYUIM2BGCFGXOXT4UNIIMFSCWYFQKVPOX2OQWAZM3NHE6WE3NDZCK34SHBKKQFJF5MRMFE6\" target=\"_blank\" rel=\"noopener\"><span style=\"font-style: inherit;\">Los campos magn\u00e9ticos afectan a las Abejas. Se refiere Marco Molina Montenegro, acad\u00e9mico del Instituto de Ciencias Biol\u00f3gicas.\u00a0<\/span><\/a><strong><span style=\"font-style: inherit; font-weight: inherit;\"><br \/><br \/><\/span><\/strong><\/p><p style=\"font-weight: 400;\"><strong><span style=\"font-style: inherit;\">\u00a0<\/span><span style=\"font-style: inherit;\">DIARIO CONCEPCI\u00d3N\u00a0<\/span><\/strong><\/p><p style=\"font-weight: 400;\"><a href=\"https:\/\/www.litoralpress.cl\/paginaconsultas\/Servicios_NClipSitio\/Get_Imagen_Nota.aspx?LPKey=256GXY6FBXNB2S6RW6HFJSCXNQMXOOAA55ITQVUP7VVQOB6FU2FW46TRSSCMBHSUGWZF56VZGDSW2\" target=\"_blank\" rel=\"noopener\"><span style=\"font-style: inherit; font-weight: inherit;\">Estufas a pellet reducen en 14% la contaminaci\u00f3n al interior de los hogares. Se menciona a Carlos Ch\u00e1vez, acad\u00e9mico de la Facultad de Econom\u00eda y Negocios.\u00a0\u00a0\u00a0<\/span><\/a><\/p><p style=\"font-weight: 400;\"><span style=\"font-style: inherit; font-weight: inherit;\">\u00a0<\/span><\/p><p style=\"font-weight: 400;\"><strong>ADPRENSA\u00a0<\/strong><\/p><p style=\"font-weight: 400;\"><a href=\"https:\/\/www.adprensa.cl\/cronica\/estudiantes-de-la-utalca-se-certifican-como-monitoresen-salud-mental-con-enfoque-de-genero\/\" target=\"_blank\" rel=\"noopener\"><span style=\"font-style: inherit;\">Estudiantes de la UTalca se certifican como monitores en salud mental con enfoque de g\u00e9nero. Se refieren Daniel Jim\u00e9nez Acu\u00f1a, director de Salud del Estudiante; y Natalia V\u00e9liz, directora de G\u00e9nero.\u00a0\u00a0<\/span><\/a><\/p><p style=\"font-weight: 400;\">\u00a0<\/p><p style=\"font-weight: 400;\"><strong>ADPRENSA\u00a0<\/strong><\/p><p style=\"font-weight: 400;\"><a href=\"https:\/\/www.adprensa.cl\/cronica\/docentes-del-maule-actualizan-sus-competencias-digitales-con-talleres-organizados-por-la-utalca-2\/\" target=\"_blank\" rel=\"noopener\"><span style=\"font-style: inherit;\">Docentes del Maule actualizan sus competencias digitales con talleres organizados por la UTalca. Se refieren el\u00a0<\/span><span style=\"font-style: inherit;\">responsable de la Red de Establecimientos Escolares de UVSE y de Preparaci\u00f3n de Ense\u00f1anza Media del PACE<\/span>, Luis Rojas; el acad\u00e9mico del Instituto de Investigaci\u00f3n y Desarrollo Educacional, Sebasti\u00e1n Donoso; el director de Campus Virtual, Jorge Hinojosa Rehbein; y el director de la Escuela de Pedagog\u00edas en Ingl\u00e9s, Ricardo Valderrama Bast\u00eda.\u00a0<\/a><\/p><p style=\"font-weight: 400;\">\u00a0<\/p><p style=\"font-weight: 400;\"><strong>TVMAULE.CL\u00a0<\/strong><\/p><p style=\"font-weight: 400;\"><a href=\"https:\/\/www.tvmaule.cl\/docentes-del-maule-actualizan-sus-competencias-digitales-con-talleres-organizados-por-la-utalca\/\" target=\"_blank\" rel=\"noopener\"><span style=\"font-style: inherit; font-weight: inherit;\">Docentes del Maule actualizan sus competencias digitales con talleres organizados por la UTalca. Se refieren el\u00a0<\/span><span style=\"font-style: inherit; font-weight: inherit;\">responsable de la Red de Establecimientos Escolares de UVSE y de Preparaci\u00f3n de Ense\u00f1anza Media del PACE<\/span>, Luis Rojas; el acad\u00e9mico del Instituto de Investigaci\u00f3n y Desarrollo Educacional, Sebasti\u00e1n Donoso; el director de Campus Virtual, Jorge Hinojosa Rehbein; y el director de la Escuela de Pedagog\u00edas en Ingl\u00e9s, Ricardo Valderrama Bast\u00eda.\u00a0<\/a><\/p><p style=\"font-weight: 400;\">\u00a0<\/p><p style=\"font-weight: 400;\"><strong>LA PRENSA DE CURIC\u00d3\u00a0<\/strong><\/p><p style=\"font-weight: 400;\"><a href=\"https:\/\/www.litoralpress.cl\/paginaconsultas\/Servicios_NClipSitio\/Get_Imagen_Nota.aspx?LPKey=I7NRWQWJZIP4FVFEJB7T7HZ2JZUDXVEVZUBYWG2MSZZPG7LETXIJGKOIPXYPFNQ5GOEJYTJLAX7HO\" target=\"_blank\" rel=\"noopener\"><span style=\"font-style: inherit; font-weight: inherit;\">Emprendedoras del Maule inician nueva formaci\u00f3n en la UTalca. Se refiere Karin Saavedra, directora general de Vinculaci\u00f3n con el Medio.\u00a0\u00a0<\/span><\/a><\/p><p style=\"font-weight: 400;\"><span style=\"font-style: inherit; font-weight: inherit;\">\u00a0<\/span><\/p><p style=\"font-weight: 400;\"><strong><span style=\"font-style: inherit;\">DIARIOTALCA.CL\u00a0<\/span><\/strong><\/p><p style=\"font-weight: 400;\"><a href=\"https:\/\/diariotalca.cl\/expertos-academicos-entregan-consejos-practicos-para-cuidar-la-salud-bucal\/#respond\" target=\"_blank\" rel=\"noopener\"><span style=\"font-style: inherit; font-weight: inherit;\">Acad\u00e9mico de UTalca entrega consejos pr\u00e1cticos para cuidar la salud bucal<\/span>.<span style=\"font-style: inherit; font-weight: inherit;\">\u00a0Se refiere Vidal P\u00e9rez Vald\u00e9s, acad\u00e9mico y director de Postgrados y Especialidades Odontol\u00f3gicas.\u00a0\u00a0<\/span><\/a><\/p><p style=\"font-weight: 400;\">\u00a0<\/p><p style=\"font-weight: 400;\"><strong><span style=\"font-style: inherit;\">G5NOTICIAS.CL\u00a0<\/span><\/strong><\/p><p style=\"font-weight: 400;\"><a href=\"https:\/\/g5noticias.cl\/2023\/07\/15\/entregan-consejos-para-cuidar-la-salud-bucal\/\" target=\"_blank\" rel=\"noopener\"><span style=\"font-style: inherit; font-weight: inherit;\">Entregan consejos para cuidar la salud bucal. Se refiere Vidal P\u00e9rez Vald\u00e9s, acad\u00e9mico y director de Postgrados y Especialidades Odontol\u00f3gicas.\u00a0\u00a0<\/span><\/a><\/p><p style=\"font-weight: 400;\">\u00a0<\/p><p style=\"font-weight: 400;\"><strong>MEGANOTICIAS.CL\u00a0\u00a0<\/strong><\/p><p style=\"font-weight: 400;\"><a href=\"https:\/\/www.meganoticias.cl\/nacional\/419944-columna-mauricio-morales-encuesta-cadem-peregrinando-hacia-kast-09-07-2023.html\" target=\"_blank\" rel=\"noopener\">Peregrinando hacia Kast. Se refiere Mauricio Morales, director del Centro de An\u00e1lisis Pol\u00edtico (CAP).\u00a0<\/a><\/p><p style=\"font-weight: 400;\">\u00a0<\/p><p style=\"font-weight: 400;\"><strong>RADIO BIOBIO\u00a0<\/strong><\/p><p style=\"font-weight: 400;\"><a href=\"https:\/\/www.litoralpress.cl\/sitio\/RadioTV_Detalles.cshtml?LPKey=DL4LTF5Y7MTTQZF6QREG4AHRDNJ33YCFMJS2IORVNOJHBARJXJZLOGUE6WJQQGROBVDMRJRGKWZLK\" target=\"_blank\" rel=\"noopener\"><span style=\"font-style: inherit; font-weight: inherit;\">Parlamentarios de oposici\u00f3n criticaron al gobierno por no cancelar la personalidad jur\u00eddica de la Fundaci\u00f3n Democracia Viva. Se refiere Mario Herrera, acad\u00e9mico del Centro de An\u00e1lisis Pol\u00edtico.\u00a0\u00a0<\/span><\/a><\/p><p style=\"font-weight: 400;\">\u00a0<\/p><p style=\"font-weight: 400;\"><strong>EL MOSTRADOR\u00a0<\/strong><\/p><p style=\"font-weight: 400;\"><a href=\"https:\/\/www.elmostrador.cl\/cultura\/agenda\/2023\/07\/10\/muestra-de-arte-africano-en-talca\/\" target=\"_blank\" rel=\"noopener\">Muestra de arte africano en Talca. Se refiere Marcela Albornoz Dachelet, directora de Extensi\u00f3n Cultural \u2013 Art\u00edstica.\u00a0\u00a0<\/a><\/p>\t\t\t\t\t\t<\/div>\n\t\t\t\t<\/div>\n\t\t\t\t\t<\/div>\n\t\t<\/div>\n\t\t\t\t\t\t\t<\/div>\n\t\t<\/section>\n\t\t\t\t\t\t<\/div>\n\t\t\t\t\t<\/div>\n\t\t","protected":false},"excerpt":{"rendered":"<p>RADIO CONDELL\u00a0\u00a0 Balance de primer a\u00f1o de gesti\u00f3n y an\u00e1lisis de los desaf\u00edos de la educaci\u00f3n superior. Se refiere Carlos Torres Fuchslocher rector de la Universidad de Talca.\u00a0 \u00a0 EL HERALDO\u00a0\u00a0 Comunidades afectadas por temporal recibieron operativo de salud de UTalca. Se refiere la directora de la Escuela de Fonoaudiolog\u00eda, Claudia Montoya.\u00a0\u00a0 \u00a0 \u00a0EL LECTOR\u00a0 &hellip;<\/p>\n<p class=\"read-more\"> <a class=\"\" href=\"https:\/\/www.reportedeprensa.utalca.cl\/?p=7803\"> <span class=\"screen-reader-text\">17 de julio de 2023<\/span> Read More &raquo;<\/a><\/p>\n","protected":false},"author":1,"featured_media":0,"comment_status":"closed","ping_status":"open","sticky":false,"template":"","format":"standard","meta":{"_monsterinsights_skip_tracking":false,"_monsterinsights_sitenote_active":false,"_monsterinsights_sitenote_note":"","_monsterinsights_sitenote_category":0},"categories":[38],"tags":[],"_links":{"self":[{"href":"https:\/\/www.reportedeprensa.utalca.cl\/index.php?rest_route=\/wp\/v2\/posts\/7803"}],"collection":[{"href":"https:\/\/www.reportedeprensa.utalca.cl\/index.php?rest_route=\/wp\/v2\/posts"}],"about":[{"href":"https:\/\/www.reportedeprensa.utalca.cl\/index.php?rest_route=\/wp\/v2\/types\/post"}],"author":[{"embeddable":true,"href":"https:\/\/www.reportedeprensa.utalca.cl\/index.php?rest_route=\/wp\/v2\/users\/1"}],"replies":[{"embeddable":true,"href":"https:\/\/www.reportedeprensa.utalca.cl\/index.php?rest_route=%2Fwp%2Fv2%2Fcomments&post=7803"}],"version-history":[{"count":4,"href":"https:\/\/www.reportedeprensa.utalca.cl\/index.php?rest_route=\/wp\/v2\/posts\/7803\/revisions"}],"predecessor-version":[{"id":7810,"href":"https:\/\/www.reportedeprensa.utalca.cl\/index.php?rest_route=\/wp\/v2\/posts\/7803\/revisions\/7810"}],"wp:attachment":[{"href":"https:\/\/www.reportedeprensa.utalca.cl\/index.php?rest_route=%2Fwp%2Fv2%2Fmedia&parent=7803"}],"wp:term":[{"taxonomy":"category","embeddable":true,"href":"https:\/\/www.reportedeprensa.utalca.cl\/index.php?rest_route=%2Fwp%2Fv2%2Fcategories&post=7803"},{"taxonomy":"post_tag","embeddable":true,"href":"https:\/\/www.reportedeprensa.utalca.cl\/index.php?rest_route=%2Fwp%2Fv2%2Ftags&post=7803"}],"curies":[{"name":"wp","href":"https:\/\/api.w.org\/{rel}","templated":true}]}}