{"id":7830,"date":"2023-07-19T15:57:37","date_gmt":"2023-07-19T18:57:37","guid":{"rendered":"https:\/\/www.reportedeprensa.utalca.cl\/?p=7830"},"modified":"2023-07-19T16:05:13","modified_gmt":"2023-07-19T19:05:13","slug":"19-de-julio-de-2023","status":"publish","type":"post","link":"https:\/\/www.reportedeprensa.utalca.cl\/?p=7830","title":{"rendered":"19 de julio de 2023"},"content":{"rendered":"\t\t<div data-elementor-type=\"wp-post\" data-elementor-id=\"7830\" class=\"elementor elementor-7830\" data-elementor-settings=\"[]\">\n\t\t\t\t\t\t\t<div class=\"elementor-section-wrap\">\n\t\t\t\t\t\t\t<section class=\"elementor-section elementor-top-section elementor-element elementor-element-10154d05 elementor-section-boxed elementor-section-height-default elementor-section-height-default\" data-id=\"10154d05\" data-element_type=\"section\">\n\t\t\t\t\t\t<div class=\"elementor-container elementor-column-gap-default\">\n\t\t\t\t\t<div class=\"elementor-column elementor-col-100 elementor-top-column elementor-element elementor-element-5db19c21\" data-id=\"5db19c21\" data-element_type=\"column\">\n\t\t\t<div class=\"elementor-widget-wrap elementor-element-populated\">\n\t\t\t\t\t\t\t\t<div class=\"elementor-element elementor-element-587e31be elementor-widget elementor-widget-text-editor\" data-id=\"587e31be\" data-element_type=\"widget\" data-widget_type=\"text-editor.default\">\n\t\t\t\t<div class=\"elementor-widget-container\">\n\t\t\t\t\t\t\t\t<p style=\"font-weight: 400;\"><strong><span style=\"font-style: inherit; font-weight: inherit;\">URGENTE24.COM (ARGENTINA)\u00a0<\/span><\/strong><\/p><p style=\"font-weight: 400;\"><a href=\"https:\/\/urgente24.com\/juntos-bien\/trombosis-extractos-frutas-y-hortalizas-pueden-ser-clave-n557859\" target=\"_blank\" rel=\"noopener\"><span style=\"font-style: inherit;\">Trombosis: Extractos de frutas y hortalizas pueden ser clave. Se refieren Eduardo Fuentes Quinteros<\/span><span style=\"font-style: inherit;\">,\u00a0<\/span><span style=\"font-style: inherit;\">director del estudio e investigador del Centro de Investigaci\u00f3n en Trombosis; y Felipe \u00c1vila de la Escuela de Nutrici\u00f3n y Diet\u00e9tica de la misma Instituci\u00f3n y el Centro de Estudios de Alimentos Procesados (CEAP).<\/span>\u00a0<\/a><\/p><p style=\"font-weight: 400;\">\u00a0<\/p><p style=\"font-weight: 400;\"><strong><span style=\"font-style: inherit; font-weight: inherit;\">DIARIOTALCA.CL\u00a0<\/span><\/strong><\/p><p style=\"font-weight: 400;\"><a href=\"https:\/\/diariotalca.cl\/proyecto-utalca-ayuda-a-potenciar-empresas-nacionales-de-videojuegos\/\" target=\"_blank\" rel=\"noopener\"><span style=\"font-style: inherit;\">Proyecto UTalca ayuda a potenciar empresas nacionales de videojuegos<\/span><span style=\"font-style: inherit;\">. Se refiere Nicol\u00e1s Barriga Richards, acad\u00e9mico de la Escuela de Ingenier\u00eda en Desarrollo de Videojuegos y Realidad Virtual.\u00a0<\/span><\/a><\/p><p style=\"font-weight: 400;\">\u00a0<\/p><p style=\"font-weight: 400;\"><strong><span style=\"font-style: inherit;\">CHILL\u00c1N ONLINE\u00a0<\/span><\/strong><\/p><p style=\"font-weight: 400;\"><a href=\"https:\/\/www.chillanonline.cl\/V6\/proyecto-utalca-ayuda-a-potenciar-empresas-nacionales-de-videojuegos\/\" target=\"_blank\" rel=\"noopener\"><span style=\"font-style: inherit; font-weight: inherit;\">Proyecto UTalca ayuda a potenciar empresas nacionales de videojuegos. Se refiere Nicol\u00e1s Barriga Richards, acad\u00e9mico de la Escuela de Ingenier\u00eda en Desarrollo de Videojuegos y Realidad Virtual.\u00a0<\/span><\/a><\/p><p style=\"font-weight: 400;\">\u00a0<\/p><p style=\"font-weight: 400;\"><strong><span style=\"font-style: inherit;\">\u00a0<\/span><span style=\"font-style: inherit;\">G5NOTICIAS.CL\u00a0<\/span><\/strong><\/p><p style=\"font-weight: 400;\"><a href=\"https:\/\/g5noticias.cl\/2023\/07\/17\/proyecto-utalca-ayuda-a-potenciar-empresas-nacionales-de-videojuegos\/\" target=\"_blank\" rel=\"noopener\"><span style=\"font-style: inherit; font-weight: inherit;\">Proyecto UTalca ayuda a potenciar empresas nacionales de videojuegos. Se refiere Nicol\u00e1s Barriga Richards, acad\u00e9mico de la Escuela de Ingenier\u00eda en Desarrollo de Videojuegos y Realidad Virtual.\u00a0<\/span><\/a><\/p><p style=\"font-weight: 400;\">\u00a0<\/p><p style=\"font-weight: 400;\"><strong><span style=\"font-style: inherit; font-weight: inherit;\">CANAL 30 MULTICOM\u00a0<\/span><\/strong><\/p><p style=\"font-weight: 400;\"><a href=\"https:\/\/www.litoralpress.cl\/sitio\/RadioTV_Detalles.cshtml?LPKey=CPVQC4QW6L2BDIW55R4I56MK6T7IC4WJ4UWGCLP4ORZWCZPK5BF54AHERGILON2BBEV43ETUC4MRW\" target=\"_blank\" rel=\"noopener\"><span style=\"font-style: inherit;\">Operativo dental gratuito de la Universidad de Talca beneficia a vecinos de Constituci\u00f3n. Se menciona a estudiantes y acad\u00e9micos de la Facultad de Odontolog\u00eda de la Universidad de Talca.\u00a0\u00a0<\/span><\/a><\/p><p style=\"font-weight: 400;\">\u00a0<\/p><p style=\"font-weight: 400;\"><strong><span style=\"font-style: inherit; font-weight: inherit;\">EL MOSTRADOR\u00a0<\/span><\/strong><\/p><p style=\"font-weight: 400;\"><a href=\"https:\/\/www.elmostrador.cl\/agenda-pais\/vida-en-linea\/2023\/07\/19\/crean-red-interuniversitaria-de-envejecimiento-saludable-para-latinoamerica-y-el-caribe\/\" target=\"_blank\" rel=\"noopener\"><span style=\"font-style: inherit;\">Crean Red Interuniversitaria de Envejecimiento Saludable para Latinoam\u00e9rica y el Caribe<\/span><span style=\"font-style: inherit;\">. Se refiere Iv\u00e1n Palomo Gonz\u00e1lez, coordinador de la Red para Chile y acad\u00e9mico de la Facultad de Ciencias de la Salud.\u00a0<\/span><span style=\"font-style: inherit;\">\u00a0<\/span><\/a><\/p><p style=\"font-weight: 400;\">\u00a0<\/p><p style=\"font-weight: 400;\"><strong><span style=\"font-style: inherit;\">\u00a0<\/span><span style=\"font-style: inherit;\">ADPRENSA\u00a0<\/span><\/strong><\/p><p style=\"font-weight: 400;\"><a href=\"https:\/\/www.adprensa.cl\/cronica\/crean-red-interuniversitaria-de-envejecimiento-saludable-para-latinoamerica-y-el-caribe\/\" target=\"_blank\" rel=\"noopener\"><span style=\"font-style: inherit; font-weight: inherit;\">Crean Red Interuniversitaria de Envejecimiento Saludable para Latinoam\u00e9rica y el Caribe<\/span><span style=\"font-style: inherit; font-weight: inherit;\">. Se refiere Iv\u00e1n Palomo Gonz\u00e1lez, coordinador de la Red para Chile y acad\u00e9mico de la Facultad de Ciencias de la Salud.\u00a0\u00a0<\/span><\/a><\/p><p style=\"font-weight: 400;\"><span style=\"font-style: inherit; font-weight: inherit;\">\u00a0<\/span><\/p><p style=\"font-weight: 400;\"><strong><span style=\"font-style: inherit; font-weight: inherit;\">LAS \u00daLTIMAS NOTICIAS\u00a0<\/span><\/strong><\/p><p style=\"font-weight: 400;\"><a href=\"https:\/\/www.litoralpress.cl\/paginaconsultas\/Servicios_NClipSitio\/Get_Imagen_Nota.aspx?LPKey=MMWP4UWHOVYS7YPWX6PEJPDK3B5CNGPJFQKJGXZKEPUG4ORBCAJQE6HGKVQ6IGNMNCGIPCS7OAXU2\" target=\"_blank\" rel=\"noopener\"><span style=\"font-style: inherit;\">Panorama total: el estado de la acreditaci\u00f3n de las universidades chilenas. Se menciona a la Universidad de Talca.\u00a0<\/span><span style=\"font-style: inherit;\">\u00a0<\/span><\/a><\/p><p style=\"font-weight: 400;\">\u00a0<\/p><p style=\"font-weight: 400;\"><strong><span style=\"font-style: inherit; font-weight: inherit;\">ELPAIS.COM (ESPA\u00d1A)\u00a0<\/span><\/strong><\/p><p style=\"font-weight: 400;\"><a href=\"https:\/\/elpais.com\/chile\/2023-07-16\/cuanto-cuesta-oponerse-al-gobierno-de-boric-las-guerras-de-la-derecha-tradicional-en-chile.html\" target=\"_blank\" rel=\"noopener\"><span style=\"font-style: inherit;\">Cu\u00e1nto cuesta oponerse al Gobierno de Boric: las guerras de la derecha tradicional en Chile. Se refiere Mauricio Morales, director del Centro de An\u00e1lisis Pol\u00edtico (CAP).\u00a0<\/span><span style=\"font-style: inherit;\">\u00a0<\/span><\/a><\/p><p style=\"font-weight: 400;\">\u00a0<\/p><p style=\"font-weight: 400;\"><strong><span style=\"font-style: inherit;\">RADIO INFINITA\u00a0<\/span><\/strong><\/p><p style=\"font-weight: 400;\"><a href=\"https:\/\/www.litoralpress.cl\/sitio\/RadioTV_Detalles.cshtml?LPKey=MP2JS3PGXCFJBXIXB2VAKQ627QTDHH222SO2XPBAKWXC7PQRZ26ZRUX7X45V264B3ECSQ5YUFJWZ4\" target=\"_blank\" rel=\"noopener\"><span style=\"font-style: inherit; font-weight: inherit;\">Comentario de pol\u00edtica de Mauricio Morales, director del Centro de An\u00e1lisis Pol\u00edtico (CAP).\u00a0\u00a0<\/span><\/a><\/p><p style=\"font-weight: 400;\">\u00a0<\/p><p style=\"font-weight: 400;\"><strong><span style=\"font-style: inherit;\">PUBLIMETRO\u00a0<\/span><\/strong><\/p><p style=\"font-weight: 400;\"><a href=\"https:\/\/www.litoralpress.cl\/paginaconsultas\/Servicios_NClipSitio\/Get_Imagen_Nota.aspx?LPKey=FZSGQPHJR3EMSX5WM2JCJR7AEK5MT5KFQ32S3I3572PVYAYQAGGQUBAB6RQYTCERBR44TILJW2V6E\" target=\"_blank\" rel=\"noopener\"><span style=\"font-style: inherit; font-weight: inherit;\">Reforma previsional: trabas y proyecci\u00f3n del nuevo di\u00e1logo<\/span><span style=\"font-style: inherit; font-weight: inherit;\">.<\/span><span style=\"font-style: inherit; font-weight: inherit;\">\u00a0Se refiere Mario Herrera, acad\u00e9mico del Centro de An\u00e1lisis Pol\u00edtico (CAP).\u00a0<\/span><\/a><\/p><p style=\"font-weight: 400;\">\u00a0<\/p><p style=\"font-weight: 400;\"><strong><span style=\"font-style: inherit; font-weight: inherit;\">LA SEGUNDA\u00a0<\/span><\/strong><\/p><p style=\"font-weight: 400;\"><a href=\"https:\/\/www.litoralpress.cl\/paginaconsultas\/Servicios_NClipSitio\/Get_Imagen_Nota.aspx?LPKey=CYRZWBTNQEAKUCBOYU44JP45XHJM5IZY3O6KR6XC3IRIWNFZ5LELLE6DCFI22DEO3T7AM5RVDC2AU\" target=\"_blank\" rel=\"noopener\"><span style=\"font-style: inherit; font-weight: inherit;\">Cambio en Argentina ser\u00eda a\u00fan m\u00e1s favorable para chilenos el resto de 2023<\/span><span style=\"font-style: inherit; font-weight: inherit;\">. Se refiere Rodrigo Saenz, economista y<\/span><span style=\"font-style: inherit; font-weight: inherit;\">\u00a0<\/span><span style=\"font-style: inherit; font-weight: inherit;\">acad\u00e9mico de la Facultad de Econom\u00eda y Negocios.<\/span><span style=\"font-style: inherit; font-weight: inherit;\">\u00a0<\/span><\/a><\/p><p style=\"font-weight: 400;\"><span style=\"font-style: inherit; font-weight: inherit;\">\u00a0<\/span><\/p><p style=\"font-weight: 400;\"><strong><span style=\"font-style: inherit; font-weight: inherit;\">CANAL TVN RED MAULE\u00a0<\/span><\/strong><\/p><p style=\"font-weight: 400;\"><a href=\"https:\/\/www.litoralpress.cl\/sitio\/RadioTV_Detalles.cshtml?LPKey=RMMSGXBAQ72ZO3P742F6XZ25THFH25RAA24VX27S2W2OOIKDSHIVLYJYWQIGETGC4NXQDZXG7X6XI\" target=\"_blank\" rel=\"noopener\"><span style=\"font-style: inherit;\">Regi\u00f3n del Maule ocupa segundo lugar en el ranking del Registro Nacional de Deudores de Pensiones de Alimentos. Se refiere\u00a0<\/span><span style=\"font-style: inherit;\">Isaac Ravetllat Ballest\u00e9, acad\u00e9mico de la Facultad de Ciencias Jur\u00eddicas y Sociales.\u00a0<\/span><span style=\"font-style: inherit;\">\u00a0<\/span><\/a><\/p><p style=\"font-weight: 400;\">\u00a0<\/p><p style=\"font-weight: 400;\"><strong><span style=\"font-style: inherit; font-weight: inherit;\">LA PRENSA DE CURIC\u00d3\u00a0\u00a0<\/span><\/strong><\/p><p style=\"font-weight: 400;\"><a href=\"https:\/\/www.litoralpress.cl\/paginaconsultas\/Servicios_NClipSitio\/Get_Imagen_Nota.aspx?LPKey=HZIHEISWCY4N2MSLKH4KUTRY6YFBAOUBEPBPEE6WI73FLBPSYBQZTKP2PROHII2E3DEFPHTOZSNY2\" target=\"_blank\" rel=\"noopener\"><strong><span style=\"font-style: inherit; font-weight: inherit;\">Alumnos se certifican en salud mental con enfoque de g\u00e9nero. Se refiere Daniel Jim\u00e9nez Acu\u00f1a, director de Salud del Estudiante.\u00a0<\/span><\/strong><\/a><\/p><p style=\"font-weight: 400;\">\u00a0<\/p><p style=\"font-weight: 400;\"><span style=\"font-style: inherit; font-weight: inherit;\">\u00a0<\/span><strong><span style=\"font-style: inherit; font-weight: inherit;\">ENESTRADO.COM\u00a0<\/span><\/strong><\/p><p><a href=\"https:\/\/enestrado.com\/la-medida-cautelar-de-prision-preventiva-una-expresion-mas-de-la-diferencia-para-unos-y-para-otros-dinero-mediante-por-diego-palomo-y-francisco-avila\/\" target=\"_blank\" rel=\"noopener\"><span style=\"font-style: inherit; font-weight: inherit;\">La medida cautelar de prisi\u00f3n preventiva: una expresi\u00f3n m\u00e1s de la diferencia para unos y para otros, dinero mediante.\u00a0<\/span><span style=\"font-style: inherit; font-weight: inherit;\">Se refiere Diego Palomo V\u00e9lez, acad\u00e9mico de la Facultad de Ciencias Jur\u00eddicas y Sociales.<\/span><span style=\"font-style: inherit; font-weight: inherit;\">\u00a0<\/span><span style=\"font-style: inherit; font-weight: inherit;\">\u00a0<\/span><\/a><\/p><p style=\"font-weight: 400;\">\u00a0<\/p><p style=\"font-weight: 400;\"><strong><span style=\"font-style: inherit;\">\u00a0<\/span><span style=\"font-style: inherit;\">DIARIOVI REGI\u00d3N\u00a0<\/span><\/strong><\/p><p style=\"font-weight: 400;\"><a href=\"https:\/\/www.litoralpress.cl\/paginaconsultas\/Servicios_NClipSitio\/Get_Imagen_Nota.aspx?LPKey=CTQ7DLSZS5QXQYHUNSO4SBFPB677RUU23X2RF4R3W2DB3X35JDX6EAKNMXM63MAEUGV7P756NOHTA\" target=\"_blank\" rel=\"noopener\"><span style=\"font-style: inherit; font-weight: inherit;\">Municipalidad de San Fernando firm\u00f3 convenio de colaboraci\u00f3n con Sercotec y Asech. Se menciona a la Universidad de Talca.\u00a0<\/span><\/a><\/p>\t\t\t\t\t\t<\/div>\n\t\t\t\t<\/div>\n\t\t\t\t\t<\/div>\n\t\t<\/div>\n\t\t\t\t\t\t\t<\/div>\n\t\t<\/section>\n\t\t\t\t\t\t<\/div>\n\t\t\t\t\t<\/div>\n\t\t","protected":false},"excerpt":{"rendered":"<p>URGENTE24.COM (ARGENTINA)\u00a0 Trombosis: Extractos de frutas y hortalizas pueden ser clave. Se refieren Eduardo Fuentes Quinteros,\u00a0director del estudio e investigador del Centro de Investigaci\u00f3n en Trombosis; y Felipe \u00c1vila de la Escuela de Nutrici\u00f3n y Diet\u00e9tica de la misma Instituci\u00f3n y el Centro de Estudios de Alimentos Procesados (CEAP).\u00a0 \u00a0 DIARIOTALCA.CL\u00a0 Proyecto UTalca ayuda a &hellip;<\/p>\n<p class=\"read-more\"> <a class=\"\" href=\"https:\/\/www.reportedeprensa.utalca.cl\/?p=7830\"> <span class=\"screen-reader-text\">19 de julio de 2023<\/span> Read More &raquo;<\/a><\/p>\n","protected":false},"author":1,"featured_media":0,"comment_status":"closed","ping_status":"open","sticky":false,"template":"","format":"standard","meta":{"_monsterinsights_skip_tracking":false,"_monsterinsights_sitenote_active":false,"_monsterinsights_sitenote_note":"","_monsterinsights_sitenote_category":0},"categories":[38],"tags":[],"_links":{"self":[{"href":"https:\/\/www.reportedeprensa.utalca.cl\/index.php?rest_route=\/wp\/v2\/posts\/7830"}],"collection":[{"href":"https:\/\/www.reportedeprensa.utalca.cl\/index.php?rest_route=\/wp\/v2\/posts"}],"about":[{"href":"https:\/\/www.reportedeprensa.utalca.cl\/index.php?rest_route=\/wp\/v2\/types\/post"}],"author":[{"embeddable":true,"href":"https:\/\/www.reportedeprensa.utalca.cl\/index.php?rest_route=\/wp\/v2\/users\/1"}],"replies":[{"embeddable":true,"href":"https:\/\/www.reportedeprensa.utalca.cl\/index.php?rest_route=%2Fwp%2Fv2%2Fcomments&post=7830"}],"version-history":[{"count":4,"href":"https:\/\/www.reportedeprensa.utalca.cl\/index.php?rest_route=\/wp\/v2\/posts\/7830\/revisions"}],"predecessor-version":[{"id":7837,"href":"https:\/\/www.reportedeprensa.utalca.cl\/index.php?rest_route=\/wp\/v2\/posts\/7830\/revisions\/7837"}],"wp:attachment":[{"href":"https:\/\/www.reportedeprensa.utalca.cl\/index.php?rest_route=%2Fwp%2Fv2%2Fmedia&parent=7830"}],"wp:term":[{"taxonomy":"category","embeddable":true,"href":"https:\/\/www.reportedeprensa.utalca.cl\/index.php?rest_route=%2Fwp%2Fv2%2Fcategories&post=7830"},{"taxonomy":"post_tag","embeddable":true,"href":"https:\/\/www.reportedeprensa.utalca.cl\/index.php?rest_route=%2Fwp%2Fv2%2Ftags&post=7830"}],"curies":[{"name":"wp","href":"https:\/\/api.w.org\/{rel}","templated":true}]}}