{"id":7841,"date":"2023-07-20T13:36:57","date_gmt":"2023-07-20T16:36:57","guid":{"rendered":"https:\/\/www.reportedeprensa.utalca.cl\/?p=7841"},"modified":"2023-07-20T13:42:56","modified_gmt":"2023-07-20T16:42:56","slug":"20-de-julio-de-2023","status":"publish","type":"post","link":"https:\/\/www.reportedeprensa.utalca.cl\/?p=7841","title":{"rendered":"20 de julio de 2023"},"content":{"rendered":"\t\t<div data-elementor-type=\"wp-post\" data-elementor-id=\"7841\" class=\"elementor elementor-7841\" data-elementor-settings=\"[]\">\n\t\t\t\t\t\t\t<div class=\"elementor-section-wrap\">\n\t\t\t\t\t\t\t<section class=\"elementor-section elementor-top-section elementor-element elementor-element-10154d05 elementor-section-boxed elementor-section-height-default elementor-section-height-default\" data-id=\"10154d05\" data-element_type=\"section\">\n\t\t\t\t\t\t<div class=\"elementor-container elementor-column-gap-default\">\n\t\t\t\t\t<div class=\"elementor-column elementor-col-100 elementor-top-column elementor-element elementor-element-5db19c21\" data-id=\"5db19c21\" data-element_type=\"column\">\n\t\t\t<div class=\"elementor-widget-wrap elementor-element-populated\">\n\t\t\t\t\t\t\t\t<div class=\"elementor-element elementor-element-587e31be elementor-widget elementor-widget-text-editor\" data-id=\"587e31be\" data-element_type=\"widget\" data-widget_type=\"text-editor.default\">\n\t\t\t\t<div class=\"elementor-widget-container\">\n\t\t\t\t\t\t\t\t<p><strong>NOVACIENCIA.ES (ESPA\u00d1A)<\/strong><\/p><p><a href=\"https:\/\/novaciencia.es\/red-interuniversitaria-de-envejecimiento-saludable-para-latinoamerica-y-el-caribe\/\" target=\"_blank\" rel=\"noopener\">Nace una Red Interuniversitaria para el Envejecimiento Saludable para Iberoam\u00e9rica. Se refiere Iv\u00e1n Palomo Gonz\u00e1lez, coordinador de la Red para Chile y acad\u00e9mico de la Facultad de Ciencias de la Salud.<\/a><\/p><p>\u00a0<\/p><p><strong>EL LECTOR<\/strong><\/p><p><a href=\"https:\/\/www.litoralpress.cl\/paginaconsultas\/Servicios_NClipSitio\/Get_Imagen_Nota.aspx?LPKey=VN3WJRYZQQSO5RAGDRGV4IVBLTTYQILQDD3TJHRTCKYT63S5GG6U2YVPHFHVX4JGK7CS3BQWCMKAY\">Crean Red Interuniversitaria de Envejecimiento Saludable para Latinoam\u00e9rica y el Caribe. Se refiere Iv\u00e1n Palomo Gonz\u00e1lez, coordinador de la Red para Chile y acad\u00e9mico de la Facultad de Ciencias de la Salud.<\/a><\/p><p>\u00a0<\/p><p><strong>EL MAULE INFORMA<\/strong><\/p><p><a href=\"https:\/\/elmauleinforma.cl\/crean-red-interuniversitaria-de-envejecimiento-saludable-para-latinoamerica-y-el-caribe\/\" target=\"_blank\" rel=\"noopener\">Crean Red Interuniversitaria de Envejecimiento Saludable para Latinoam\u00e9rica y el Caribe. Se refiere Iv\u00e1n Palomo Gonz\u00e1lez, coordinador de la Red para Chile y acad\u00e9mico de la Facultad de Ciencias de la Salud.<\/a><\/p><p>\u00a0<\/p><p><strong>SANTAFECANAL.COM.AR (ARGENTINA)<\/strong><\/p><p><a href=\"https:\/\/www.santafecanal.com.ar\/8451-el-tomate-la-verdura-que-ayuda-a-limpiar-las-arterias-y-mejora-la-circulacion-en-las-piernas\" target=\"_blank\" rel=\"noopener\">El tomate: la verdura que ayuda a limpiar las arterias y mejora la circulaci\u00f3n en las piernas. Se menciona a la Universidad de Talca.<\/a><\/p><p>\u00a0<\/p><p><strong>EL TIP\u00d3GRAFO<\/strong><\/p><p><a href=\"https:\/\/eltipografo.cl\/2023\/07\/investigacion-internacional-busca-mejorar-la-confiabilidad-de-las-redes-electricas\" target=\"_blank\" rel=\"noopener\">Investigaci\u00f3n internacional busca mejorar la confiabilidad\u00a0de\u00a0las redes el\u00e9ctricas. Se refiere\u00a0<span style=\"font-style: inherit; font-weight: inherit;\">Carlos Baier Fuentes<\/span>, acad\u00e9mico y director\u00a0<span data-markjs=\"true\" data-ogac=\"\" data-ogab=\"\" data-ogsc=\"\" data-ogsb=\"\">de<\/span>l\u00a0<span data-markjs=\"true\" data-ogac=\"\" data-ogab=\"\" data-ogsc=\"\" data-ogsb=\"\">De<\/span>partamento\u00a0<span data-markjs=\"true\" data-ogac=\"\" data-ogab=\"\" data-ogsc=\"\" data-ogsb=\"\">de<\/span>\u00a0Ingenier\u00eda El\u00e9ctrica.\u00a0<\/a><\/p><p>\u00a0<\/p><p><strong>MEDIABANCO<\/strong><\/p><p><a href=\"https:\/\/www.mediabanco.com\/estigmas-de-los-trastornos-mentales-generan-problemas-de-salud-publica\/\" target=\"_blank\" rel=\"noopener\">Estigmas de los trastornos mentales generan problemas de salud p\u00fablica. Se refiere acad\u00e9mico de la Escuela de Enfermer\u00eda de la Universidad de Talca, Gustavo Dom\u00ednguez Araya.<\/a><\/p><p>\u00a0<\/p><p><strong>ADPRENSA<\/strong><\/p><p><a href=\"https:\/\/www.adprensa.cl\/cronica\/estigmas-de-los-trastornos-mentales-generan-problemas-de-salud-publica\/\" target=\"_blank\" rel=\"noopener\">Estigmas de los trastornos mentales generan problemas de salud p\u00fablica. Se refiere acad\u00e9mico de la Escuela de Enfermer\u00eda de la Universidad de Talca, Gustavo Dom\u00ednguez Araya.<\/a><\/p><p>\u00a0<\/p><p><strong>DIARIOELHERALDO.CL<\/strong><\/p><p><a href=\"https:\/\/www.diarioelheraldo.cl\/noticia\/estigmas-de-los-trastornos-mentales-generan-problemas-de-salud-publica\" target=\"_blank\" rel=\"noopener\">Estigmas de los trastornos mentales generan problemas de salud p\u00fablica. Se refiere acad\u00e9mico de la Escuela de Enfermer\u00eda de la Universidad de Talca, Gustavo Dom\u00ednguez Araya.<\/a><\/p><p>\u00a0<\/p><p><strong>ELCIUDADANO.CL<\/strong><\/p><p><a href=\"https:\/\/www.elciudadano.com\/salud\/especialista-advierte-que-estigmatizacion-de-trastornos-mentales-dificultan-su-diagnostico-oportuno-y-efectivo-tratamiento\/07\/19\/\" target=\"_blank\" rel=\"noopener\">Especialista advierte que estigmatizaci\u00f3n de trastornos mentales dificultan su diagn\u00f3stico oportuno y efectivo tratamiento. Se refiere acad\u00e9mico de la Escuela de Enfermer\u00eda de la Universidad de Talca, Gustavo Dom\u00ednguez Araya.<\/a><\/p><p>\u00a0<\/p><p><strong>LATERCERA.COM<\/strong><\/p><p><a href=\"https:\/\/www.latercera.com\/servicios\/noticia\/cuando-se-termina-el-invierno-2023-en-chile\/ZRQSO65P7NBL5AD2HBWO7L4OOE\/\" target=\"_blank\" rel=\"noopener\">\u00bfCu\u00e1ndo se termina el invierno 2023 en Chile? Se refiere\u00a0<span style=\"font-style: inherit; font-weight: inherit;\">Patricio Gonz\u00e1lez Colville, agroclimat\u00f3logo\u00a0<\/span>del Centro\u00a0de\u00a0Investigaci\u00f3n y Transferencia en Riego y Agroclimatolog\u00eda.\u00a0<\/a><\/p><p>\u00a0<\/p><p><strong>VLNRADIO.CL<\/strong><\/p><p><a href=\"https:\/\/www.vlnradio.cl\/noticias\/nacional\/region-del-maule\/2023\/07\/19\/nuevo-sistema-frontal-llegara-al-maule-en-la-noche-de-este-jueves\/\" target=\"_blank\" rel=\"noopener\">Nuevo Sistema Frontal llegar\u00e1 al Maule en la noche de este jueves. Se refiere\u00a0<span style=\"font-style: inherit; font-weight: inherit;\">Patricio Gonz\u00e1lez Colville, agroclimat\u00f3logo\u00a0<\/span>del Centro\u00a0de\u00a0Investigaci\u00f3n y Transferencia en Riego y Agroclimatolog\u00eda.\u00a0<\/a><\/p><p>\u00a0<\/p><p><strong>PUBLIMICRO<\/strong><\/p><p><a href=\"https:\/\/publimicro.cl\/docentes-del-maule-actualizan-sus-competencias-digitales-con-talleres-organizados-por-la-utalca\/\" target=\"_blank\" rel=\"noopener\">Docentes del Maule actualizan sus competencias digitales con talleres organizados por la UTalca. Se refieren el\u00a0<span style=\"font-style: inherit;\">responsable de la Red de Establecimientos Escolares de UVSE y de Preparaci\u00f3n de Ense\u00f1anza Media del PACE<\/span>, Luis Rojas; el acad\u00e9mico del Instituto de Investigaci\u00f3n y Desarrollo Educacional, Sebasti\u00e1n Donoso; el director de Campus Virtual, Jorge Hinojosa Rehbein; y el director de la Escuela de Pedagog\u00edas en Ingl\u00e9s, Ricardo Valderrama Bast\u00eda.\u00a0<\/a><\/p><p>\u00a0<\/p><p><strong>DIARIOS EN RED<\/strong><\/p><p><a href=\"https:\/\/diariosenred.com\/regional\/seremi-de-la-mujer-visita-el-nuevo-centro-penitenciario-de-la-region-el\" target=\"_blank\" rel=\"noopener\">Seremi de la mujer visita el nuevo centro penitenciario de la regi\u00f3n, el m\u00e1s moderno del pa\u00eds. Se refiere Natalia V\u00e9liz Olivos, directora de G\u00e9nero.<\/a><\/p><p>\u00a0<\/p><p><strong>EL MAULE INFORMA<\/strong><\/p><p><a href=\"https:\/\/elmauleinforma.cl\/seremi-de-la-mujer-visito-el-nuevo-centro-penitenciario-la-laguna\/\" target=\"_blank\" rel=\"noopener\">Seremi de la mujer visit\u00f3 el nuevo Centro Penitenciario La Laguna. Se refiere Natalia V\u00e9liz Olivos, directora de G\u00e9nero.<\/a><\/p><p>\u00a0<\/p><p><strong>EL MOSTRADOR<\/strong><\/p><p><a href=\"https:\/\/www.elmostrador.cl\/noticias\/opinion\/cartas\/2023\/07\/19\/sera-que-los-republicanos-quieren-que-fracase-el-proceso-constituyente\/\" target=\"_blank\" rel=\"noopener\">\u00bfSer\u00e1 que los Republicanos quieren que fracase el proceso constituyente? Se refiere Diego Palomo V\u00e9lez, acad\u00e9mico de la Facultad de Ciencias Jur\u00eddicas y Sociales.<\/a><\/p><p>\u00a0<\/p><p><strong>DIARIO EL CENTRO<\/strong><\/p><p><a href=\"https:\/\/www.diarioelcentro.cl\/2023\/07\/19\/constitucion-partisana-o-nada-las-segundas-partes-nunca-fueron-buenas\/\" target=\"_blank\" rel=\"noopener\">Constituci\u00f3n partisana o nada: Las segundas partes nunca fueron buenas. Se refiere Diego Palomo V\u00e9lez, acad\u00e9mico de la Facultad de Ciencias Jur\u00eddicas y Sociales.<\/a><\/p><p>\u00a0<\/p><p><strong>RADIO INFINITA<\/strong><\/p><p><a href=\"https:\/\/www.litoralpress.cl\/sitio\/RadioTV_Detalles.cshtml?LPKey=BETGUC2VSHUKJFMPEVLPAXGEDWPSKTWCFY36VCGLIB2XTIEU42EW7X7IDPNZYYQGIQPM2ZB7M73ZA\" target=\"_blank\" rel=\"noopener\">Comentario de Pol\u00edtica de Mauricio Morales, director del Centro de An\u00e1lisis Pol\u00edtico (CAP).<\/a><\/p><p>\u00a0<\/p><p><strong>EMOL<\/strong><\/p><p><a href=\"https:\/\/www.emol.com\/noticias\/Nacional\/2023\/07\/20\/1101487\/proyectos-opacados-por-caso-convenios.html\" target=\"_blank\" rel=\"noopener\">Las urgencias legislativas opacadas tras el Caso Convenios y los &#8220;riesgos&#8221; del Gobierno de &#8220;quedarse sin agenda&#8221;. Se refiere Mario Herrera, acad\u00e9mico del Centro de An\u00e1lisis Pol\u00edtico (CAP).<\/a><\/p><p>\u00a0<\/p><p><strong>TVMAULE<\/strong><\/p><p><a href=\"https:\/\/www.tvmaule.cl\/universidad-de-talca-invita-a-ninos-y-ninas-a-participar-en-taller-de-grabado\/\" target=\"_blank\" rel=\"noopener\">Universidad de Talca invita a ni\u00f1os y ni\u00f1as a participar en taller de grabado. Se refiere Marcela Albornoz Dachelet, directora de Extensi\u00f3n Cultural \u2013 Art\u00edstica.<\/a><\/p>\t\t\t\t\t\t<\/div>\n\t\t\t\t<\/div>\n\t\t\t\t\t<\/div>\n\t\t<\/div>\n\t\t\t\t\t\t\t<\/div>\n\t\t<\/section>\n\t\t\t\t\t\t<\/div>\n\t\t\t\t\t<\/div>\n\t\t","protected":false},"excerpt":{"rendered":"<p>NOVACIENCIA.ES (ESPA\u00d1A) Nace una Red Interuniversitaria para el Envejecimiento Saludable para Iberoam\u00e9rica. Se refiere Iv\u00e1n Palomo Gonz\u00e1lez, coordinador de la Red para Chile y acad\u00e9mico de la Facultad de Ciencias de la Salud. \u00a0 EL LECTOR Crean Red Interuniversitaria de Envejecimiento Saludable para Latinoam\u00e9rica y el Caribe. Se refiere Iv\u00e1n Palomo Gonz\u00e1lez, coordinador de la &hellip;<\/p>\n<p class=\"read-more\"> <a class=\"\" href=\"https:\/\/www.reportedeprensa.utalca.cl\/?p=7841\"> <span class=\"screen-reader-text\">20 de julio de 2023<\/span> Read More &raquo;<\/a><\/p>\n","protected":false},"author":1,"featured_media":0,"comment_status":"closed","ping_status":"open","sticky":false,"template":"","format":"standard","meta":{"_monsterinsights_skip_tracking":false,"_monsterinsights_sitenote_active":false,"_monsterinsights_sitenote_note":"","_monsterinsights_sitenote_category":0},"categories":[38],"tags":[],"_links":{"self":[{"href":"https:\/\/www.reportedeprensa.utalca.cl\/index.php?rest_route=\/wp\/v2\/posts\/7841"}],"collection":[{"href":"https:\/\/www.reportedeprensa.utalca.cl\/index.php?rest_route=\/wp\/v2\/posts"}],"about":[{"href":"https:\/\/www.reportedeprensa.utalca.cl\/index.php?rest_route=\/wp\/v2\/types\/post"}],"author":[{"embeddable":true,"href":"https:\/\/www.reportedeprensa.utalca.cl\/index.php?rest_route=\/wp\/v2\/users\/1"}],"replies":[{"embeddable":true,"href":"https:\/\/www.reportedeprensa.utalca.cl\/index.php?rest_route=%2Fwp%2Fv2%2Fcomments&post=7841"}],"version-history":[{"count":4,"href":"https:\/\/www.reportedeprensa.utalca.cl\/index.php?rest_route=\/wp\/v2\/posts\/7841\/revisions"}],"predecessor-version":[{"id":7845,"href":"https:\/\/www.reportedeprensa.utalca.cl\/index.php?rest_route=\/wp\/v2\/posts\/7841\/revisions\/7845"}],"wp:attachment":[{"href":"https:\/\/www.reportedeprensa.utalca.cl\/index.php?rest_route=%2Fwp%2Fv2%2Fmedia&parent=7841"}],"wp:term":[{"taxonomy":"category","embeddable":true,"href":"https:\/\/www.reportedeprensa.utalca.cl\/index.php?rest_route=%2Fwp%2Fv2%2Fcategories&post=7841"},{"taxonomy":"post_tag","embeddable":true,"href":"https:\/\/www.reportedeprensa.utalca.cl\/index.php?rest_route=%2Fwp%2Fv2%2Ftags&post=7841"}],"curies":[{"name":"wp","href":"https:\/\/api.w.org\/{rel}","templated":true}]}}