{"id":7852,"date":"2023-07-21T14:15:11","date_gmt":"2023-07-21T17:15:11","guid":{"rendered":"https:\/\/www.reportedeprensa.utalca.cl\/?p=7852"},"modified":"2023-07-26T18:14:07","modified_gmt":"2023-07-26T21:14:07","slug":"21-de-julio-de-2023","status":"publish","type":"post","link":"https:\/\/www.reportedeprensa.utalca.cl\/?p=7852","title":{"rendered":"21 de julio de 2023"},"content":{"rendered":"\t\t<div data-elementor-type=\"wp-post\" data-elementor-id=\"7852\" class=\"elementor elementor-7852\" data-elementor-settings=\"[]\">\n\t\t\t\t\t\t\t<div class=\"elementor-section-wrap\">\n\t\t\t\t\t\t\t<section class=\"elementor-section elementor-top-section elementor-element elementor-element-10154d05 elementor-section-boxed elementor-section-height-default elementor-section-height-default\" data-id=\"10154d05\" data-element_type=\"section\">\n\t\t\t\t\t\t<div class=\"elementor-container elementor-column-gap-default\">\n\t\t\t\t\t<div class=\"elementor-column elementor-col-100 elementor-top-column elementor-element elementor-element-5db19c21\" data-id=\"5db19c21\" data-element_type=\"column\">\n\t\t\t<div class=\"elementor-widget-wrap elementor-element-populated\">\n\t\t\t\t\t\t\t\t<div class=\"elementor-element elementor-element-587e31be elementor-widget elementor-widget-text-editor\" data-id=\"587e31be\" data-element_type=\"widget\" data-widget_type=\"text-editor.default\">\n\t\t\t\t<div class=\"elementor-widget-container\">\n\t\t\t\t\t\t\t\t<p><strong><span style=\"font-style: inherit; font-weight: inherit;\">EL MOSTRADOR\u00a0<\/span><\/strong><strong><span style=\"font-style: inherit; font-weight: inherit;\">\u00a0<\/span><\/strong><\/p><p><a href=\"https:\/\/www.litoralpress.cl\/sitio\/RadioTV_Detalles.cshtml?LPKey=SM6HUVRXF6SN3QZTPROSYWI5AOH5UHZO2TMJKGZS6JWWT4FVHQ5C6C3C5ASDIA7C7J2UQCG2XU35W\" target=\"_blank\" rel=\"noopener\"><span style=\"font-style: inherit;\">Entregan resultados de estudio sobre inclusi\u00f3n financiera de migrantes en Chile. Se refiere Medardo Aguirre Gonz\u00e1lez, director del Centro de Estudios Migratorios (CEMI)<\/span><span style=\"font-style: inherit;\">\u00a0<\/span><\/a><\/p><p><span style=\"font-style: inherit; font-weight: inherit;\">\u00a0<\/span><\/p><p><strong><span style=\"font-style: inherit; font-weight: inherit;\">EL MERCURIO\u00a0<\/span><\/strong><\/p><p><a href=\"https:\/\/www.litoralpress.cl\/paginaconsultas\/Servicios_NClipSitio\/Get_Imagen_Nota.aspx?LPKey=VDGCV6EOXMFMVVZZFONNGCKYW676FL7HNWMRC4CYTTY62DFQSJMACM2XFXI6KTB4IOBY44N7FMFIE\" target=\"_blank\" rel=\"noopener\"><span style=\"font-style: inherit;\">La lA puede ser un buen aliado para el \u00e9xito de una empresa. Se refiere C\u00e9sar Astudillo, acad\u00e9mico de la Facultad de Ingenier\u00eda.\u00a0<\/span><span style=\"font-style: inherit;\">\u00a0<\/span><\/a><\/p><p>\u00a0<\/p><p><strong><span style=\"font-style: inherit; font-weight: inherit;\">EL MERCURIO\u00a0<\/span><\/strong><\/p><p><a href=\"https:\/\/www.litoralpress.cl\/paginaconsultas\/Servicios_NClipSitio\/Get_Imagen_Pagina.aspx?LPKey=DG7TE3B4L5DRSXDGWU323QSJTND7OQMSMP7S5T2JD25P27F4M6CA\" target=\"_blank\" rel=\"noopener\"><span style=\"font-style: inherit;\">\u00c1rboles editados gen\u00e9ticamente hacen m\u00e1s sostenible la producci\u00f3n de papel y pa\u00f1ales.\u00a0<\/span><span style=\"font-style: inherit;\">Se refiere Fernando Guerra, acad\u00e9mico del Instituto de Ciencias Biol\u00f3gicas.\u00a0<\/span><span style=\"font-style: inherit;\">\u00a0<\/span><\/a><\/p><p>\u00a0<\/p><p><strong><span style=\"font-style: inherit; font-weight: inherit;\">LATERCERA.COM\u00a0\u00a0<\/span><\/strong><\/p><p><a href=\"https:\/\/www.latercera.com\/practico\/noticia\/estufas-de-patio-sirven-realmente-para-calentar-espacios-abiertos\/HOKMJFMBXNAGHEX2YRX7LZB5HA\/\" target=\"_blank\" rel=\"noopener\"><span style=\"font-style: inherit;\">Estufas de patio: \u00bfsirven realmente para calentar espacios abiertos?<\/span><span style=\"font-style: inherit;\">\u00a0Se refiere Mar\u00eda Luisa del Campo, directora y acad\u00e9mica del Centro Tecnol\u00f3gico Kipus.\u00a0\u00a0<\/span><\/a><\/p><p>\u00a0<\/p><p><span style=\"font-style: inherit; font-weight: inherit;\">\u00a0<\/span><strong><span style=\"font-style: inherit; font-weight: inherit;\">MEGANOTICIAS.CL\u00a0<\/span><\/strong><\/p><p><a href=\"https:\/\/www.meganoticias.cl\/dato-util\/420448-admision-2024-puntajes-de-corte-carrera-de-medicina-universidades-paes-pdp-21-07-2023.html\" target=\"_blank\" rel=\"noopener\"><span style=\"font-style: inherit;\">\u00bfQuieres estudiar Medicina? Estos son algunos de los puntajes de corte de cara al proceso de Admisi\u00f3n 2024<\/span><span style=\"font-style: inherit;\">. Se menciona a la Universidad de Talca.\u00a0\u00a0<\/span><\/a><\/p><p>\u00a0<\/p><p><strong><span style=\"font-style: inherit; font-weight: inherit;\">LA NOTICIA\u00a0<\/span><\/strong><\/p><p><a href=\"https:\/\/lanoticia.cl\/crean-red-interuniversitaria-de-envejecimiento-saludable-para-latinoamerica-y-el-caribe\/\" target=\"_blank\" rel=\"noopener\"><span style=\"font-style: inherit;\">Crean Red Interuniversitaria de Envejecimiento Saludable para Latinoam\u00e9rica y el Caribe. Se refiere Iv\u00e1n Palomo Gonz\u00e1lez, coordinador de la Red para Chile y acad\u00e9mico de la Facultad de Ciencias de la Salud.\u00a0<\/span><\/a><\/p><p><span style=\"font-style: inherit; font-weight: inherit;\">\u00a0<\/span><\/p><p><strong><span style=\"font-style: inherit; font-weight: inherit;\">ADPRENSA\u00a0\u00a0<\/span><\/strong><\/p><p><a href=\"https:\/\/www.adprensa.cl\/actividades-academicas\/recomiendan-limitar-exposicion-de-ninos-y-jovenes-a-los-dispositivos-electronicos\/\" target=\"_blank\" rel=\"noopener\"><span style=\"font-style: inherit;\">Recomiendan limitar la exposici\u00f3n de nu\u00f1os y j\u00f3venes a los dispositivos electr\u00f3nicos. Se refiere Rosario Spencer Contreras, acad\u00e9mica de la Facultad de Psicolog\u00eda.\u00a0\u00a0<\/span><\/a><\/p><p>\u00a0<\/p><p><strong><span style=\"font-style: inherit;\">MEDIABANCO\u00a0<\/span><\/strong><\/p><p><a href=\"https:\/\/www.mediabanco.com\/recomiendan-limitar-exposicion-de-ninos-y-jovenes-a-los-dispositivos-electronicos\/\" target=\"_blank\" rel=\"noopener\"><span style=\"font-style: inherit; font-weight: inherit;\">Recomiendan limitar la exposici\u00f3n de ni\u00f1os y j\u00f3venes a los dispositivos electr\u00f3nicos. Se refiere Rosario Spencer Contreras, acad\u00e9mica de la Facultad de Psicolog\u00eda.\u00a0\u00a0<\/span><\/a><\/p><p>\u00a0<\/p><p><strong><span style=\"font-style: inherit;\">LA PRENSA DE CURIC\u00d3\u00a0\u00a0<\/span><\/strong><\/p><p><a href=\"https:\/\/www.litoralpress.cl\/paginaconsultas\/Servicios_NClipSitio\/Get_Imagen_Nota.aspx?LPKey=5ATFBENWCHLNTQQWHN6B6G5TCWD66NPHIXDMSQF3DGJUXFBO2UYZHX5YNGOWLDJEJG3AOEK4P4Q6M\" target=\"_blank\" rel=\"noopener\"><span style=\"font-style: inherit; font-weight: inherit;\">Estigmatizaci\u00f3n los trastornos mentales. Se refiere\u00a0<\/span><span style=\"font-style: inherit; font-weight: inherit;\">acad\u00e9mico de la Escuela de Enfermer\u00eda de la Universidad de Talca, Gustavo Dom\u00ednguez Araya<\/span><span style=\"font-style: inherit; font-weight: inherit;\">.<\/span>\u00a0<\/a><\/p><p>\u00a0<\/p><p><strong><span style=\"font-style: inherit;\">DIARIO EL HERALDO\u00a0\u00a0<\/span><\/strong><\/p><p><a href=\"https:\/\/www.litoralpress.cl\/paginaconsultas\/Servicios_NClipSitio\/Get_Imagen_Nota.aspx?LPKey=M4VDQQ5QREJXSZMG5AFICSJMXU44DE47HQ6LJ2VXTHSTK455454T44QPNHGSNLNN5XS2IFTAJ5RYA\" target=\"_blank\" rel=\"noopener\"><span style=\"font-style: inherit; font-weight: inherit;\">Estigmas de los trastornos mentales generan problemas de salud p\u00fablica. Se refiere\u00a0<\/span><span style=\"font-style: inherit; font-weight: inherit;\">acad\u00e9mico de la Escuela de Enfermer\u00eda de la Universidad de Talca, Gustavo Dom\u00ednguez Araya<\/span><span style=\"font-style: inherit; font-weight: inherit;\">.<\/span>\u00a0<\/a><\/p><p>\u00a0<\/p><p><strong><span style=\"font-style: inherit;\">CAUQUENES.NET\u00a0\u00a0<\/span><\/strong><\/p><p><a href=\"https:\/\/cauquenesnet.cl\/2023\/07\/21\/los-estigmas-de-los-trastornos-mentales-generan-problemas-de-salud-publica\/\" target=\"_blank\" rel=\"noopener\"><span style=\"font-style: inherit; font-weight: inherit;\">Estigmas de los trastornos mentales generan problemas de salud p\u00fablica. Se refiere\u00a0<\/span><span style=\"font-style: inherit; font-weight: inherit;\">acad\u00e9mico de la Escuela de Enfermer\u00eda de la Universidad de Talca, Gustavo Dom\u00ednguez Araya<\/span><span style=\"font-style: inherit; font-weight: inherit;\">.\u00a0<\/span><\/a><\/p><p>\u00a0<\/p><p><strong><span style=\"font-style: inherit;\">CANAL 13\u00a0<\/span><\/strong><\/p><p><a href=\"https:\/\/www.litoralpress.cl\/sitio\/RadioTV_Detalles.cshtml?LPKey=QIG7GCEFLC6WXAV3KKEVDSX44OJDXA6TVRCQLVB6FWSOWH3SIIWFFK6N47BQXM5CPEA7MIBOO4B6I\" target=\"_blank\" rel=\"noopener\"><span style=\"font-style: inherit; font-weight: inherit;\">Efectos del cambio clim\u00e1tico. Se menciona a<\/span><span style=\"font-style: inherit; font-weight: inherit;\">\u00a0<\/span><span style=\"font-style: inherit; font-weight: inherit;\">Patricio Gonz\u00e1lez Colville, agroclimat\u00f3logo\u00a0<\/span><span style=\"font-style: inherit; font-weight: inherit;\">de<\/span><span style=\"font-style: inherit; font-weight: inherit;\">l Centro\u00a0<\/span><span style=\"font-style: inherit; font-weight: inherit;\">de<\/span><span style=\"font-style: inherit; font-weight: inherit;\">\u00a0Investigaci\u00f3n y Transferencia en Riego y Agroclimatolog\u00eda.\u00a0<\/span><span style=\"font-style: inherit; font-weight: inherit;\">\u00a0<\/span><\/a><\/p><p>\u00a0<\/p><p><strong>CANAL TVN RED MAULE<\/strong><\/p><p><a href=\"https:\/\/www.litoralpress.cl\/sitio\/RadioTV_Detalles.cshtml?LPKey=5CEGAQQUVQ3756WGK7JXRPGW5FVWGNBSWOP6OSSYNICCK3YFGVM7EWP7EWEZVQR2Z73CCCWR5XQCA\" target=\"_blank\" rel=\"noopener\">Agricultores de Villa Prat solicitan apoyo. Se refieren Ricardo Herrera, investigador del Centro Tecnol\u00f3gico de Suelos y Cultivos; y Patricio Gonz\u00e1lez Colville, agroclimat\u00f3logo del Centro de Investigaci\u00f3n y Transferencia en Riego y Agroclimatolog\u00eda.\u00a0<\/a><\/p><p>\u00a0<\/p><p><strong><span style=\"font-style: inherit;\">RADIO CONDELL\u00a0<\/span><\/strong><\/p><p><a href=\"https:\/\/www.litoralpress.cl\/sitio\/RadioTV_Detalles.cshtml?LPKey=B4KO3RNA2HCX4KPSUBDAS3VRGXS7FL2F43CKG25TBRMDSIK5YGRPTSUZHNSKOHO2CBDMSEBXAPQBC\" target=\"_blank\" rel=\"noopener\"><span style=\"font-style: inherit; font-weight: inherit;\">An\u00e1lisis del Sistema Frontal.<\/span><span style=\"font-style: inherit; font-weight: inherit;\">\u00a0<\/span><span style=\"font-style: inherit; font-weight: inherit;\">Se refiere\u00a0Patricio Gonz\u00e1lez Colville, agroclimat\u00f3logo\u00a0del Centro\u00a0de\u00a0Investigaci\u00f3n y Transferencia en Riego y Agroclimatolog\u00eda.\u00a0\u00a0<\/span><\/a><\/p><p><span style=\"font-style: inherit; font-weight: inherit;\">\u00a0<\/span><\/p><p><strong><span style=\"font-style: inherit; font-weight: inherit;\">EN L\u00cdNEA MAULE\u00a0<\/span><\/strong><\/p><p><a href=\"https:\/\/www.litoralpress.cl\/sitio\/RadioTV_Detalles.cshtml?LPKey=X6NOTWUXXRVGPTXMUFJZZWI7ZW5V6UO67WI473ZZCB2MXP3D5RPZ4RGOJWEJNGWJDTCD53Q5WKSA2\" target=\"_blank\" rel=\"noopener\"><span style=\"font-style: inherit;\">Nuevo Sistema Frontal con R\u00edo Atmosf\u00e9rico<\/span><span style=\"font-style: inherit;\">.\u00a0<\/span><span style=\"font-style: inherit;\">Se refiere\u00a0Patricio Gonz\u00e1lez Colville, agroclimat\u00f3logo\u00a0del Centro\u00a0de\u00a0Investigaci\u00f3n y Transferencia en Riego y Agroclimatolog\u00eda.\u00a0\u00a0\u00a0<\/span><\/a><\/p><p>\u00a0<\/p><p><span style=\"font-style: inherit; font-weight: inherit;\">\u00a0<\/span><strong><span style=\"font-style: inherit; font-weight: inherit;\">CANAL MEGA\u00a0<\/span><\/strong><\/p><p><a href=\"https:\/\/www.litoralpress.cl\/sitio\/RadioTV_Detalles.cshtml?LPKey=TTCNYI4COMBEHTNWSE43TRAC7Q7FYC2ZUEUXE2LTNN3DNNDTUNIXRSKAIBRCFPB5BQT3F5S5F5OZS\" target=\"_blank\" rel=\"noopener\"><span style=\"font-style: inherit;\">Robo de 23 computadores desde el Ministerio de Desarrollo Socia<\/span>l.\u00a0<span style=\"font-style: inherit;\">Se refiere Mauricio Morales, director del Centro de An\u00e1lisis Pol\u00edtico (CAP).\u00a0<\/span><\/a><\/p><p>\u00a0<\/p><p><strong>CANAL MEGA\u00a0<\/strong><\/p><p><a href=\"https:\/\/www.litoralpress.cl\/sitio\/RadioTV_Detalles.cshtml?LPKey=6JKLL3QRUZXN7FLENIXGDH37H27V7GFU5DJ34PHX36OB4XGBAFP5MDERH27433KKIC244ZXBPA2YM\" target=\"_blank\" rel=\"noopener\"><span style=\"font-style: inherit; font-weight: inherit;\">Reacciones en La Moneda por robo de 23 computadores desde el Ministerio de Desarrollo Social.<\/span>\u00a0Se refiere\u00a0<span style=\"font-style: inherit; font-weight: inherit;\">Mauricio Morales, director del Centro de An\u00e1lisis Pol\u00edtico (CAP).<\/span>\u00a0<\/a><\/p><p>\u00a0<\/p><p><strong>EMOL\u00a0<\/strong><\/p><p><a href=\"https:\/\/www.emol.com\/noticias\/Nacional\/2023\/07\/21\/1101600\/persecucion-politica-tesis-gobierno-robo.html\" target=\"_blank\" rel=\"noopener\"><span style=\"font-style: inherit; font-weight: inherit;\">\u00bfPersecuci\u00f3n pol\u00edtica?: La tesis de La Moneda que enreda la investigaci\u00f3n por robo de computadores y tensiona al oficialismo.\u00a0<\/span><span style=\"font-style: inherit; font-weight: inherit;\">Se refiere\u00a0Mauricio Morales, director del Centro de An\u00e1lisis Pol\u00edtico (CAP).<\/span><\/a><span style=\"font-style: inherit; font-weight: inherit;\"><br \/><\/span><\/p><p>\u00a0<\/p><p><strong><span style=\"font-style: inherit;\">RADIO INFINITA\u00a0<\/span><\/strong><\/p><p><a href=\"https:\/\/www.litoralpress.cl\/sitio\/RadioTV_Detalles.cshtml?LPKey=QYYDQAP2NLCOZXBPORKZ7NKT3UTQ6EEAYPZJBS72J4APIZ2IVZNJS6CRUTSZ7SUTDJ3NMPTVJJAIG\" target=\"_blank\" rel=\"noopener\"><span style=\"font-style: inherit; font-weight: inherit;\">Comentario de Pol\u00edtica de Mauricio Morales, director del Centro de An\u00e1lisis Pol\u00edtico (CAP).<\/span><\/a><\/p><p><span style=\"font-style: inherit; font-weight: inherit;\">\u00a0<\/span><\/p><p><strong><span style=\"font-style: inherit;\">IDEALEX.CL\u00a0<\/span><\/strong><\/p><p><a href=\"https:\/\/idealex.press\/redefiniendo-la-ensenanza-del-derecho-procesal-en-chile\/\" target=\"_blank\" rel=\"noopener\"><span style=\"font-style: inherit; font-weight: inherit;\">Redefiniendo la ense\u00f1anza del derecho procesal en Chile.<\/span>\u00a0<span style=\"font-style: inherit; font-weight: inherit;\">Se refieren Diego Palomo V\u00e9lez y Diego Vald\u00e9s Quinteros, acad\u00e9micos de la Facultad de Ciencias Jur\u00eddicas y Sociales.\u00a0<\/span><\/a><\/p><p><span style=\"font-style: inherit; font-weight: inherit;\">\u00a0<\/span><\/p><p><strong><span style=\"font-style: inherit;\">EL LECTOR\u00a0<\/span><\/strong><\/p><p><a href=\"https:\/\/www.litoralpress.cl\/paginaconsultas\/Servicios_NClipSitio\/Get_Imagen_Nota.aspx?LPKey=QATTWB7SJFRUGCZWE2RHPORXL6EGP7MLDXV6HIINU7AUAKTVWEOWFXPMAYF5ASL6XMCIGBYR6YBIS\" target=\"_blank\" rel=\"noopener\"><span style=\"font-style: inherit; font-weight: inherit;\">Universidad de Talca invita a ni\u00f1os y ni\u00f1as a participar en taller de grabado<\/span><span style=\"font-style: inherit; font-weight: inherit;\">. Se refiere Marcela Albornoz Dachelet, directora de Extensi\u00f3n Cultural \u2013 Art\u00edstica.\u00a0\u00a0<\/span><\/a><\/p><p><span style=\"font-style: inherit; font-weight: inherit;\">\u00a0<\/span><\/p><p><strong><span style=\"font-style: inherit; font-weight: inherit;\">EL MAULE INFORMA\u00a0<\/span><\/strong><\/p><p><a href=\"https:\/\/elmauleinforma.cl\/universidad-de-talca-invita-a-ninos-y-ninas-a-participar-en-taller-gratuito-de-grabado\/\" target=\"_blank\" rel=\"noopener\"><span style=\"font-style: inherit;\">Universidad de Talca invita a ni\u00f1os y ni\u00f1as a participar en taller de grabado<\/span><span style=\"font-style: inherit;\">. Se refiere Marcela Albornoz Dachelet, directora de Extensi\u00f3n Cultural \u2013 Art\u00edstica.\u00a0\u00a0<\/span><\/a><\/p><p><span style=\"font-style: inherit; font-weight: inherit;\">\u00a0<\/span><\/p><p><strong><span style=\"font-style: inherit;\">TV MAULE\u00a0\u00a0<\/span><\/strong><\/p><p><a href=\"https:\/\/www.tvmaule.cl\/universitarias-emprendedoras-conozcamos-bellos-cuadros-en-acuarela-y-acrilico-e-innovadora-papeleria-creativa\/\" target=\"_blank\" rel=\"noopener\"><span style=\"font-style: inherit; font-weight: inherit;\">Universitarias emprendedoras: conozcamos bellos cuadros en acuarela y acr\u00edlico e innovadora papeler\u00eda creativa. Se mencionan a Catalina Saavedra y Antonella Bejarano, estudiantes de la Universidad.\u00a0<\/span><\/a><\/p>\t\t\t\t\t\t<\/div>\n\t\t\t\t<\/div>\n\t\t\t\t\t<\/div>\n\t\t<\/div>\n\t\t\t\t\t\t\t<\/div>\n\t\t<\/section>\n\t\t\t\t\t\t<\/div>\n\t\t\t\t\t<\/div>\n\t\t","protected":false},"excerpt":{"rendered":"<p>EL MOSTRADOR\u00a0\u00a0 Entregan resultados de estudio sobre inclusi\u00f3n financiera de migrantes en Chile. Se refiere Medardo Aguirre Gonz\u00e1lez, director del Centro de Estudios Migratorios (CEMI)\u00a0 \u00a0 EL MERCURIO\u00a0 La lA puede ser un buen aliado para el \u00e9xito de una empresa. Se refiere C\u00e9sar Astudillo, acad\u00e9mico de la Facultad de Ingenier\u00eda.\u00a0\u00a0 \u00a0 EL MERCURIO\u00a0 \u00c1rboles &hellip;<\/p>\n<p class=\"read-more\"> <a class=\"\" href=\"https:\/\/www.reportedeprensa.utalca.cl\/?p=7852\"> <span class=\"screen-reader-text\">21 de julio de 2023<\/span> Read More &raquo;<\/a><\/p>\n","protected":false},"author":1,"featured_media":0,"comment_status":"closed","ping_status":"open","sticky":false,"template":"","format":"standard","meta":{"_monsterinsights_skip_tracking":false,"_monsterinsights_sitenote_active":false,"_monsterinsights_sitenote_note":"","_monsterinsights_sitenote_category":0},"categories":[38],"tags":[],"_links":{"self":[{"href":"https:\/\/www.reportedeprensa.utalca.cl\/index.php?rest_route=\/wp\/v2\/posts\/7852"}],"collection":[{"href":"https:\/\/www.reportedeprensa.utalca.cl\/index.php?rest_route=\/wp\/v2\/posts"}],"about":[{"href":"https:\/\/www.reportedeprensa.utalca.cl\/index.php?rest_route=\/wp\/v2\/types\/post"}],"author":[{"embeddable":true,"href":"https:\/\/www.reportedeprensa.utalca.cl\/index.php?rest_route=\/wp\/v2\/users\/1"}],"replies":[{"embeddable":true,"href":"https:\/\/www.reportedeprensa.utalca.cl\/index.php?rest_route=%2Fwp%2Fv2%2Fcomments&post=7852"}],"version-history":[{"count":7,"href":"https:\/\/www.reportedeprensa.utalca.cl\/index.php?rest_route=\/wp\/v2\/posts\/7852\/revisions"}],"predecessor-version":[{"id":7899,"href":"https:\/\/www.reportedeprensa.utalca.cl\/index.php?rest_route=\/wp\/v2\/posts\/7852\/revisions\/7899"}],"wp:attachment":[{"href":"https:\/\/www.reportedeprensa.utalca.cl\/index.php?rest_route=%2Fwp%2Fv2%2Fmedia&parent=7852"}],"wp:term":[{"taxonomy":"category","embeddable":true,"href":"https:\/\/www.reportedeprensa.utalca.cl\/index.php?rest_route=%2Fwp%2Fv2%2Fcategories&post=7852"},{"taxonomy":"post_tag","embeddable":true,"href":"https:\/\/www.reportedeprensa.utalca.cl\/index.php?rest_route=%2Fwp%2Fv2%2Ftags&post=7852"}],"curies":[{"name":"wp","href":"https:\/\/api.w.org\/{rel}","templated":true}]}}