{"id":7863,"date":"2023-07-25T00:12:00","date_gmt":"2023-07-25T03:12:00","guid":{"rendered":"https:\/\/www.reportedeprensa.utalca.cl\/?p=7863"},"modified":"2023-07-25T00:35:05","modified_gmt":"2023-07-25T03:35:05","slug":"24-de-julio-de-2023","status":"publish","type":"post","link":"https:\/\/www.reportedeprensa.utalca.cl\/?p=7863","title":{"rendered":"24 de julio de 2023"},"content":{"rendered":"\t\t<div data-elementor-type=\"wp-post\" data-elementor-id=\"7863\" class=\"elementor elementor-7863\" data-elementor-settings=\"[]\">\n\t\t\t\t\t\t\t<div class=\"elementor-section-wrap\">\n\t\t\t\t\t\t\t<section class=\"elementor-section elementor-top-section elementor-element elementor-element-10154d05 elementor-section-boxed elementor-section-height-default elementor-section-height-default\" data-id=\"10154d05\" data-element_type=\"section\">\n\t\t\t\t\t\t<div class=\"elementor-container elementor-column-gap-default\">\n\t\t\t\t\t<div class=\"elementor-column elementor-col-100 elementor-top-column elementor-element elementor-element-5db19c21\" data-id=\"5db19c21\" data-element_type=\"column\">\n\t\t\t<div class=\"elementor-widget-wrap elementor-element-populated\">\n\t\t\t\t\t\t\t\t<div class=\"elementor-element elementor-element-587e31be elementor-widget elementor-widget-text-editor\" data-id=\"587e31be\" data-element_type=\"widget\" data-widget_type=\"text-editor.default\">\n\t\t\t\t<div class=\"elementor-widget-container\">\n\t\t\t\t\t\t\t\t<p><strong>EMOL\u00a0<\/strong><\/p><p><a href=\"https:\/\/www.emol.com\/noticias\/Economia\/2023\/07\/21\/1101727\/estudio-utalca-extranjeros-inclusion-financiera.html\" target=\"_blank\" rel=\"noopener\"><span style=\"font-style: inherit; font-weight: inherit;\">Estudio U. de Talca: M\u00e1s del 90% de los migrantes en Chile ha enfrentado barreras para acceder a productos financieros.\u00a0<\/span><span style=\"font-style: inherit; font-weight: inherit;\">Se refiere Medardo Aguirre Gonz\u00e1lez, director del Centro de Estudios Migratorios (CEMI)<u>.<\/u><\/span>\u00a0<\/a><\/p><p>\u00a0<\/p><p><strong>LATRIBUNA.CL<\/strong><\/p><p><a href=\"https:\/\/www.latribuna.cl\/economia\/2023\/07\/21\/mas-del-90-de-los-migrantes-en-chile-han-enfrentado-barreras-para-acceder-a-productos-financieros.html\" target=\"_blank\" rel=\"noopener\">M\u00e1s del 90% de los migrantes en Chile ha enfrentado barreras para acceder a productos financieros.\u00a0<span style=\"font-style: inherit; font-weight: inherit;\">Se refiere Medardo Aguirre Gonz\u00e1lez, director del Centro de Estudios Migratorios (CEMI)<u>.<\/u><\/span>\u00a0<\/a><\/p><p>\u00a0<\/p><p><strong>ELHERALDO.CL<\/strong><\/p><p><a href=\"https:\/\/www.diarioelheraldo.cl\/noticia\/estudio-u-de-talca-mas-del-90-de-los-migrantes-en-chile-ha-enfrentado-barreras-para-acceder-a-productos-financieros\" target=\"_blank\" rel=\"noopener\">Estudio U. de Talca: M\u00e1s del 90% de los migrantes en Chile ha enfrentado barreras para acceder a productos financieros.\u00a0<span style=\"font-style: inherit; font-weight: inherit;\">Se refiere Medardo Aguirre Gonz\u00e1lez, director del Centro de Estudios Migratorios (CEMI)<u>.<\/u><\/span>\u00a0<\/a><\/p><p>\u00a0<\/p><p><strong>ELSURE\u00d1O.CL<\/strong><\/p><p><a href=\"https:\/\/elsureno.cl\/2023\/07\/21\/90-de-migrantes-en-chile-han-tenido-problemas-de-acceso-a-productos-financieros\/\" target=\"_blank\" rel=\"noopener\">M\u00e1s del 90% de los migrantes en Chile ha enfrentado barreras para acceder a productos financieros.\u00a0<span style=\"font-style: inherit; font-weight: inherit;\">Se refiere Medardo Aguirre Gonz\u00e1lez, director del Centro de Estudios Migratorios (CEMI)<u>.<\/u><\/span>\u00a0<\/a><\/p><p>\u00a0<\/p><p><strong>ADPRENSA<\/strong><\/p><p><a href=\"https:\/\/www.adprensa.cl\/cronica\/radioemisoras-de-la-universidad-de-talca-celebran-48-aniversario\/\" target=\"_blank\" rel=\"noopener\">Radioemisoras de la UTalca celebran 48\u00b0 aniversario. Se refiere Marcela Barros Morales, directora de Comunicaciones Corporativas.<\/a><\/p><p>\u00a0<\/p><p><strong>LA PRENSA DE CURIC\u00d3<\/strong><\/p><p><a href=\"https:\/\/www.litoralpress.cl\/sitio\/Prensa_Detalles.cshtml?LPKey=6K2BDF2B5VWE6O3JRCP3LJ6G5SUFFTFALNGAATOAVT6MF6CZ7SKQ\" target=\"_blank\" rel=\"noopener\">Radioemisoras de la UTalca de aniversario. Se menciona a la Universidad de Talca.<\/a><\/p><p>\u00a0<\/p><p><strong>DIARIOELHERALDO.CL<\/strong><\/p><p><a href=\"https:\/\/www.diarioelheraldo.cl\/noticia\/radioemisoras-de-la-universidad-de-talca-celebran-48-aniversario-\" target=\"_blank\" rel=\"noopener\">Radioemisoras de la UTalca celebran 48\u00b0 aniversario. Se refiere Marcela Barros Morales, directora de Comunicaciones Corporativas.<\/a><\/p><p>\u00a0<\/p><p><strong>MEDIABANCO<\/strong><\/p><p><a href=\"https:\/\/www.mediabanco.com\/radioemisoras-de-la-universidad-de-talca-celebran-48-aniversario\/\" target=\"_blank\" rel=\"noopener\">Radioemisoras de la UTalca celebran 48\u00b0 aniversario. Se refiere Marcela Barros Morales, directora de Comunicaciones Corporativas.<\/a><\/p><p>\u00a0<\/p><p><strong>PUBLIMICRO<\/strong><\/p><p><a href=\"https:\/\/publimicro.cl\/radioemisoras-de-la-universidad-de-talca-celebran-48-aniversario-entregando-musica-noticias-y-cultura-a-los-maulinos\/\" target=\"_blank\" rel=\"noopener\">Radioemisoras de la UTalca celebran 48\u00b0 aniversario entregando m\u00fasica, noticias y cultura a los maulinos. Se refiere Marcela Barros Morales, directora de Comunicaciones Corporativas.<\/a><\/p><p>\u00a0<\/p><p><strong>EL LECTOR<\/strong><\/p><p><a href=\"https:\/\/www.litoralpress.cl\/paginaconsultas\/Servicios_NClipSitio\/Get_Imagen_Nota.aspx?LPKey=3KIFMV7O2EAJILSBKO4LQPUZ7NARH53DTYAOGVPN6C5QOGFENAUI3CKR32UKNVRDW2ZDZDWRU5K7C\" target=\"_blank\" rel=\"noopener\">Radioemisoras de la UTalca celebran 48\u00b0 aniversario. Se refiere Marcela Barros Morales, directora de Comunicaciones Corporativas.<\/a><\/p><p>\u00a0<\/p><p><strong>CANAL TVR<\/strong><\/p><p><a href=\"https:\/\/www.litoralpress.cl\/sitio\/RadioTV_Detalles.cshtml?LPKey=EEAJGKBMYQLJFOOGLOCESPOUTJ7MRQK6SJI3QQLQ5DNJP6EBMU7JMPZRRQKYM3PH7MKRBBZHUFOT4\" target=\"_blank\" rel=\"noopener\">Grupo odontol\u00f3gico preventivo realiza atenciones dentales gratuitas. Se refiere Claudia Montoya, directora Cl\u00ednica de Fonoaudiolog\u00eda.<\/a><\/p><p>\u00a0<\/p><p><strong>EL MERCURIO\u00a0<\/strong><\/p><p><a href=\"https:\/\/www.litoralpress.cl\/paginaconsultas\/Servicios_NClipSitio\/Get_Imagen_Nota.aspx?LPKey=LKWMB26LIH3OLGAUCJS4TIFBRCY5YVE56RTZJR3N6RIM4QSZPGQT3PRRBMZR2GAVH2PKFVJEJF6TU\" target=\"_blank\" rel=\"noopener\"><span style=\"font-style: inherit; font-weight: inherit;\">&#8220;Ayuda Estatal Insuficiente&#8221;: Las silenciosas quiebras que remecen a la construcci\u00f3n. Se menciona a la Universidad de Talca.\u00a0<\/span>\u00a0<\/a><br \/>\u00a0<\/p><p><strong>EL MERCURIO\u00a0<\/strong><\/p><p><a href=\"https:\/\/www.litoralpress.cl\/paginaconsultas\/Servicios_NClipSitio\/Get_Imagen_Nota.aspx?LPKey=QOIHCR5NP5YGVBGINOJ4DJ3ZWYWCPQDED7NNAHBALJFEDGBOXM4QVDH7NFUPTTPDNJOQT7YSMN4Z6\" target=\"_blank\" rel=\"noopener\"><span style=\"font-style: inherit; font-weight: inherit;\">\u00bfEs la cadena de suministro el eslab\u00f3n m\u00e1s d\u00e9bil en ciberseguridad? Se refiere Marcos Oliva, director del Centro Tecnol\u00f3gico de Log\u00edstica (Cetlog).\u00a0<\/span>\u00a0<\/a><\/p><p>\u00a0<\/p><p><strong>RADIO ADN<\/strong><\/p><p><a href=\"https:\/\/www.litoralpress.cl\/sitio\/RadioTV_Detalles.cshtml?LPKey=BHN6CIXYH7RJTVREUGSNGFPQ2WLE5QEZBOOJQBZYP3E4ELS33Q4BZS5NLD2WT6SMAXZRVAD34EUSK\" target=\"_blank\" rel=\"noopener\">Lluvias intensas, vientos fuertes, desborde de esteros y crecidas de r\u00edos deja el sistema frontal en la regi\u00f3n del Maule. Se refiere Patricio Gonz\u00e1lez Colville, acad\u00e9mico del Centro de Investigaci\u00f3n y Transferencia en Riego y Agroclimatolog\u00eda.<\/a><\/p><p>\u00a0<\/p><p><strong>ADPRENSA<\/strong><\/p><p><a href=\"https:\/\/www.adprensa.cl\/cronica\/academicos-explican-cambios-en-las-postulaciones-para-la-admision-a-universidades-para-el-2024\/\" target=\"_blank\" rel=\"noopener\">Acad\u00e9micos explican cambios en las postulaciones para la admisi\u00f3n a universidades para el 2024. Se refieren la coordinadora de la Unidad de Admisi\u00f3n y Acceso de la Universidad de Talca, Tania Mascar\u00f3;\u00a0el director de la Escuela de Medicina, Ernesto Sol\u00eds A\u00f1ez; el decano de la Facultad de Ingenier\u00eda, Javier Mu\u00f1oz Vidal; y el decano de la Facultad de Ciencias de la Educaci\u00f3n, Mauricio V\u00e9liz Campos.<\/a><\/p><p>\u00a0<\/p><p><strong>MEDIABANCO<\/strong><\/p><p><a href=\"https:\/\/www.litoralpress.cl\/sitio\/MediosOnline_Detalles.cshtml?LPKey=T2F4YOP2WRMQ6BY4HPOHNJKPPUA2DOQM54ZFMREX2H6YN2GLTABKEN34VBDSWJO7W3HIBRRIE7YAQ\" target=\"_blank\" rel=\"noopener\">Acad\u00e9micos explican cambios en las postulaciones para la admisi\u00f3n a universidades para el 2024. Se refieren la coordinadora de la Unidad de Admisi\u00f3n y Acceso de la Universidad de Talca, Tania Mascar\u00f3;\u00a0el director de la Escuela de Medicina, Ernesto Sol\u00eds A\u00f1ez; el decano de la Facultad de Ingenier\u00eda, Javier Mu\u00f1oz Vidal; y el decano de la Facultad de Ciencias de la Educaci\u00f3n, Mauricio V\u00e9liz Campos.<\/a><\/p><p>\u00a0<\/p><p><strong>LATRIBUNA.CL<\/strong><\/p><p><a href=\"https:\/\/www.latribuna.cl\/educacion\/2023\/07\/23\/academicos-explican-cambios-en-las-postulaciones-para-la-admision-a-universidades-para-el-2024.html\" target=\"_blank\" rel=\"noopener\">Acad\u00e9micos explican cambios en las postulaciones para la admisi\u00f3n a universidades para el 2024. Se refieren la coordinadora de la Unidad de Admisi\u00f3n y Acceso de la Universidad de Talca, Tania Mascar\u00f3;\u00a0el director de la Escuela de Medicina, Ernesto Sol\u00eds A\u00f1ez; el decano de la Facultad de Ingenier\u00eda, Javier Mu\u00f1oz Vidal; y el decano de la Facultad de Ciencias de la Educaci\u00f3n, Mauricio V\u00e9liz Campos.<\/a><\/p><p>\u00a0<\/p><p><strong>EL LECTOR\u00a0<\/strong><\/p><p><a href=\"https:\/\/www.litoralpress.cl\/paginaconsultas\/Servicios_NClipSitio\/Get_Imagen_Nota.aspx?LPKey=3DN4PJXUNHKTGOFDYGF5PQRFSL4DEJPPVPFAB5IG7556N3JG4ZUYNRKQ2MWJ6BCJG5BA62X2VLCPW\" target=\"_blank\" rel=\"noopener\">Estigmas de los trastornos mentales generan problemas en la salud p\u00fablica.\u00a0<span style=\"font-style: inherit; font-weight: inherit;\">Se refiere\u00a0acad\u00e9mico de la Escuela de Enfermer\u00eda de la Universidad de Talca, Gustavo Dom\u00ednguez Araya.<\/span>\u00a0<\/a><\/p><p>\u00a0<\/p><p><strong>EL CIUDADANO<\/strong><\/p><p><a href=\"https:\/\/www.elciudadano.com\/chile\/celulares-y-tablets-recomiendan-limitar-exposicion-de-ninos-y-adolescentes-a-dispositivos-electronicos\/07\/21\/\" target=\"_blank\" rel=\"noopener\">Celulares y tablets: Recomiendan limitar exposici\u00f3n de ni\u00f1os y adolescentes a dispositivos electr\u00f3nicos. Se refiere Rosario Spencer Contreras, acad\u00e9mica de la Facultad de Psicolog\u00eda.<\/a><\/p><p>\u00a0<\/p><p><strong>G5NOTICIAS.CL<\/strong><\/p><p><a href=\"https:\/\/g5noticias.cl\/2023\/07\/22\/recomiendan-limitar-exposicion-de-ninos-y-jovenes-a-los-dispositivos-electronicos\/\" target=\"_blank\" rel=\"noopener\">Recomiendan limitar exposici\u00f3n de ni\u00f1os y j\u00f3venes a los dispositivos electr\u00f3nicos. Se refiere Rosario Spencer Contreras, acad\u00e9mica de la Facultad de Psicolog\u00eda.<\/a><\/p><p>\u00a0<\/p><p><strong>S\u00c9PTIMAP\u00c1GINANOTICIAS.CL<\/strong><\/p><p><a href=\"https:\/\/www.septimapaginanoticias.cl\/recomiendan-limitar-exposicion-de-ninos-y-jovenes-a-los-dispositivos-electronicos\" target=\"_blank\" rel=\"noopener\">Recomiendan limitar exposici\u00f3n de ni\u00f1os y j\u00f3venes a los dispositivos electr\u00f3nicos. Se refiere Rosario Spencer Contreras, acad\u00e9mica de la Facultad de Psicolog\u00eda.<\/a><\/p><p>\u00a0<\/p><p><strong>EL MAULE INFORMA<\/strong><\/p><p><a href=\"https:\/\/elmauleinforma.cl\/emprendimientos-regionales-avanzan-gracias-a-si-emprende-maule\/\" target=\"_blank\" rel=\"noopener\">Emprendimientos regionales avanzan gracias a \u201cSi emprende Maule\u201d. Se menciona a la Universidad de Talca.<\/a><\/p><p>\u00a0<\/p><p><strong>ELHERALDO.CL<\/strong><\/p><p><a href=\"https:\/\/www.diarioelheraldo.cl\/noticia\/emprendimientos-regionales-siguen-aumentando-sus-capacidades-gracias-a-si-emprende-maule\" target=\"_blank\" rel=\"noopener\">Emprendimientos regionales siguen aumentado sus capacidades gracias a \u201cSi emprende Maule\u201d. Se menciona a la Universidad de Talca.<\/a><\/p><p>\u00a0<\/p><p><strong>ADPRENSA<\/strong><\/p><p><a href=\"https:\/\/www.mediabanco.com\/utalca-exhibe-trabajo-que-fusiona-arte-y-poesia\/\" target=\"_blank\" rel=\"noopener\">UTalca exhibe trabajo que fusiona arte y poes\u00eda. Se refiere Marcela Albornoz Dachelet, directora de Extensi\u00f3n Cultural y Art\u00edstica.<\/a><\/p><h1>\u00a0<\/h1><p><strong>EL MERCURIO<\/strong><\/p><p><a href=\"https:\/\/www.litoralpress.cl\/paginaconsultas\/Servicios_NClipSitio\/Get_Imagen_Nota.aspx?LPKey=FHOBAX2KHT2RWG7RGRP4HV7WW4AEV5GGHEOZE3GCTRIYQCPD7T27ERKYMBI7VTWF2YGDDL2YCZUDM\" target=\"_blank\" rel=\"noopener\">Patricio Court: \u201cLo hermoso de la pintura es el silencio\u201d. Se menciona a la Universidad de Talca.<\/a><\/p><h1>\u00a0<\/h1><p><strong>LATERCERA.COM<\/strong><\/p><p><a href=\"https:\/\/www.latercera.com\/la-tercera-domingo\/noticia\/todos-contra-todos-la-pelea-que-enfrenta-a-la-derecha-en-las-condes\/AK5CHM6XJRGSZGSNIFIVLXQTPU\/\" target=\"_blank\" rel=\"noopener\">Todos contra todos: La pelea que enfrenta a la derecha en Las Condes. Se refiere Mauricio Morales, director del Centro de An\u00e1lisis Pol\u00edtico (CAP). \u00a0<\/a><\/p><h1>\u00a0<\/h1><p><strong>EMOL<\/strong><\/p><p>Cuestionamientos a Jadue (PC): La oportunidad que se abre en la oposici\u00f3n para recuperar la municipalidad de Recoleta. Se refiere Mauricio Morales, director del Centro de An\u00e1lisis Pol\u00edtico (CAP). \u00a0<\/p><p>\u00a0<\/p><p><strong><span style=\"font-style: inherit;\">LA SEGUNDA\u00a0<\/span><\/strong><\/p><p><a href=\"https:\/\/www.litoralpress.cl\/paginaconsultas\/Servicios_NClipSitio\/Get_Imagen_Nota.aspx?LPKey=O6537NNFQC5TLNLX7ABY627OMKD6CQKC5Z45RTOFG53OF35RREM5RMQ2XVOX47IN3OJXXLYPFSSBW\" target=\"_blank\" rel=\"noopener\"><span style=\"font-style: inherit; font-weight: inherit;\">\u201cUna broma, es burdo\u201d. Se refiere Mauricio Morales, director del Centro de An\u00e1lisis Pol\u00edtico (CAP). \u00a0<\/span><\/a><\/p><p>\u00a0<\/p><p><strong><span style=\"font-style: inherit;\">RADIO INFINITA\u00a0<\/span><\/strong><\/p><p><a href=\"https:\/\/www.litoralpress.cl\/sitio\/RadioTV_Detalles.cshtml?LPKey=QYYDQAP2NLCOZXBPORKZ7NKT3UTQ6EEAYPZJBS72J4APIZ2IVZNJS6CRUTSZ7SUTDJ3NMPTVJJAIG\" target=\"_blank\" rel=\"noopener\"><span style=\"font-style: inherit; font-weight: inherit;\">Comentario de pol\u00edtica de Mauricio Morales, director del Centro de An\u00e1lisis Pol\u00edtico (CAP). \u00a0<\/span><\/a><\/p><p>\u00a0<\/p><p><strong>ENESTRADO.COM<\/strong><\/p><p><a href=\"https:\/\/enestrado.com\/condena-en-costas-frente-al-abandono-del-recurso-de-nulidad-laboral-una-cuestion-pendiente-de-afinar-por-diego-palomo\/\" target=\"_blank\" rel=\"noopener\">Condena en costas frente al abandono del recurso de nulidad laboral: una cuesti\u00f3n pendiente de afinar. Se refiere Diego Palomo V\u00e9lez, Facultad de Ciencias Jur\u00eddicas y Sociales. <\/a><\/p><p>\u00a0<\/p><p><strong>DIARIOCONSTITUCIONAL.CL<\/strong><\/p><p><a href=\"https:\/\/www.diarioconstitucional.cl\/cartas-al-director\/justicia-civil-pronta-y-debida-con-la-vista-puesta-en-la-tutela-judicial-efectiva\/\" target=\"_blank\" rel=\"noopener\">Justicia civil pronta y debida: con la vista puesta en la tutela judicial efectiva. Se refiere Diego Palomo V\u00e9lez, Facultad de Ciencias Jur\u00eddicas y Sociales.<\/a><\/p><p>\u00a0<\/p><p><strong>CAMBIO21.CL<\/strong><\/p><p><a href=\"https:\/\/cambio21.cl\/tendencias\/reconocimiento-del-estado-de-israel-a-la-soberania-del-reino-de-marruecos-sobre-el-sahara-occidental-por-alvaro-rojas-academico-exministro-de-agricultura-y-exrector-de-la-u-de-talca-64bccb71e2ab5d79e56f6560\" target=\"_blank\" rel=\"noopener\">Reconocimiento del Estado de Israel a la soberan\u00eda del Reino de Marruecos sobre el Sahara Occidental. Se refiere \u00c1lvaro Rojas, exrector.<\/a><\/p>\t\t\t\t\t\t<\/div>\n\t\t\t\t<\/div>\n\t\t\t\t\t<\/div>\n\t\t<\/div>\n\t\t\t\t\t\t\t<\/div>\n\t\t<\/section>\n\t\t\t\t\t\t<\/div>\n\t\t\t\t\t<\/div>\n\t\t","protected":false},"excerpt":{"rendered":"<p>EMOL\u00a0 Estudio U. de Talca: M\u00e1s del 90% de los migrantes en Chile ha enfrentado barreras para acceder a productos financieros.\u00a0Se refiere Medardo Aguirre Gonz\u00e1lez, director del Centro de Estudios Migratorios (CEMI).\u00a0 \u00a0 LATRIBUNA.CL M\u00e1s del 90% de los migrantes en Chile ha enfrentado barreras para acceder a productos financieros.\u00a0Se refiere Medardo Aguirre Gonz\u00e1lez, director &hellip;<\/p>\n<p class=\"read-more\"> <a class=\"\" href=\"https:\/\/www.reportedeprensa.utalca.cl\/?p=7863\"> <span class=\"screen-reader-text\">24 de julio de 2023<\/span> Read More &raquo;<\/a><\/p>\n","protected":false},"author":1,"featured_media":0,"comment_status":"closed","ping_status":"open","sticky":false,"template":"","format":"standard","meta":{"_monsterinsights_skip_tracking":false,"_monsterinsights_sitenote_active":false,"_monsterinsights_sitenote_note":"","_monsterinsights_sitenote_category":0},"categories":[38],"tags":[],"_links":{"self":[{"href":"https:\/\/www.reportedeprensa.utalca.cl\/index.php?rest_route=\/wp\/v2\/posts\/7863"}],"collection":[{"href":"https:\/\/www.reportedeprensa.utalca.cl\/index.php?rest_route=\/wp\/v2\/posts"}],"about":[{"href":"https:\/\/www.reportedeprensa.utalca.cl\/index.php?rest_route=\/wp\/v2\/types\/post"}],"author":[{"embeddable":true,"href":"https:\/\/www.reportedeprensa.utalca.cl\/index.php?rest_route=\/wp\/v2\/users\/1"}],"replies":[{"embeddable":true,"href":"https:\/\/www.reportedeprensa.utalca.cl\/index.php?rest_route=%2Fwp%2Fv2%2Fcomments&post=7863"}],"version-history":[{"count":4,"href":"https:\/\/www.reportedeprensa.utalca.cl\/index.php?rest_route=\/wp\/v2\/posts\/7863\/revisions"}],"predecessor-version":[{"id":7867,"href":"https:\/\/www.reportedeprensa.utalca.cl\/index.php?rest_route=\/wp\/v2\/posts\/7863\/revisions\/7867"}],"wp:attachment":[{"href":"https:\/\/www.reportedeprensa.utalca.cl\/index.php?rest_route=%2Fwp%2Fv2%2Fmedia&parent=7863"}],"wp:term":[{"taxonomy":"category","embeddable":true,"href":"https:\/\/www.reportedeprensa.utalca.cl\/index.php?rest_route=%2Fwp%2Fv2%2Fcategories&post=7863"},{"taxonomy":"post_tag","embeddable":true,"href":"https:\/\/www.reportedeprensa.utalca.cl\/index.php?rest_route=%2Fwp%2Fv2%2Ftags&post=7863"}],"curies":[{"name":"wp","href":"https:\/\/api.w.org\/{rel}","templated":true}]}}