{"id":7877,"date":"2023-07-25T14:02:45","date_gmt":"2023-07-25T17:02:45","guid":{"rendered":"https:\/\/www.reportedeprensa.utalca.cl\/?p=7877"},"modified":"2023-07-25T14:23:34","modified_gmt":"2023-07-25T17:23:34","slug":"25-de-julio-de-2023","status":"publish","type":"post","link":"https:\/\/www.reportedeprensa.utalca.cl\/?p=7877","title":{"rendered":"25 de julio de 2023"},"content":{"rendered":"\t\t<div data-elementor-type=\"wp-post\" data-elementor-id=\"7877\" class=\"elementor elementor-7877\" data-elementor-settings=\"[]\">\n\t\t\t\t\t\t\t<div class=\"elementor-section-wrap\">\n\t\t\t\t\t\t\t<section class=\"elementor-section elementor-top-section elementor-element elementor-element-10154d05 elementor-section-boxed elementor-section-height-default elementor-section-height-default\" data-id=\"10154d05\" data-element_type=\"section\">\n\t\t\t\t\t\t<div class=\"elementor-container elementor-column-gap-default\">\n\t\t\t\t\t<div class=\"elementor-column elementor-col-100 elementor-top-column elementor-element elementor-element-5db19c21\" data-id=\"5db19c21\" data-element_type=\"column\">\n\t\t\t<div class=\"elementor-widget-wrap elementor-element-populated\">\n\t\t\t\t\t\t\t\t<div class=\"elementor-element elementor-element-587e31be elementor-widget elementor-widget-text-editor\" data-id=\"587e31be\" data-element_type=\"widget\" data-widget_type=\"text-editor.default\">\n\t\t\t\t<div class=\"elementor-widget-container\">\n\t\t\t\t\t\t\t\t<p><strong>ADPRENSA<\/strong><\/p><p><a href=\"https:\/\/www.adprensa.cl\/cronica\/utalca-y-senama-capacitaron-en-tecnologias-digitales-a-emprendedores-mayores-de-60-anos\/\"><span class=\"xcontentpasted0\"><span class=\"ContentPasted0\">UTalca y Senama capacitaron en tecnolog\u00edas digitales a emprendedores mayores de 60 a\u00f1os. Se refieren Carlos Torres Fuchslocher, rector; y Germ\u00e1n Lobos, director del Centro de Estudios para el Envejecimiento Activo. \u00a0<\/span><\/span><\/a><span class=\"ContentPasted0\" lang=\"ES-TRAD\"><br class=\"ContentPasted0\" \/><\/span>\u00a0<\/p><p class=\"xmsonormal\"><strong><span class=\"xcontentpasted0\"><span class=\"ContentPasted0\" lang=\"ES-TRAD\">G5NOTICIAS.CL\u00a0<\/span><\/span>\u00a0<\/strong><\/p><p><a href=\"https:\/\/g5noticias.cl\/2023\/07\/24\/utalca-y-senama-capacitaron-en-tecnologias-digitales-a-emprendedores-mayores-de-60-anos\/\"><span class=\"xcontentpasted0\"><span class=\"ContentPasted0\">UTalca y Senama capacitaron en tecnolog\u00edas digitales a emprendedores mayores de 60 a\u00f1os. Se refieren Carlos Torres Fuchslocher, rector; y Germ\u00e1n Lobos, director del Centro de Estudios para el Envejecimiento Activo. \u00a0<\/span><\/span><\/a><span lang=\"ES-TRAD\"><br class=\"ContentPasted0\" \/><\/span><\/p><p>\u00a0<\/p><p class=\"xmsonormal\"><span class=\"xcontentpasted0\"><b><span class=\"ContentPasted0\">EMOL<\/span><\/b><\/span><b><span class=\"ContentPasted0\">\u00a0<\/span><\/b><b>\u00a0<\/b><\/p><p class=\"xmsonormal\"><a href=\"https:\/\/www.emol.com\/noticias\/Economia\/2023\/07\/21\/1101727\/estudio-utalca-extranjeros-inclusion-financiera.html\"><span class=\"xcontentpasted0\"><span class=\"ContentPasted0\">Estudio U. de Talca: M\u00e1s del 90% de los migrantes en Chile ha enfrentado barreras para acceder a productos financieros.\u00a0<\/span><span class=\"ContentPasted0\">Se refiere Medardo Aguirre Gonz\u00e1lez, director del Centro de Estudios Migratorios (CEMI)<u class=\"ContentPasted0\">.<\/u><\/span><\/span><span class=\"ContentPasted0\">\u00a0<\/span>\u00a0<\/a><\/p><p class=\"xmsonormal\">\u00a0<\/p><p class=\"xmsonormal\"><strong><span class=\"xcontentpasted0\"><span class=\"ContentPasted0\">LATRIBUNA.CL\u00a0<\/span><\/span><\/strong><\/p><p class=\"xmsonormal\"><a href=\"https:\/\/www.latribuna.cl\/economia\/2023\/07\/21\/mas-del-90-de-los-migrantes-en-chile-han-enfrentado-barreras-para-acceder-a-productos-financieros.html\"><span class=\"xcontentpasted0\"><span class=\"ContentPasted0\">M\u00e1s del 90% de los migrantes en Chile ha enfrentado barreras para acceder a productos financieros.\u00a0<\/span><\/span><span class=\"xcontentpasted0\"><span class=\"ContentPasted0\">Se refiere Medardo Aguirre Gonz\u00e1lez, director del Centro de Estudios Migratorios (CEMI)<u class=\"ContentPasted0\">.<\/u><\/span><\/span><span class=\"ContentPasted0\">\u00a0<\/span>\u00a0<\/a><\/p><p class=\"xmsonormal\">\u00a0<\/p><p class=\"xmsonormal\"><strong><span class=\"xcontentpasted0\"><span class=\"ContentPasted0\">ELHERALDO.CL\u00a0<\/span><\/span><\/strong><\/p><p class=\"xmsonormal\"><a href=\"https:\/\/www.diarioelheraldo.cl\/noticia\/estudio-u-de-talca-mas-del-90-de-los-migrantes-en-chile-ha-enfrentado-barreras-para-acceder-a-productos-financieros\"><span class=\"xcontentpasted0\"><span class=\"ContentPasted0\">Estudio U. de Talca: M\u00e1s del 90% de los migrantes en Chile ha enfrentado barreras para acceder a productos financieros.\u00a0<\/span><\/span><span class=\"xcontentpasted0\"><span class=\"ContentPasted0\">Se refiere Medardo Aguirre Gonz\u00e1lez, director del Centro de Estudios Migratorios (CEMI)<u class=\"ContentPasted0\">.<\/u><\/span><\/span><span class=\"ContentPasted0\">\u00a0<\/span><span class=\"xcontentpasted0\">\u00a0<\/span><\/a><\/p><p class=\"xmsonormal\">\u00a0<\/p><p class=\"xmsonormal\"><strong><span class=\"xcontentpasted0\"><span class=\"ContentPasted0\">ELSURE\u00d1O.CL\u00a0<\/span><\/span><\/strong><\/p><p class=\"xmsonormal\"><a href=\"https:\/\/elsureno.cl\/2023\/07\/21\/90-de-migrantes-en-chile-han-tenido-problemas-de-acceso-a-productos-financieros\/\"><span class=\"xcontentpasted0\"><span class=\"ContentPasted0\">M\u00e1s del 90% de los migrantes en Chile ha enfrentado barreras para acceder a productos financieros.\u00a0<\/span><\/span><span class=\"xcontentpasted0\"><span class=\"ContentPasted0\">Se refiere Medardo Aguirre Gonz\u00e1lez, director del Centro de Estudios Migratorios (CEMI)<u class=\"ContentPasted0\">.<\/u><\/span><\/span><span class=\"ContentPasted0\">\u00a0<span class=\"xcontentpasted0\">\u00a0<\/span><\/span><\/a><\/p><p class=\"xmsonormal\">\u00a0<\/p><p class=\"xmsonormal\"><span class=\"xcontentpasted0\">\u00a0<\/span><\/p><p class=\"xmsonormal\"><span class=\"xcontentpasted0\"><b><span class=\"ContentPasted0\">EL MERCURIO\u00a0<\/span><\/b><\/span><b>\u00a0<\/b><\/p><p class=\"xmsonormal\"><a href=\"https:\/\/www.litoralpress.cl\/paginaconsultas\/Servicios_NClipSitio\/Get_Imagen_Nota.aspx?LPKey=LKWMB26LIH3OLGAUCJS4TIFBRCY5YVE56RTZJR3N6RIM4QSZPGQT3PRRBMZR2GAVH2PKFVJEJF6TU\"><span class=\"xcontentpasted0\"><span class=\"ContentPasted0\">&#8220;Ayuda Estatal Insuficiente&#8221;: Las silenciosas quiebras que remecen a la construcci\u00f3n. Se menciona a la Universidad de Talca.\u00a0<\/span><\/span><\/a><span class=\"ContentPasted0\">\u00a0<\/span><b><span class=\"ContentPasted0\"><span class=\"xcontentpasted0 ContentPasted0\"><br class=\"ContentPasted0\" \/><\/span><\/span><\/b><\/p><p>\u00a0<\/p><p class=\"xmsonormal\"><span class=\"xcontentpasted0\"><b><span class=\"ContentPasted0\">EL MERCURIO\u00a0<\/span><\/b><\/span><b>\u00a0<\/b><\/p><p class=\"xmsonormal\"><a href=\"https:\/\/www.litoralpress.cl\/paginaconsultas\/Servicios_NClipSitio\/Get_Imagen_Nota.aspx?LPKey=QOIHCR5NP5YGVBGINOJ4DJ3ZWYWCPQDED7NNAHBALJFEDGBOXM4QVDH7NFUPTTPDNJOQT7YSMN4Z6\"><span class=\"xcontentpasted0\"><span class=\"ContentPasted0\">\u00bfEs la cadena de suministro el eslab\u00f3n m\u00e1s d\u00e9bil en ciberseguridad? Se refiere Marcos Oliva, director del Centro Tecnol\u00f3gico de Log\u00edstica (Cetlog).\u00a0<\/span><\/span><\/a><span class=\"ContentPasted0\">\u00a0<\/span><b><span class=\"ContentPasted0\"><span class=\"xcontentpasted0 ContentPasted0\"><br class=\"ContentPasted0\" \/><\/span><\/span><\/b><\/p><p class=\"xmsonormal\">\u00a0<\/p><p class=\"xmsonormal\"><span class=\"xcontentpasted0\"><b><span class=\"ContentPasted0\">EMOL<\/span><\/b><\/span><b><span class=\"ContentPasted0\">\u00a0<\/span><\/b><b>\u00a0<\/b><\/p><p class=\"xmsonormal\"><a href=\"https:\/\/www.emol.com\/noticias\/Tecnologia\/2023\/07\/24\/1101929\/twitter-cambia-logo-reacciones.html\"><span class=\"xcontentpasted0\"><span class=\"ContentPasted0\">X por Twitter: Expertos aseguran que cambio de nombre y logo &#8220;era esperable&#8221; y advierten &#8220;fuga de usuarios\u201d. Se refiere C\u00e9sar Soto, jefe de Unidad de Marketing Digital y Redes Sociales.\u00a0<\/span><\/span><span class=\"xxcontentpasted2\"><span class=\"ContentPasted0\">\u00a0<\/span><\/span><\/a><b><span class=\"xxcontentpasted0\"><br class=\"ContentPasted0\" \/><\/span><\/b><\/p><p>\u00a0<\/p><p class=\"xmsonormal\"><span class=\"xcontentpasted0\"><b><span class=\"ContentPasted0\" lang=\"ES-TRAD\">COOPERATIVA CIENCIA\u00a0<\/span><\/b><\/span><b>\u00a0<\/b><\/p><p class=\"xmsonormal\"><a href=\"https:\/\/www.litoralpress.cl\/sitio\/RadioTV_Detalles.cshtml?LPKey=WG4XGR3DJO7TRHWRKZTMLSOTV2B6OQGA6OZO4DLW2O5UTUCPGUSWYTYD57HGSA4IBXJ4BOPNXL2PE\"><span class=\"xcontentpasted0\"><span class=\"ContentPasted0\" lang=\"ES-TRAD\">Level<\/span><span class=\"ContentPasted0\" lang=\"ES-TRAD\"> Building Sidekick (LBS) es una herramienta inform\u00e1tica que permitir\u00e1 a los desarrolladores de Videojuegos mejorar sus capacidades y as\u00ed promover el crecimiento de esta industria en el pa\u00eds.<\/span><\/span><span class=\"ContentPasted0\">\u00a0Se refiere Camila Aliaga, acad\u00e9mica de la Escuela de Ingenier\u00eda en Desarrollo de Videojuegos y Realidad Virtual.\u00a0<\/span><\/a><b><span class=\"ContentPasted0\" lang=\"ES-TRAD\"><br class=\"ContentPasted0\" \/><\/span><\/b><\/p><p>\u00a0<\/p><p class=\"xmsonormal\"><strong><span class=\"xcontentpasted0\"><span class=\"ContentPasted0\" lang=\"ES-TRAD\">CANAL 30 MULTICOM\u00a0<\/span><\/span>\u00a0<\/strong><\/p><p class=\"xmsonormal\"><a href=\"https:\/\/www.litoralpress.cl\/sitio\/RadioTV_Detalles.cshtml?LPKey=XZQP3P23UZBE7AVH2WDM2H7SFAZ3FML3NFRSSWVIL2RXZ3NRLGTOJHWNGRNP3BRPRG3AF2PAROLFA\"><span class=\"xcontentpasted0\"><span class=\"ContentPasted0\" lang=\"ES-TRAD\">Investigaci\u00f3n busca mejorar la confiabilidad de las redes el\u00e9ctricas. Se refiere Carlos Baier Fuentes, acad\u00e9mico de la Facultad de Ingenier\u00eda.\u00a0<\/span><\/span><\/a><span class=\"ContentPasted0\" lang=\"ES-TRAD\"><br class=\"ContentPasted0\" \/>\u00a0<\/span>\u00a0<\/p><p class=\"xmsonormal\"><span class=\"xcontentpasted0\"><b><span class=\"ContentPasted0\" lang=\"ES-TRAD\">DIARIO TALCA\u00a0<\/span><\/b><\/span><b>\u00a0<\/b><\/p><p class=\"xmsonormal\"><a href=\"https:\/\/diariotalca.cl\/su-hijo-o-hija-rendira-la-paes-este-ano-conozca-aqui-cambios-al-proceso-de-admision\/\"><span class=\"xcontentpasted0\"><span class=\"ContentPasted0\">\u00bfSu hijo o hija rendir\u00e1 la PAES este a\u00f1o? Conozca aqu\u00ed cambios al proceso de admisi\u00f3n<\/span><\/span><span class=\"ContentPasted0\">.<span class=\"xcontentpasted0\">\u00a0<\/span><\/span><span class=\"xcontentpasted0\"><span class=\"ContentPasted0\" lang=\"ES-TRAD\">Acad\u00e9micos explican cambios en las postulaciones para la admisi\u00f3n a universidades para el 2024<\/span><\/span><span class=\"xcontentpasted0\"><span class=\"ContentPasted0\">.\u00a0<\/span><span class=\"ContentPasted0\">Se refieren la coordinadora de la Unidad de Admisi\u00f3n y Acceso de la Universidad de Talca, Tania Mascar\u00f3;\u00a0el director de la Escuela de Medicina, Ernesto Sol\u00eds A\u00f1ez; el decano de la Facultad de Ingenier\u00eda, Javier Mu\u00f1oz Vidal; y el decano de la Facultad de Ciencias de la Educaci\u00f3n, Mauricio V\u00e9liz Campos.\u00a0<\/span><\/span><\/a><span class=\"ContentPasted0\"><br class=\"ContentPasted0\" \/><\/span><b><\/b><\/p><p>\u00a0<\/p><p class=\"xmsonormal\"><strong><span class=\"xcontentpasted0\"><span class=\"ContentPasted0\" lang=\"ES-TRAD\">CHILLANONLINE.CL\u00a0<\/span><\/span>\u00a0<\/strong><\/p><p class=\"xmsonormal\"><a href=\"https:\/\/www.chillanonline.cl\/V6\/academicos-explican-cambios-en-las-postulaciones-para-la-admision-a-universidades-para-el-2024\/\"><span class=\"xcontentpasted0\"><span class=\"ContentPasted0\" lang=\"ES-TRAD\">Acad\u00e9micos explican cambios en las postulaciones para la admisi\u00f3n a universidades para el 2024<\/span><\/span><span class=\"ContentPasted0\">.\u00a0<span class=\"xcontentpasted0\">Se refieren la coordinadora de la Unidad de Admisi\u00f3n y Acceso de la Universidad de Talca, Tania Mascar\u00f3;\u00a0el director de la Escuela de Medicina, Ernesto Sol\u00eds A\u00f1ez; el decano de la Facultad de Ingenier\u00eda, Javier Mu\u00f1oz Vidal; y el decano de la Facultad de Ciencias de la Educaci\u00f3n, Mauricio V\u00e9liz Campos.<\/span>\u00a0<\/span><\/a><span class=\"ContentPasted0\" lang=\"ES-TRAD\"><br class=\"ContentPasted0\" \/><\/span><\/p><p>\u00a0<\/p><p class=\"xmsonormal\"><span class=\"xcontentpasted0\"><span class=\"ContentPasted0\" lang=\"ES-TRAD\"><strong>G5NOTICIAS.CL<\/strong>\u00a0<\/span><\/span>\u00a0<\/p><p class=\"xmsonormal\"><a href=\"https:\/\/g5noticias.cl\/2023\/07\/24\/academicos-explican-cambios-en-las-postulaciones-para-la-admision-a-universidades-para-el-2024\/\"><span class=\"xcontentpasted0\"><span class=\"ContentPasted0\" lang=\"ES-TRAD\">Acad\u00e9micos explican cambios en las postulaciones para la admisi\u00f3n a universidades para el 2024<\/span><\/span><\/a><span class=\"ContentPasted0\">.\u00a0<span class=\"xcontentpasted0\">Se refieren la coordinadora de la Unidad de Admisi\u00f3n y Acceso de la Universidad de Talca, Tania Mascar\u00f3;\u00a0el director de la Escuela de Medicina, Ernesto Sol\u00eds A\u00f1ez; el decano de la Facultad de Ingenier\u00eda, Javier Mu\u00f1oz Vidal; y el decano de la Facultad de Ciencias de la Educaci\u00f3n, Mauricio V\u00e9liz Campos.\u00a0<\/span><br class=\"ContentPasted0\" \/><\/span><\/p><p>\u00a0<\/p><p class=\"xmsonormal\"><strong><span class=\"xcontentpasted0\"><span class=\"ContentPasted0\" lang=\"ES-TRAD\">RADIO POLAR\u00a0<\/span><\/span>\u00a0<\/strong><\/p><p class=\"xmsonormal\"><a href=\"https:\/\/radiopolar.com\/estigmas-de-los-trastornos-mentales-generan-problemas-de-salud-publica\/\"><span class=\"xcontentpasted0\"><span class=\"ContentPasted0\">Estigmas de los trastornos mentales generan problemas en la salud p\u00fablica.\u00a0Se refiere\u00a0acad\u00e9mico de la Escuela de Enfermer\u00eda de la Universidad de Talca, Gustavo Dom\u00ednguez Araya.\u00a0<\/span><\/span><span class=\"ContentPasted0\">\u00a0<\/span><\/a><span class=\"ContentPasted0\" lang=\"ES-TRAD\"><br class=\"ContentPasted0\" \/><\/span><\/p><p>\u00a0<\/p><p class=\"xmsonormal\"><strong><span class=\"xcontentpasted0\"><span class=\"ContentPasted0\">CIENCIAENCHILE.CL<\/span><\/span><span class=\"ContentPasted0\">\u00a0<\/span>\u00a0<\/strong><\/p><p class=\"xmsonormal\"><a href=\"https:\/\/www.cienciaenchile.cl\/recomiendan-limitar-exposicion-de-dispositivos-electronicos-a-ninos-as-y-jovenes\/\"><span class=\"xcontentpasted0 ContentPasted0\"><span class=\"ContentPasted0\">Recomiendan limitar exposici\u00f3n de dispositivos electr\u00f3nicos a ni\u00f1os\/as y j\u00f3venes<\/span>. Se refiere Rosario Spencer Contreras, acad\u00e9mica de la Facultad de Psicolog\u00eda.\u00a0<\/span><\/a><span class=\"ContentPasted0\">\u00a0<br class=\"ContentPasted0\" \/><\/span><\/p><p>\u00a0<\/p><p class=\"xmsonormal\"><strong><span class=\"xcontentpasted0\"><span class=\"ContentPasted0\" lang=\"ES-TRAD\">CANAL 30 \u00a0<\/span><\/span>\u00a0<\/strong><\/p><p class=\"xmsonormal\"><a href=\"https:\/\/www.litoralpress.cl\/sitio\/RadioTV_Detalles.cshtml?LPKey=K47SHJCXWSKRZCMAA3NBUEOKGSL47LCVNSJTSTRVLFONPFSUM53UEAWBOT36I44RJUR4AQ2FOAVZC\"><span class=\"xcontentpasted0\"><span class=\"ContentPasted0\" lang=\"ES-TRAD\">Cambio clim\u00e1tico. Entrevista a Patricio Gonz\u00e1lez Colville, acad\u00e9mico del Centro de Investigaci\u00f3n en Transferencia de Riego y Agroclimatolog\u00eda. \u00a0<\/span><\/span><\/a><span class=\"ContentPasted0\" lang=\"ES-TRAD\"><br class=\"ContentPasted0\" \/><\/span><\/p><p class=\"xmsonormal\">\u00a0<\/p><p class=\"xmsonormal\"><strong><span class=\"xcontentpasted0\"><span class=\"ContentPasted0 ContentPasted1\">ADPRENSA\u00a0<\/span><\/span><\/strong><\/p><p class=\"xmsonormal\"><a href=\"https:\/\/www.adprensa.cl\/cronica\/radioemisoras-de-la-universidad-de-talca-celebran-48-aniversario\/\"><span class=\"xcontentpasted0\"><span class=\"ContentPasted0 ContentPasted1\">Radioemisoras de la UTalca celebran 48\u00b0 aniversario. Se refiere Marcela Barros Morales, directora de Comunicaciones Corporativas.\u00a0<\/span><\/span><\/a><\/p><p class=\"xmsonormal\">\u00a0<\/p><p class=\"xmsonormal\"><span class=\"xcontentpasted0\"><b><span class=\"ContentPasted0 ContentPasted1\">LA PRENSA DE CURIC\u00d3\u00a0<\/span><\/b><\/span><\/p><p class=\"xmsonormal\"><a href=\"https:\/\/www.litoralpress.cl\/sitio\/Prensa_Detalles.cshtml?LPKey=6K2BDF2B5VWE6O3JRCP3LJ6G5SUFFTFALNGAATOAVT6MF6CZ7SKQ\"><span class=\"xcontentpasted0\"><span class=\"ContentPasted0 ContentPasted1\">Radioemisoras de la UTalca de aniversario. Se menciona a la Universidad de Talca.<span class=\"ContentPasted1\">\u00a0<\/span>\u00a0<\/span><\/span><\/a><\/p><p class=\"xmsonormal\">\u00a0<\/p><p class=\"xmsonormal\"><strong><span class=\"xcontentpasted0\"><span class=\"ContentPasted0 ContentPasted1\">DIARIOELHERALDO.CL\u00a0<\/span><\/span><\/strong><\/p><p class=\"xmsonormal\"><a href=\"https:\/\/www.diarioelheraldo.cl\/noticia\/radioemisoras-de-la-universidad-de-talca-celebran-48-aniversario-\"><span class=\"xcontentpasted0\"><span class=\"ContentPasted0 ContentPasted1\">Radioemisoras de la UTalca celebran 48\u00b0 aniversario. Se refiere Marcela Barros Morales, directora de Comunicaciones Corporativas.\u00a0<\/span><\/span><\/a><\/p><p class=\"xmsonormal\">\u00a0<\/p><p class=\"xmsonormal\"><strong><span class=\"xcontentpasted0\"><span class=\"ContentPasted0\" lang=\"ES-TRAD\">LA PRENSA DE CURIC\u00d3\u00a0<\/span><\/span>\u00a0<\/strong><\/p><p class=\"xmsonormal\"><a href=\"https:\/\/www.litoralpress.cl\/paginaconsultas\/Servicios_NClipSitio\/Get_Imagen_Nota.aspx?LPKey=47JUOY7LXBYIZO7IE3OGDPGJW7K7LUJ52XJW6GTNLHEQCW23XIFHWQV5ZKYGPXWHZWUNFOCWGSAT4\" target=\"_blank\" rel=\"noopener\"><span class=\"xcontentpasted0\"><span class=\"ContentPasted0\" lang=\"ES-TRAD\">Programa \u201cSi emprende Maule\u201d sigue apoyando a nuevos emprendimientos. Se menciona a la Universidad de Talca.\u00a0<\/span><\/span><\/a><span class=\"ContentPasted0\" lang=\"ES-TRAD\"><br class=\"ContentPasted0\" \/><\/span><\/p><p>\u00a0<\/p><p class=\"xmsonormal\"><strong><span class=\"xcontentpasted0\"><span class=\"ContentPasted0\" lang=\"ES-TRAD\">DIARIO EL CENTRO\u00a0<\/span><\/span>\u00a0<\/strong><\/p><p class=\"xmsonormal\"><a href=\"https:\/\/www.diarioelcentro.cl\/2023\/07\/24\/si-emprende-maule-emprendimientos-regionales-aumentan-capacidades-con-programa\/\" target=\"_blank\" rel=\"noopener\"><span class=\"xcontentpasted0\"><span class=\"ContentPasted0\" lang=\"ES-TRAD\">Programa \u201cSi emprende Maule\u201d sigue apoyando a nuevos emprendimientos. Se menciona a la Universidad de Talca.\u00a0<\/span><\/span><\/a><span class=\"ContentPasted0\" lang=\"ES-TRAD\"><br class=\"ContentPasted0\" \/><\/span><\/p><p>\u00a0<\/p><p class=\"xmsonormal\"><strong><span class=\"xcontentpasted0\"><span class=\"ContentPasted0\" lang=\"ES-TRAD\">CANAL 30\u00a0<\/span><\/span>\u00a0<\/strong><\/p><p class=\"xmsonormal\"><span class=\"xcontentpasted0\"><span class=\"ContentPasted0\" lang=\"ES-TRAD\"><a href=\"https:\/\/www.litoralpress.cl\/sitio\/RadioTV_Detalles.cshtml?LPKey=GWAHRUPB5D7HJ73WKJZF6WHDQO4LBMLLIT7KCS3X32OBRKK7FJO4666T6OISEEAZZVBABR4XS5LDO\">Entregan consejos para cuidar la salud bucal. Se refiere Vidal P\u00e9rez Vald\u00e9s, acad\u00e9mico de la Facultad de Odontolog\u00eda<\/a>. \u00a0<\/span><\/span><span class=\"ContentPasted0\" lang=\"ES-TRAD\"><br class=\"ContentPasted0\" \/><\/span>\u00a0<\/p><p class=\"xmsonormal\"><span class=\"xcontentpasted0\"><b><span class=\"ContentPasted0\" lang=\"ES-TRAD\">CANAL MEGA\u00a0<\/span><\/b><\/span><b>\u00a0<\/b><\/p><p class=\"xmsonormal\"><a href=\"https:\/\/www.litoralpress.cl\/sitio\/RadioTV_Detalles.cshtml?LPKey=D4UK6M3PIKWMOK3DA4VXR3IKEWWOB5BH5KQVX7NCR5HIYFOUKJVRO3BXAVXJ4PDRT5SJDY4HZMIJK\"><span class=\"xcontentpasted0\"><span class=\"ContentPasted0\" lang=\"ES-TRAD\">Reacciones por robo de computadores en el ministerio de Desarrollo Social<\/span><\/span><span class=\"ContentPasted0\">. Se refiere\u00a0<\/span><span class=\"xcontentpasted0\"><span class=\"ContentPasted0\" lang=\"ES-TRAD\">Mauricio Morales, director del Centro de An\u00e1lisis Pol\u00edtico (CAP).\u00a0<\/span><\/span>\u00a0<\/a><\/p><p class=\"xmsonormal\">\u00a0<\/p><p class=\"xmsonormal\"><strong><span class=\"xcontentpasted0\"><span class=\"ContentPasted0\" lang=\"ES-TRAD\">RADIO BIOBIO\u00a0<\/span><\/span>\u00a0<\/strong><\/p><p class=\"xmsonormal\"><a href=\"https:\/\/www.litoralpress.cl\/sitio\/RadioTV_Detalles.cshtml?LPKey=RF5QGQKTVEFYRS54XESFRHZ76PSQN2RKJMA3JAEPKCEAQSPUHRSTUGQK5DVDQZGSDC7IBWKNMRCCI\"><span class=\"xcontentpasted0\"><span class=\"ContentPasted0\" lang=\"ES-TRAD\">Caso convenios. Entrevista a Mauricio Morales, director del Centro de An\u00e1lisis Pol\u00edtico (CAP).\u00a0<\/span><\/span><\/a><span class=\"ContentPasted0\" lang=\"ES-TRAD\"><br class=\"ContentPasted0\" \/><\/span>\u00a0<\/p><p class=\"xmsonormal\"><strong><span class=\"xcontentpasted0\"><span class=\"ContentPasted0\" lang=\"ES-TRAD\">RADIO INFINITA\u00a0<\/span><\/span>\u00a0<\/strong><\/p><p class=\"xmsonormal\"><a href=\"https:\/\/www.litoralpress.cl\/sitio\/RadioTV_Detalles.cshtml?LPKey=ZELNGSEIZZMLOVG656O7KA6E3T5PGHUWA6UT5F4NDHHCHJY54RAGCIB5LJ7VDV4UKGR26JER2KJOY\"><span class=\"xcontentpasted0\"><span class=\"ContentPasted0\" lang=\"ES-TRAD\">An\u00e1lisis pol\u00edtico de Mauricio Morales, director del Centro de An\u00e1lisis Pol\u00edtico (CAP). \u00a0<\/span><\/span><\/a><\/p><p>\u00a0<\/p><p class=\"xmsonormal\"><strong><span class=\"xcontentpasted0\"><span class=\"ContentPasted0\" lang=\"ES-TRAD\">DIARIO EL CENTRO\u00a0<\/span><\/span>\u00a0<\/strong><\/p><p class=\"xmsonormal\"><a href=\"https:\/\/diarioelcentro.cl\/2023\/07\/23\/la-buena-politica-brilla-por-su-ausencia\/\" target=\"_blank\" rel=\"noopener\"><span class=\"xcontentpasted0\"><span class=\"ContentPasted0\" lang=\"ES-TRAD\">La (buena) pol\u00edtica brilla por su ausencia. Se refiere Diego Palomo V\u00e9lez, acad\u00e9mico de la Facultad de Ciencias Jur\u00eddicas y Sociales. <\/span><span class=\"ContentPasted0\" lang=\"ES-TRAD\">\u00a0<\/span><\/span><\/a><b><span lang=\"ES-TRAD\"><br class=\"ContentPasted0\" \/><\/span><\/b><\/p><p>\u00a0<\/p><p class=\"xmsonormal\"><strong><span class=\"xcontentpasted0\"><span class=\"ContentPasted0\" lang=\"ES-TRAD\">LA PRENSA DE CURIC\u00d3\u00a0<\/span><\/span>\u00a0<\/strong><\/p><p class=\"xmsonormal\"><a href=\"https:\/\/www.litoralpress.cl\/paginaconsultas\/Servicios_NClipSitio\/Get_Imagen_Nota.aspx?LPKey=HP3W5DSYGVV4SDUBBEY6WHMBTTU4RI6OKFIWUYGFJS7E7TTEH77IZVCMLRD4YQPEG3MCHGPUKWO5G\"><span class=\"xcontentpasted0\"><span class=\"ContentPasted0\" lang=\"ES-TRAD\">UTalca exhibe trabajo que fusiona el arte y la poes\u00eda<\/span><\/span><span class=\"ContentPasted0\">. Se refiere Marcela Albornoz Dachelet, directora de Extensi\u00f3n Cultural \u2013 Art\u00edstica. \u00a0<\/span><\/a><span class=\"ContentPasted0\" lang=\"ES-TRAD\"><br class=\"ContentPasted0\" \/><\/span><\/p><p>\u00a0<\/p><p class=\"xmsonormal\"><strong><span class=\"xcontentpasted0\"><span class=\"ContentPasted0\" lang=\"ES-TRAD\">TVMAULE.CL\u00a0<\/span><\/span>\u00a0<\/strong><\/p><p class=\"xmsonormal\"><a href=\"https:\/\/www.tvmaule.cl\/utalca-exhibe-trabajo-que-fusiona-arte-y-poesia\/\" target=\"_blank\" rel=\"noopener\"><span class=\"xcontentpasted0\"><span class=\"ContentPasted0\" lang=\"ES-TRAD\">UTalca exhibe trabajo que fusiona el arte y la poes\u00eda<\/span><\/span><span class=\"ContentPasted0\">. Se refiere Marcela Albornoz Dachelet, directora de Extensi\u00f3n Cultural \u2013 Art\u00edstica. \u00a0<\/span><\/a><span class=\"ContentPasted0\" lang=\"ES-TRAD\"><br class=\"ContentPasted0\" \/><\/span><\/p><p>\u00a0<\/p><p class=\"xmsonormal\"><strong><span class=\"xcontentpasted0\"><span class=\"ContentPasted0\" lang=\"ES-TRAD\">COOPERATIVA.CL\u00a0<\/span><\/span>\u00a0<\/strong><\/p><p class=\"xmsonormal\"><a href=\"https:\/\/opinion.cooperativa.cl\/opinion\/cultura\/se-cumplen-27-anos-de-la-partida-de-oreste-plath\/2023-07-24\/111521.html\" target=\"_blank\" rel=\"noopener\"><span class=\"xcontentpasted0\"><span class=\"ContentPasted0\" lang=\"ES-TRAD\">Se cumplen 27 a\u00f1os de la partida de Oreste Plath. Se menciona a la Universidad de Talca. \u00a0<\/span><\/span>\u00a0<\/a><\/p>\t\t\t\t\t\t<\/div>\n\t\t\t\t<\/div>\n\t\t\t\t\t<\/div>\n\t\t<\/div>\n\t\t\t\t\t\t\t<\/div>\n\t\t<\/section>\n\t\t\t\t\t\t<\/div>\n\t\t\t\t\t<\/div>\n\t\t","protected":false},"excerpt":{"rendered":"<p>ADPRENSA UTalca y Senama capacitaron en tecnolog\u00edas digitales a emprendedores mayores de 60 a\u00f1os. Se refieren Carlos Torres Fuchslocher, rector; y Germ\u00e1n Lobos, director del Centro de Estudios para el Envejecimiento Activo. \u00a0\u00a0 G5NOTICIAS.CL\u00a0\u00a0 UTalca y Senama capacitaron en tecnolog\u00edas digitales a emprendedores mayores de 60 a\u00f1os. Se refieren Carlos Torres Fuchslocher, rector; y Germ\u00e1n &hellip;<\/p>\n<p class=\"read-more\"> <a class=\"\" href=\"https:\/\/www.reportedeprensa.utalca.cl\/?p=7877\"> <span class=\"screen-reader-text\">25 de julio de 2023<\/span> Read More &raquo;<\/a><\/p>\n","protected":false},"author":1,"featured_media":0,"comment_status":"closed","ping_status":"open","sticky":false,"template":"","format":"standard","meta":{"_monsterinsights_skip_tracking":false,"_monsterinsights_sitenote_active":false,"_monsterinsights_sitenote_note":"","_monsterinsights_sitenote_category":0},"categories":[38],"tags":[],"_links":{"self":[{"href":"https:\/\/www.reportedeprensa.utalca.cl\/index.php?rest_route=\/wp\/v2\/posts\/7877"}],"collection":[{"href":"https:\/\/www.reportedeprensa.utalca.cl\/index.php?rest_route=\/wp\/v2\/posts"}],"about":[{"href":"https:\/\/www.reportedeprensa.utalca.cl\/index.php?rest_route=\/wp\/v2\/types\/post"}],"author":[{"embeddable":true,"href":"https:\/\/www.reportedeprensa.utalca.cl\/index.php?rest_route=\/wp\/v2\/users\/1"}],"replies":[{"embeddable":true,"href":"https:\/\/www.reportedeprensa.utalca.cl\/index.php?rest_route=%2Fwp%2Fv2%2Fcomments&post=7877"}],"version-history":[{"count":4,"href":"https:\/\/www.reportedeprensa.utalca.cl\/index.php?rest_route=\/wp\/v2\/posts\/7877\/revisions"}],"predecessor-version":[{"id":7881,"href":"https:\/\/www.reportedeprensa.utalca.cl\/index.php?rest_route=\/wp\/v2\/posts\/7877\/revisions\/7881"}],"wp:attachment":[{"href":"https:\/\/www.reportedeprensa.utalca.cl\/index.php?rest_route=%2Fwp%2Fv2%2Fmedia&parent=7877"}],"wp:term":[{"taxonomy":"category","embeddable":true,"href":"https:\/\/www.reportedeprensa.utalca.cl\/index.php?rest_route=%2Fwp%2Fv2%2Fcategories&post=7877"},{"taxonomy":"post_tag","embeddable":true,"href":"https:\/\/www.reportedeprensa.utalca.cl\/index.php?rest_route=%2Fwp%2Fv2%2Ftags&post=7877"}],"curies":[{"name":"wp","href":"https:\/\/api.w.org\/{rel}","templated":true}]}}