{"id":7885,"date":"2023-07-26T13:13:35","date_gmt":"2023-07-26T16:13:35","guid":{"rendered":"https:\/\/www.reportedeprensa.utalca.cl\/?p=7885"},"modified":"2023-07-26T13:22:39","modified_gmt":"2023-07-26T16:22:39","slug":"26-de-julio-de-2023","status":"publish","type":"post","link":"https:\/\/www.reportedeprensa.utalca.cl\/?p=7885","title":{"rendered":"26 de julio de 2023"},"content":{"rendered":"\t\t<div data-elementor-type=\"wp-post\" data-elementor-id=\"7885\" class=\"elementor elementor-7885\" data-elementor-settings=\"[]\">\n\t\t\t\t\t\t\t<div class=\"elementor-section-wrap\">\n\t\t\t\t\t\t\t<section class=\"elementor-section elementor-top-section elementor-element elementor-element-10154d05 elementor-section-boxed elementor-section-height-default elementor-section-height-default\" data-id=\"10154d05\" data-element_type=\"section\">\n\t\t\t\t\t\t<div class=\"elementor-container elementor-column-gap-default\">\n\t\t\t\t\t<div class=\"elementor-column elementor-col-100 elementor-top-column elementor-element elementor-element-5db19c21\" data-id=\"5db19c21\" data-element_type=\"column\">\n\t\t\t<div class=\"elementor-widget-wrap elementor-element-populated\">\n\t\t\t\t\t\t\t\t<div class=\"elementor-element elementor-element-587e31be elementor-widget elementor-widget-text-editor\" data-id=\"587e31be\" data-element_type=\"widget\" data-widget_type=\"text-editor.default\">\n\t\t\t\t<div class=\"elementor-widget-container\">\n\t\t\t\t\t\t\t\t<p style=\"font-weight: 400;\"><strong>NOVACIENCIA.ES (ESPA\u00d1A)\u00a0<\/strong><\/p><p style=\"font-weight: 400;\"><a href=\"https:\/\/www.litoralpress.cl\/sitio\/Prensa_Detalles.cshtml?LPKey=TH53KP5JTREVECFJNYXXC56MOBCSBHC3DJ25DY7DPVF3VWIZ3OIQ\" target=\"_blank\" rel=\"noopener\">Premio Jos\u00e9 Donoso 2023 define a su\u00a0jurado y la fecha de anuncio del ganador. Se refieren Carlos Torres Fuchslocher, rector; y Claire Mercier, acad\u00e9mica del Instituto de Estudios Human\u00edsticos Juan Ignacio Molina y coordinadora del Premio.\u00a0<\/a><\/p><p style=\"font-weight: 400;\">\u00a0<\/p><p style=\"font-weight: 400;\"><strong>MEDIABANCO\u00a0<\/strong><\/p><p style=\"font-weight: 400;\"><a href=\"https:\/\/www.mediabanco.com\/premio-jose-donoso-2023-define-a-su-jurado-y-la-fecha-de-anuncio-del-ganador\/\" target=\"_blank\" rel=\"noopener\">Premio Jos\u00e9 Donoso 2023 define a su\u00a0jurado y la fecha de anuncio del ganador. Se refieren Carlos Torres Fuchslocher, rector; y Claire Mercier, acad\u00e9mica del Instituto de Estudios Human\u00edsticos Juan Ignacio Molina y coordinadora del Premio.\u00a0<\/a><\/p><p style=\"font-weight: 400;\">\u00a0<\/p><p style=\"font-weight: 400;\"><strong><span style=\"font-style: inherit;\">G5NOTICIAS.CL\u00a0\u00a0<\/span><\/strong><\/p><p style=\"font-weight: 400;\"><a href=\"https:\/\/g5noticias.cl\/2023\/07\/25\/premio-jose-donoso-2023-define-a-su-jurado-y-la-fecha-de-anuncio-del-ganador\/\" target=\"_blank\" rel=\"noopener\">Premio Jos\u00e9 Donoso 2023 define a su\u00a0jurado y la fecha de anuncio del ganador. Se refieren Carlos Torres Fuchslocher, rector; y Claire Mercier, acad\u00e9mica del Instituto de Estudios Human\u00edsticos Juan Ignacio Molina y coordinadora del Premio.\u00a0<\/a><\/p><p style=\"font-weight: 400;\">\u00a0<\/p><p style=\"font-weight: 400;\"><strong><span style=\"font-style: inherit;\">TVMAULE.CL\u00a0<\/span><\/strong><\/p><p style=\"font-weight: 400;\"><a href=\"https:\/\/www.tvmaule.cl\/premio-jose-donoso-2023-define-a-su-jurado-y-la-fecha-de-anuncio-del-ganador\/\" target=\"_blank\" rel=\"noopener\">Premio Jos\u00e9 Donoso 2023 define a su\u00a0jurado y la fecha de anuncio del ganador. Se refieren Carlos Torres Fuchslocher, rector; y Claire Mercier, acad\u00e9mica del Instituto de Estudios Human\u00edsticos Juan Ignacio Molina y coordinadora del Premio.\u00a0<\/a><\/p><p style=\"font-weight: 400;\">\u00a0<\/p><p style=\"font-weight: 400;\"><strong><span style=\"font-style: inherit; font-weight: inherit;\">CIENCIAENCHILE.CL\u00a0\u00a0<\/span><\/strong><\/p><p style=\"font-weight: 400;\"><a href=\"https:\/\/www.cienciaenchile.cl\/estudio-revelo-que-mas-del-90-de-migrantes-en-chile-ha-enfrentado-barreras-para-acceder-a-productos-financieros\/\" target=\"_blank\" rel=\"noopener\"><span style=\"font-style: inherit;\">Estudio revel\u00f3 que m\u00e1s del 90% de los migrantes en Chile ha enfrentado barreras para acceder a productos financieros.\u00a0<\/span><span style=\"font-style: inherit;\">Se refiere Medardo Aguirre Gonz\u00e1lez, director del Centro de Estudios Migratorios (CEMI)<\/span><span style=\"font-style: inherit;\">\u00a0<\/span><\/a><\/p><p style=\"font-weight: 400;\"><span style=\"font-style: inherit; font-weight: inherit;\">\u00a0<\/span><\/p><p style=\"font-weight: 400;\"><strong><span style=\"font-style: inherit;\">RADIO AMIGA\u00a0<\/span><\/strong><\/p><p style=\"font-weight: 400;\"><a href=\"https:\/\/www.litoralpress.cl\/sitio\/RadioTV_Detalles.cshtml?LPKey=W6G6UVORM6JTIOHTNDKETG7PWOZHIAEQ7S76OQSXS4IJOAW4QUAGH5G2NVMRT3BHCJEO7B577V2HW\" target=\"_blank\" rel=\"noopener\"><span style=\"font-style: inherit; font-weight: inherit;\">M\u00e1s del 90% de los migrantes en Chile ha enfrentado barreras para acceder a productos financieros.\u00a0<\/span><span style=\"font-style: inherit; font-weight: inherit;\">Se refiere Medardo Aguirre Gonz\u00e1lez, director del Centro de Estudios Migratorios (CEMI)<\/span><\/a><\/p><p style=\"font-weight: 400;\"><span style=\"font-style: inherit; font-weight: inherit;\">\u00a0<\/span><\/p><p style=\"font-weight: 400;\"><strong><span style=\"font-style: inherit; font-weight: inherit;\">CANAL 30 MULTICOM\u00a0<\/span><\/strong><\/p><p style=\"font-weight: 400;\"><a href=\"https:\/\/www.litoralpress.cl\/sitio\/RadioTV_Detalles.cshtml?LPKey=5G3KHYMO67F55JQCTCXIXC3IXCRT5S64CNY4EUCKHR7HDGSGDPVYJRSX5CTKR7UR2IZWW2XPYS63S\" target=\"_blank\" rel=\"noopener\">13 estudiantes de distintas carreras se certificaron en temas de salud mental con enfoque de g\u00e9nero. Se menciona a la Universidad de Talca.\u00a0<\/a><\/p><p style=\"font-weight: 400;\">\u00a0<\/p><p style=\"font-weight: 400;\"><strong><span style=\"font-style: inherit; font-weight: inherit;\">COOPERATIVA CIENCIA\u00a0<\/span><\/strong><\/p><p style=\"font-weight: 400;\"><a href=\"https:\/\/www.litoralpress.cl\/sitio\/RadioTV_Detalles.cshtml?LPKey=HCHRMKCNEM7M5RPLBHJIDW7XPY7N7YBZVVIPMBRCZ22RBW52TSO2CK6M62SR5KTA6ZDZ7HRKGQDF2\" target=\"_blank\" rel=\"noopener\"><span style=\"font-style: inherit;\">Desarrollo de la industria de videojuegos en Chile. Se refiere Camila Aliaga, acad\u00e9mica de la Escuela de Ingenier\u00eda en Desarrollo de Videojuegos y Realidad Virtual.\u00a0\u00a0<\/span><\/a><\/p><p style=\"font-weight: 400;\"><strong><span style=\"font-style: inherit;\">\u00a0<\/span><\/strong><\/p><p style=\"font-weight: 400;\"><strong><span style=\"font-style: inherit;\">CANAL 30 MULTICOM\u00a0<\/span><\/strong><\/p><p style=\"font-weight: 400;\"><a href=\"https:\/\/www.litoralpress.cl\/sitio\/RadioTV_Detalles.cshtml?LPKey=BLRX7ISSGUNJBZ4WY2MJFDG2LNGVMEZ3KBFMV5CMRJ3IL7TS6MC53UP6HF6XA6V4NF4RIGYYMGSEI\" target=\"_blank\" rel=\"noopener\"><span style=\"font-style: inherit; font-weight: inherit;\">Proyecto de la Universidad de Talca busca potenciar a industrias nacionales de videojuegos. Se refiere Nicol\u00e1s Romero, exalumno.\u00a0\u00a0<\/span><\/a><\/p><p style=\"font-weight: 400;\">\u00a0<\/p><p style=\"font-weight: 400;\"><strong><span style=\"font-style: inherit; font-weight: inherit;\">LAS \u00daLTIMAS NOTICIAS\u00a0<\/span><\/strong><\/p><p style=\"font-weight: 400;\"><a href=\"https:\/\/www.litoralpress.cl\/paginaconsultas\/Servicios_NClipSitio\/Get_Imagen_Nota.aspx?LPKey=I6QKL4W3BJUMMQ56RW3EQ2DPDUC2AJ2FUVRHCLQSPJTNQIJFNQHWAOQ4PK2C57FLFGQ6GAK35WTGU\" target=\"_blank\" rel=\"noopener\"><span style=\"font-style: inherit;\">Con supercomputador dado de baja arman el primer genoma completo en Chile. Se refiere Fabio Dur\u00e1n, director de la Escuela de Ingenier\u00eda Civil en Bioinform\u00e1tica.\u00a0<\/span><span style=\"font-style: inherit;\">\u00a0<\/span><\/a><\/p><p style=\"font-weight: 400;\">\u00a0<\/p><p style=\"font-weight: 400;\"><strong><span style=\"font-style: inherit; font-weight: inherit;\">RADIO GUAYAC\u00c1N\u00a0<\/span><\/strong><\/p><p style=\"font-weight: 400;\"><a href=\"https:\/\/www.litoralpress.cl\/sitio\/RadioTV_Detalles.cshtml?LPKey=72KXHIVLE3GPSJSFBSFWCIH63UQLEZYG22E3Y7OHBQZQSOFYPS6FNSCGURNLDQDQ3CUGKKV7LKPCI\" target=\"_blank\" rel=\"noopener\"><span style=\"font-style: inherit;\">Situaci\u00f3n actual con la circulaci\u00f3n de virus respiratorios. Se refiere Erika Retamal Contreras, directora del Departamento de Salud P\u00fablica.\u00a0<\/span><\/a><\/p><p style=\"font-weight: 400;\"><span style=\"font-style: inherit; font-weight: inherit;\">\u00a0\u00a0<\/span><\/p><p style=\"font-weight: 400;\"><strong>EL LECTOR\u00a0<\/strong><\/p><p style=\"font-weight: 400;\"><a href=\"https:\/\/www.litoralpress.cl\/paginaconsultas\/Servicios_NClipSitio\/Get_Imagen_Nota.aspx?LPKey=5E4JKX6UDFHEH67ML3UUTTEQPDSMG5GIUIDFQUVTK3YGKPVREU56VUA7Q4TMQWMOAF2IOC3OL4YKU\" target=\"_blank\" rel=\"noopener\"><span style=\"font-style: inherit;\">Acad\u00e9micos explican cambios en las postulaciones para la admisi\u00f3n a universidades para el 2024.\u00a0<\/span><span style=\"font-style: inherit;\">Se refieren la coordinadora de la Unidad de Admisi\u00f3n y Acceso de la Universidad de Talca, Tania Mascar\u00f3;\u00a0el director de la Escuela de Medicina, Ernesto Sol\u00eds A\u00f1ez; el decano de la Facultad de Ingenier\u00eda, Javier Mu\u00f1oz Vidal; y el decano de la Facultad de Ciencias de la Educaci\u00f3n, Mauricio V\u00e9liz Campos.\u00a0<\/span><\/a><\/p><p style=\"font-weight: 400;\">\u00a0<\/p><p style=\"font-weight: 400;\"><strong>DIARIOELCENTRO.CL\u00a0<\/strong><\/p><p style=\"font-weight: 400;\"><a href=\"https:\/\/www.diarioelcentro.cl\/2023\/07\/25\/maule-y-villa-alegre-transforman-silos-abandonas-en-gigantescas-obras\/\" target=\"_blank\" rel=\"noopener\">Maule y Villa Alegre: Transforman silos abandonados en gigantescas obras. Se refiere V\u00edctor Letelier Lara, acad\u00e9mico de la Escuela de Arquitectura.\u00a0\u00a0<\/a><\/p><p style=\"font-weight: 400;\">\u00a0<\/p><p style=\"font-weight: 400;\"><strong>EMOL\u00a0<\/strong><\/p><p style=\"font-weight: 400;\"><a href=\"https:\/\/www.emol.com\/noticias\/Nacional\/2023\/07\/25\/1102008\/relacion-capitalismo-y-estado-bienestar.html\" target=\"_blank\" rel=\"noopener\">Gu\u00eda para no equivocarse: las definiciones y diferencias entre Estado de bienestar, capitalismo y socialismo. Se refiere Mauricio Morales, director del Centro de An\u00e1lisis Pol\u00edtico (CAP).\u00a0<\/a><\/p><p style=\"font-weight: 400;\">\u00a0<\/p><p style=\"font-weight: 400;\"><strong>NUEVOPODER.CL\u00a0<\/strong><\/p><p style=\"font-weight: 400;\"><a href=\"https:\/\/www.nuevopoder.cl\/expertos-aclaran-a-vallejo-diferencias-entre-capitalismo-socialismo-y-estado-de-bienestar\/\" target=\"_blank\" rel=\"noopener\">Expertos aclaran a Vallejo diferencias entre Estado de bienestar, capitalismo y socialismo. Se refiere Mauricio Morales, director del Centro de An\u00e1lisis Pol\u00edtico (CAP).\u00a0<\/a><\/p><p style=\"font-weight: 400;\">\u00a0<\/p><p style=\"font-weight: 400;\"><strong>CANAL NTV\u00a0<\/strong><\/p><p style=\"font-weight: 400;\"><a href=\"https:\/\/www.litoralpress.cl\/sitio\/RadioTV_Detalles.cshtml?LPKey=WLS4HM5A54F5LNW3JWOHJNZB3U3OSKXVQG2NTUUMJGMOJIAL645MH5I43E62WXBV4PH72VIUUJRY4\" target=\"_blank\" rel=\"noopener\">Lanzan el cat\u00e1logo definitivo de la obra de Nicanor Parra. Se menciona a la Universidad de Talca.\u00a0<\/a><\/p><p style=\"font-weight: 400;\">\u00a0<\/p><p style=\"font-weight: 400;\"><strong>PORTALMINERO.COM\u00a0<\/strong><\/p><p><a href=\"https:\/\/www.portalminero.com\/wp\/una-nueva-mirada-para-enfrentar-el-tema-de-seguridad-en-mineria\/\" target=\"_blank\" rel=\"noopener\"><span style=\"font-style: inherit;\">Una nueva mirada para enfrentar el tema de seguridad en miner\u00eda. Se menciona a la Universidad de Talca.\u00a0<\/span><\/a><\/p>\t\t\t\t\t\t<\/div>\n\t\t\t\t<\/div>\n\t\t\t\t\t<\/div>\n\t\t<\/div>\n\t\t\t\t\t\t\t<\/div>\n\t\t<\/section>\n\t\t\t\t\t\t<\/div>\n\t\t\t\t\t<\/div>\n\t\t","protected":false},"excerpt":{"rendered":"<p>NOVACIENCIA.ES (ESPA\u00d1A)\u00a0 Premio Jos\u00e9 Donoso 2023 define a su\u00a0jurado y la fecha de anuncio del ganador. Se refieren Carlos Torres Fuchslocher, rector; y Claire Mercier, acad\u00e9mica del Instituto de Estudios Human\u00edsticos Juan Ignacio Molina y coordinadora del Premio.\u00a0 \u00a0 MEDIABANCO\u00a0 Premio Jos\u00e9 Donoso 2023 define a su\u00a0jurado y la fecha de anuncio del ganador. Se &hellip;<\/p>\n<p class=\"read-more\"> <a class=\"\" href=\"https:\/\/www.reportedeprensa.utalca.cl\/?p=7885\"> <span class=\"screen-reader-text\">26 de julio de 2023<\/span> Read More &raquo;<\/a><\/p>\n","protected":false},"author":1,"featured_media":0,"comment_status":"closed","ping_status":"open","sticky":false,"template":"","format":"standard","meta":{"_monsterinsights_skip_tracking":false,"_monsterinsights_sitenote_active":false,"_monsterinsights_sitenote_note":"","_monsterinsights_sitenote_category":0},"categories":[38],"tags":[],"_links":{"self":[{"href":"https:\/\/www.reportedeprensa.utalca.cl\/index.php?rest_route=\/wp\/v2\/posts\/7885"}],"collection":[{"href":"https:\/\/www.reportedeprensa.utalca.cl\/index.php?rest_route=\/wp\/v2\/posts"}],"about":[{"href":"https:\/\/www.reportedeprensa.utalca.cl\/index.php?rest_route=\/wp\/v2\/types\/post"}],"author":[{"embeddable":true,"href":"https:\/\/www.reportedeprensa.utalca.cl\/index.php?rest_route=\/wp\/v2\/users\/1"}],"replies":[{"embeddable":true,"href":"https:\/\/www.reportedeprensa.utalca.cl\/index.php?rest_route=%2Fwp%2Fv2%2Fcomments&post=7885"}],"version-history":[{"count":4,"href":"https:\/\/www.reportedeprensa.utalca.cl\/index.php?rest_route=\/wp\/v2\/posts\/7885\/revisions"}],"predecessor-version":[{"id":7889,"href":"https:\/\/www.reportedeprensa.utalca.cl\/index.php?rest_route=\/wp\/v2\/posts\/7885\/revisions\/7889"}],"wp:attachment":[{"href":"https:\/\/www.reportedeprensa.utalca.cl\/index.php?rest_route=%2Fwp%2Fv2%2Fmedia&parent=7885"}],"wp:term":[{"taxonomy":"category","embeddable":true,"href":"https:\/\/www.reportedeprensa.utalca.cl\/index.php?rest_route=%2Fwp%2Fv2%2Fcategories&post=7885"},{"taxonomy":"post_tag","embeddable":true,"href":"https:\/\/www.reportedeprensa.utalca.cl\/index.php?rest_route=%2Fwp%2Fv2%2Ftags&post=7885"}],"curies":[{"name":"wp","href":"https:\/\/api.w.org\/{rel}","templated":true}]}}