{"id":7900,"date":"2023-07-27T13:46:16","date_gmt":"2023-07-27T16:46:16","guid":{"rendered":"https:\/\/www.reportedeprensa.utalca.cl\/?p=7900"},"modified":"2023-07-27T13:56:23","modified_gmt":"2023-07-27T16:56:23","slug":"27-de-julio-de-2023","status":"publish","type":"post","link":"https:\/\/www.reportedeprensa.utalca.cl\/?p=7900","title":{"rendered":"27 de julio de 2023"},"content":{"rendered":"\t\t<div data-elementor-type=\"wp-post\" data-elementor-id=\"7900\" class=\"elementor elementor-7900\" data-elementor-settings=\"[]\">\n\t\t\t\t\t\t\t<div class=\"elementor-section-wrap\">\n\t\t\t\t\t\t\t<section class=\"elementor-section elementor-top-section elementor-element elementor-element-10154d05 elementor-section-boxed elementor-section-height-default elementor-section-height-default\" data-id=\"10154d05\" data-element_type=\"section\">\n\t\t\t\t\t\t<div class=\"elementor-container elementor-column-gap-default\">\n\t\t\t\t\t<div class=\"elementor-column elementor-col-100 elementor-top-column elementor-element elementor-element-5db19c21\" data-id=\"5db19c21\" data-element_type=\"column\">\n\t\t\t<div class=\"elementor-widget-wrap elementor-element-populated\">\n\t\t\t\t\t\t\t\t<div class=\"elementor-element elementor-element-587e31be elementor-widget elementor-widget-text-editor\" data-id=\"587e31be\" data-element_type=\"widget\" data-widget_type=\"text-editor.default\">\n\t\t\t\t<div class=\"elementor-widget-container\">\n\t\t\t\t\t\t\t\t<p><strong><span style=\"font-style: inherit; font-weight: inherit;\">NOVACIENCIA.ES (ESPA\u00d1A)\u00a0<\/span><\/strong><\/p><p><a href=\"https:\/\/novaciencia.es\/premio-iberoamericano-de-letras-jose-donoso\/\" target=\"_blank\" rel=\"noopener\"><span style=\"font-style: inherit;\">Universidad de Talca har\u00e1 p\u00fablico el 8 de septiembre el nombre del ganador del Premio Iberoamericano de Letras Jos\u00e9 Donoso.\u00a0<\/span><span style=\"font-style: inherit;\">Se refieren Carlos Torres Fuchslocher, rector; y Claire Mercier, acad\u00e9mica del Instituto de Estudios Human\u00edsticos Juan Ignacio Molina y coordinadora del Premio.\u00a0\u00a0<\/span><\/a><\/p><p>\u00a0<\/p><p><strong><span style=\"font-style: inherit;\">EL LECTOR\u00a0<\/span><\/strong><\/p><p><a href=\"https:\/\/www.litoralpress.cl\/paginaconsultas\/Servicios_NClipSitio\/Get_Imagen_Nota.aspx?LPKey=A4IQQWR26GJUTAXYTTO5ZRK62SDSBG53AJDD2HDBOGVQUNGZBXFL6SB77V457XTN6LLYBWUXWJZPO\" target=\"_blank\" rel=\"noopener\"><span style=\"font-style: inherit; font-weight: inherit;\">Premio Jos\u00e9 Donoso 2023 define a su jurado y la fecha de anuncio del ganador.<\/span><span style=\"font-style: inherit; font-weight: inherit;\">Se refieren Carlos Torres Fuchslocher, rector; y Claire Mercier, acad\u00e9mica del Instituto de Estudios Human\u00edsticos Juan Ignacio Molina y coordinadora del Premio.\u00a0\u00a0<\/span><\/a><\/p><p>\u00a0<\/p><p><strong><span style=\"font-style: inherit; font-weight: inherit;\">PORTALINNOVA.CL\u00a0<\/span><\/strong><\/p><p><a href=\"https:\/\/portalinnova.cl\/macrozona-centro-sur-se-adjudica-fondos-para-relevar-las-ciencias-sociales-artes-y-humanidades\/\" target=\"_blank\" rel=\"noopener\"><span style=\"font-style: inherit;\">Macrozona Centro Sur se adjudica fondos para relevar las Ciencias Sociales, Artes y Humanidades. Se menciona a la Universidad de Talca.\u00a0<\/span><\/a><\/p><p><span style=\"font-style: inherit; font-weight: inherit;\">\u00a0<\/span><\/p><p><strong><span style=\"font-style: inherit;\">RADIOSTELLARFM.CL\u00a0<\/span><\/strong><\/p><p><a href=\"https:\/\/radiostellarfm.cl\/2023\/07\/macrozona-centro-sur-se-adjudica-fondos-para-relevar-las-ciencias-sociales-artes-y-humanidades\/\" target=\"_blank\" rel=\"noopener\"><span style=\"font-style: inherit; font-weight: inherit;\">Macrozona Centro Sur se adjudica fondos para relevar las Ciencias Sociales, Artes y Humanidades. Se menciona a la Universidad de Talca.\u00a0<\/span><\/a><\/p><p><span style=\"font-style: inherit; font-weight: inherit;\">\u00a0<\/span><\/p><p><strong><span style=\"font-style: inherit;\">NUBLEONLINECHILLAN.CL\u00a0<\/span><\/strong><\/p><p><a href=\"https:\/\/nubleonlinechillan.cl\/macrozona-centro-sur-se-adjudica-fondos-para-relevar-las-ciencias-sociales-artes-y-humanidades\/\" target=\"_blank\" rel=\"noopener\"><span style=\"font-style: inherit; font-weight: inherit;\">Macrozona Centro Sur se adjudica fondos para relevar las Ciencias Sociales, Artes y Humanidades. Se menciona a la Universidad de Talca.\u00a0<\/span><\/a><\/p><p>\u00a0<\/p><p><strong><span style=\"font-style: inherit; font-weight: inherit;\">EN LINEA MAULE\u00a0<\/span><\/strong><\/p><p><a href=\"https:\/\/enlineamaule.cl\/archivo\/53113\" target=\"_blank\" rel=\"noopener\"><span style=\"font-style: inherit;\">En Chile el 90% de los extranjeros han tenido barreras para acceder a productos financieros.\u00a0<\/span><span style=\"font-style: inherit;\">Se refiere Medardo Aguirre Gonz\u00e1lez, director del Centro de Estudios Migratorios (CEMI).<\/span>\u00a0<\/a><\/p><p>\u00a0<\/p><p><strong><span style=\"font-style: inherit; font-weight: inherit;\">LAS \u00daLTIMAS NOTICIAS\u00a0<\/span><\/strong><span style=\"font-style: inherit; font-weight: inherit;\">\u00a0<\/span><\/p><p><a href=\"https:\/\/www.litoralpress.cl\/paginaconsultas\/Servicios_NClipSitio\/Get_Imagen_Nota.aspx?LPKey=I6QKL4W3BJUMMQ56RW3EQ2DPDUC2AJ2FUVRHCLQSPJTNQIJFNQHWAOQ4PK2C57FLFGQ6GAK35WTGU\" target=\"_blank\" rel=\"noopener\"><span style=\"font-style: inherit; font-weight: inherit;\">Qu\u00e9 hace un bioinform\u00e1tico. Se refiere Fabio Dur\u00e1n, director de la Escuela de Ingenier\u00eda Civil en Bioinform\u00e1tica.<\/span><span style=\"font-style: inherit; font-weight: inherit;\">\u00a0<\/span>\u00a0\u00a0<\/a><\/p><p><span style=\"font-style: inherit; font-weight: inherit;\">\u00a0<\/span><\/p><p><strong><span style=\"font-style: inherit; font-weight: inherit;\">ADPRENSA\u00a0<\/span><\/strong><\/p><p><a href=\"https:\/\/adprensa.cl\/actividades-academicas\/analizan-influencias-y-rol-cultural-de-la-musica-popular-chilena-del-siglo-xx\/\" target=\"_blank\" rel=\"noopener\"><span style=\"font-style: inherit; font-weight: inherit;\">Analizan influencias y rol cultural de la m\u00fasica popular chilena del siglo XX. Se refiere Andr\u00e9s Maraga\u00f1o Leveque, decano de la Facultad de Arquitectura, M\u00fasica y Dise\u00f1o.\u00a0<\/span><span style=\"font-style: inherit; font-weight: inherit;\">\u00a0<\/span><\/a><\/p><p>\u00a0<\/p><p><strong><span style=\"font-style: inherit;\">CHILLANONLINE.CL\u00a0<\/span><\/strong><\/p><p><a href=\"https:\/\/www.chillanonline.cl\/V6\/analizan-influencias-y-rol-cultural-de-la-musica-popular-chilena-del-siglo-xx\/\" target=\"_blank\" rel=\"noopener\"><span style=\"font-style: inherit; font-weight: inherit;\">Analizan influencias y rol cultural de la m\u00fasica popular chilena del siglo XX. Se refiere Andr\u00e9s Maraga\u00f1o Leveque, decano de la Facultad de Arquitectura, M\u00fasica y Dise\u00f1o.\u00a0<\/span><span style=\"font-style: inherit; font-weight: inherit;\">\u00a0<\/span><\/a><\/p><p>\u00a0<\/p><p><strong><span style=\"font-style: inherit; font-weight: inherit;\">CANAL 30 MULTICOM\u00a0<\/span><\/strong><\/p><p><a href=\"https:\/\/www.litoralpress.cl\/sitio\/RadioTV_Detalles.cshtml?LPKey=ZJ2BN4A4RVY6JLCJYSMGYPJIGUQYPQY2IZYAD3DGVPX4Y4HYWAQTMIOBFBVCX3B3PE6MC3H4T7Q6Y\" target=\"_blank\" rel=\"noopener\"><span style=\"font-style: inherit;\">Proyecto de la Universidad de Talca buscar potenciar a industrias nacionales de videojuegos. Se refiere Nicol\u00e1s Romero, ex alumno.\u00a0\u00a0<\/span><\/a><\/p><p>\u00a0<\/p><p><strong>RADIO AMIGA\u00a0<\/strong><\/p><p><a href=\"https:\/\/www.litoralpress.cl\/sitio\/RadioTV_Detalles.cshtml?LPKey=VSIXZ2PRV7JE65GIWHCSOXEGELHAEWUH2ZF4GLB3P7TTJ2M4QORUZNLVKKOQ324WGMD6IYFW2EM22\" target=\"_blank\" rel=\"noopener\"><span style=\"font-style: inherit;\">Emprendedores mayores fueron capacitados en tecnolog\u00edas digital en el Maule, se refiere Germ\u00e1n Lobos, director Centro de Estudios para el Envejecimiento Activo.\u00a0<\/span><\/a><\/p><p>\u00a0<\/p><p><strong>CANAL 30 MULTICOM\u00a0<\/strong><\/p><p><a href=\"https:\/\/www.litoralpress.cl\/sitio\/RadioTV_Detalles.cshtml?LPKey=BTHH5HWN4H53IYW4YMVHLE7E2Y6MZMDKTWD4DFWLNGXUUT55DEPA4UTEWO6XNSFDUWWWR3I4ZR4NY\" target=\"_blank\" rel=\"noopener\">Recomiendan limitar exposici\u00f3n de ni\u00f1os y j\u00f3venes a los dispositivos electr\u00f3nicos. Se refiere Rosario Spencer Contreras, acad\u00e9mica de la Facultad de Psicolog\u00eda.\u00a0\u00a0<\/a><\/p><p>\u00a0<\/p><p><strong>CANAL 30 MULTICOM\u00a0<\/strong><\/p><p><a href=\"https:\/\/www.litoralpress.cl\/sitio\/RadioTV_Detalles.cshtml?LPKey=232FA7KY6ZERZMA26AL3PFUBQP2RQ5BC63R5KJCGWJBMNAPC55ZB6R6TD45LCT4DTTEISK35ILFB2\" target=\"_blank\" rel=\"noopener\"><span style=\"font-style: inherit; font-weight: inherit;\">Estigmas de los trastornos mentales generan problemas de salud p\u00fablica<\/span>. Se refiere Gustavo Dom\u00ednguez, acad\u00e9mico de la Escuela de Enfermer\u00eda.\u00a0<\/a>\u00a0<\/p><p>\u00a0<\/p><p><strong>ELCONQUISTADORDECONCEPCI\u00d3N.CL\u00a0<\/strong><\/p><p><a href=\"https:\/\/www.elconquistadorconcepcion.cl\/2023\/07\/25\/las-historias-de-marcas-que-cambiaron-de-nombre-y-quizas-las-siguen-llamando-como-al-comienzo\/\" target=\"_blank\" rel=\"noopener\"><span style=\"font-style: inherit; font-weight: inherit;\">Las historias de marcas que cambiaron de nombre y, quiz\u00e1s, la siguen llamando como al comienzo. Se refiere C\u00e9sar Soto, jefe de Unidad de Marketing Digital y Redes Sociales\u00a0<\/span>\u00a0<\/a><\/p><p>\u00a0<\/p><p><strong>LATERCERA.COM\u00a0<\/strong><\/p><p><a href=\"https:\/\/www.latercera.com\/opinion\/noticia\/columna-de-mauricio-morales-el-octubrismo-ha-muerto\/TOA4BYDS6ZFNZDPLADS6CXVLDU\/\" target=\"_blank\" rel=\"noopener\">El \u201coctubrismo\u201d ha muerto. Se refiere Mauricio Morales, director del Centro de An\u00e1lisis Pol\u00edtico (CAP).\u00a0<\/a><\/p><p>\u00a0<\/p><p><strong>RADIO INFINITA\u00a0<\/strong><\/p><p><a href=\"https:\/\/www.litoralpress.cl\/sitio\/RadioTV_Detalles.cshtml?LPKey=2NT5UEXYFK7Z4TPDY3F6AASZWGPQSTFXJ6VVLLFSCFTJ3S6JWIYQDMPVR7KEZ2ETQQZP5VGGU2Z2Y\" target=\"_blank\" rel=\"noopener\">An\u00e1lisis pol\u00edtico de Mauricio Morales, director del Centro de An\u00e1lisis Pol\u00edtico (CAP).<\/a>\u00a0<\/p><p>\u00a0<\/p><p><strong>TVMAULE.CL\u00a0<\/strong><\/p><p><a href=\"https:\/\/www.tvmaule.cl\/universitarios-emprendedores-conozcamos-una-tienda-dedicada-a-las-mascotas-y-una-de-confeccion-de-ropa-con-mucho-estilo\/\" target=\"_blank\" rel=\"noopener\">Universitarios emprendedores: conozcamos una tienda dedicada a las mascotas y una de confecci\u00f3n de ropa con mucho estilo. Se refieren Paula Saavedra Rojas, Benjam\u00edn Reyes y Ricardo Gonz\u00e1lez, estudiantes.\u00a0\u00a0<\/a><\/p>\t\t\t\t\t\t<\/div>\n\t\t\t\t<\/div>\n\t\t\t\t\t<\/div>\n\t\t<\/div>\n\t\t\t\t\t\t\t<\/div>\n\t\t<\/section>\n\t\t\t\t\t\t<\/div>\n\t\t\t\t\t<\/div>\n\t\t","protected":false},"excerpt":{"rendered":"<p>NOVACIENCIA.ES (ESPA\u00d1A)\u00a0 Universidad de Talca har\u00e1 p\u00fablico el 8 de septiembre el nombre del ganador del Premio Iberoamericano de Letras Jos\u00e9 Donoso.\u00a0Se refieren Carlos Torres Fuchslocher, rector; y Claire Mercier, acad\u00e9mica del Instituto de Estudios Human\u00edsticos Juan Ignacio Molina y coordinadora del Premio.\u00a0\u00a0 \u00a0 EL LECTOR\u00a0 Premio Jos\u00e9 Donoso 2023 define a su jurado y &hellip;<\/p>\n<p class=\"read-more\"> <a class=\"\" href=\"https:\/\/www.reportedeprensa.utalca.cl\/?p=7900\"> <span class=\"screen-reader-text\">27 de julio de 2023<\/span> Read More &raquo;<\/a><\/p>\n","protected":false},"author":1,"featured_media":0,"comment_status":"closed","ping_status":"open","sticky":false,"template":"","format":"standard","meta":{"_monsterinsights_skip_tracking":false,"_monsterinsights_sitenote_active":false,"_monsterinsights_sitenote_note":"","_monsterinsights_sitenote_category":0},"categories":[38],"tags":[],"_links":{"self":[{"href":"https:\/\/www.reportedeprensa.utalca.cl\/index.php?rest_route=\/wp\/v2\/posts\/7900"}],"collection":[{"href":"https:\/\/www.reportedeprensa.utalca.cl\/index.php?rest_route=\/wp\/v2\/posts"}],"about":[{"href":"https:\/\/www.reportedeprensa.utalca.cl\/index.php?rest_route=\/wp\/v2\/types\/post"}],"author":[{"embeddable":true,"href":"https:\/\/www.reportedeprensa.utalca.cl\/index.php?rest_route=\/wp\/v2\/users\/1"}],"replies":[{"embeddable":true,"href":"https:\/\/www.reportedeprensa.utalca.cl\/index.php?rest_route=%2Fwp%2Fv2%2Fcomments&post=7900"}],"version-history":[{"count":4,"href":"https:\/\/www.reportedeprensa.utalca.cl\/index.php?rest_route=\/wp\/v2\/posts\/7900\/revisions"}],"predecessor-version":[{"id":7904,"href":"https:\/\/www.reportedeprensa.utalca.cl\/index.php?rest_route=\/wp\/v2\/posts\/7900\/revisions\/7904"}],"wp:attachment":[{"href":"https:\/\/www.reportedeprensa.utalca.cl\/index.php?rest_route=%2Fwp%2Fv2%2Fmedia&parent=7900"}],"wp:term":[{"taxonomy":"category","embeddable":true,"href":"https:\/\/www.reportedeprensa.utalca.cl\/index.php?rest_route=%2Fwp%2Fv2%2Fcategories&post=7900"},{"taxonomy":"post_tag","embeddable":true,"href":"https:\/\/www.reportedeprensa.utalca.cl\/index.php?rest_route=%2Fwp%2Fv2%2Ftags&post=7900"}],"curies":[{"name":"wp","href":"https:\/\/api.w.org\/{rel}","templated":true}]}}