{"id":7911,"date":"2023-07-28T19:14:47","date_gmt":"2023-07-28T22:14:47","guid":{"rendered":"https:\/\/www.reportedeprensa.utalca.cl\/?p=7911"},"modified":"2023-07-28T19:22:50","modified_gmt":"2023-07-28T22:22:50","slug":"28-de-julio-de-2023","status":"publish","type":"post","link":"https:\/\/www.reportedeprensa.utalca.cl\/?p=7911","title":{"rendered":"28 de julio de 2023"},"content":{"rendered":"\t\t<div data-elementor-type=\"wp-post\" data-elementor-id=\"7911\" class=\"elementor elementor-7911\" data-elementor-settings=\"[]\">\n\t\t\t\t\t\t\t<div class=\"elementor-section-wrap\">\n\t\t\t\t\t\t\t<section class=\"elementor-section elementor-top-section elementor-element elementor-element-10154d05 elementor-section-boxed elementor-section-height-default elementor-section-height-default\" data-id=\"10154d05\" data-element_type=\"section\">\n\t\t\t\t\t\t<div class=\"elementor-container elementor-column-gap-default\">\n\t\t\t\t\t<div class=\"elementor-column elementor-col-100 elementor-top-column elementor-element elementor-element-5db19c21\" data-id=\"5db19c21\" data-element_type=\"column\">\n\t\t\t<div class=\"elementor-widget-wrap elementor-element-populated\">\n\t\t\t\t\t\t\t\t<div class=\"elementor-element elementor-element-587e31be elementor-widget elementor-widget-text-editor\" data-id=\"587e31be\" data-element_type=\"widget\" data-widget_type=\"text-editor.default\">\n\t\t\t\t<div class=\"elementor-widget-container\">\n\t\t\t\t\t\t\t\t<p><strong>ELCIUDADANO.COM<\/strong><\/p><p><a href=\"https:\/\/www.elciudadano.com\/actualidad\/premio-jose-donoso-2023-define-a-su-jurado-y-la-fecha-de-anuncio-del-ganador\/07\/27\/\">Premio Jos\u00e9 Donoso 2023 define a su jurado y la fecha de anuncio del ganador. Se refieren Carlos Torres Fuchslocher, rector; y Claire Mercier, acad\u00e9mica del Instituto de Estudios Human\u00edsticos Juan Ignacio Molina y coordinadora del Premio.\u00a0\u00a0<\/a><\/p><p>\u00a0<\/p><p><strong>LA PRENSA DE CURIC\u00d3<\/strong><\/p><p><a href=\"https:\/\/www.litoralpress.cl\/paginaconsultas\/Servicios_NClipSitio\/Get_Imagen_Nota.aspx?LPKey=IWQGUDG2BGRJED7BUK5N43QF4LBA3DRDM73EQLLUYP6UMMCQEWN5SE5FUM7QLFR63TRVY7VMDJAPA\">Nueva versi\u00f3n de premio iberoamericano. Se refiere Carlos Torres Fuchslocher, rector<\/a><\/p><p>\u00a0<\/p><p><strong>RADIO NUEVO MUNDO<\/strong><\/p><p><a href=\"https:\/\/www.litoralpress.cl\/sitio\/RadioTV_Detalles.cshtml?LPKey=2UG75GWQVCMDRIWWNBEEYWUT3IOW6NWEG4C55WTDN2LTLVV3SP445MBHBMCFSQYXVDX7ODY5AMUQK\">Premio Jos\u00e9 Donoso 2023. Entrevista a Claire Mercier, acad\u00e9mica del Instituto de Estudios Human\u00edsticos Juan Ignacio Molina y coordinadora del Premio.<\/a><\/p><p>\u00a0<\/p><p><strong>XINHUA EN ESPA\u00d1OL (CHINA)<\/strong><\/p><p><a href=\"https:\/\/spanish.news.cn\/20230726\/c51ca82b128b49549999a9ea45e326c6\/c.html#:~:text=Los%20Juegos%20Panamericanos%20Santiago%202023,recintos%20deportivos%20colmados%20de%20p%C3%BAblico.\"><span style=\"font-style: inherit; font-weight: inherit;\">ESPECIAL: Chile en cuenta regresiva para Juegos Panamericanos y Parapanamericanos Santiago 2023. Se refiere Cristian Santos, director del Programa de Vida Saludable. <\/span><\/a><\/p><p>\u00a0<\/p><p><strong>EL PERIODISTA<\/strong><\/p><p><a href=\"https:\/\/www.elperiodista.cl\/2023\/07\/se-inicia-cuenta-regresiva-para-juegos-panamericanos-y-parapanamericanos-santiago-2023\/\">Se inicia cuenta regresiva para Juegos Panamericanos y Parapanamericanos Santiago 2023. Se refiere Cristian Santos, director del Programa de Vida Saludable.<\/a><\/p><p>\u00a0<\/p><p><strong>EL MERCURIO<\/strong><\/p><p><a href=\"https:\/\/www.litoralpress.cl\/paginaconsultas\/Servicios_NClipSitio\/Get_Imagen_Nota.aspx?LPKey=O4AEV2MT7GBBMN7IP55LW3WXUVNLBMABLLWGXQWHIUCVJENWJZY3RC6ORSN424AWRTKD2QRW3B4EO\"><span style=\"font-style: inherit; font-weight: inherit;\">Estudian el desarrollo de transformadores el\u00e9ctricos h\u00edbridos<\/span>. Se menciona a Carlos Baier, acad\u00e9mico de la Facultad de Ingenier\u00eda<\/a><\/p><p>\u00a0<\/p><p><strong>EL MERCURIO<\/strong><\/p><p><a href=\"https:\/\/www.litoralpress.cl\/paginaconsultas\/Servicios_NClipSitio\/Get_Imagen_Nota.aspx?LPKey=6DAETI2IXC7KB55QRRDYPTRLON26KTE63ZBNCRGAVP7LECXTFV7EX4T3C4247DX3BGLGHWXZF4REO\"><span style=\"font-style: inherit; font-weight: inherit;\">Investigan posibilidades del amon\u00edaco verde como vector energ\u00e9tico<\/span>. Se menciona a la Universidad de Talca.<\/a><\/p><p>\u00a0<\/p><p><strong>PUBLIMICRO<\/strong><\/p><p><a href=\"https:\/\/publimicro.cl\/nueva-plataforma-de-inteligencia-artificial-pronostica-heladas-con-90-de-eficiencia-en-el-sector-agroalimentario\/\">Con inteligencia artificial sistema pronostica heladas con 90% de eficiencia. Se refiere el acad\u00e9mico de la Facultad de Ingenier\u00eda Jos\u00e9 Antonio Reyes.<\/a><\/p><p>\u00a0<\/p><p><strong>LATERCERA.COM<\/strong><\/p><p><a href=\"https:\/\/www.latercera.com\/earlyaccess\/noticia\/consejo-de-rectores-sigue-equilibrando-la-balanza-ahora-seis-de-las-30-universidades-tienen-a-una-mujer-como-maxima-autoridad\/KLLIFPTAMRCINFACWOBXLT7PZA\/\">Consejo de Rectores sigue equilibrando la balanza: ahora seis de las 30 universidades tienen a una mujer como m\u00e1xima autoridad. Se menciona a la Universidad de Talca.<\/a><\/p><p>\u00a0<\/p><p><strong>ADPRENSA<\/strong><\/p><p><a href=\"https:\/\/www.adprensa.cl\/cronica\/estudiantes-crean-material-didactico-para-rehabilitacion-de-personas-ciegas\/\">Estudiantes crean material did\u00e1ctico para rehabilitaci\u00f3n de personas ciegas. Se refieren Claudio Aravena Aranda y Marcia Silva, acad\u00e9micos de la Facultad de Ingenier\u00eda.<\/a><\/p><p>\u00a0<\/p><p><strong>MEDIABANCO<\/strong><\/p><p><a href=\"https:\/\/www.mediabanco.com\/estudiantes-crean-material-didactico-para-rehabilitacion-de-personas-ciegas\/\">Estudiantes crean material did\u00e1ctico para rehabilitaci\u00f3n de personas ciegas. Se refieren Claudio Aravena Aranda y Marcia Silva, acad\u00e9micos de la Facultad de Ingenier\u00eda.<\/a><\/p><p>\u00a0<\/p><p><strong>RED MAULE<\/strong><\/p><p><a href=\"https:\/\/www.redmaule.com\/regional\/estudiantes-crean-material-didactico-para-rehabilitacion-de-personas-ciegas\">Estudiantes crean material did\u00e1ctico para rehabilitaci\u00f3n de personas ciegas. Se refieren Claudio Aravena Aranda y Marcia Silva, acad\u00e9micos de la Facultad de Ingenier\u00eda.<\/a><\/p><p>\u00a0<\/p><p><strong>RED O`HIIGGINS<\/strong><\/p><p><a href=\"https:\/\/www.redohiggins.com\/regional\/estudiantes-crean-material-didactico-para-rehabilitacion-de-personas-ciegas\">Estudiantes crean material did\u00e1ctico para rehabilitaci\u00f3n de personas ciegas. Se refieren Claudio Aravena Aranda y Marcia Silva, acad\u00e9micos de la Facultad de Ingenier\u00eda.<\/a><\/p><p>\u00a0<\/p><p><strong>RED BIOBIO<\/strong><\/p><p><a href=\"https:\/\/www.redbiobio.com\/regional\/estudiantes-crean-material-didactico-para-rehabilitacion-de-personas-ciegas\">Estudiantes crean material did\u00e1ctico para rehabilitaci\u00f3n de personas ciegas. Se refieren Claudio Aravena Aranda y Marcia Silva, acad\u00e9micos de la Facultad de Ingenier\u00eda.<\/a><\/p><p>\u00a0<\/p><p><strong>ENLINEAMAULE.CL<\/strong><\/p><p><a href=\"https:\/\/enlineamaule.cl\/archivo\/53141\">Estudiantes crean material did\u00e1ctico para rehabilitaci\u00f3n de personas ciegas. Se refieren Claudio Aravena Aranda y Marcia Silva, acad\u00e9micos de la Facultad de Ingenier\u00eda.<\/a><\/p><p>\u00a0<\/p><p><strong>PUBLIMICRO<\/strong><\/p><p><a href=\"https:\/\/publimicro.cl\/asociacion-entre-fundacion-luz-y-alumnos-de-ingenieria-de-la-universidad-de-talca-es-un-aporte-para-personas-con-discapacidad-visual\/\">Asociaci\u00f3n entre Fundaci\u00f3n Luz y Alumnos de Ingenier\u00eda de la Universidad de Talca, es un aporte para personas con discapacidad visual. Se refieren Claudio Aravena Aranda y Marcia Silva, acad\u00e9micos de la Facultad de Ingenier\u00eda.<\/a><\/p><p>\u00a0<\/p><p><strong>DIARIOELCENTRO.CL<\/strong><\/p><p><a href=\"https:\/\/www.diarioelcentro.cl\/2023\/07\/28\/talca-estudiantes-crean-material-didactico-para-la-rehabilitacion-de-personas-ciegas\/\">Estudiantes crean material did\u00e1ctico para rehabilitaci\u00f3n de personas ciegas. Se refieren Claudio Aravena Aranda y Marcia Silva, acad\u00e9micos de la Facultad de Ingenier\u00eda.<\/a><\/p><p>\u00a0<\/p><p><strong>CANAL 30 MULTICOM<\/strong><\/p><p><a href=\"https:\/\/www.litoralpress.cl\/sitio\/RadioTV_Detalles.cshtml?LPKey=TNY74W4PCXPOQUX642BZX6OW6VFZGWV2YZDWJ2BECPYSGT334CI6JVBBM57SNHVMLA6FM3CTFGZ6Q\">Migrantes han enfrentado barreras para acceder a productos financieros.\u00a0Se refieren Rodrigo Herrera, decano de la Facultad de Econom\u00eda y Negocios; y Medardo Aguirre Gonz\u00e1lez, director del Centro de Estudios Migratorios (CEMI)<\/a>.\u00a0<\/p><p>\u00a0<\/p><p><strong>EL LECTOR<\/strong><\/p><p><a href=\"https:\/\/www.litoralpress.cl\/sitio\/Prensa_Detalles.cshtml?LPKey=J4JK7YE3Z3BVQL2VE3O4X4LP25ABOGJNOWFMQC2OZHAECQ76TRMQ\">Analizan influencias y rol cultural de la m\u00fasica popular chilena del siglo XX. Se refiere Andr\u00e9s Maraga\u00f1o Leveque, decano de la Facultad de Arquitectura, M\u00fasica y Dise\u00f1o.\u00a0<span style=\"font-style: inherit; font-weight: inherit;\">\u00a0<\/span><\/a><\/p><p>\u00a0<\/p><p><strong>G5NOTICIAS.CL<\/strong><\/p><p><a href=\"https:\/\/g5noticias.cl\/2023\/07\/27\/uoh-y-utalca-se-adjudican-proyecto-en-conocimientos-2030-de-anid\/\">UOH y UTalca se adjudican proyecto en Conocimientos 2030 de ANID. Se menciona a la Universidad de Talca.<\/a><\/p><p>\u00a0<\/p><p><strong>REVISTA INDUAMBIENTE<\/strong><\/p><p><a href=\"https:\/\/www.litoralpress.cl\/paginaconsultas\/Servicios_NClipSitio\/Get_Imagen_Nota.aspx?LPKey=ELYYFWQWKTUMNZUERJM6UGEPBKYFQTU5JUKQDTBBLDA4R3Q3U6SOIPBROLQI5ODMDDGEMP5J5427M\">\u201cCulpabes de las inundaciones\u201d. Se refiere Patricio Gonz\u00e1lez Colville, agroclimat\u00f3logo del Centro de Investigaci\u00f3n y Transferencia en Riego y Agroclimatolog\u00eda.<\/a><\/p><p>\u00a0<\/p><p><strong>EXPLORA.CL<\/strong><\/p><p><a href=\"https:\/\/www.explora.cl\/maule\/red-territorial-maule-ciencia-impulsara-la-educacion-cientifica-en-la-region\/\">Red Territorial Maule Ciencia impulsar\u00e1 la educaci\u00f3n cient\u00edfica en la regi\u00f3n. Se refiere Leonardo Leottau, director de Explora Maule \u2013 UTalca.<\/a><\/p><p>\u00a0<\/p><p><strong>PAISDIGITAL.ORG<\/strong><\/p><p><a href=\"https:\/\/paisdigital.org\/2023\/07\/27\/cuales-son-los-principales-desafios-del-talento-digital-en-chile-ntt-data-y-pais-digital-lanzan-libro-que-examina-el-panorama-local\/\">\u00bfCu\u00e1les son los principales desaf\u00edos del Talento Digital en Chile?: NTT DATA y Pa\u00eds Digital lanzan libro que examina el panorama local. Se menciona a la Universidad de Talca.<\/a><\/p><p>\u00a0<\/p><p><strong>EL MERCURIO<\/strong><\/p><p><a href=\"https:\/\/www.litoralpress.cl\/paginaconsultas\/Servicios_NClipSitio\/Get_Imagen_Nota.aspx?LPKey=SXWFLPKKCGLLPSK3TXQ2NZAJ77V2YNRKQFHMDTAOVVBFU2VCKJR7YGU447NDB5MRPWOIIYT3I2C4S\">Republicanos se vuelve el partido m\u00e1s valorado, desatando inquietud en el Gobierno y Chile Vamos. Se refiere Mauricio Morales, director del Centro de An\u00e1lisis Pol\u00edtico (CAP).<\/a><\/p><p>\u00a0<\/p><p><strong>HOY X HOY<\/strong><\/p><p><a href=\"https:\/\/www.litoralpress.cl\/paginaconsultas\/Servicios_NClipSitio\/Get_Imagen_Nota.aspx?LPKey=7YJMQGHKIR5PGVWWP2BUHCOEEOKEU5XMK7E6647OWDA2KGLX4LVSWC7BXEWECA4UJYNIX2YXBSI7E\">CEP: el 66% prefiere un gobierno firme a uno que priorice derechos de las personas. Se refiere Mauricio Morales, director del Centro de An\u00e1lisis Pol\u00edtico (CAP).<\/a><\/p><p>\u00a0<\/p><p><strong>EMOL<\/strong><\/p><p><a href=\"https:\/\/www.emol.com\/noticias\/Nacional\/2023\/07\/28\/1102339\/analisis-resultados-encuesta-cep.html\">Respaldo a republicanos, seguridad como prioridad y mala percepci\u00f3n econ\u00f3mica: C\u00f3mo leer los resultados de la CEP. Se refiere Mauricio Morales, director del Centro de An\u00e1lisis Pol\u00edtico (CAP).<\/a><\/p><p>\u00a0<\/p><p><strong>CNN CHILE<\/strong><\/p><p><a href=\"https:\/\/www.litoralpress.cl\/sitio\/RadioTV_Detalles.cshtml?LPKey=VJAQ5PL4DGDXPLFWQUA54YX2DFPMEX2LN7W2YRFOPHLG7IC7PVTVB7W3TGRPOVGZMKHATFNJPBRSQ\">Encuesta de opini\u00f3n p\u00fablica CEP. Entrevista a Mauricio Morales, director del Centro de An\u00e1lisis Pol\u00edtico (CAP).<\/a><\/p><p>\u00a0<\/p><p><strong>LA SEGUNDA<\/strong><\/p><p><a href=\"https:\/\/www.litoralpress.cl\/paginaconsultas\/Servicios_NClipSitio\/Get_Imagen_Nota.aspx?LPKey=HLACS5V4MHA6OELRIJCCPH7YTPKFX5TEKEOJT4XBTT6KEP5BHEN6O5IPYTS3LI5U6GRDKYTMRF4TK\">&#8220;Lo de los partidos pol\u00edticos es para llorar&#8221;. Se refiere Mauricio Morales, director del Centro de An\u00e1lisis Pol\u00edtico (CAP).<\/a><\/p><p>\u00a0<\/p><p><strong>RADIO AGRICULTURA<\/strong><\/p><p><a href=\"https:\/\/www.litoralpress.cl\/sitio\/RadioTV_Detalles.cshtml?LPKey=LXAISZ6BEM7JARPOJX2ECR7K7ERNBOBNLCPYYBEBJ3DK22EBX5HJ32RLUGE7LEBWYGYRNYHTN65R2\">An\u00e1lisis de los resultados de la encuesta CEP. Se refiere Mauricio Morales, director del Centro de An\u00e1lisis Pol\u00edtico (CAP).<\/a><\/p><p>\u00a0<\/p><p><strong>RADIO INFINITA<\/strong><\/p><p><a href=\"https:\/\/www.litoralpress.cl\/sitio\/RadioTV_Detalles.cshtml?LPKey=O64WMNY4XKC6JPLKSL2SAVERTMTPYYS5CQKCJNLQMX7SFJSZMENP6EZCWFURZE6VTU44VLWC3FL5C\">An\u00e1lisis pol\u00edtico de Mauricio Morales, director del Centro de An\u00e1lisis Pol\u00edtico (CAP).<\/a><\/p>\t\t\t\t\t\t<\/div>\n\t\t\t\t<\/div>\n\t\t\t\t\t<\/div>\n\t\t<\/div>\n\t\t\t\t\t\t\t<\/div>\n\t\t<\/section>\n\t\t\t\t\t\t<\/div>\n\t\t\t\t\t<\/div>\n\t\t","protected":false},"excerpt":{"rendered":"<p>ELCIUDADANO.COM Premio Jos\u00e9 Donoso 2023 define a su jurado y la fecha de anuncio del ganador. Se refieren Carlos Torres Fuchslocher, rector; y Claire Mercier, acad\u00e9mica del Instituto de Estudios Human\u00edsticos Juan Ignacio Molina y coordinadora del Premio.\u00a0\u00a0 \u00a0 LA PRENSA DE CURIC\u00d3 Nueva versi\u00f3n de premio iberoamericano. Se refiere Carlos Torres Fuchslocher, rector \u00a0 &hellip;<\/p>\n<p class=\"read-more\"> <a class=\"\" href=\"https:\/\/www.reportedeprensa.utalca.cl\/?p=7911\"> <span class=\"screen-reader-text\">28 de julio de 2023<\/span> Read More &raquo;<\/a><\/p>\n","protected":false},"author":1,"featured_media":0,"comment_status":"closed","ping_status":"open","sticky":false,"template":"","format":"standard","meta":{"_monsterinsights_skip_tracking":false,"_monsterinsights_sitenote_active":false,"_monsterinsights_sitenote_note":"","_monsterinsights_sitenote_category":0},"categories":[38],"tags":[],"_links":{"self":[{"href":"https:\/\/www.reportedeprensa.utalca.cl\/index.php?rest_route=\/wp\/v2\/posts\/7911"}],"collection":[{"href":"https:\/\/www.reportedeprensa.utalca.cl\/index.php?rest_route=\/wp\/v2\/posts"}],"about":[{"href":"https:\/\/www.reportedeprensa.utalca.cl\/index.php?rest_route=\/wp\/v2\/types\/post"}],"author":[{"embeddable":true,"href":"https:\/\/www.reportedeprensa.utalca.cl\/index.php?rest_route=\/wp\/v2\/users\/1"}],"replies":[{"embeddable":true,"href":"https:\/\/www.reportedeprensa.utalca.cl\/index.php?rest_route=%2Fwp%2Fv2%2Fcomments&post=7911"}],"version-history":[{"count":4,"href":"https:\/\/www.reportedeprensa.utalca.cl\/index.php?rest_route=\/wp\/v2\/posts\/7911\/revisions"}],"predecessor-version":[{"id":7915,"href":"https:\/\/www.reportedeprensa.utalca.cl\/index.php?rest_route=\/wp\/v2\/posts\/7911\/revisions\/7915"}],"wp:attachment":[{"href":"https:\/\/www.reportedeprensa.utalca.cl\/index.php?rest_route=%2Fwp%2Fv2%2Fmedia&parent=7911"}],"wp:term":[{"taxonomy":"category","embeddable":true,"href":"https:\/\/www.reportedeprensa.utalca.cl\/index.php?rest_route=%2Fwp%2Fv2%2Fcategories&post=7911"},{"taxonomy":"post_tag","embeddable":true,"href":"https:\/\/www.reportedeprensa.utalca.cl\/index.php?rest_route=%2Fwp%2Fv2%2Ftags&post=7911"}],"curies":[{"name":"wp","href":"https:\/\/api.w.org\/{rel}","templated":true}]}}