{"id":7925,"date":"2023-07-31T12:29:53","date_gmt":"2023-07-31T15:29:53","guid":{"rendered":"https:\/\/www.reportedeprensa.utalca.cl\/?p=7925"},"modified":"2023-07-31T12:37:51","modified_gmt":"2023-07-31T15:37:51","slug":"31-de-julio-de-2023","status":"publish","type":"post","link":"https:\/\/www.reportedeprensa.utalca.cl\/?p=7925","title":{"rendered":"31 de julio de 2023"},"content":{"rendered":"\t\t<div data-elementor-type=\"wp-post\" data-elementor-id=\"7925\" class=\"elementor elementor-7925\" data-elementor-settings=\"[]\">\n\t\t\t\t\t\t\t<div class=\"elementor-section-wrap\">\n\t\t\t\t\t\t\t<section class=\"elementor-section elementor-top-section elementor-element elementor-element-10154d05 elementor-section-boxed elementor-section-height-default elementor-section-height-default\" data-id=\"10154d05\" data-element_type=\"section\">\n\t\t\t\t\t\t<div class=\"elementor-container elementor-column-gap-default\">\n\t\t\t\t\t<div class=\"elementor-column elementor-col-100 elementor-top-column elementor-element elementor-element-5db19c21\" data-id=\"5db19c21\" data-element_type=\"column\">\n\t\t\t<div class=\"elementor-widget-wrap elementor-element-populated\">\n\t\t\t\t\t\t\t\t<div class=\"elementor-element elementor-element-587e31be elementor-widget elementor-widget-text-editor\" data-id=\"587e31be\" data-element_type=\"widget\" data-widget_type=\"text-editor.default\">\n\t\t\t\t<div class=\"elementor-widget-container\">\n\t\t\t\t\t\t\t\t<p><strong>ADPRENSA<\/strong><\/p><p><a href=\"https:\/\/www.adprensa.cl\/cronica\/investigadores-de-la-utalca-analizan-metodos-para-fortalecer-la-produccion-cientifica\/\">Investigadores de la UTalca analizan m\u00e9todos para fortalecer la producci\u00f3n cient\u00edfica. Se refiere Cristian Rojas Barahona, vicerrector Acad\u00e9mico.<\/a><\/p><p>\u00a0<\/p><p><strong>MEDIABANCO<\/strong><\/p><p><a href=\"https:\/\/www.mediabanco.com\/investigadores-de-la-utalca-analizan-metodos-para-fortalecer-la-produccion-cientifica\/\">Investigadores de la UTalca analizan m\u00e9todos para fortalecer la producci\u00f3n cient\u00edfica. Se refiere Cristian Rojas Barahona, vicerrector Acad\u00e9mico<\/a><\/p><p>\u00a0<\/p><p><strong>PUBLIMICRO<\/strong><\/p><p><a href=\"https:\/\/publimicro.cl\/investigadores-de-la-universidad-de-talca-analizaron-metodos-para-fortalecer-la-produccion-cientifica-y-academica\/\">Investigadores de la UTalca analizan m\u00e9todos para fortalecer la producci\u00f3n cient\u00edfica. Se refiere Cristian Rojas Barahona, vicerrector Acad\u00e9mico<\/a><\/p><p>\u00a0<\/p><p><strong>ELDIARIODESANTIAGO.CL<\/strong><\/p><p><a href=\"https:\/\/eldiariosantiago.cl\/2023\/07\/29\/investigadores-de-la-utalca-analizan-metodos-para-fortalecer-la-produccion-cientifica\/\">Investigadores de la UTalca analizan m\u00e9todos para fortalecer la producci\u00f3n cient\u00edfica. Se refiere Cristian Rojas Barahona, vicerrector Acad\u00e9mico.<\/a><\/p><p>\u00a0<\/p><p><strong>CHILLAN ONLINE<\/strong><\/p><p><a href=\"https:\/\/www.chillanonline.cl\/V6\/investigadores-de-la-utalca-analizan-metodos-para-fortalecer-la-produccion-cientifica\/\">Investigadores de la UTalca analizan m\u00e9todos para fortalecer la producci\u00f3n cient\u00edfica. Se refiere Cristian Rojas Barahona, vicerrector Acad\u00e9mico.<\/a><\/p><p>\u00a0<\/p><p><strong>EL MERCURIO<\/strong><\/p><p><a href=\"https:\/\/www.litoralpress.cl\/paginaconsultas\/Servicios_NClipSitio\/Get_Imagen_Nota.aspx?LPKey=O4AEV2MT7GBBMN7IP55LW3WXUVNLBMABLLWGXQWHIUCVJENWJZY3RC6ORSN424AWRTKD2QRW3B4EO\">Estudian el desarrollo de transformadores el\u00e9ctricos h\u00edbridos. Se menciona a Carlos Baier, acad\u00e9mico de la Facultad de Ingenier\u00eda<\/a><\/p><p>\u00a0<\/p><p><strong>EL MERCURIO<\/strong><\/p><p><a href=\"https:\/\/www.litoralpress.cl\/paginaconsultas\/Servicios_NClipSitio\/Get_Imagen_Nota.aspx?LPKey=6DAETI2IXC7KB55QRRDYPTRLON26KTE63ZBNCRGAVP7LECXTFV7EX4T3C4247DX3BGLGHWXZF4REO\">Investigan posibilidades del amon\u00edaco verde como vector energ\u00e9tico. Se menciona a la Universidad de Talca.<\/a><\/p><p>\u00a0<\/p><p><strong>EL MOSTRADOR<\/strong><\/p><p><a href=\"https:\/\/www.elmostrador.cl\/agenda-pais\/agenda-innovacion\/2023\/07\/29\/sistema-pronostica-heladas-con-90-de-eficiencia-gracias-al-uso-de-inteligencia-artificial\/\">Sistema pronostica heladas con 90% de eficiencia gracias al uso de Inteligencia Artificial. Se refiere el acad\u00e9mico de la Facultad de Ingenier\u00eda Jos\u00e9 Antonio Reyes.<\/a><\/p><p>\u00a0<\/p><p><strong>EL TIP\u00d3GRAFO<\/strong><\/p><p><a href=\"https:\/\/eltipografo.cl\/2023\/07\/inteligencia-artificial-puede-pronosticar-heladas-con-90-de-eficiencia\">Inteligencia artificial puede pronosticar heladas con 90% de eficiencia. Se refiere el acad\u00e9mico de la Facultad de Ingenier\u00eda Jos\u00e9 Antonio Reyes.<\/a><\/p><p>\u00a0<\/p><p><strong>PUBLIMICRO<\/strong><\/p><p><a href=\"https:\/\/publimicro.cl\/nueva-plataforma-de-inteligencia-artificial-pronostica-heladas-con-90-de-eficiencia-en-el-sector-agroalimentario\/\">Con inteligencia artificial sistema pronostica heladas con 90% de eficiencia. Se refiere el acad\u00e9mico de la Facultad de Ingenier\u00eda Jos\u00e9 Antonio Reyes<\/a>.<\/p><p>\u00a0<\/p><p><strong>S\u00c9PTIMAP\u00c1GINANOTICIAS.CL<\/strong><\/p><p><a href=\"https:\/\/www.septimapaginanoticias.cl\/con-inteligencia-artificial-sistema-pronostica-heladas-con-90-por-ciento-de-eficiencia\">Con inteligencia artificial sistema pronostica heladas con 90% de eficiencia. Se refiere el acad\u00e9mico de la Facultad de Ingenier\u00eda Jos\u00e9 Antonio Reyes.<\/a><\/p><p>\u00a0<\/p><p><strong>XINHUA EN ESPA\u00d1OL (CHINA)<\/strong><\/p><p><a href=\"https:\/\/spanish.news.cn\/20230726\/c51ca82b128b49549999a9ea45e326c6\/c.html#:~:text=Los%20Juegos%20Panamericanos%20Santiago%202023,recintos%20deportivos%20colmados%20de%20p%C3%BAblico.\">ESPECIAL: Chile en cuenta regresiva para Juegos Panamericanos y Parapanamericanos Santiago 2023. Se refiere Cristian Santos, director del Programa de Vida Saludable.<\/a><\/p><p>\u00a0<\/p><p><strong>EL PERIODISTA<\/strong><\/p><p><a href=\"https:\/\/www.elperiodista.cl\/2023\/07\/se-inicia-cuenta-regresiva-para-juegos-panamericanos-y-parapanamericanos-santiago-2023\/\">Se inicia cuenta regresiva para Juegos Panamericanos y Parapanamericanos Santiago 2023. Se refiere Cristian Santos, director del Programa de Vida Saludable<\/a>.<\/p><p>\u00a0<\/p><p><strong>DIARIO LA DISCUSI\u00d3N\u00a0<\/strong><\/p><p><a href=\"https:\/\/www.litoralpress.cl\/paginaconsultas\/Servicios_NClipSitio\/Get_Imagen_Nota.aspx?LPKey=NI7LGPO2VKPZLHN4VBAI5J22SW5P3QVELRLD62JKU37CA64NJLBMJDV6ORTLUXQGM34NXRLWQMKIA\">M\u00e1ximas de m\u00e1s de 40 y promedio sobre 30 grados: el escenario al que tendr\u00e1 que acostumbrarse Chill\u00e1n. Se refiere Patricio Gonz\u00e1lez Colville, agroclimat\u00f3logo del Centro de Investigaci\u00f3n y Transferencia en Riego y Agroclimatolog\u00eda.<\/a><\/p><p>\u00a0<\/p><p><strong>LADISCUSION.CL<\/strong><\/p><p><a href=\"https:\/\/www.ladiscusion.cl\/maximas-sobre-40-el-escenario-al-que-tendra-acostumbrarse-chillan\/\">M\u00e1ximas de m\u00e1s de 40 y promedio sobre 30 grados: el escenario al que tendr\u00e1 que acostumbrarse Chill\u00e1n. Se refiere Patricio Gonz\u00e1lez Colville, agroclimat\u00f3logo del Centro de Investigaci\u00f3n y Transferencia en Riego y Agroclimatolog\u00eda.<\/a><\/p><p>\u00a0<\/p><p><strong>ELDIARIODESANTIAGO.CL<\/strong><\/p><p><a href=\"https:\/\/eldiariosantiago.cl\/2023\/07\/29\/estudiantes-crean-material-didactico-para-rehabilitacion-de-personas-ciegas\/\">Estudiantes crean material did\u00e1ctico para rehabilitaci\u00f3n de personas ciegas. Se refieren Claudio Aravena Aranda y Marcia Silva, acad\u00e9micos de la Facultad de Ingenier\u00eda.<\/a><\/p><p>\u00a0<\/p><p><strong>CHILL\u00c1N ONLINE<\/strong><\/p><p><a href=\"https:\/\/www.chillanonline.cl\/V6\/docentes-y-estudiantes-de-medicina-de-la-utalca-prestan-apoyo-por-crisis-de-virus-respiratorios\/\">Docentes y estudiantes de Medicina de la UTalca prestan apoyo por crisis de virus respiratorios. Se refieren Gonzalo Guti\u00e9rrez, y M\u00f3nica Carrasco, acad\u00e9micos de la Escuela de Medicina.<\/a><\/p><p>\u00a0<\/p><p><strong>CANAL TVN RED MAULE<\/strong><\/p><p><a href=\"https:\/\/www.litoralpress.cl\/sitio\/RadioTV_Detalles.cshtml?LPKey=EIGMY5SZ4A5O2DVKRNOKQXNJTZBZZZNHJBLRL4CY6ZQSP36JF4Q5VO4HROJU2UDZNSOI76BECK27O\">Encuesta Casen: \u00cdndice de pobreza baja y llega al 8,7% en su descenso es el m\u00e1s significativo desde 2006.<\/a><\/p><p>\u00a0<\/p><p><strong>CANAL TV+<\/strong><\/p><p><a href=\"https:\/\/www.litoralpress.cl\/sitio\/RadioTV_Detalles.cshtml?LPKey=X36XZUOZSMZ56NPPNXLO23F4RQYTHLMWS264VAGJNZMDUC5QLYGT6YHN7OS5KF2RSYQ77JQMMGQHQ\">Efecto del cambio clim\u00e1tico en la producci\u00f3n de manzanas. Se refiere Daniela Simeone, investigadora del Centro de Pom\u00e1ceas.<\/a><\/p><p>\u00a0<\/p><p><strong>G5NOTICIAS.CL<\/strong><\/p><p><a href=\"https:\/\/g5noticias.cl\/2023\/07\/29\/analizan-influencias-y-rol-cultural-de-la-musica-popular-chilena-del-siglo-xx\/\">Analizan influencias y rol cultural de la m\u00fasica popular chilena del siglo XX. Se refiere Andr\u00e9s Maraga\u00f1o Leveque, decano de la Facultad de Arquitectura, M\u00fasica y Dise\u00f1o.\u00a0\u00a0<\/a><\/p><p>\u00a0<\/p><p><strong>COOPERATIVA CIENCIA<\/strong><\/p><p><a href=\"https:\/\/www.cooperativaciencia.cl\/2023\/07\/29\/recomiendan-limitar-la-exposicion-de-pantallas-a-ninos\/\">Recomiendan limitar la exposici\u00f3n de pantallas a ni\u00f1os. Se refiere Rosario Spencer Contreras, acad\u00e9mica de la Facultad de Psicolog\u00eda.<\/a><\/p><p>\u00a0<\/p><p><strong>RADIOPOLAR.COM<\/strong><\/p><p><a href=\"https:\/\/radiopolar.com\/recomiendan-limitar-exposicion-de-ninos-y-jovenes-a-los-dispositivos-electronicos\/\">Recomiendan limitar la exposici\u00f3n de pantallas a ni\u00f1os. Se refiere Rosario Spencer Contreras, acad\u00e9mica de la Facultad de Psicolog\u00eda.<\/a><\/p><p>\u00a0<\/p><p><strong>MEGANOTICIAS.CL<\/strong><\/p><p><a href=\"https:\/\/www.meganoticias.cl\/nacional\/421217-columna-mauricio-morales-encuesta-cadem-elecciones-derecha-gobierno-kast-matthei-carter-30-07-2023.html\">Tirar y abrazarse. Se refiere Mauricio Morales, director del Centro de An\u00e1lisis Pol\u00edtico.<\/a><\/p><p>\u00a0<\/p><p><strong>BIOBIOCHILE.CL<\/strong><\/p><p><a href=\"https:\/\/www.biobiochile.cl\/noticias\/nacional\/chile\/2023\/07\/29\/el-ajedrez-de-la-dc-las-piezas-que-debe-mover-el-presidente-de-la-camara-ante-los-50-anos-del-golpe.shtml\">Ajedrez de los 50 a\u00f1os: el &#8220;ahijado pol\u00edtico&#8221; DC, la irrupci\u00f3n de Hertz y un acto en suspenso. Se refiere Mario Herrera, investigador del Centro de An\u00e1lisis Pol\u00edtico.<\/a><\/p><p>\u00a0<\/p><p><strong>DIARIOELCENTRO.CL<\/strong><\/p><p><a href=\"https:\/\/www.diarioelcentro.cl\/2023\/07\/30\/la-casa-de-todas-y-todos\/\">La casa de todas y todos. Se refiere Jorge Navarrete Bustamante, director del mag\u00edster en Gesti\u00f3n y Pol\u00edticas P\u00fablicas.<\/a><\/p><p>\u00a0<\/p><p><strong>DIARIO TALCA<\/strong><\/p><p><a href=\"https:\/\/diariotalca.cl\/falcon-y-divertimento-por-rodrigo-biel-melgarejo\/\">Falcon y divertimiento. Se refiere Rodrigo Biel Melgarejo, acad\u00e9mico de la Facultad de Ciencias Jur\u00eddicas y Sociales.<\/a><\/p><p>\u00a0<\/p><p><strong>MEDIABANCO<\/strong><\/p><p><a href=\"https:\/\/www.mediabanco.com\/con-peliculas-de-culto-vuelve-el-cine-semana-la-extension-utalca\/\">Con pel\u00edculas de culto vuelve el cine semana la Extensi\u00f3n UTalca. Se refiere Marcela Albornoz Dachelet, directora de Extensi\u00f3n Cultural \u2013 Art\u00edstica.<\/a><\/p><p>\u00a0<\/p><p><strong>CHILLAN ONLINE<\/strong><\/p><p><a href=\"https:\/\/www.chillanonline.cl\/V6\/con-peliculas-de-culto-vuelve-el-cine-semanal-a-extension-utalca\/\">Con pel\u00edculas de culto vuelve el cine semana la Extensi\u00f3n UTalca. Se refiere Marcela Albornoz Dachelet, directora de Extensi\u00f3n Cultural \u2013 Art\u00edstica.<\/a><\/p><p>\u00a0<\/p><p><strong>TVMAULE.CL<\/strong><\/p><p><a href=\"https:\/\/www.tvmaule.cl\/con-peliculas-de-culto-vuelve-el-cine-semanal-a-extension-utalca\/\">Con pel\u00edculas de culto vuelve el cine semana la Extensi\u00f3n UTalca. Se refiere Marcela Albornoz Dachelet, directora de Extensi\u00f3n Cultural \u2013 Art\u00edstica.<\/a><\/p><p>\u00a0<\/p><p><strong>DIARIO TALCA<\/strong><\/p><p><a href=\"https:\/\/diariotalca.cl\/te-gustan-los-clasicos-del-cine-aqui-agenda-del-centro-de-extension-utalca\/\">\u00bfTe gustan los cl\u00e1sicos del cine? Aqu\u00ed agenda para agosto en Extensi\u00f3n UTalca. Se refiere Marcela Albornoz Dachelet, directora de Extensi\u00f3n Cultural \u2013 Art\u00edstica.<\/a><\/p><p>\u00a0<\/p><p><strong>EL LECTOR<\/strong><\/p><p><a href=\"https:\/\/www.litoralpress.cl\/paginaconsultas\/Servicios_NClipSitio\/Get_Imagen_Nota.aspx?LPKey=PTIFMJKP5GRETASJIIXMKSCYRRWYDXCCTDBWN3UWMMHMDYRQXLDZK66Z7XANFYQIWVMEC6LSRUWYK\">UTalca exhibe trabajo que fusiona arte en la Regi\u00f3n del Maule. Se refiere Marcela Albornoz Dachelet, directora de Extensi\u00f3n Cultural \u2013 Art\u00edstica.<\/a><\/p>\t\t\t\t\t\t<\/div>\n\t\t\t\t<\/div>\n\t\t\t\t\t<\/div>\n\t\t<\/div>\n\t\t\t\t\t\t\t<\/div>\n\t\t<\/section>\n\t\t\t\t\t\t<\/div>\n\t\t\t\t\t<\/div>\n\t\t","protected":false},"excerpt":{"rendered":"<p>ADPRENSA Investigadores de la UTalca analizan m\u00e9todos para fortalecer la producci\u00f3n cient\u00edfica. Se refiere Cristian Rojas Barahona, vicerrector Acad\u00e9mico. \u00a0 MEDIABANCO Investigadores de la UTalca analizan m\u00e9todos para fortalecer la producci\u00f3n cient\u00edfica. Se refiere Cristian Rojas Barahona, vicerrector Acad\u00e9mico \u00a0 PUBLIMICRO Investigadores de la UTalca analizan m\u00e9todos para fortalecer la producci\u00f3n cient\u00edfica. Se refiere Cristian &hellip;<\/p>\n<p class=\"read-more\"> <a class=\"\" href=\"https:\/\/www.reportedeprensa.utalca.cl\/?p=7925\"> <span class=\"screen-reader-text\">31 de julio de 2023<\/span> Read More &raquo;<\/a><\/p>\n","protected":false},"author":1,"featured_media":0,"comment_status":"closed","ping_status":"open","sticky":false,"template":"","format":"standard","meta":{"_monsterinsights_skip_tracking":false,"_monsterinsights_sitenote_active":false,"_monsterinsights_sitenote_note":"","_monsterinsights_sitenote_category":0},"categories":[38],"tags":[],"_links":{"self":[{"href":"https:\/\/www.reportedeprensa.utalca.cl\/index.php?rest_route=\/wp\/v2\/posts\/7925"}],"collection":[{"href":"https:\/\/www.reportedeprensa.utalca.cl\/index.php?rest_route=\/wp\/v2\/posts"}],"about":[{"href":"https:\/\/www.reportedeprensa.utalca.cl\/index.php?rest_route=\/wp\/v2\/types\/post"}],"author":[{"embeddable":true,"href":"https:\/\/www.reportedeprensa.utalca.cl\/index.php?rest_route=\/wp\/v2\/users\/1"}],"replies":[{"embeddable":true,"href":"https:\/\/www.reportedeprensa.utalca.cl\/index.php?rest_route=%2Fwp%2Fv2%2Fcomments&post=7925"}],"version-history":[{"count":7,"href":"https:\/\/www.reportedeprensa.utalca.cl\/index.php?rest_route=\/wp\/v2\/posts\/7925\/revisions"}],"predecessor-version":[{"id":7932,"href":"https:\/\/www.reportedeprensa.utalca.cl\/index.php?rest_route=\/wp\/v2\/posts\/7925\/revisions\/7932"}],"wp:attachment":[{"href":"https:\/\/www.reportedeprensa.utalca.cl\/index.php?rest_route=%2Fwp%2Fv2%2Fmedia&parent=7925"}],"wp:term":[{"taxonomy":"category","embeddable":true,"href":"https:\/\/www.reportedeprensa.utalca.cl\/index.php?rest_route=%2Fwp%2Fv2%2Fcategories&post=7925"},{"taxonomy":"post_tag","embeddable":true,"href":"https:\/\/www.reportedeprensa.utalca.cl\/index.php?rest_route=%2Fwp%2Fv2%2Ftags&post=7925"}],"curies":[{"name":"wp","href":"https:\/\/api.w.org\/{rel}","templated":true}]}}