{"id":7936,"date":"2023-08-01T13:06:36","date_gmt":"2023-08-01T16:06:36","guid":{"rendered":"https:\/\/www.reportedeprensa.utalca.cl\/?p=7936"},"modified":"2023-08-01T13:40:45","modified_gmt":"2023-08-01T16:40:45","slug":"01-de-agosto-de-2023","status":"publish","type":"post","link":"https:\/\/www.reportedeprensa.utalca.cl\/?p=7936","title":{"rendered":"01 de agosto de 2023"},"content":{"rendered":"\t\t<div data-elementor-type=\"wp-post\" data-elementor-id=\"7936\" class=\"elementor elementor-7936\" data-elementor-settings=\"[]\">\n\t\t\t\t\t\t\t<div class=\"elementor-section-wrap\">\n\t\t\t\t\t\t\t<section class=\"elementor-section elementor-top-section elementor-element elementor-element-10154d05 elementor-section-boxed elementor-section-height-default elementor-section-height-default\" data-id=\"10154d05\" data-element_type=\"section\">\n\t\t\t\t\t\t<div class=\"elementor-container elementor-column-gap-default\">\n\t\t\t\t\t<div class=\"elementor-column elementor-col-100 elementor-top-column elementor-element elementor-element-5db19c21\" data-id=\"5db19c21\" data-element_type=\"column\">\n\t\t\t<div class=\"elementor-widget-wrap elementor-element-populated\">\n\t\t\t\t\t\t\t\t<div class=\"elementor-element elementor-element-587e31be elementor-widget elementor-widget-text-editor\" data-id=\"587e31be\" data-element_type=\"widget\" data-widget_type=\"text-editor.default\">\n\t\t\t\t<div class=\"elementor-widget-container\">\n\t\t\t\t\t\t\t\t<p class=\"x_MsoNormal\"><span class=\"x_ContentPasted0\" lang=\"ES-TRAD\"><b>LA TERCERA\u00a0<\/b><\/span><\/p><p class=\"x_MsoNormal\"><span class=\"x_ContentPasted0\" lang=\"ES-TRAD\"><a href=\"https:\/\/www.litoralpress.cl\/sitio\/Prensa_Detalles.cshtml?LPKey=FU36ZT7VS67PZCZXGRDZ2LRLDJVTZXP5D2JP2PWRVWY3RT5376HQ\">Carreras STEM: al menos 10 de 45 universidades entregan cupos adicionales para mujeres. Se refiere Paola Morales, directora de Ciclo de Vida Estudiantil<b class=\"x_ContentPasted0\">. \u00a0<\/b><\/a><\/span><\/p><p>\u00a0<\/p><p class=\"x_MsoNormal\"><strong><span class=\"x_ContentPasted0\" lang=\"ES-TRAD\">LATERCERA.COM\u00a0<\/span><\/strong><\/p><p class=\"x_MsoNormal\"><a href=\"https:\/\/www.latercera.com\/nacional\/noticia\/carreras-stem-al-menos-10-de-45-universidades-entregan-cupos-adicionales-para-mujeres\/HJL2GN5VBVFSTO26YRVXEO2F5U\/\"><span class=\"x_ContentPasted0\" lang=\"ES-TRAD\">Carreras STEM: al menos 10 de 45 universidades entregan cupos adicionales para mujeres. Se refiere Paola Morales, directora de Ciclo de Vida Estudiantil<\/span><\/a><\/p><p>\u00a0<\/p><p class=\"x_MsoNormal\"><span class=\"x_ContentPasted0\" lang=\"ES-TRAD\"><b>EL MOSTRADOR\u00a0\u00a0<\/b><\/span><\/p><p class=\"x_MsoNormal\"><a href=\"https:\/\/www.elmostrador.cl\/cultura\/2023\/07\/31\/proyecto-fortalecera-las-artes-humanidades-y-ciencias-sociales-en-el-valle-central\/\"><span class=\"x_ContentPasted0\" lang=\"ES-TRAD\">Proyecto fortalecer\u00e1 las artes, humanidades y ciencias sociales en el valle central. Se refiere Ismael Gallardo Cuadra, decano de la Facultad de Psicolog\u00eda. \u00a0<\/span><\/a><\/p><p class=\"x_MsoNormal\"><span class=\"x_ContentPasted0\" lang=\"ES-TRAD\"><b>\u00a0\u00a0<\/b><\/span><span lang=\"ES-TRAD\">\u00a0<\/span><\/p><p class=\"x_MsoNormal\"><strong><span class=\"x_ContentPasted0\" lang=\"ES-TRAD\">COOPERATIVA.CL\u00a0<\/span><\/strong><\/p><p class=\"x_MsoNormal\"><a href=\"https:\/\/www.cooperativa.cl\/noticias\/pais\/educacion\/universidades\/proyecto-de-las-universidades-de-o-higgins-y-talca-busca-rescatar-la\/2023-07-31\/164412.html\"><span class=\"x_ContentPasted0\" lang=\"ES-TRAD\">Proyecto de las universidades de O&#8217;Higgins y Talca busca &#8220;rescatar la identidad del Valle Central&#8221;. Se refiere Ismael Gallardo Cuadra, decano de la Facultad de Psicolog\u00eda.\u00a0<\/span><\/a><\/p><p class=\"x_MsoNormal\"><span lang=\"ES-TRAD\">\u00a0<\/span><\/p><p class=\"x_MsoNormal\"><span class=\"x_ContentPasted0\" lang=\"ES-TRAD\"><b>ADPRENSA\u00a0<\/b><\/span><\/p><p class=\"x_MsoNormal\"><a href=\"https:\/\/www.adprensa.cl\/cronica\/proyecto-fortalecera-las-artes-humanidades-y-ciencias-sociales-en-el-valle-central-2\/\"><span class=\"x_ContentPasted0\" lang=\"ES-TRAD\">Proyecto fortalecer\u00e1 las artes, humanidades y ciencias sociales en el valle central. Se refiere Ismael Gallardo Cuadra, decano de la Facultad de Psicolog\u00eda. \u00a0<\/span><\/a><\/p><p class=\"x_MsoNormal\"><strong><span class=\"x_ContentPasted0\" lang=\"ES-TRAD\">MEDIABANCO \u00a0<\/span><\/strong><\/p><p class=\"x_MsoNormal\"><a href=\"https:\/\/www.mediabanco.com\/proyecto-fortalecera-las-artes-humanidades-y-ciencias-sociales-en-el-valle-central\/\"><span class=\"x_ContentPasted0\" lang=\"ES-TRAD\">Proyecto fortalecer\u00e1 las artes, humanidades y ciencias sociales en el valle central. Se refiere Ismael Gallardo Cuadra, decano de la Facultad de Psicolog\u00eda. \u00a0<\/span><\/a><\/p><p class=\"x_MsoNormal\"><span lang=\"ES-TRAD\">\u00a0<\/span><\/p><p class=\"x_MsoNormal\"><strong><span class=\"x_ContentPasted0\" lang=\"ES-TRAD\">ELHERALDO.CL\u00a0<\/span><\/strong><\/p><p class=\"x_MsoNormal\"><a href=\"https:\/\/www.diarioelheraldo.cl\/noticia\/proyecto-fortalecera-las-artes-humanidades-y-ciencias-sociales-en-el-valle-central-\"><span class=\"x_ContentPasted0\" lang=\"ES-TRAD\">Proyecto fortalecer\u00e1 las artes, humanidades y ciencias sociales en el valle central. Se refiere Ismael Gallardo Cuadra, decano de la Facultad de Psicolog\u00eda. \u00a0<\/span><\/a><\/p><p class=\"x_MsoNormal\"><strong><span class=\"x_ContentPasted0\" lang=\"ES-TRAD\">G5NOTICIAS.CL\u00a0<\/span><\/strong><\/p><p class=\"x_MsoNormal\"><a href=\"https:\/\/g5noticias.cl\/2023\/07\/31\/con-inteligencia-artificial-sistema-pronostica-heladas-con-90-de-eficiencia\/\"><span class=\"x_ContentPasted0\">Con inteligencia artificial sistema pronostica heladas con 90% de eficiencia. Se refiere el acad\u00e9mico de la Facultad de Ingenier\u00eda Jos\u00e9 Antonio Reyes.\u00a0<\/span><\/a><\/p><p class=\"x_MsoNormal\"><strong><span class=\"x_ContentPasted0\" lang=\"ES-TRAD\">CAUQUENESNET.CL\u00a0<\/span><\/strong><\/p><p class=\"x_MsoNormal\"><a href=\"https:\/\/cauquenesnet.cl\/2023\/07\/31\/con-inteligencia-artificial-sistema-pronostica-heladas-con-90-de-eficiencia\/\"><span class=\"x_ContentPasted0\">Con inteligencia artificial sistema pronostica heladas con 90% de eficiencia. Se refiere el acad\u00e9mico de la Facultad de Ingenier\u00eda Jos\u00e9 Antonio Reyes.\u00a0<\/span><\/a><\/p><p class=\"x_MsoNormal\"><span class=\"x_ContentPasted0\" lang=\"ES-TRAD\"><b>LA PRENSA DE CURIC\u00d3\u00a0\u00a0<\/b><\/span><\/p><p class=\"x_MsoNormal\"><a href=\"https:\/\/www.litoralpress.cl\/sitio\/Prensa_Detalles.cshtml?LPKey=Q3T6APADNQ7ZSKC5OMRJ43GWAFCHIM3ZF63YRFKP2UWJWPK75QKQ\"><span class=\"x_ContentPasted0\" lang=\"ES-TRAD\">Docentes y estudiantes de Medicina prestan apoyo en el servicio p\u00fablico.\u00a0<\/span><span lang=\"ES-TRAD\"><span class=\"x_ContentPasted0\">Se refieren Gonzalo Guti\u00e9rrez, y M\u00f3nica Carrasco, acad\u00e9micos de la Escuela de Medicina.<\/span>\u00a0<\/span><\/a><\/p><p class=\"x_MsoNormal\"><span lang=\"ES-TRAD\"><b>\u00a0<\/b><\/span><\/p><p class=\"x_MsoNormal\"><span class=\"x_ContentPasted0\" lang=\"ES-TRAD\"><b>DIARIO CONCEPCI\u00d3N\u00a0<\/b><\/span><\/p><p class=\"x_MsoNormal x_ContentPasted0\"><a href=\"https:\/\/www.litoralpress.cl\/paginaconsultas\/Servicios_NClipSitio\/Get_Imagen_Nota.aspx?LPKey=YOLHWJSLJ7EO5E6D2IT7PBWMK7WPYIRANWHRGHB2PBLT4N3S3O4UFOE5IGEBQUKC7IE3DCFU5BTCG\"><span class=\"x_ContentPasted0\" lang=\"ES-TRAD\">Estudio revela que ciudadan\u00eda recicla, pero a\u00fan no incorpora la reducci\u00f3n de residuos al comprar<\/span>. Se refiere Francisca Trujillo Barr\u00eda, estudiante del Doctorado de Econom\u00eda de la Universidad de Talca.\u00a0<span lang=\"ES-TRAD\">\u00a0<\/span><\/a><\/p><p class=\"x_MsoNormal\"><span lang=\"ES-TRAD\">\u00a0<\/span><\/p><p class=\"x_MsoNormal\"><strong><span class=\"x_ContentPasted0\" lang=\"ES-TRAD\">DIARIOCONCEPCION.CL\u00a0<\/span><\/strong><\/p><p class=\"x_MsoNormal x_ContentPasted0\"><a href=\"https:\/\/www.diarioconcepcion.cl\/ciudad\/2023\/07\/31\/estudio-revela-que-ciudadania-recicla-pero-aun-no-incorpora-la-reduccion-de-residuos-al-comprar.html\"><span class=\"x_ContentPasted0\" lang=\"ES-TRAD\">Estudio revela que ciudadan\u00eda recicla, pero a\u00fan no incorpora la reducci\u00f3n de residuos al comprar<\/span>. Se refiere Francisca Trujillo Barr\u00eda, estudiante del Doctorado de Econom\u00eda de la Universidad de Talca.\u00a0<span lang=\"ES-TRAD\">\u00a0<\/span><\/a><\/p><p class=\"x_MsoNormal\"><span lang=\"ES-TRAD\">\u00a0<\/span><\/p><p class=\"x_MsoNormal\"><span class=\"x_ContentPasted0\" lang=\"ES-TRAD\"><b>CANAL 30 MULTICOM\u00a0<\/b><\/span><\/p><p class=\"x_MsoNormal\"><a href=\"https:\/\/www.litoralpress.cl\/sitio\/RadioTV_Detalles.cshtml?LPKey=EI22HJ2GWAM3NSTN76SEZ4F2GZLEBNCV7UEUKAORAZTJQ7M67TM4BBUMIC6VGFDNDDMQK2WSDIEP2\"><span class=\"x_ContentPasted0\" lang=\"ES-TRAD\">Estudiantes crean material did\u00e1ctico para personas ciegas.\u00a0<\/span><span class=\"x_ContentPasted0\">Se refieren Claudio Aravena Aranda y Marcia Silva, acad\u00e9micos de la Facultad de Ingenier\u00eda.\u00a0<\/span><\/a><\/p><p class=\"x_MsoNormal\"><span class=\"x_ContentPasted0\" lang=\"ES-TRAD\"><b>TV5 LINARES\u00a0<\/b><\/span><\/p><p class=\"x_MsoNormal\"><a href=\"https:\/\/www.litoralpress.cl\/sitio\/RadioTV_Detalles.cshtml?LPKey=BEWOYAHONH3G2W24TSR23JRRXMVMXMUSJO6E6WAFSBC4SPTWTMATP5GZF7LUIRLWEO7VPYF4NWOEI\"><span class=\"x_ContentPasted0\" lang=\"ES-TRAD\">Advierten sobre efectos de las lluvias y altas temperaturas. Se refiere Patricio Gonz\u00e1lez, agroclimat\u00f3logo del Centro de Investigaci\u00f3n y Transferencia en Riego y Agroclimatolog\u00eda. \u00a0<\/span><\/a><\/p><p class=\"x_MsoNormal\"><b><span class=\"x_ContentPasted0\" lang=\"ES-TRAD\"><b class=\"x_ContentPasted2 x_ContentPasted3\">EL DESCONCIERTO\u00a0<\/b><\/span><\/b><\/p><p class=\"x_MsoNormal\"><a href=\"https:\/\/www.eldesconcierto.cl\/economia\/2023\/07\/31\/bajas-en-tasas-de-interes-mejoraran-refinanciamientos-y-acceso-a-creditos-a-las-familias.html\"><span class=\"x_ContentPasted0\" lang=\"ES-TRAD\">Bajas tasas de inter\u00e9s mejorar\u00e1n refinanciamientos y acceso a cr\u00e9ditos a las familias. Se refiere Carlos Villalobos, acad\u00e9mico de la Facultad de Econom\u00eda y Negocios.\u00a0<\/span><\/a><\/p><p class=\"x_MsoNormal\"><strong><span class=\"x_ContentPasted0\" lang=\"ES-TRAD\">CANAL 30 MULTICOM\u00a0<\/span><\/strong><\/p><p class=\"x_MsoNormal\"><a href=\"https:\/\/www.litoralpress.cl\/sitio\/RadioTV_Detalles.cshtml?LPKey=XS22HYONNQVUUYCKRJJVLASTOIPZ3VUNH5ZSD4NYDUUGXFFZCDWXEMJBSKDIAOTDXEPIKWH4QZV4E\"><span class=\"x_ContentPasted0\">Analizan influencias y rol cultural de la m\u00fasica popular chilena del siglo XX. Se refiere Andr\u00e9s Maraga\u00f1o Leveque, decano de la Facultad de Arquitectura, M\u00fasica y Dise\u00f1o.\u00a0\u00a0\u00a0<\/span><\/a><\/p><p class=\"x_MsoNormal x_ContentPasted0\"><strong>PUENTEALTOALDIA.COM\u00a0<\/strong><\/p><p class=\"x_MsoNormal\"><a href=\"https:\/\/www.puentealtoaldia.com\/prestigioso-concurso-cientifico-escolar-llega-por-primera-vez-a-la-region-metropolitana\/\"><span class=\"x_ContentPasted0\" lang=\"ES-TRAD\">Prestigioso concurso cient\u00edfico escolar llega por primera vez a la Regi\u00f3n Metropolitana. Se menciona al Programa Descubriendo Talentos Cient\u00edficos de la Universidad de Talca.\u00a0<\/span><\/a><\/p><p class=\"x_MsoNormal\"><span lang=\"ES-TRAD\">\u00a0<\/span><\/p><p class=\"x_MsoNormal\"><strong><span class=\"x_ContentPasted0\" lang=\"ES-TRAD\">G5NOTICIAS.CL\u00a0<\/span><\/strong><\/p><p><a href=\"https:\/\/g5noticias.cl\/2023\/07\/30\/cuales-son-los-principales-desafios-del-talento-digital-en-chile-ntt-data-y-pais-digital-lanzan-libro-que-examina-el-panorama-local\/\"><span class=\"x_ContentPasted0\" lang=\"ES-TRAD\">\u00bfCu\u00e1les son los principales desaf\u00edos del talento digital en Chile?: NTT Data y pa\u00eds digital lanzan libro que examina el panorama local. Se menciona a la Universidad de Talca.\u00a0<\/span><\/a><\/p><p class=\"x_MsoNormal\"><span class=\"x_ContentPasted0\" lang=\"ES-TRAD\"><b>EL MERCURIO\u00a0<\/b><\/span><\/p><p class=\"x_MsoNormal\"><a href=\"https:\/\/www.litoralpress.cl\/sitio\/Prensa_Detalles.cshtml?LPKey=4E3XIDFJGES4JXI27YSMWWUKS2IV3S3EGO7O6TZEWI77WA5MOF6Q\"><span class=\"x_ContentPasted0\" lang=\"ES-TRAD\">\u00bfEn qu\u00e9 pie llega el ministro Marcel a tratar de sacar adelante el plan de pacto fiscal?<\/span><span class=\"x_ContentPasted0\" lang=\"ES-TRAD\">\u00a0Se refiere Mauricio Morales, director del Centro de An\u00e1lisis Pol\u00edtico (CAP).\u00a0<\/span><\/a><\/p><p class=\"x_MsoNormal\"><strong><span class=\"x_ContentPasted0\" lang=\"ES-TRAD\">RADIO INFINITA \u00a0<\/span><\/strong><\/p><p class=\"x_MsoNormal\"><a href=\"https:\/\/www.litoralpress.cl\/sitio\/RadioTV_Detalles.cshtml?LPKey=VTPSJM3CZPGTIA7Q7LNZFYYIPUMLJP33O2M6JI4CDXNGZRF4LXZSBOT6433ISBOEOSMVRFNFZIOXY\"><span class=\"x_ContentPasted0\" lang=\"ES-TRAD\">Comentario de pol\u00edtica de Mauricio Morales, director del Centro de An\u00e1lisis Pol\u00edtico (CAP).\u00a0<\/span><span lang=\"ES-TRAD\">\u00a0<\/span><\/a><\/p><p class=\"x_MsoNormal\"><span class=\"x_ContentPasted0\" lang=\"ES-TRAD\"><b>LA PRENSA DE CURIC\u00d3\u00a0<\/b><\/span><\/p><p class=\"x_MsoNormal x_ContentPasted0\"><a href=\"https:\/\/www.litoralpress.cl\/paginaconsultas\/Servicios_NClipSitio\/Get_Imagen_Nota.aspx?LPKey=EQFXZM2BG2JBW635NQPP2FCMKWT62N4OQS4KRBAGDG6JRVTAIZ66NDDZMKIJMBFUV3FOZ2ERVKT6U\"><span class=\"x_ContentPasted0\" lang=\"ES-TRAD\">Agosto llega con films de culto de los a\u00f1os 90<\/span>. Se refiere Marcela Albornoz Dachelet, directora de Extensi\u00f3n Cultural \u2013 Art\u00edstica. \u00a0<\/a><\/p>\t\t\t\t\t\t<\/div>\n\t\t\t\t<\/div>\n\t\t\t\t\t<\/div>\n\t\t<\/div>\n\t\t\t\t\t\t\t<\/div>\n\t\t<\/section>\n\t\t\t\t\t\t<\/div>\n\t\t\t\t\t<\/div>\n\t\t","protected":false},"excerpt":{"rendered":"<p>LA TERCERA\u00a0 Carreras STEM: al menos 10 de 45 universidades entregan cupos adicionales para mujeres. Se refiere Paola Morales, directora de Ciclo de Vida Estudiantil. \u00a0 \u00a0 LATERCERA.COM\u00a0 Carreras STEM: al menos 10 de 45 universidades entregan cupos adicionales para mujeres. Se refiere Paola Morales, directora de Ciclo de Vida Estudiantil \u00a0 EL MOSTRADOR\u00a0\u00a0 Proyecto &hellip;<\/p>\n<p class=\"read-more\"> <a class=\"\" href=\"https:\/\/www.reportedeprensa.utalca.cl\/?p=7936\"> <span class=\"screen-reader-text\">01 de agosto de 2023<\/span> Read More &raquo;<\/a><\/p>\n","protected":false},"author":1,"featured_media":0,"comment_status":"closed","ping_status":"open","sticky":false,"template":"","format":"standard","meta":{"_monsterinsights_skip_tracking":false,"_monsterinsights_sitenote_active":false,"_monsterinsights_sitenote_note":"","_monsterinsights_sitenote_category":0},"categories":[39],"tags":[],"_links":{"self":[{"href":"https:\/\/www.reportedeprensa.utalca.cl\/index.php?rest_route=\/wp\/v2\/posts\/7936"}],"collection":[{"href":"https:\/\/www.reportedeprensa.utalca.cl\/index.php?rest_route=\/wp\/v2\/posts"}],"about":[{"href":"https:\/\/www.reportedeprensa.utalca.cl\/index.php?rest_route=\/wp\/v2\/types\/post"}],"author":[{"embeddable":true,"href":"https:\/\/www.reportedeprensa.utalca.cl\/index.php?rest_route=\/wp\/v2\/users\/1"}],"replies":[{"embeddable":true,"href":"https:\/\/www.reportedeprensa.utalca.cl\/index.php?rest_route=%2Fwp%2Fv2%2Fcomments&post=7936"}],"version-history":[{"count":15,"href":"https:\/\/www.reportedeprensa.utalca.cl\/index.php?rest_route=\/wp\/v2\/posts\/7936\/revisions"}],"predecessor-version":[{"id":7962,"href":"https:\/\/www.reportedeprensa.utalca.cl\/index.php?rest_route=\/wp\/v2\/posts\/7936\/revisions\/7962"}],"wp:attachment":[{"href":"https:\/\/www.reportedeprensa.utalca.cl\/index.php?rest_route=%2Fwp%2Fv2%2Fmedia&parent=7936"}],"wp:term":[{"taxonomy":"category","embeddable":true,"href":"https:\/\/www.reportedeprensa.utalca.cl\/index.php?rest_route=%2Fwp%2Fv2%2Fcategories&post=7936"},{"taxonomy":"post_tag","embeddable":true,"href":"https:\/\/www.reportedeprensa.utalca.cl\/index.php?rest_route=%2Fwp%2Fv2%2Ftags&post=7936"}],"curies":[{"name":"wp","href":"https:\/\/api.w.org\/{rel}","templated":true}]}}