{"id":7963,"date":"2023-08-02T12:16:24","date_gmt":"2023-08-02T15:16:24","guid":{"rendered":"https:\/\/www.reportedeprensa.utalca.cl\/?p=7963"},"modified":"2023-08-02T12:23:45","modified_gmt":"2023-08-02T15:23:45","slug":"02-de-agosto-de-2023","status":"publish","type":"post","link":"https:\/\/www.reportedeprensa.utalca.cl\/?p=7963","title":{"rendered":"02 de agosto de 2023"},"content":{"rendered":"\t\t<div data-elementor-type=\"wp-post\" data-elementor-id=\"7963\" class=\"elementor elementor-7963\" data-elementor-settings=\"[]\">\n\t\t\t\t\t\t\t<div class=\"elementor-section-wrap\">\n\t\t\t\t\t\t\t<section class=\"elementor-section elementor-top-section elementor-element elementor-element-10154d05 elementor-section-boxed elementor-section-height-default elementor-section-height-default\" data-id=\"10154d05\" data-element_type=\"section\">\n\t\t\t\t\t\t<div class=\"elementor-container elementor-column-gap-default\">\n\t\t\t\t\t<div class=\"elementor-column elementor-col-100 elementor-top-column elementor-element elementor-element-5db19c21\" data-id=\"5db19c21\" data-element_type=\"column\">\n\t\t\t<div class=\"elementor-widget-wrap elementor-element-populated\">\n\t\t\t\t\t\t\t\t<div class=\"elementor-element elementor-element-587e31be elementor-widget elementor-widget-text-editor\" data-id=\"587e31be\" data-element_type=\"widget\" data-widget_type=\"text-editor.default\">\n\t\t\t\t<div class=\"elementor-widget-container\">\n\t\t\t\t\t\t\t\t<p style=\"font-weight: 400;\"><strong><span style=\"font-style: inherit;\">XINHUA EN ESPA\u00d1OL (CHINA)<\/span><span style=\"font-style: inherit;\">\u00a0<\/span><\/strong><\/p><p style=\"font-weight: 400;\"><a href=\"https:\/\/spanish.news.cn\/20230802\/1e4722db19d14c6e820402c836e2c4ac\/c.html\"><span style=\"font-style: inherit;\">ESPECIAL: Chile se recupera poco a poco del temporal mientras los expertos alertan de nueva realidad clim\u00e1tica. S<\/span><span style=\"font-style: inherit;\">e refiere Patricio Gonz\u00e1lez, agroclimat\u00f3logo del Centro de Investigaci\u00f3n y Transferencia en Riego y Agroclimatolog\u00eda.<\/span>\u00a0<\/a><\/p><p style=\"font-weight: 400;\"><span style=\"font-style: inherit;\">\u00a0<\/span><\/p><p style=\"font-weight: 400;\"><strong><span style=\"font-style: inherit;\">EL LECTOR<\/span><span style=\"font-style: inherit;\">\u00a0<\/span><\/strong><\/p><p style=\"font-weight: 400;\"><a href=\"https:\/\/www.litoralpress.cl\/paginaconsultas\/Servicios_NClipSitio\/Get_Imagen_Nota.aspx?LPKey=ZGBWPP2J4I6BD4BO6RRBK4ESOGC73CUJOEJUHLMRT5LJVH66YYKRKUPHTONF6DFN7RCCRFDAXJ3D2\">Docentes y estudiantes de Medicina de la UTalca prestan apoyo por crisis de virus respiratorios. Se refieren\u00a0<span style=\"font-style: inherit;\">Gonzalo Guti\u00e9rrez, y M\u00f3nica Carrasco, acad\u00e9micos\u00a0de la Escuela de Medicina.<\/span><span style=\"font-style: inherit;\">\u00a0<\/span><span style=\"font-style: inherit;\">\u00a0<\/span><\/a><\/p><p style=\"font-weight: 400;\">\u00a0<\/p><p style=\"font-weight: 400;\"><strong><span style=\"font-style: inherit;\">G5NOTICIAS.CL\u00a0<\/span><\/strong><\/p><p style=\"font-weight: 400;\"><a href=\"https:\/\/g5noticias.cl\/2023\/08\/01\/estudiantes-crean-material-didactico-para-rehabilitacion-de-personas-ciegas\/\"><span style=\"font-style: inherit;\">Estudiantes crean material did\u00e1ctico para rehabilitaci\u00f3n de personas ciegas.\u00a0<\/span><span style=\"font-style: inherit;\">Se refieren Claudio Aravena Aranda y Marcia Silva, acad\u00e9micos de la Facultad de Ingenier\u00eda.\u00a0<\/span><span style=\"font-style: inherit;\">\u00a0<\/span><\/a><\/p><p style=\"font-weight: 400;\"><span style=\"font-style: inherit;\">\u00a0<\/span><\/p><p style=\"font-weight: 400;\"><strong><span style=\"font-style: inherit;\">LAS \u00daLTIMAS NOTICIAS\u00a0<\/span><\/strong><\/p><p style=\"font-weight: 400;\"><a href=\"https:\/\/www.litoralpress.cl\/paginaconsultas\/Servicios_NClipSitio\/Get_Imagen_Nota.aspx?LPKey=UHW5DCVFMCU6PQXUZYLP6RAXLY3FHKCYI5UREM5LOXCZWPRAP4GKFNZK3OTSR4BW6MQXOFN2KMSMW\"><span style=\"font-style: inherit;\">Otras dos universidades acortan carrera de Medicina a seis a\u00f1os<\/span>. Se menciona a la Universidad de Talca.<span style=\"font-style: inherit;\">\u00a0<\/span><\/a><\/p><p style=\"font-weight: 400;\">\u00a0<\/p><p style=\"font-weight: 400;\"><strong><span style=\"font-style: inherit;\">MEDIABANCO\u00a0<\/span><\/strong><\/p><p style=\"font-weight: 400;\"><a href=\"https:\/\/www.mediabanco.com\/cientifica-nacional-participa-de-encuentro-junto-a-38-premios-nobel\/\"><span style=\"font-style: inherit;\">Cient\u00edfica nacional participa de encuentro junto a 38 premios Nobel. Se refiere Karen Or\u00f3stica Tapia, acad\u00e9mica de la Escuela de Medicina.\u00a0\u00a0<\/span><\/a><\/p><p style=\"font-weight: 400;\">\u00a0<\/p><p style=\"font-weight: 400;\"><strong><span style=\"font-style: inherit;\">ADPRENSA\u00a0<\/span><\/strong><\/p><p style=\"font-weight: 400;\"><a href=\"https:\/\/www.adprensa.cl\/cronica\/cientifica-nacional-participa-de-encuentro-junto-a-38-premios-nobel\/\"><span style=\"font-style: inherit;\">Cient\u00edfica nacional participa de encuentro junto a 38 premios Nobel. Se refiere Karen Or\u00f3stica Tapia, acad\u00e9mica de la Escuela de Medicina.\u00a0\u00a0<\/span><\/a><\/p><p style=\"font-weight: 400;\"><span style=\"font-style: inherit;\">\u00a0<\/span><\/p><p style=\"font-weight: 400;\"><strong><span style=\"font-style: inherit;\">CHILLAN ONLINE\u00a0<\/span><\/strong><\/p><p style=\"font-weight: 400;\"><a href=\"https:\/\/www.chillanonline.cl\/V6\/estructura-y-funcionamiento-del-cies-sirvio-de-modelo-para-la-creacion-de-red-internacional\/\"><span style=\"font-style: inherit;\">Estructura y funcionamiento del CIES sirvi\u00f3 de modelo para la creaci\u00f3n de Red internacional<\/span>. Se refiere Iv\u00e1n Palomo, acad\u00e9mico de la Facultad de Ciencias de la Salud y director del CIES.\u00a0<\/a><\/p><p style=\"font-weight: 400;\">\u00a0<\/p><p style=\"font-weight: 400;\"><strong><span style=\"font-style: inherit;\">RADIO BIOBIO<\/span><\/strong><\/p><p style=\"font-weight: 400;\"><a href=\"https:\/\/www.litoralpress.cl\/sitio\/RadioTV_Detalles.cshtml?LPKey=6OTHEGHVMKQG5EH64DJNOF5I54K6LLGLZZAOC377XIRFLAWV74WLOBMEZZJ2RQUZZLLI6RJUBWURS\"><span style=\"font-style: inherit;\">Ministerio de Energ\u00eda inici\u00f3 un di\u00e1logo estrat\u00e9gico con el sector privado para dise\u00f1ar una hoja de ruta y acelerar el proceso de descarbonizaci\u00f3n. Se refiere Felipe Varas, acad\u00e9mico de la Facultad de Ingenier\u00eda.\u00a0<\/span><span style=\"font-style: inherit;\">\u00a0<\/span><\/a><\/p><p style=\"font-weight: 400;\">\u00a0<\/p><p style=\"font-weight: 400;\"><strong><span style=\"font-style: inherit;\">EMOL\u00a0<\/span><\/strong><\/p><p style=\"font-weight: 400;\"><a href=\"https:\/\/www.emol.com\/noticias\/Economia\/2023\/08\/01\/1102691\/impacto-chile-restriccion-transito-canalpanama.html\"><span style=\"font-style: inherit;\">Retraso en pagos, alza de precios y escasez: Los riesgos para Chile ante restricciones en Canal de Panam\u00e1 por sequ\u00eda<\/span><span style=\"font-style: inherit;\">. Ser refiere Carlos Villalobos, acad\u00e9mico de la Facultad de Econom\u00eda y Negocios.\u00a0<\/span><span style=\"font-style: inherit;\">\u00a0<\/span><\/a><\/p><p style=\"font-weight: 400;\">\u00a0<\/p><p style=\"font-weight: 400;\"><strong><span style=\"font-style: inherit;\">SIMFRUIT.CL\u00a0<\/span><\/strong><\/p><p style=\"font-weight: 400;\"><a href=\"https:\/\/www.simfruit.cl\/retraso-en-pagos-alza-de-precios-y-escasez-los-riesgos-para-chile-ante-restricciones-en-canal-de-panama-por-sequia\/\"><span style=\"font-style: inherit;\">Retraso en pagos, alza de precios y escasez: Los riesgos para Chile ante restricciones en Canal de Panam\u00e1 por sequ\u00eda<\/span><span style=\"font-style: inherit;\">. Ser refiere Carlos Villalobos, acad\u00e9mico de la Facultad de Econom\u00eda y Negocios.\u00a0\u00a0<\/span><\/a><\/p><p style=\"font-weight: 400;\">\u00a0<\/p><p style=\"font-weight: 400;\"><strong><span style=\"font-style: inherit;\">ATENTOS CHILE<\/span><\/strong><\/p><p style=\"font-weight: 400;\"><a href=\"https:\/\/www.litoralpress.cl\/sitio\/RadioTV_Detalles.cshtml?LPKey=WPW7CP5KNYMEG4MP6OHAWSDZUV5ER4WBY6K2TD6BDTYUUXCKLYKINZKDHWWCSKASJYVFVPHKBA4RO\"><span style=\"font-style: inherit;\">An\u00e1lisis de las cifras de pobreza en el Maule y el pa\u00eds. Se refiere Carlos Villalobos, acad\u00e9mico de la Facultad de Econom\u00eda y Negocios.<\/span><\/a><\/p><p style=\"font-weight: 400;\">\u00a0<\/p><p style=\"font-weight: 400;\"><strong><span style=\"font-style: inherit;\">CONTIVISI\u00d3N\u00a0<\/span><\/strong><\/p><p style=\"font-weight: 400;\"><a href=\"https:\/\/www.litoralpress.cl\/sitio\/RadioTV_Detalles.cshtml?LPKey=E2CCP5AARZJD3NRR43IFX3ATH37QDGBDMWCGPTD6EDAXWSPFDXVJUN2NHOYZO5HOE5D2T7WUKDEHC\"><span style=\"font-style: inherit;\">Preocupaci\u00f3n por \u00faltimos sismos que se han percibido en la regi\u00f3n. Se refiere Ignacio Fuenzalida, acad\u00e9mico del Departamento de Ingenier\u00eda y Gesti\u00f3n de la Construcci\u00f3n.\u00a0<\/span><\/a><\/p><p style=\"font-weight: 400;\"><span style=\"font-style: inherit;\">\u00a0<\/span><\/p><p style=\"font-weight: 400;\"><strong><span style=\"font-style: inherit;\">CANAL MEGA\u00a0<\/span><\/strong><\/p><p style=\"font-weight: 400;\"><a href=\"https:\/\/www.litoralpress.cl\/sitio\/RadioTV_Detalles.cshtml?LPKey=M2QYVXUK7TTKBPKB7Y7Q2NGG4FFCCIMOLYICQOV5FM6TK325EQUN5FCPRRYHGG5DJ4DR5433ITC3E\"><span style=\"font-style: inherit;\">\u00bfD\u00f3nde est\u00e1 Camila Polizzi? Se refiere Mauricio Morales, director del Centro de An\u00e1lisis Pol\u00edtico.\u00a0<\/span><\/a><\/p><p style=\"font-weight: 400;\">\u00a0<\/p><p style=\"font-weight: 400;\"><strong><span style=\"font-style: inherit;\">CANAL MEGA\u00a0<\/span><\/strong><\/p><p style=\"font-weight: 400;\"><a href=\"https:\/\/www.litoralpress.cl\/sitio\/RadioTV_Detalles.cshtml?LPKey=HLUCZGVRPN2JTJUZXQDLEORWG4G4UFMKBMQCOWSKYY7L2QOG37DWFOVPOXAK5B3XHZKXT6YG4UU2I\"><span style=\"font-style: inherit;\">Caso convenios y la presentaci\u00f3n del pacto fiscal por parte del gobierno<\/span>.\u00a0<span style=\"font-style: inherit;\">Se refiere Mauricio Morales, director del Centro de An\u00e1lisis Pol\u00edtico.<\/span><span style=\"font-style: inherit;\">\u00a0<\/span><\/a><\/p><p style=\"font-weight: 400;\">\u00a0<\/p><p style=\"font-weight: 400;\"><strong><span style=\"font-style: inherit;\">CANAL MEGA\u00a0<\/span><\/strong><\/p><p style=\"font-weight: 400;\"><a href=\"https:\/\/www.litoralpress.cl\/sitio\/RadioTV_Detalles.cshtml?LPKey=7IG7LCW2YUA7CMZKQVVF3YETXXQGUEZ5CYTKYPW4J4TUM5GXWOVFGZNBMCATUK42GK26MTTZCCOIM\"><span style=\"font-style: inherit;\">Contralor\u00eda declar\u00f3 ilegal convenios por 13 mil millones de pesos.<\/span>\u00a0<span style=\"font-style: inherit;\">Se refiere Mauricio Morales, director del Centro de An\u00e1lisis Pol\u00edtico.<\/span><span style=\"font-style: inherit;\">\u00a0<\/span><\/a><\/p><p style=\"font-weight: 400;\">\u00a0<\/p><p style=\"font-weight: 400;\"><strong><span style=\"font-style: inherit;\">\u00a0<\/span><span style=\"font-style: inherit;\">LATERCERA.COM\u00a0<\/span><\/strong><\/p><p style=\"font-weight: 400;\"><a href=\"https:\/\/www.latercera.com\/pulso\/noticia\/como-entender-en-5-claves-el-intento-del-gobierno-por-avanzar-en-un-pacto-fiscal-por-partes-y-de-dudoso-piso-politico\/YXKKD5Z6XJAORLYLW3HLPBGMPQ\/\"><span style=\"font-style: inherit;\">C\u00f3mo entender en 5 claves el intento del gobierno por avanzar en un pacto fiscal por partes y de dudoso piso pol\u00edtico<\/span>.\u00a0<span style=\"font-style: inherit;\">Se refiere Mauricio Morales, director del Centro de An\u00e1lisis Pol\u00edtico.<\/span><span style=\"font-style: inherit;\">\u00a0<\/span><\/a><\/p><p style=\"font-weight: 400;\">\u00a0<\/p><p style=\"font-weight: 400;\"><strong><span style=\"font-style: inherit;\">RADIO INFINITA\u00a0<\/span><\/strong><\/p><p style=\"font-weight: 400;\"><a href=\"https:\/\/www.litoralpress.cl\/sitio\/RadioTV_Detalles.cshtml?LPKey=KE3CQD4KTHYOUXKWBNZ4BSNLGSDFIE2ZFGSFATKS3Y7ZOR7LALXWJFMWPIUZZDQQ7KCP6CRZ3IBA2\"><span style=\"font-style: inherit;\">Comentario de pol\u00edtica de Mauricio Morales, director del Centro de An\u00e1lisis Pol\u00edtico.<\/span><span style=\"font-style: inherit;\">\u00a0<\/span><\/a><\/p><p style=\"font-weight: 400;\"><span style=\"font-style: inherit;\">\u00a0<\/span><\/p><p style=\"font-weight: 400;\"><strong><span style=\"font-style: inherit;\">ADPRENSA\u00a0<\/span><\/strong><\/p><p><a href=\"https:\/\/www.adprensa.cl\/actividades-academicas\/obras-del-artista-alejandro-mendez-se-exhiben-en-extension-utalca-de-santiago\/\"><span style=\"font-style: inherit;\">Obras del artista Alejandro M\u00e9ndez se exhiben en Extensi\u00f3n UTalca de Santiago.\u00a0<\/span><span style=\"font-style: inherit;\">Se refiere Marcela Albornoz Dachelet, directora de Extensi\u00f3n Cultural \u2013 Art\u00edstica.<\/span><span style=\"font-style: inherit;\">\u00a0<\/span><\/a><\/p><p style=\"font-weight: 400;\">\u00a0<\/p><p style=\"font-weight: 400;\"><strong><span style=\"font-style: inherit;\">MEDIABANCO\u00a0<\/span><\/strong><\/p><p><a href=\"https:\/\/www.litoralpress.cl\/sitio\/MediosOnline_Detalles.cshtml?LPKey=ISE2JXBKV44OBG4QK5MFMPCAIAXSCSA3KACO5XLDL2HY7UT5CSXSJKXT5DMLXWNNFSFDWT23X5SR4\"><span style=\"font-style: inherit;\">Obras del artista Alejandro M\u00e9ndez se exhiben en Extensi\u00f3n UTalca de Santiago.\u00a0<\/span><span style=\"font-style: inherit;\">Se refiere Marcela Albornoz Dachelet, directora de Extensi\u00f3n Cultural \u2013 Art\u00edstica.<\/span><\/a><span style=\"font-style: inherit;\">\u00a0<\/span><\/p><p style=\"font-weight: 400;\">\u00a0<\/p><p style=\"font-weight: 400;\"><strong><span style=\"font-style: inherit;\">DIARIOELCENTRO.CL\u00a0<\/span><\/strong><\/p><p style=\"font-weight: 400;\"><span style=\"font-style: inherit;\"><a href=\"https:\/\/www.diarioelcentro.cl\/2023\/07\/31\/cine-gratis-en-talca-tiempos-violentos-clasicos-de-los-90\/\">Cine gratis en Talca: \u201ctiempos violentos. cl\u00e1sicos de los 90\u201d. Se refiere Marcela Albornoz Dachelet, directora de Extensi\u00f3n Cultural \u2013 Art\u00edstica.<\/a>\u00a0<\/span><\/p><p style=\"font-weight: 400;\">\u00a0<\/p><p style=\"font-weight: 400;\"><strong>DIARIO TALCA\u00a0\u00a0<\/strong><\/p><p style=\"font-weight: 400;\"><a href=\"https:\/\/diariotalca.cl\/te-gustan-los-clasicos-del-cine-aqui-agenda-del-centro-de-extension-utalca\/#respond\"><span style=\"font-style: inherit;\">\u00bfTe gustan los cl\u00e1sicos del cine? Aqu\u00ed agenda para agosto en Extensi\u00f3n UTalca<\/span>.\u00a0<span style=\"font-style: inherit;\">Se refiere Marcela Albornoz Dachelet, directora de Extensi\u00f3n Cultural \u2013 Art\u00edstica.<\/span><span style=\"font-style: inherit;\">\u00a0<\/span><\/a><\/p><p style=\"font-weight: 400;\">\u00a0<\/p><p style=\"font-weight: 400;\"><strong>RED MAULE\u00a0<\/strong><\/p><p style=\"font-weight: 400;\"><a href=\"https:\/\/www.redmaule.com\/regional\/maulina-la-comunidad-y-plataforma-de-fotografas-de-la-region-celebra-su\">Maulina, la comunidad y plataforma de fot\u00f3grafas de la regi\u00f3n celebra su segundo aniversario. Se menciona al Laboratorio de Narrativas Visuales.\u00a0\u00a0<\/a><\/p>\t\t\t\t\t\t<\/div>\n\t\t\t\t<\/div>\n\t\t\t\t\t<\/div>\n\t\t<\/div>\n\t\t\t\t\t\t\t<\/div>\n\t\t<\/section>\n\t\t\t\t\t\t<\/div>\n\t\t\t\t\t<\/div>\n\t\t","protected":false},"excerpt":{"rendered":"<p>XINHUA EN ESPA\u00d1OL (CHINA)\u00a0 ESPECIAL: Chile se recupera poco a poco del temporal mientras los expertos alertan de nueva realidad clim\u00e1tica. Se refiere Patricio Gonz\u00e1lez, agroclimat\u00f3logo del Centro de Investigaci\u00f3n y Transferencia en Riego y Agroclimatolog\u00eda.\u00a0 \u00a0 EL LECTOR\u00a0 Docentes y estudiantes de Medicina de la UTalca prestan apoyo por crisis de virus respiratorios. Se &hellip;<\/p>\n<p class=\"read-more\"> <a class=\"\" href=\"https:\/\/www.reportedeprensa.utalca.cl\/?p=7963\"> <span class=\"screen-reader-text\">02 de agosto de 2023<\/span> Read More &raquo;<\/a><\/p>\n","protected":false},"author":1,"featured_media":0,"comment_status":"closed","ping_status":"open","sticky":false,"template":"","format":"standard","meta":{"_monsterinsights_skip_tracking":false,"_monsterinsights_sitenote_active":false,"_monsterinsights_sitenote_note":"","_monsterinsights_sitenote_category":0},"categories":[39],"tags":[],"_links":{"self":[{"href":"https:\/\/www.reportedeprensa.utalca.cl\/index.php?rest_route=\/wp\/v2\/posts\/7963"}],"collection":[{"href":"https:\/\/www.reportedeprensa.utalca.cl\/index.php?rest_route=\/wp\/v2\/posts"}],"about":[{"href":"https:\/\/www.reportedeprensa.utalca.cl\/index.php?rest_route=\/wp\/v2\/types\/post"}],"author":[{"embeddable":true,"href":"https:\/\/www.reportedeprensa.utalca.cl\/index.php?rest_route=\/wp\/v2\/users\/1"}],"replies":[{"embeddable":true,"href":"https:\/\/www.reportedeprensa.utalca.cl\/index.php?rest_route=%2Fwp%2Fv2%2Fcomments&post=7963"}],"version-history":[{"count":7,"href":"https:\/\/www.reportedeprensa.utalca.cl\/index.php?rest_route=\/wp\/v2\/posts\/7963\/revisions"}],"predecessor-version":[{"id":7970,"href":"https:\/\/www.reportedeprensa.utalca.cl\/index.php?rest_route=\/wp\/v2\/posts\/7963\/revisions\/7970"}],"wp:attachment":[{"href":"https:\/\/www.reportedeprensa.utalca.cl\/index.php?rest_route=%2Fwp%2Fv2%2Fmedia&parent=7963"}],"wp:term":[{"taxonomy":"category","embeddable":true,"href":"https:\/\/www.reportedeprensa.utalca.cl\/index.php?rest_route=%2Fwp%2Fv2%2Fcategories&post=7963"},{"taxonomy":"post_tag","embeddable":true,"href":"https:\/\/www.reportedeprensa.utalca.cl\/index.php?rest_route=%2Fwp%2Fv2%2Ftags&post=7963"}],"curies":[{"name":"wp","href":"https:\/\/api.w.org\/{rel}","templated":true}]}}