{"id":7980,"date":"2023-08-03T16:35:13","date_gmt":"2023-08-03T19:35:13","guid":{"rendered":"https:\/\/www.reportedeprensa.utalca.cl\/?p=7980"},"modified":"2023-08-03T16:43:29","modified_gmt":"2023-08-03T19:43:29","slug":"03-de-agosto-de-2023","status":"publish","type":"post","link":"https:\/\/www.reportedeprensa.utalca.cl\/?p=7980","title":{"rendered":"03 de agosto de 2023"},"content":{"rendered":"\t\t<div data-elementor-type=\"wp-post\" data-elementor-id=\"7980\" class=\"elementor elementor-7980\" data-elementor-settings=\"[]\">\n\t\t\t\t\t\t\t<div class=\"elementor-section-wrap\">\n\t\t\t\t\t\t\t<section class=\"elementor-section elementor-top-section elementor-element elementor-element-10154d05 elementor-section-boxed elementor-section-height-default elementor-section-height-default\" data-id=\"10154d05\" data-element_type=\"section\">\n\t\t\t\t\t\t<div class=\"elementor-container elementor-column-gap-default\">\n\t\t\t\t\t<div class=\"elementor-column elementor-col-100 elementor-top-column elementor-element elementor-element-5db19c21\" data-id=\"5db19c21\" data-element_type=\"column\">\n\t\t\t<div class=\"elementor-widget-wrap elementor-element-populated\">\n\t\t\t\t\t\t\t\t<div class=\"elementor-element elementor-element-587e31be elementor-widget elementor-widget-text-editor\" data-id=\"587e31be\" data-element_type=\"widget\" data-widget_type=\"text-editor.default\">\n\t\t\t\t<div class=\"elementor-widget-container\">\n\t\t\t\t\t\t\t\t<p><strong>ADPRENSA<\/strong><\/p><p><a href=\"https:\/\/www.adprensa.cl\/actividades-academicas\/utalca-desarrolla-proyecto-para-ensenar-astronomia-a-traves-del-arte\/\">UTalca desarrolla proyecto para ense\u00f1ar astronom\u00eda a trav\u00e9s del arte. Se refiere Andr\u00e9s Maraga\u00f1o Leveque, decano de la Facultad de Arquitectura, M\u00fasica y Dise\u00f1o.<\/a><\/p><p>\u00a0<\/p><p><strong>CIENCIAENCHILE.CL<\/strong><\/p><p><a href=\"https:\/\/www.cienciaenchile.cl\/impulsan-ciencia-abierta-entre-investigadores-as-utalinos-as\/\">Impulsan Ciencia Abierta entre investigadores\/as utalinos\/as. Se refieren Cristian Rojas Barahona, vicerrector Acad\u00e9mico; \u00a0Marcela Acu\u00f1a San Mart\u00edn, acad\u00e9mica de la de Ciencias Jur\u00eddicas y Sociales; y Carlos Bopp Montero, investigador post doctoral de la Facultad de Ciencias Agrarias.<\/a><\/p><p><strong>\u00a0<\/strong><\/p><p><strong>G5NOTICIAS.CL<\/strong><\/p><p><a href=\"https:\/\/g5noticias.cl\/2023\/08\/02\/docentes-y-estudiantes-de-medicina-de-la-utalca-prestan-apoyo-por-crisis-de-virus-respiratorios\/\">Docentes y estudiantes de Medicina de la UTalca prestan apoyo por crisis de virus respiratorios. Se refieren\u00a0Gonzalo Guti\u00e9rrez, y M\u00f3nica Carrasco, acad\u00e9micos\u00a0de la Escuela de Medicina.\u00a0\u00a0<\/a><\/p><p>\u00a0<\/p><p><strong>PUBLIMICRO<\/strong><\/p><p><a href=\"https:\/\/www.litoralpress.cl\/sitio\/MediosOnline_Detalles.cshtml?LPKey=L446JN5IFBEAWBW7NTKDA765RXZVIW4AJMDZHW5FX4NDSCR274VAEBGRN3QPVVE23UII4F5CMBU44\">Cient\u00edfica de la Universidad de Talca participa de encuentro junto a 38 premios Nob<span style=\"font-style: inherit;\">el<\/span>. Se refiere Karen Or\u00f3stica Tapia, acad\u00e9mica de la Escuela de Medicina.<\/a><\/p><p>\u00a0<\/p><p><strong><span style=\"font-style: inherit;\">CIENCIAENCHILE.CL<\/span><\/strong><\/p><p><a href=\"https:\/\/www.cienciaenchile.cl\/cientifica-utalina-participa-de-encuentro-junto-a-38-premios-nobel\/\"><span style=\"font-style: inherit;\">Cient\u00edfica UTalina participa de encuentro junto a 38 premios Nob<\/span><span style=\"font-style: inherit;\">el<\/span>. Se refiere Karen Or\u00f3stica Tapia, acad\u00e9mica de la Escuela de Medicina.<\/a><\/p><p>\u00a0<\/p><p><strong>EL LECTOR<\/strong><\/p><p><a href=\"https:\/\/www.litoralpress.cl\/paginaconsultas\/Servicios_NClipSitio\/Get_Imagen_Nota.aspx?LPKey=LTF7J2NHXOHR4FKJVOOO4OJVDCN4VUC7QWDN3FQ6C52HIRQRRUJDZLLBHONQAO6QLEVTSSOS44TYM\">Cient\u00edfica nacional participa de encuentro junto a 38 premios Nobel. Se refiere Karen Or\u00f3stica Tapia, acad\u00e9mica de la Escuela de Medicina.<\/a><\/p><p>\u00a0<\/p><p><strong>EMOL TV<\/strong><\/p><p><a href=\"https:\/\/www.litoralpress.cl\/sitio\/RadioTV_Detalles.cshtml?LPKey=PGJL4LVJWKY7HSYU7X3LGLO34QDVPH25337N56UVBE4BZPHQQIILNE3KAPRY5AJMTVFBSHMHRWVRM\"><span style=\"font-style: inherit; font-weight: inherit;\">An\u00e1lisis de precipitaciones y cambio clim\u00e1tico. Se refiere Patricio Gonz\u00e1lez Colville, agroclimat\u00f3logo del Centro de Investigaci\u00f3n y Transferencia en Riego y Agroclimatolog\u00eda (CITRA).<\/span><\/a><\/p><p>\u00a0<\/p><p><strong>RADIO AMIGA<\/strong><\/p><p><a href=\"https:\/\/www.litoralpress.cl\/sitio\/RadioTV_Detalles.cshtml?LPKey=SWVVDBLVRUVOFFMJYXRMSST4M2ITO2KWYXGF4OM4SPC7A7MVTQEZ3RI3KZVV4XDBLSKUCKIEVI6P6\">Direcci\u00f3n Comunal de Salud de Talca busca reforzar dotaci\u00f3n de profesionales para enfrentar crisis de virus respiratorios. Se refiere Gonzalo Guit\u00e9rrez, acad\u00e9mico de la Escuela de Medicina.<\/a><\/p><p>\u00a0<\/p><p><strong>TERRAM.CL<\/strong><\/p><p><a href=\"https:\/\/www.terram.cl\/2023\/08\/ministerio-de-energia-inicia-dialogo-con-sector-privado-para-acelerar-proceso-de-descarbonizacion\/\">Ministerio de Energ\u00eda inicia di\u00e1logo con sector privado para acelerar proceso de descarbonizaci\u00f3n.<\/a><\/p><p>\u00a0<\/p><p><strong>TV5 LINARES<\/strong><\/p><p><a href=\"https:\/\/www.litoralpress.cl\/sitio\/RadioTV_Detalles.cshtml?LPKey=JJV3ZY7B7TKVQLAUJ64JTTO27YLEAE6N7UJ6VJUMY6PWGDPF5LZMFNRAQQBHQHWKSCZEJZW6ENGXW\">An\u00e1lisis desempleo y proyecci\u00f3n. Se refiere Jorge Navarrete, director del Centro de Competitividad del Maule de la Facultad de Econom\u00eda y Negocios.<\/a><\/p><p>\u00a0<\/p><p><strong>LA TERCERA<\/strong><\/p><p><a href=\"https:\/\/www.litoralpress.cl\/sitio\/Prensa_Detalles.cshtml?LPKey=INDBM25GFFPY5H7JYHQI4HBXVHAR5LT4ZGDPW5ERQEFNPTV46IOA\">Los cinco r\u00edos de la Patagonia con las aguas m\u00e1s puras de Chile. Se menciona a la Universidad de Talca.<\/a><\/p><p>\u00a0<\/p><p><strong>RADIO BIOBIO<\/strong><\/p><p><a href=\"https:\/\/www.litoralpress.cl\/sitio\/RadioTV_Detalles.cshtml?LPKey=GLLSIKAASHBPNPUTPWTWAP65RRB2BT42QTTQTJDIWRIKFFQZ4FZRFHQHH3UJOBD7V6ZOKQ3UUYTXE\">Ministerio de Energ\u00eda inici\u00f3 proceso de di\u00e1logo estrat\u00e9gico con el sector privado para hoja de ruta y acelerar el proceso de descarbonizaci\u00f3n. Se refiere Felipe Varas, acad\u00e9mico de la Facultad de Ingenier\u00eda.<\/a><\/p><p>\u00a0<\/p><p><strong>RADIO 13C<\/strong><\/p><p><a href=\"https:\/\/www.litoralpress.cl\/sitio\/RadioTV_Detalles.cshtml?LPKey=PJGQ6665LE2MYRZ3B7HRCYKF76DSLV6N2LIX3QYPIRSIVYN2C4MUPD6UKH5V7JU6KHA7M36EB4NOG\">An\u00e1lisis sobre el Pacto Fiscal. Se refiere Andrea Bentancor, acad\u00e9mica de la Facultad de Econom\u00eda y Negocios.<\/a><\/p><p>\u00a0<\/p><p><strong>LA TERCERA<\/strong><\/p><p><a href=\"https:\/\/www.litoralpress.cl\/paginaconsultas\/Servicios_NClipSitio\/Get_Imagen_Nota.aspx?LPKey=5FIVLFJDBXL4LQABSHOUVUHD7GWIEZD4AORWAOX2745PWR6URYR5I3SDYROCDS3YQXP4R3KGPPGO2\">C\u00f3mo entender en 5 claves el intento del gobierno por avanzar en un pacto fiscal por partes y de dudoso piso pol\u00edtico. Se refiere Mauricio Morales, director del Centro de An\u00e1lisis Pol\u00edtico.<\/a><\/p><p>\u00a0<\/p><p><strong>DIARIO FINANCIERO<\/strong><\/p><p><a href=\"https:\/\/www.df.cl\/economia-y-politica\/df-tax\/el-dificil-camino-de-la-moneda-para-concretar-el-pacto-fiscal-ciclo\">El dif\u00edcil camino de La Moneda para concretar el pacto fiscal: ciclo electoral, caso Convenios y pugnas con la oposici\u00f3n. Se refiere Mauricio Morales, director del Centro de An\u00e1lisis Pol\u00edtico.<\/a><\/p><p>\u00a0<\/p><p><strong>ELDIARIODESANTIAGO.CL<\/strong><\/p><p><a href=\"https:\/\/eldiariodesantiago.cl\/archivo\/17558\">C\u00f3mo entender en 5 claves el intento del gobierno por avanzar en un pacto fiscal por partes y de dudoso piso pol\u00edtico. Se refiere Mauricio Morales, director del Centro de An\u00e1lisis Pol\u00edtico.<\/a><\/p><p>\u00a0<\/p><p><strong>RADIO INFINITA<\/strong><\/p><p><a href=\"https:\/\/www.litoralpress.cl\/sitio\/RadioTV_Detalles.cshtml?LPKey=ZZBTXF6YO2PFTYXM3HZ6WFBPUTRSPV2X6LP3ZEMF5A7C6TC6DQM4JM6CORUU2AN43NDBIRK6O5PBK\">Comentario de pol\u00edtica de Mauricio Morales, director del Centro de An\u00e1lisis Pol\u00edtico.<\/a><\/p><p>\u00a0<\/p><p><strong>MEDIABANCO<\/strong><\/p><p><a href=\"https:\/\/www.mediabanco.com\/con-juegos-y-talleres-se-celebrara-el-dia-de-las-infancias-en-la-utalca\/\">Con juegos y talleres se celebrar\u00e1 el D\u00eda de las Infancias en la UTalca. Se refiere Marcela Albornoz Dachelet, directora de Extensi\u00f3n Cultural \u2013 Art\u00edstica.\u00a0<\/a><\/p><p>\u00a0<\/p><p><strong>G5NOTICIAS.CL<\/strong><\/p><p><a href=\"https:\/\/g5noticias.cl\/2023\/08\/02\/obras-del-artista-alejandro-mendez-se-exhiben-en-extension-utalca-de-santiago\/\">Obras del artista Alejandro M\u00e9ndez se exhiben en Extensi\u00f3n UTalca de Santiago.\u00a0Se refiere Marcela Albornoz Dachelet, directora de Extensi\u00f3n Cultural \u2013 Art\u00edstica.\u00a0<\/a><\/p><p>\u00a0<\/p><p><strong>LA PRENSA DE CURIC\u00d3<\/strong><\/p><p><a href=\"https:\/\/www.litoralpress.cl\/paginaconsultas\/Servicios_NClipSitio\/Get_Imagen_Nota.aspx?LPKey=4CCT244DRZF3QVX3UDX236RGRQZUMDQZB5DWCUDQCSZPGUBCXGWSIGIDD2FEZESI4M3GM72AGO7SW\">Invitan a la presentaci\u00f3n en Curic\u00f3 de la Antolog\u00eda Po\u00e9tica \u201cMujeres del Maule\u201d. Se menciona a Marcela Albornoz Dachelet, directora de Extensi\u00f3n Cultural \u2013 Art\u00edstica, y al Centro de Extensi\u00f3n de la Universidad de Talca.<\/a><\/p><p>\u00a0<\/p><p><strong>TVN RED MAULE<\/strong><\/p><p><a href=\"https:\/\/www.litoralpress.cl\/sitio\/RadioTV_Detalles.cshtml?LPKey=E5ZRSRWW3UPJBECAWYT5O6IXVETGWCPR637U6AA2JRBANRQRPIFINUEFIQ3XQJABQ2NAZMD3FIQZG\">Ciclo de Cine Semanal comenzar\u00e1 este mi\u00e9rcoles en el Centro de Extensi\u00f3n de la Universidad de Talca. Se menciona al citado Centro.<\/a><\/p>\t\t\t\t\t\t<\/div>\n\t\t\t\t<\/div>\n\t\t\t\t\t<\/div>\n\t\t<\/div>\n\t\t\t\t\t\t\t<\/div>\n\t\t<\/section>\n\t\t\t\t\t\t<\/div>\n\t\t\t\t\t<\/div>\n\t\t","protected":false},"excerpt":{"rendered":"<p>ADPRENSA UTalca desarrolla proyecto para ense\u00f1ar astronom\u00eda a trav\u00e9s del arte. Se refiere Andr\u00e9s Maraga\u00f1o Leveque, decano de la Facultad de Arquitectura, M\u00fasica y Dise\u00f1o. \u00a0 CIENCIAENCHILE.CL Impulsan Ciencia Abierta entre investigadores\/as utalinos\/as. Se refieren Cristian Rojas Barahona, vicerrector Acad\u00e9mico; \u00a0Marcela Acu\u00f1a San Mart\u00edn, acad\u00e9mica de la de Ciencias Jur\u00eddicas y Sociales; y Carlos Bopp &hellip;<\/p>\n<p class=\"read-more\"> <a class=\"\" href=\"https:\/\/www.reportedeprensa.utalca.cl\/?p=7980\"> <span class=\"screen-reader-text\">03 de agosto de 2023<\/span> Read More &raquo;<\/a><\/p>\n","protected":false},"author":1,"featured_media":0,"comment_status":"closed","ping_status":"open","sticky":false,"template":"","format":"standard","meta":{"_monsterinsights_skip_tracking":false,"_monsterinsights_sitenote_active":false,"_monsterinsights_sitenote_note":"","_monsterinsights_sitenote_category":0},"categories":[39],"tags":[],"_links":{"self":[{"href":"https:\/\/www.reportedeprensa.utalca.cl\/index.php?rest_route=\/wp\/v2\/posts\/7980"}],"collection":[{"href":"https:\/\/www.reportedeprensa.utalca.cl\/index.php?rest_route=\/wp\/v2\/posts"}],"about":[{"href":"https:\/\/www.reportedeprensa.utalca.cl\/index.php?rest_route=\/wp\/v2\/types\/post"}],"author":[{"embeddable":true,"href":"https:\/\/www.reportedeprensa.utalca.cl\/index.php?rest_route=\/wp\/v2\/users\/1"}],"replies":[{"embeddable":true,"href":"https:\/\/www.reportedeprensa.utalca.cl\/index.php?rest_route=%2Fwp%2Fv2%2Fcomments&post=7980"}],"version-history":[{"count":4,"href":"https:\/\/www.reportedeprensa.utalca.cl\/index.php?rest_route=\/wp\/v2\/posts\/7980\/revisions"}],"predecessor-version":[{"id":7984,"href":"https:\/\/www.reportedeprensa.utalca.cl\/index.php?rest_route=\/wp\/v2\/posts\/7980\/revisions\/7984"}],"wp:attachment":[{"href":"https:\/\/www.reportedeprensa.utalca.cl\/index.php?rest_route=%2Fwp%2Fv2%2Fmedia&parent=7980"}],"wp:term":[{"taxonomy":"category","embeddable":true,"href":"https:\/\/www.reportedeprensa.utalca.cl\/index.php?rest_route=%2Fwp%2Fv2%2Fcategories&post=7980"},{"taxonomy":"post_tag","embeddable":true,"href":"https:\/\/www.reportedeprensa.utalca.cl\/index.php?rest_route=%2Fwp%2Fv2%2Ftags&post=7980"}],"curies":[{"name":"wp","href":"https:\/\/api.w.org\/{rel}","templated":true}]}}