{"id":7994,"date":"2023-08-04T17:40:52","date_gmt":"2023-08-04T20:40:52","guid":{"rendered":"https:\/\/www.reportedeprensa.utalca.cl\/?p=7994"},"modified":"2023-08-04T17:47:58","modified_gmt":"2023-08-04T20:47:58","slug":"04-de-agosto-de-2023","status":"publish","type":"post","link":"https:\/\/www.reportedeprensa.utalca.cl\/?p=7994","title":{"rendered":"04 de agosto de 2023"},"content":{"rendered":"\t\t<div data-elementor-type=\"wp-post\" data-elementor-id=\"7994\" class=\"elementor elementor-7994\" data-elementor-settings=\"[]\">\n\t\t\t\t\t\t\t<div class=\"elementor-section-wrap\">\n\t\t\t\t\t\t\t<section class=\"elementor-section elementor-top-section elementor-element elementor-element-10154d05 elementor-section-boxed elementor-section-height-default elementor-section-height-default\" data-id=\"10154d05\" data-element_type=\"section\">\n\t\t\t\t\t\t<div class=\"elementor-container elementor-column-gap-default\">\n\t\t\t\t\t<div class=\"elementor-column elementor-col-100 elementor-top-column elementor-element elementor-element-5db19c21\" data-id=\"5db19c21\" data-element_type=\"column\">\n\t\t\t<div class=\"elementor-widget-wrap elementor-element-populated\">\n\t\t\t\t\t\t\t\t<div class=\"elementor-element elementor-element-587e31be elementor-widget elementor-widget-text-editor\" data-id=\"587e31be\" data-element_type=\"widget\" data-widget_type=\"text-editor.default\">\n\t\t\t\t<div class=\"elementor-widget-container\">\n\t\t\t\t\t\t\t\t<p><strong>CIENCIAENCHILE.CL<\/strong><\/p><p><a href=\"https:\/\/www.cienciaenchile.cl\/impulsan-ciencia-abierta-entre-investigadores-as-utalinos-as\/\">Impulsan Ciencia Abierta entre investigadores\/as utalinos\/as. Se refieren Cristian Rojas Barahona, vicerrector Acad\u00e9mico; Marcela Acu\u00f1a San Mart\u00edn, acad\u00e9mica de la de Ciencias Jur\u00eddicas y Sociales; y Carlos Bopp Montero, investigador post doctoral de la Facultad de Ciencias Agrarias.<\/a><\/p><p>\u00a0<\/p><p><strong>ADPRENSA<\/strong><\/p><p><a href=\"https:\/\/www.adprensa.cl\/cronica\/prevencion-es-crucial-para-evitar-el-cancer-de-colon\/\">Prevenci\u00f3n es crucial para evitar el c\u00e1ncer de colon. Se refieren Claudia Amigo Rojas, acad\u00e9mica de la Escuela de Enfermer\u00eda; y \u00c1ngela S\u00e1nchez, directora de la Escuela de Nutrici\u00f3n y Diet\u00e9tica.<\/a><\/p><p>\u00a0<\/p><p><strong>MEDIABANCO<\/strong><\/p><p><a href=\"https:\/\/www.mediabanco.com\/prevencion-es-crucial-para-evitar-el-cancer-de-colon\/\">Prevenci\u00f3n es crucial para evitar el c\u00e1ncer de colon. Se refieren Claudia Amigo Rojas, acad\u00e9mica de la Escuela de Enfermer\u00eda; y \u00c1ngela S\u00e1nchez, directora de la Escuela de Nutrici\u00f3n y Diet\u00e9tica.<\/a><\/p><p>\u00a0<\/p><p><strong>EL LECTOR<\/strong><\/p><p><a href=\"https:\/\/litoralpress.cl\/paginaconsultas\/Servicios_NClipSitio\/Get_Imagen_Nota.aspx?LPKey=W4I3TQJUSKOA4QHWSMVGY53VJLQRV4HYIZ7EBQZRGGZDI437MOXQPKSBS5PJJSXDKJMGYIB7X2QUI\">Prevenci\u00f3n es crucial para evitar el c\u00e1ncer de colon. Se refieren Claudia Amigo Rojas, acad\u00e9mica de la Escuela de Enfermer\u00eda; y \u00c1ngela S\u00e1nchez, directora de la Escuela de Nutrici\u00f3n y Diet\u00e9tica.<\/a><\/p><p>\u00a0<\/p><p><strong>ELMAULEINFORMA.CL<\/strong><\/p><p><a href=\"https:\/\/elmauleinforma.cl\/prevencion-es-crucial-para-evitar-el-cancer-de-colon\/\">Prevenci\u00f3n es crucial para evitar el c\u00e1ncer de colon. Se refieren Claudia Amigo Rojas, acad\u00e9mica de la Escuela de Enfermer\u00eda; y \u00c1ngela S\u00e1nchez, directora de la Escuela de Nutrici\u00f3n y Diet\u00e9tica.<\/a><\/p><p>\u00a0<\/p><p><strong>RADIOMAGALLANES.CL<\/strong><\/p><p><a href=\"https:\/\/radiomagallanes.cl\/noticia.php?id_not=106880\">Prevenci\u00f3n es crucial para evitar el c\u00e1ncer de colon. Se refieren Claudia Amigo Rojas, acad\u00e9mica de la Escuela de Enfermer\u00eda; y \u00c1ngela S\u00e1nchez, directora de la Escuela de Nutrici\u00f3n y Diet\u00e9tica.<\/a><\/p><p>\u00a0<\/p><p><strong>MEDIABANCO<\/strong><\/p><p><a href=\"https:\/\/www.mediabanco.com\/utalca-desarrolla-proyecto-para-ensenar-astronomiaa-traves-del-arte\/\">UTalca desarrolla proyecto para ense\u00f1ar astronom\u00eda a trav\u00e9s del arte. Se refiere Andr\u00e9s Maraga\u00f1o Leveque, decano de la Facultad de Arquitectura, M\u00fasica y Dise\u00f1o.<\/a><\/p><p>\u00a0<\/p><p><strong>PUBLIMICRO<\/strong><\/p><p><a href=\"https:\/\/publimicro.cl\/utalca-desarrolla-proyecto-para-ensenar-astronomia-a-traves-del-arte\/\">UTalca desarrolla proyecto para ense\u00f1ar astronom\u00eda a trav\u00e9s del arte. Se refiere Andr\u00e9s Maraga\u00f1o Leveque, decano de la Facultad de Arquitectura, M\u00fasica y Dise\u00f1o.<\/a><\/p><p>\u00a0<\/p><p><strong>CANAL 30 MULTICOM<\/strong><\/p><p><a href=\"https:\/\/www.litoralpress.cl\/sitio\/RadioTV_Detalles.cshtml?LPKey=JOYOKSX67BIG6CHZ66DJ5TZEIVUZ73ERDPSAXCLUOJYP2LRZ52F2UMVVD4J46REN3LQWOXX5GTWN6\">Desarrollan proyecto para ense\u00f1ar astronom\u00eda a trav\u00e9s del arte. Se refiere Andr\u00e9s Maraga\u00f1o Leveque, decano de la Facultad de Arquitectura, M\u00fasica y Dise\u00f1o.<\/a><\/p><p>\u00a0<\/p><p><strong>RADIO ADN<\/strong><\/p><p><a href=\"https:\/\/www.litoralpress.cl\/sitio\/RadioTV_Detalles.cshtml?LPKey=EXWMHCEBOALEZBQDSD4JD4F3BSXZ7OZ4565N4Y4YVUG6SEIY7EAXJKNHJZI2DYRWWV2CZD7YZ7NSU\">Alza de temperaturas de invierno en Chile. Se refiere Patricio Gonz\u00e1lez Colville, agroclimat\u00f3logo del Centro de Investigaci\u00f3n y Transferencia en Riego y Agroclimatolog\u00eda (CITRA).<\/a><\/p><p>\u00a0<\/p><p><strong>RADIO NUEVO MUNDO<\/strong><\/p><p><a href=\"https:\/\/www.litoralpress.cl\/sitio\/RadioTV_Detalles.cshtml?LPKey=R2FZY77JI5Q56IW4A7NOUOP7XGRVDYZDBWCTL3PXBIIUR7FL5XB3U2VRWHDUIAS7LOART4BYKSOD2\">An\u00e1lisis del Pacto Fiscal. Se refiere Mois\u00e9s Gonz\u00e1lez, acad\u00e9mico de la Facultad de Econom\u00eda y Negocios.<\/a><\/p><p>\u00a0<\/p><p><strong>RADIO AMIGA<\/strong><\/p><p><a href=\"https:\/\/www.litoralpress.cl\/sitio\/RadioTV_Detalles.cshtml?LPKey=SDLBHOO6AHV3UNGSZR3LDFM7VQKITL7DSL6DSDYHHZXIIKQMEPEOIALLCWS7WOKPUQGWPVWR3RZBY\">Advierten los da\u00f1os a la salud bucal que pueden causar ciertos h\u00e1bitos alimenticios. Se refiere Vidal P\u00e9rez, acad\u00e9mico de la Facultad de Odontolog\u00eda.<\/a><\/p><p>\u00a0<\/p><p><strong>EL MERCURIO<\/strong><\/p><p><a href=\"https:\/\/www.litoralpress.cl\/paginaconsultas\/Servicios_NClipSitio\/Get_Imagen_Nota.aspx?LPKey=KAQ3EGFVMEG7JRU7MKNT2JTWOZGFU5765G6LWJ72D7NF5GNM3W5YP2G4PL7DDKOBS3ZR7KEENF52I\">Dramatizaci\u00f3n de todo. Se refiere Diego Palomo V\u00e9lez, acad\u00e9mico de la Facultad de Ciencias Jur\u00eddicas y Sociales.<\/a><\/p><p>\u00a0<\/p><p><strong>LA SEGUNDA<\/strong><\/p><p><a href=\"https:\/\/www.litoralpress.cl\/paginaconsultas\/Servicios_NClipSitio\/Get_Imagen_Nota.aspx?LPKey=XQAN6N2VREJGD6ENUOGNLVT7R7TIFF5YOJ56QSU265SH6FDTBPZCVHUGAQTDQ4WT2CNMBIRNDJA32\">Mewes le da aire pol\u00edtico a La Moneda con pol\u00e9micos dichos. Se refiere Mauricio Morales, director del Centro de An\u00e1lisis Pol\u00edtico (CAP).<\/a><\/p><p>\u00a0<\/p><p><strong>DIARIO FINANCIERO<\/strong><\/p><p><a href=\"https:\/\/www.litoralpress.cl\/paginaconsultas\/Servicios_NClipSitio\/Get_Imagen_Nota.aspx?LPKey=NVFWMV4W4R3UTNAELGTZITYCGFSBTK67P3SNNKYC76ALVZSUN2CF5UNCMBR6GYWT2ZCUXFV24A3X6\">El dif\u00edcil camino de La Moneda para concretar el pacto fiscal: ciclo electoral, caso convenios y pugnas con la oposici\u00f3n. Se refiere Mauricio Morales, director del Centro de An\u00e1lisis Pol\u00edtico (CAP).<\/a><\/p><p>\u00a0<\/p><p><strong>RADIO INFINITA<\/strong><\/p><p><a href=\"https:\/\/www.litoralpress.cl\/sitio\/RadioTV_Detalles.cshtml?LPKey=CYCYOBVOF6L6FIAASXWFTCHEUBUNUZE3TKIEKNL6AO2UIP7F7FJ2PQR6T4FICGWYTUKOCO3EYDLNU\">Comentario de pol\u00edtica de Mauricio Morales, director del Centro de An\u00e1lisis Pol\u00edtico (CAP).<\/a><\/p><p>\u00a0<\/p><p><strong>INFINITA.CL<\/strong><\/p><p><a href=\"https:\/\/www.infinita.cl\/columnas\/2023\/08\/03\/mauricio-morales-gabinete-empresarios.html\">Los empresarios no pueden llegar y hacer un punto pol\u00edtico sobre el orden que impone el presidente en el gabinete. Se refiere Mauricio Morales, director del Centro de An\u00e1lisis Pol\u00edtico (CAP).<\/a><\/p><p>\u00a0<\/p><p><strong>EL LECTOR<\/strong><\/p><p><a href=\"https:\/\/www.litoralpress.cl\/paginaconsultas\/Servicios_NClipSitio\/Get_Imagen_Nota.aspx?LPKey=RMVMIC7UE7ED2KUVAVX7ODJLFSRJZYSCJFXEWKI4V7OGGNVEKFXWV2TDTQEOCRNWL4CRO3OKZGXCI\">Con juegos y talleres se celebrar\u00e1 el D\u00eda de las Infancias en la UTalca.\u00a0Se refiere Marcela Albornoz Dachelet, directora de Extensi\u00f3n Cultural \u2013 Art\u00edstica.\u00a0<\/a><\/p><p>\u00a0<\/p><p><strong>ELMAULEINFORMA.CL<\/strong><\/p><p><a href=\"https:\/\/elmauleinforma.cl\/con-juegos-y-talleres-gratuitos-se-celebrara-el-dia-de-las-infancias-en-la-utalca\/\">Con juegos y talleres se celebrar\u00e1 el D\u00eda de las Infancias en la UTalca.\u00a0Se refiere Marcela Albornoz Dachelet, directora de Extensi\u00f3n Cultural \u2013 Art\u00edstica.\u00a0<\/a><\/p><p>\u00a0<\/p><p><strong>LA PRENSA DE CURIC\u00d3<\/strong><\/p><p><a href=\"https:\/\/www.litoralpress.cl\/paginaconsultas\/Servicios_NClipSitio\/Get_Imagen_Nota.aspx?LPKey=UAMWW7YHHI656FK4IOBTHMEN2R7AVKQFKZVO2Y4KUFB3WEN2LYWYARKRPKDJGCLCE632GYTDYUO2Q\">Exhiben obras de Alejandro M\u00e9ndez. Se menciona al Centro de Extensi\u00f3n Santiago.<\/a><\/p><p>\u00a0<\/p><p><strong>DIARIO EL HERALDO<\/strong><\/p><p><a href=\"https:\/\/www.litoralpress.cl\/paginaconsultas\/Servicios_NClipSitio\/Get_Imagen_Nota.aspx?LPKey=VRK7J67OUHQXV34LL4D7OAQEYTMH7QD67R44BYONRLZZBZSQZ6PFBDUNXXP6KOHPFRTRKLFEOCM3M\">MAULINA, la comunidad y plataforma de fot\u00f3grafas de la regi\u00f3n celebra su segundo aniversario. Se menciona a la Universidad de Talca.<\/a><\/p><p>\u00a0<\/p><p><strong>EL MERCURIO<\/strong><\/p><p><a href=\"https:\/\/www.litoralpress.cl\/paginaconsultas\/Servicios_NClipSitio\/Get_Imagen_Nota.aspx?LPKey=FZRCKABTUPPS4CWB6PE6RJ74EKNGOOHGUJLQ3EZC2NIGHH6G3M7YGCMLUISP2VDVE3UMFPESHNUPI\">TC revisa hoy admisibilidad de requerimiento del Senado por Comisi\u00f3n contra la Desinformaci\u00f3n. Se menciona a la Universidad de Talca.<\/a><\/p>\t\t\t\t\t\t<\/div>\n\t\t\t\t<\/div>\n\t\t\t\t\t<\/div>\n\t\t<\/div>\n\t\t\t\t\t\t\t<\/div>\n\t\t<\/section>\n\t\t\t\t\t\t<\/div>\n\t\t\t\t\t<\/div>\n\t\t","protected":false},"excerpt":{"rendered":"<p>CIENCIAENCHILE.CL Impulsan Ciencia Abierta entre investigadores\/as utalinos\/as. Se refieren Cristian Rojas Barahona, vicerrector Acad\u00e9mico; Marcela Acu\u00f1a San Mart\u00edn, acad\u00e9mica de la de Ciencias Jur\u00eddicas y Sociales; y Carlos Bopp Montero, investigador post doctoral de la Facultad de Ciencias Agrarias. \u00a0 ADPRENSA Prevenci\u00f3n es crucial para evitar el c\u00e1ncer de colon. Se refieren Claudia Amigo Rojas, &hellip;<\/p>\n<p class=\"read-more\"> <a class=\"\" href=\"https:\/\/www.reportedeprensa.utalca.cl\/?p=7994\"> <span class=\"screen-reader-text\">04 de agosto de 2023<\/span> Read More &raquo;<\/a><\/p>\n","protected":false},"author":1,"featured_media":0,"comment_status":"closed","ping_status":"open","sticky":false,"template":"","format":"standard","meta":{"_monsterinsights_skip_tracking":false,"_monsterinsights_sitenote_active":false,"_monsterinsights_sitenote_note":"","_monsterinsights_sitenote_category":0},"categories":[39],"tags":[],"_links":{"self":[{"href":"https:\/\/www.reportedeprensa.utalca.cl\/index.php?rest_route=\/wp\/v2\/posts\/7994"}],"collection":[{"href":"https:\/\/www.reportedeprensa.utalca.cl\/index.php?rest_route=\/wp\/v2\/posts"}],"about":[{"href":"https:\/\/www.reportedeprensa.utalca.cl\/index.php?rest_route=\/wp\/v2\/types\/post"}],"author":[{"embeddable":true,"href":"https:\/\/www.reportedeprensa.utalca.cl\/index.php?rest_route=\/wp\/v2\/users\/1"}],"replies":[{"embeddable":true,"href":"https:\/\/www.reportedeprensa.utalca.cl\/index.php?rest_route=%2Fwp%2Fv2%2Fcomments&post=7994"}],"version-history":[{"count":4,"href":"https:\/\/www.reportedeprensa.utalca.cl\/index.php?rest_route=\/wp\/v2\/posts\/7994\/revisions"}],"predecessor-version":[{"id":7998,"href":"https:\/\/www.reportedeprensa.utalca.cl\/index.php?rest_route=\/wp\/v2\/posts\/7994\/revisions\/7998"}],"wp:attachment":[{"href":"https:\/\/www.reportedeprensa.utalca.cl\/index.php?rest_route=%2Fwp%2Fv2%2Fmedia&parent=7994"}],"wp:term":[{"taxonomy":"category","embeddable":true,"href":"https:\/\/www.reportedeprensa.utalca.cl\/index.php?rest_route=%2Fwp%2Fv2%2Fcategories&post=7994"},{"taxonomy":"post_tag","embeddable":true,"href":"https:\/\/www.reportedeprensa.utalca.cl\/index.php?rest_route=%2Fwp%2Fv2%2Ftags&post=7994"}],"curies":[{"name":"wp","href":"https:\/\/api.w.org\/{rel}","templated":true}]}}