{"id":8005,"date":"2023-08-07T15:49:02","date_gmt":"2023-08-07T18:49:02","guid":{"rendered":"https:\/\/www.reportedeprensa.utalca.cl\/?p=8005"},"modified":"2023-10-03T15:33:42","modified_gmt":"2023-10-03T18:33:42","slug":"07-de-agosto-de-2023","status":"publish","type":"post","link":"https:\/\/www.reportedeprensa.utalca.cl\/?p=8005","title":{"rendered":"07 de agosto de 2023"},"content":{"rendered":"\t\t<div data-elementor-type=\"wp-post\" data-elementor-id=\"8005\" class=\"elementor elementor-8005\" data-elementor-settings=\"[]\">\n\t\t\t\t\t\t\t<div class=\"elementor-section-wrap\">\n\t\t\t\t\t\t\t<section class=\"elementor-section elementor-top-section elementor-element elementor-element-10154d05 elementor-section-boxed elementor-section-height-default elementor-section-height-default\" data-id=\"10154d05\" data-element_type=\"section\">\n\t\t\t\t\t\t<div class=\"elementor-container elementor-column-gap-default\">\n\t\t\t\t\t<div class=\"elementor-column elementor-col-100 elementor-top-column elementor-element elementor-element-5db19c21\" data-id=\"5db19c21\" data-element_type=\"column\">\n\t\t\t<div class=\"elementor-widget-wrap elementor-element-populated\">\n\t\t\t\t\t\t\t\t<div class=\"elementor-element elementor-element-587e31be elementor-widget elementor-widget-text-editor\" data-id=\"587e31be\" data-element_type=\"widget\" data-widget_type=\"text-editor.default\">\n\t\t\t\t<div class=\"elementor-widget-container\">\n\t\t\t\t\t\t\t\t<p style=\"font-weight: 400;\"><strong><span style=\"font-style: inherit; font-weight: inherit;\">MEDIABANCO<\/span><\/strong><strong><span style=\"font-style: inherit; font-weight: inherit;\">\u00a0<\/span><\/strong><\/p><p style=\"font-weight: 400;\"><a href=\"https:\/\/www.mediabanco.com\/utalca-presenta-agenda-de-actividades-en-conmemoracion-de-los-50-anos-del-golpe-militar\/\"><span style=\"font-style: inherit;\">UTalca presenta agenda de actividades en conmemoraci\u00f3n de los 50 a\u00f1os del Golpe militar<\/span>.\u00a0<span style=\"font-style: inherit; font-weight: inherit;\">Se refiere Carlos Torres Fuchslocher, rector.\u00a0<\/span><\/a><strong><span style=\"font-style: inherit; font-weight: inherit;\">\u00a0<\/span><\/strong><\/p><p style=\"font-weight: 400;\"><span style=\"font-style: inherit; font-weight: inherit;\">\u00a0<\/span><\/p><p style=\"font-weight: 400;\"><strong><span style=\"font-style: inherit;\">ADPRENSA\u00a0<\/span><\/strong><\/p><p style=\"font-weight: 400;\"><a href=\"https:\/\/www.adprensa.cl\/cronica\/utalca-presenta-agenda-de-actividadesen-conmemoracion-de-los-50-anos-del-golpe-militar\/\"><span style=\"font-style: inherit; font-weight: inherit;\">UTalca presenta agenda de actividades en conmemoraci\u00f3n de los 50 a\u00f1os del Golpe militar<\/span>.\u00a0<span style=\"font-style: inherit; font-weight: inherit;\">Se refiere Carlos Torres Fuchslocher, rector.\u00a0\u00a0\u00a0<\/span><span style=\"font-style: inherit; font-weight: inherit;\">\u00a0<\/span><\/a><\/p><p>\u00a0<\/p><p style=\"font-weight: 400;\"><strong><span style=\"font-style: inherit;\">G5NOTICIAS.CL\u00a0<\/span><\/strong><\/p><p style=\"font-weight: 400;\"><a href=\"https:\/\/g5noticias.cl\/2023\/08\/06\/utalca-presenta-agenda-de-actividades-en-conmemoracion-de-los-50-anos-del-golpe-militar\/\"><span style=\"font-style: inherit; font-weight: inherit;\">UTalca presenta agenda de actividades en conmemoraci\u00f3n de los 50 a\u00f1os del Golpe militar<\/span>.\u00a0<span style=\"font-style: inherit; font-weight: inherit;\">Se refiere Carlos Torres Fuchslocher, rector.\u00a0\u00a0\u00a0<\/span><span style=\"font-style: inherit; font-weight: inherit;\">\u00a0<\/span><\/a><\/p><p>\u00a0<\/p><p style=\"font-weight: 400;\"><strong><span style=\"font-style: inherit;\">CHILLANONLINE.CL\u00a0<\/span><\/strong><\/p><p style=\"font-weight: 400;\"><a href=\"https:\/\/www.chillanonline.cl\/V6\/utalca-presenta-agenda-de-actividades-en-conmemoracion-de-los-50-anos-del-golpe-militar\/\"><span style=\"font-style: inherit; font-weight: inherit;\">UTalca presenta agenda de actividades en conmemoraci\u00f3n de los 50 a\u00f1os del Golpe militar<\/span>.\u00a0<span style=\"font-style: inherit; font-weight: inherit;\">Se refiere Carlos Torres Fuchslocher, rector.\u00a0<\/span><\/a><\/p><p style=\"font-weight: 400;\"><a href=\"https:\/\/www.chillanonline.cl\/V6\/utalca-presenta-agenda-de-actividades-en-conmemoracion-de-los-50-anos-del-golpe-militar\/\"><span style=\"font-style: inherit; font-weight: inherit;\">\u00a0\u00a0<\/span><span style=\"font-style: inherit; font-weight: inherit;\">\u00a0<\/span><\/a><\/p><p style=\"font-weight: 400;\"><strong><span style=\"font-style: inherit;\">ADPRENSA\u00a0<\/span><span style=\"font-style: inherit;\">\u00a0<\/span><\/strong><\/p><p style=\"font-weight: 400;\"><a href=\"https:\/\/www.adprensa.cl\/cronica\/utalca-y-municipalidad-de-providencia-firman-convenio-de-colaboracion\/\"><span style=\"font-style: inherit; font-weight: inherit;\">UTalca y Municipalidad de Providencia firman convenio de colaboraci\u00f3n. Se refiere Carlos Torres Fuchslocher, rector.\u00a0\u00a0\u00a0<\/span><\/a><span style=\"font-style: inherit; font-weight: inherit;\"><br \/><\/span><\/p><p>\u00a0<\/p><p style=\"font-weight: 400;\"><strong><span style=\"font-style: inherit; font-weight: inherit;\">LA PRENSA DE CURIC\u00d3\u00a0<\/span><\/strong><strong><span style=\"font-style: inherit; font-weight: inherit;\">\u00a0<\/span><\/strong><\/p><p style=\"font-weight: 400;\"><a href=\"https:\/\/www.litoralpress.cl\/paginaconsultas\/Servicios_NClipSitio\/Get_Imagen_Nota.aspx?LPKey=52MYRX6DUYRGFLLJTZWGHQ3YKGKU3WWNKFGJXEB6DM7CFUEGKQBQVEP5O3YSWAQ2JJQSRFHABHD54\"><span style=\"font-style: inherit;\">UTalca y Municipio de Providencia suscriben convenio de colaboraci\u00f3n<\/span><\/a><span style=\"font-style: inherit; font-weight: inherit;\">. Se refiere Carlos Torres Fuchslocher, rector.\u00a0\u00a0\u00a0<\/span><strong><span style=\"font-style: inherit; font-weight: inherit;\"><br \/><\/span><\/strong><\/p><p>\u00a0<\/p><p style=\"font-weight: 400;\"><strong><span style=\"font-style: inherit;\">PROVIDENCIA.CL\u00a0<\/span><span style=\"font-style: inherit;\">\u00a0<\/span><\/strong><\/p><p style=\"font-weight: 400;\"><a href=\"https:\/\/providencia.cl\/provi\/explora\/noticias\/municipalidad\/providencia-y-universidad-de-talca-suscriben-convenio-de-colaboracion\"><span style=\"font-style: inherit; font-weight: inherit;\">Providencia y Universidad de Talca suscriben convenio de colaboraci\u00f3n. Se refiere Carlos Torres Fuchslocher, rector.\u00a0\u00a0<\/span><span style=\"font-style: inherit; font-weight: inherit;\">\u00a0<\/span><\/a><\/p><p>\u00a0<\/p><p style=\"font-weight: 400;\"><strong><span style=\"font-style: inherit; font-weight: inherit;\">PUBLIMETRO<\/span><\/strong><strong><span style=\"font-style: inherit; font-weight: inherit;\">\u00a0<\/span><\/strong><\/p><p style=\"font-weight: 400;\"><a href=\"https:\/\/www.litoralpress.cl\/paginaconsultas\/Servicios_NClipSitio\/Get_Imagen_Nota.aspx?LPKey=C6RISB7MMXAREJSKPQGOJ7ZWUIIIJHK2S35ZNW3CPF3WHDIZKRU5ARUGWGEGJSVSF5SVRDDRXRFOI\"><span style=\"font-style: inherit;\">V\u00edctimas de la &#8220;Ebullici\u00f3n Global&#8221;: el agobiante verano que espera a Chile.\u00a0<\/span><span style=\"font-style: inherit;\">Se refiere Patricio Gonz\u00e1lez Colville, agroclimat\u00f3logo del Centro de Investigaci\u00f3n y Transferencia en Riego y Agroclimatolog\u00eda (CITRA).<\/span><span style=\"font-style: inherit;\">\u00a0<\/span><\/a><\/p><p>\u00a0<\/p><p style=\"font-weight: 400;\"><strong><span style=\"font-style: inherit;\">MEDIABANCO\u00a0<\/span><\/strong><\/p><p style=\"font-weight: 400;\"><a href=\"https:\/\/www.mediabanco.com\/taller-para-docentes-ayudara-a-mejorar-la-ensenanza-del-ingles-en-escolares-del-maule\/\"><span style=\"font-style: inherit; font-weight: inherit;\">Taller para docentes ayudar\u00e1 a mejorar la ense\u00f1anza del ingl\u00e9s en escolares del Maule. Se refiere Carolina Mora Douglas, acad\u00e9mica del Programa de Idiomas.\u00a0<\/span><\/a><\/p><p style=\"font-weight: 400;\"><span style=\"font-style: inherit; font-weight: inherit;\">\u00a0<\/span><\/p><p style=\"font-weight: 400;\"><strong><span style=\"font-style: inherit;\">ADPRENSA\u00a0<\/span><\/strong><\/p><p style=\"font-weight: 400;\"><a href=\"https:\/\/www.adprensa.cl\/cronica\/taller-para-docentes-ayudara-a-mejorar-la-ensenanza-del-ingles-en-escolares-del-maule\/\"><span style=\"font-style: inherit; font-weight: inherit;\">Taller para docentes ayudar\u00e1 a mejorar la ense\u00f1anza del ingl\u00e9s en escolares del Maule. Se refiere Carolina Mora Douglas, acad\u00e9mica del Programa de Idiomas.\u00a0<\/span><\/a><\/p><p style=\"font-weight: 400;\"><a href=\"https:\/\/www.adprensa.cl\/cronica\/taller-para-docentes-ayudara-a-mejorar-la-ensenanza-del-ingles-en-escolares-del-maule\/\"><span style=\"font-style: inherit; font-weight: inherit;\">\u00a0<\/span><\/a><\/p><p style=\"font-weight: 400;\"><strong><span style=\"font-style: inherit; font-weight: inherit;\">EL LECTOR\u00a0<\/span><\/strong><\/p><p style=\"font-weight: 400;\"><a href=\"https:\/\/www.litoralpress.cl\/paginaconsultas\/Servicios_NClipSitio\/Get_Imagen_Nota.aspx?LPKey=UYMB6VMT27NTMFFXQSG2HOOG4VMSLRKOJOXISQJ77V6Y44ZLZ3UWMRKAROZGC2AYMDCNBUT7ZDAXC\"><span style=\"font-style: inherit;\">Taller para docentes ayudar\u00e1 a mejorar la ense\u00f1anza del ingl\u00e9s en escolares del Maule. Se refiere Carolina Mora Douglas, acad\u00e9mica del Programa de Idiomas.\u00a0<\/span><\/a><\/p><p style=\"font-weight: 400;\"><a href=\"https:\/\/www.litoralpress.cl\/paginaconsultas\/Servicios_NClipSitio\/Get_Imagen_Nota.aspx?LPKey=UYMB6VMT27NTMFFXQSG2HOOG4VMSLRKOJOXISQJ77V6Y44ZLZ3UWMRKAROZGC2AYMDCNBUT7ZDAXC\"><span style=\"font-style: inherit;\">\u00a0<\/span><\/a><\/p><p style=\"font-weight: 400;\"><strong><span style=\"font-style: inherit;\">G5NOTICIAS.CL\u00a0<\/span><\/strong><\/p><p style=\"font-weight: 400;\"><a href=\"https:\/\/g5noticias.cl\/2023\/08\/05\/taller-para-docentes-ayudara-a-mejorar-la-ensenanza-del-ingles-en-escolares-del-maule\/\"><span style=\"font-style: inherit; font-weight: inherit;\">Taller para docentes ayudar\u00e1 a mejorar la ense\u00f1anza del ingl\u00e9s en escolares del Maule. Se refiere Carolina Mora Douglas, acad\u00e9mica del Programa de Idiomas.\u00a0<\/span><\/a><\/p><p style=\"font-weight: 400;\"><a href=\"https:\/\/g5noticias.cl\/2023\/08\/05\/taller-para-docentes-ayudara-a-mejorar-la-ensenanza-del-ingles-en-escolares-del-maule\/\"><span style=\"font-style: inherit; font-weight: inherit;\">\u00a0<\/span><\/a><\/p><p style=\"font-weight: 400;\"><strong><span style=\"font-style: inherit;\">CHILLANONLINE.CL\u00a0<\/span><\/strong><\/p><p style=\"font-weight: 400;\"><a href=\"https:\/\/www.chillanonline.cl\/V6\/taller-para-docentes-ayudara-a-mejorar-la-ensenanza-del-ingles-en-escolares-del-maule\/\"><span style=\"font-style: inherit; font-weight: inherit;\">Taller para docentes ayudar\u00e1 a mejorar la ense\u00f1anza del ingl\u00e9s en escolares del Maule. Se refiere Carolina Mora Douglas, acad\u00e9mica del Programa de Idiomas.\u00a0<\/span><span style=\"font-style: inherit; font-weight: inherit;\">\u00a0<\/span><\/a><\/p><p>\u00a0<\/p><p style=\"font-weight: 400;\"><strong><span style=\"font-style: inherit; font-weight: inherit;\">G5NOTICIAS.CL\u00a0<\/span><\/strong><\/p><p><a href=\"https:\/\/g5noticias.cl\/2023\/08\/05\/prevencion-es-crucial-para-evitar-el-cancer-de-colon\/\"><span style=\"font-style: inherit; font-weight: inherit;\">Prevenci\u00f3n es crucial para evitar el c\u00e1ncer de colon.<\/span><span style=\"font-style: inherit; font-weight: inherit;\">\u00a0<\/span><span style=\"font-style: inherit; font-weight: inherit;\">Se refieren Claudia Amigo Rojas, acad\u00e9mica de la Escuela de Enfermer\u00eda; y \u00c1ngela S\u00e1nchez, directora de la Escuela de Nutrici\u00f3n y Diet\u00e9tica.\u00a0\u00a0<\/span><\/a><\/p><p>\u00a0<\/p><p style=\"font-weight: 400;\"><strong><span style=\"font-style: inherit; font-weight: inherit;\">CANAL TVN RED MAULE\u00a0<\/span><\/strong><strong><span style=\"font-style: inherit; font-weight: inherit;\">\u00a0<\/span><\/strong><\/p><p style=\"font-weight: 400;\"><a href=\"https:\/\/www.litoralpress.cl\/sitio\/RadioTV_Detalles.cshtml?LPKey=5XVWDQD7JTHI56OBVLEVA5US5L67GREJC6PGOB6BPE27NLYNGGNADLLGXWAUWRT3JK2QZC66RHNRM\"><span style=\"font-style: inherit;\">25% de la poblaci\u00f3n adulta mayor ha perdido sus dientes<\/span><span style=\"font-style: inherit;\">. Se refiere Soraya Le\u00f3n, odontogeriatra y acad\u00e9mica de la Facultad de Odontolog\u00eda.\u00a0\u00a0<\/span><\/a><\/p><p style=\"font-weight: 400;\"><span style=\"font-style: inherit; font-weight: inherit;\">\u00a0<\/span><\/p><p style=\"font-weight: 400;\"><strong><span style=\"font-style: inherit;\">EL AUSTRAL DE OSORNO\u00a0<\/span><\/strong><\/p><p style=\"font-weight: 400;\"><a href=\"https:\/\/www.litoralpress.cl\/paginaconsultas\/Servicios_NClipSitio\/Get_Imagen_Nota.aspx?LPKey=F6TWYYADHXKWSSN6KDQAPDMDUNGGN2U6YH6LTULPIYQE5A4OCYQKNWFVLUSM7NZ4DY5N5JCH7I23Q\"><span style=\"font-style: inherit; font-weight: inherit;\">Estudio muestra que vecinos de Ovejer\u00eda y Rahue internalizaron la pr\u00e1ctica del reciclaje<\/span>. Se refiere Francisca Trujillo, estudiante del doctorado en Econom\u00eda.<\/a><\/p><p style=\"font-weight: 400;\"><a href=\"https:\/\/www.litoralpress.cl\/paginaconsultas\/Servicios_NClipSitio\/Get_Imagen_Nota.aspx?LPKey=F6TWYYADHXKWSSN6KDQAPDMDUNGGN2U6YH6LTULPIYQE5A4OCYQKNWFVLUSM7NZ4DY5N5JCH7I23Q\">\u00a0<\/a><\/p><p style=\"font-weight: 400;\"><strong><span style=\"font-style: inherit;\">ADPRENSA\u00a0<\/span><\/strong><\/p><p style=\"font-weight: 400;\"><a href=\"https:\/\/www.adprensa.cl\/cronica\/academicos-de-las-universidades-estatales-enfatizaron-la-importancia-del-envejecimiento-saludable\/\"><span style=\"font-style: inherit; font-weight: inherit;\">Acad\u00e9micos de las universidades estatales enfatizaron la importancia del envejecimiento saludable. Se refiere Iv\u00e1n Palomo, director del Centro Interuniversitario de Envejecimiento Saludable y acad\u00e9mico de la Facultad de Ciencias de la Salud.\u00a0<\/span><span style=\"font-style: inherit; font-weight: inherit;\">\u00a0<\/span><\/a><\/p><p>\u00a0<\/p><p style=\"font-weight: 400;\"><strong><span style=\"font-style: inherit;\">RADIO AMIGA\u00a0<\/span><span style=\"font-style: inherit;\">\u00a0<\/span><\/strong><\/p><p style=\"font-weight: 400;\"><a href=\"https:\/\/www.litoralpress.cl\/sitio\/RadioTV_Detalles.cshtml?LPKey=PQVXL6SFGWKRYUDMLHFZDJWQT7E6UW3LIUOT7M7GDAQLW33PFIZW23DZU5ZQDR4SNMFNR5TVBEDEO\"><span style=\"font-style: inherit; font-weight: inherit;\">Nuevas variedades de maqui adaptadas al clima se encuentran disponible<\/span>. Se refiere Hermine Vogel, directora del proyecto y decana de la Facultad de Ciencias Agrarias.\u00a0<\/a><\/p><p style=\"font-weight: 400;\"><a href=\"https:\/\/www.litoralpress.cl\/sitio\/RadioTV_Detalles.cshtml?LPKey=PQVXL6SFGWKRYUDMLHFZDJWQT7E6UW3LIUOT7M7GDAQLW33PFIZW23DZU5ZQDR4SNMFNR5TVBEDEO\">\u00a0<\/a><\/p><p style=\"font-weight: 400;\"><strong>CANAL TVR\u00a0<\/strong><\/p><p style=\"font-weight: 400;\"><a href=\"https:\/\/www.litoralpress.cl\/sitio\/RadioTV_Detalles.cshtml?LPKey=IRKWPQSF6TPSMA7Y7RLL5XT7SRJEJNG6JTMXE6QOY55CUZIPIOA43L22KUZQVUQYZZU2OK4EPBGVY\">Recomiendan limitar uso de dispositivos m\u00f3viles entre ni\u00f1os y adolescentes. Se refiere Rosario Spencer Contreras, acad\u00e9mica de la Facultad de Psicolog\u00eda.\u00a0\u00a0<\/a><\/p><p>\u00a0<\/p><p style=\"font-weight: 400;\"><span style=\"font-style: inherit; font-weight: inherit;\">\u00a0<\/span><strong><span style=\"font-style: inherit; font-weight: inherit;\">ELDESCONCIERTO.CL\u00a0\u00a0<\/span><\/strong><\/p><p style=\"font-weight: 400;\"><a href=\"https:\/\/www.eldesconcierto.cl\/economia\/2023\/08\/05\/segun-expertos-pacto-fiscal-es-muy-bueno-responde-a-principios-de-equidad-y-simplicidad.html\"><span style=\"font-style: inherit;\">Expertos que apoyan Pacto Fiscal valoran principios de equidad, neutralidad y simplicidad. Se refiere Jos\u00e9 Tello \u00c1vila, acad\u00e9mico de la Facultad de Econom\u00eda y Negocios.\u00a0<\/span><span style=\"font-style: inherit;\">\u00a0<\/span><\/a><\/p><p style=\"font-weight: 400;\"><strong><span style=\"font-style: inherit;\">\u00a0<\/span><\/strong><\/p><p style=\"font-weight: 400;\"><strong><span style=\"font-style: inherit;\">CANAL 30 MULTICOM\u00a0<\/span><span style=\"font-style: inherit;\">\u00a0<\/span><\/strong><\/p><p style=\"font-weight: 400;\"><a href=\"https:\/\/www.litoralpress.cl\/sitio\/RadioTV_Detalles.cshtml?LPKey=BEYZMH4MCG7NVT2KBJRVBLGWZXMK7WRGCIZVJVNFUNIFJPOXYHS2645VWQHXA5J7GJLQAYBJS6DN2\"><span style=\"font-style: inherit; font-weight: inherit;\">An\u00e1lisis de resultados obtenidos en la encuesta CASEN 2023<\/span><\/a><span style=\"font-style: inherit; font-weight: inherit;\">. Se refiere Carlos Villalobos, acad\u00e9mico de la Facultad de Econom\u00eda y Negocios.\u00a0<br \/><\/span><span style=\"font-style: inherit; font-weight: inherit;\">\u00a0<\/span><\/p><p style=\"font-weight: 400;\"><strong><span style=\"font-style: inherit; font-weight: inherit;\">BIOBIOCHILE.CL\u00a0<\/span><\/strong><\/p><p style=\"font-weight: 400;\"><a href=\"https:\/\/www.biobiochile.cl\/noticias\/nacional\/chile\/2023\/08\/06\/el-ministro-que-eclipso-a-camila-vallejo-tras-desatarse-un-nuevo-incendio-en-la-moneda.shtml\"><span style=\"font-style: inherit;\">El ministro que eclips\u00f3 a Vallejo tras un nuevo incendio: de profesor de Boric a bombero de La Moneda.\u00a0<\/span><span style=\"font-style: inherit;\">Se refiere Mauricio Morales, director del Centro de An\u00e1lisis Pol\u00edtico (CAP).<\/span><span style=\"font-style: inherit;\">\u00a0<\/span><\/a><\/p><p style=\"font-weight: 400;\"><strong><span style=\"font-style: inherit; font-weight: inherit;\">\u00a0<\/span><\/strong><\/p><p style=\"font-weight: 400;\"><strong><span style=\"font-style: inherit;\">MEGANOTICIAS.CL\u00a0<\/span><\/strong><\/p><p style=\"font-weight: 400;\"><a href=\"https:\/\/www.meganoticias.cl\/nacional\/421854-columna-mauricio-morales-encuesta-cadem-nueva-constitucion-elecciones-bochorno-constitucional-06-08-2023.html\"><span style=\"font-style: inherit; font-weight: inherit;\">C\u00f3mo salir del bochorno constitucional. Se refiere Mauricio Morales, director del Centro de An\u00e1lisis Pol\u00edtico (CAP).<\/span><span style=\"font-style: inherit; font-weight: inherit;\">\u00a0<\/span><\/a><\/p><p>\u00a0<\/p><p style=\"font-weight: 400;\"><strong><span style=\"font-style: inherit; font-weight: inherit;\">EMOL\u00a0<\/span><\/strong><\/p><p style=\"font-weight: 400;\"><a href=\"https:\/\/www.emol.com\/noticias\/Nacional\/2023\/08\/04\/1103184\/la-prescindencia-del-gobierno.html\"><span style=\"font-style: inherit;\">\u00bfSe ahonda la crisis?: Analistas abordan lo que se juega el Gobierno al traspasar la prescindencia con el Consejo Constitucional. Se refiere Mario Herrera, acad\u00e9mico\u00a0<\/span><span style=\"font-style: inherit;\">del Centro de An\u00e1lisis Pol\u00edtico (CAP).\u00a0<\/span><\/a><\/p><p>\u00a0<\/p><p style=\"font-weight: 400;\"><strong><span style=\"font-style: inherit;\">NOSTALGICA.CL\u00a0<\/span><\/strong><\/p><p style=\"font-weight: 400;\"><a href=\"https:\/\/www.nostalgica.cl\/se-ahonda-la-crisis-analistas-abordan-lo-que-se-juega-el-gobierno-al-traspasar-la-prescindencia-con-el-consejo-constitucional\/\"><span style=\"font-style: inherit; font-weight: inherit;\">\u00bfSe ahonda la crisis?: Analistas abordan lo que se juega el Gobierno al traspasar la prescindencia con el Consejo Constitucional. Se refiere Mario Herrera, acad\u00e9mico\u00a0<\/span><span style=\"font-style: inherit; font-weight: inherit;\">del Centro de An\u00e1lisis Pol\u00edtico (CAP).\u00a0<\/span><\/a><\/p><p>\u00a0<\/p><p style=\"font-weight: 400;\"><strong>DIARIOCONSTITUCIONAL.CL\u00a0<\/strong><\/p><p><a href=\"https:\/\/www.diarioconstitucional.cl\/cartas-al-director\/la-colegialidad-en-la-judicatura-mas-luces-que-sombras\/\"><span style=\"font-style: inherit; font-weight: inherit;\">La colegialidad en la judicatura: m\u00e1s luces que sombras. Se refiere Diego Palomo V\u00e9lez, acad\u00e9mico de la Facultad de Ciencias Jur\u00eddicas y Sociales.<\/span><\/a><\/p><p>\u00a0<\/p><p style=\"font-weight: 400;\"><strong><span style=\"font-style: inherit;\">DIARIOELCENTRO.CL\u00a0<\/span><\/strong><\/p><p style=\"font-weight: 400;\"><a href=\"https:\/\/www.diarioelcentro.cl\/2023\/08\/06\/la-mediocridad-no-es-inocua-y-esconde-a-menudo-peores-cosas\/\"><span style=\"font-style: inherit; font-weight: inherit;\">La mediocridad no es inocua y esconde, a menudo, peores cosas. Se refiere Diego Palomo V\u00e9lez, acad\u00e9mico de la Facultad de Ciencias Jur\u00eddicas y Sociales.\u00a0<\/span><\/a><\/p><p style=\"font-weight: 400;\"><span style=\"font-style: inherit; font-weight: inherit;\">\u00a0<\/span><\/p><p style=\"font-weight: 400;\"><strong><span style=\"font-style: inherit;\">DIARIOELCENTRO.CL\u00a0<\/span><\/strong><\/p><p style=\"font-weight: 400;\"><a href=\"https:\/\/www.diarioelcentro.cl\/2023\/08\/06\/reduccion-en-la-pobreza-una-tarea-de-largo-aliento\/\"><span style=\"font-style: inherit; font-weight: inherit;\">Reducci\u00f3n de la pobreza: una tarea de largo aliento. Se refiere Arcadio Cerda Urrutia, acad\u00e9mico de la Facultad de Econom\u00eda y Negocios.\u00a0\u00a0<\/span><\/a><\/p><p style=\"font-weight: 400;\"><strong><span style=\"font-style: inherit;\">\u00a0<\/span><span style=\"font-style: inherit;\">EL MERCURIO\u00a0<\/span><\/strong><\/p><p style=\"font-weight: 400;\"><a href=\"https:\/\/www.litoralpress.cl\/paginaconsultas\/Servicios_NClipSitio\/Get_Imagen_Nota.aspx?LPKey=VCUJY7ECBUZJZXGFXMJQ7I3JMGFK37CFKKE452A3LWMBR2KN2LAGIEX2HANR2NN74GGHT6IDB57DQ\"><span style=\"font-style: inherit; font-weight: inherit;\">Francisco Brugnoli: Protagonista esencial de la escena del arte contempor\u00e1neo<\/span>. Se menciona a la Universidad de Talca.\u00a0<\/a><\/p><p style=\"font-weight: 400;\"><strong>EL LIDER\u00a0<\/strong><\/p><p style=\"font-weight: 400;\"><a href=\"https:\/\/www.litoralpress.cl\/paginaconsultas\/Servicios_NClipSitio\/Get_Imagen_Nota.aspx?LPKey=H3HFY3SRSHESS5B6KMFL45MFW2ILZ4WBG5OFBUTWRKVS2T5X5RPKVKH3FR2JRYX5L3HSJVILY6NSG\"><span style=\"font-style: inherit; font-weight: inherit;\">III Congreso Folclor Hispanoamericano: natalicio de Oreste Plath y el folclor social<\/span>. Se menciona a la Universidad de Talca.\u00a0<\/a><\/p><p style=\"font-weight: 400;\"><strong><span style=\"font-style: inherit;\">BEETHOVENFM\u00a0<\/span><\/strong><\/p><p><a href=\"https:\/\/www.beethovenfm.cl\/evento\/3er-congreso-de-folclor-hispanoamericano-oreste-plath\/\"><span style=\"font-style: inherit;\">3er Congreso de Folclor Hispanoamericano Oreste Plath. Se menciona a la Universidad de Talca.\u00a0<\/span><\/a><\/p>\t\t\t\t\t\t<\/div>\n\t\t\t\t<\/div>\n\t\t\t\t\t<\/div>\n\t\t<\/div>\n\t\t\t\t\t\t\t<\/div>\n\t\t<\/section>\n\t\t\t\t\t\t<\/div>\n\t\t\t\t\t<\/div>\n\t\t","protected":false},"excerpt":{"rendered":"<p>MEDIABANCO\u00a0 UTalca presenta agenda de actividades en conmemoraci\u00f3n de los 50 a\u00f1os del Golpe militar.\u00a0Se refiere Carlos Torres Fuchslocher, rector.\u00a0\u00a0 \u00a0 ADPRENSA\u00a0 UTalca presenta agenda de actividades en conmemoraci\u00f3n de los 50 a\u00f1os del Golpe militar.\u00a0Se refiere Carlos Torres Fuchslocher, rector.\u00a0\u00a0\u00a0\u00a0 \u00a0 G5NOTICIAS.CL\u00a0 UTalca presenta agenda de actividades en conmemoraci\u00f3n de los 50 a\u00f1os del &hellip;<\/p>\n<p class=\"read-more\"> <a class=\"\" href=\"https:\/\/www.reportedeprensa.utalca.cl\/?p=8005\"> <span class=\"screen-reader-text\">07 de agosto de 2023<\/span> Read More &raquo;<\/a><\/p>\n","protected":false},"author":1,"featured_media":0,"comment_status":"closed","ping_status":"open","sticky":false,"template":"","format":"standard","meta":{"_monsterinsights_skip_tracking":false,"_monsterinsights_sitenote_active":false,"_monsterinsights_sitenote_note":"","_monsterinsights_sitenote_category":0},"categories":[39],"tags":[],"_links":{"self":[{"href":"https:\/\/www.reportedeprensa.utalca.cl\/index.php?rest_route=\/wp\/v2\/posts\/8005"}],"collection":[{"href":"https:\/\/www.reportedeprensa.utalca.cl\/index.php?rest_route=\/wp\/v2\/posts"}],"about":[{"href":"https:\/\/www.reportedeprensa.utalca.cl\/index.php?rest_route=\/wp\/v2\/types\/post"}],"author":[{"embeddable":true,"href":"https:\/\/www.reportedeprensa.utalca.cl\/index.php?rest_route=\/wp\/v2\/users\/1"}],"replies":[{"embeddable":true,"href":"https:\/\/www.reportedeprensa.utalca.cl\/index.php?rest_route=%2Fwp%2Fv2%2Fcomments&post=8005"}],"version-history":[{"count":13,"href":"https:\/\/www.reportedeprensa.utalca.cl\/index.php?rest_route=\/wp\/v2\/posts\/8005\/revisions"}],"predecessor-version":[{"id":8360,"href":"https:\/\/www.reportedeprensa.utalca.cl\/index.php?rest_route=\/wp\/v2\/posts\/8005\/revisions\/8360"}],"wp:attachment":[{"href":"https:\/\/www.reportedeprensa.utalca.cl\/index.php?rest_route=%2Fwp%2Fv2%2Fmedia&parent=8005"}],"wp:term":[{"taxonomy":"category","embeddable":true,"href":"https:\/\/www.reportedeprensa.utalca.cl\/index.php?rest_route=%2Fwp%2Fv2%2Fcategories&post=8005"},{"taxonomy":"post_tag","embeddable":true,"href":"https:\/\/www.reportedeprensa.utalca.cl\/index.php?rest_route=%2Fwp%2Fv2%2Ftags&post=8005"}],"curies":[{"name":"wp","href":"https:\/\/api.w.org\/{rel}","templated":true}]}}