{"id":8016,"date":"2023-08-08T12:47:29","date_gmt":"2023-08-08T15:47:29","guid":{"rendered":"https:\/\/www.reportedeprensa.utalca.cl\/?p=8016"},"modified":"2023-08-08T12:56:17","modified_gmt":"2023-08-08T15:56:17","slug":"08-de-agosto-de-2023","status":"publish","type":"post","link":"https:\/\/www.reportedeprensa.utalca.cl\/?p=8016","title":{"rendered":"08 de agosto de 2023"},"content":{"rendered":"\t\t<div data-elementor-type=\"wp-post\" data-elementor-id=\"8016\" class=\"elementor elementor-8016\" data-elementor-settings=\"[]\">\n\t\t\t\t\t\t\t<div class=\"elementor-section-wrap\">\n\t\t\t\t\t\t\t<section class=\"elementor-section elementor-top-section elementor-element elementor-element-10154d05 elementor-section-boxed elementor-section-height-default elementor-section-height-default\" data-id=\"10154d05\" data-element_type=\"section\">\n\t\t\t\t\t\t<div class=\"elementor-container elementor-column-gap-default\">\n\t\t\t\t\t<div class=\"elementor-column elementor-col-100 elementor-top-column elementor-element elementor-element-5db19c21\" data-id=\"5db19c21\" data-element_type=\"column\">\n\t\t\t<div class=\"elementor-widget-wrap elementor-element-populated\">\n\t\t\t\t\t\t\t\t<div class=\"elementor-element elementor-element-587e31be elementor-widget elementor-widget-text-editor\" data-id=\"587e31be\" data-element_type=\"widget\" data-widget_type=\"text-editor.default\">\n\t\t\t\t<div class=\"elementor-widget-container\">\n\t\t\t\t\t\t\t\t<p style=\"font-weight: 400;\"><strong><span style=\"font-style: inherit; font-weight: inherit;\">LANOTICIA.CL\u00a0<\/span><\/strong><\/p><p style=\"font-weight: 400;\"><a href=\"https:\/\/lanoticia.cl\/utalca-y-municipalidad-de-providencia-firman-convenio-de-colaboracion\/\"><span style=\"font-style: inherit;\">UTalca y Municipalidad de Providencia firman convenio de colaboraci\u00f3n. Se refiere Carlos Torres Fuchslocher, rector.\u00a0\u00a0<\/span><\/a><\/p><p style=\"font-weight: 400;\">\u00a0<\/p><p style=\"font-weight: 400;\"><strong><span style=\"font-style: inherit; font-weight: inherit;\">EL HERALDO\u00a0<\/span><\/strong><\/p><p style=\"font-weight: 400;\"><a href=\"https:\/\/www.litoralpress.cl\/paginaconsultas\/Servicios_NClipSitio\/Get_Imagen_Nota.aspx?LPKey=L7OIRBMAQ56F766VBG5O7X52IPKNRY5V6HN2ZFQQ4T5CA4QA43MI4GBZLYMAN2GJ6WOREY7GZDXOA\"><span style=\"font-style: inherit;\">UTalca presenta agenda de actividades en conmemoraci\u00f3n de los 50 a\u00f1os del Golpe militar.\u00a0<\/span><span style=\"font-style: inherit; font-weight: inherit;\">Se refiere Carlos Torres Fuchslocher, rector.\u00a0\u00a0\u00a0<\/span><\/a><\/p><p style=\"font-weight: 400;\"><strong><span style=\"font-style: inherit; font-weight: inherit;\">\u00a0<\/span><\/strong><\/p><p style=\"font-weight: 400;\"><strong><span style=\"font-style: inherit; font-weight: inherit;\">LATERCERA.COM\u00a0<\/span><\/strong><\/p><p style=\"font-weight: 400;\"><a href=\"https:\/\/www.latercera.com\/tendencias\/noticia\/estos-son-los-beneficios-que-tiene-el-tomate-para-tu-salud\/GB5BG3KQCJE65FRPLA2HHK32JQ\/\"><span style=\"font-style: inherit;\">Estos son los beneficios que tiene el tomate para tu salud. Se menciona a la Universidad de Talca.\u00a0\u00a0<\/span><\/a><\/p><p style=\"font-weight: 400;\">\u00a0<\/p><p style=\"font-weight: 400;\"><strong><span style=\"font-style: inherit; font-weight: inherit;\">EL MOSTRADOR\u00a0<\/span><\/strong><\/p><p style=\"font-weight: 400;\"><a href=\"https:\/\/www.elmostrador.cl\/agenda-pais\/agenda-innovacion\/2023\/08\/08\/estudiantes-crean-videojuegos-para-la-ensenanza-de-la-medicina\/\"><span style=\"font-style: inherit;\">Estudiantes crean videojuegos para la ense\u00f1anza de la medicina<\/span><span style=\"font-style: inherit; font-weight: inherit;\">. Se refiere Sergio Gui\u00f1ez Molinos, acad\u00e9mico de la Escuela de Medicina.<\/span><\/a><strong><span style=\"font-style: inherit; font-weight: inherit;\"><br \/><\/span><\/strong><\/p><p>\u00a0<\/p><p style=\"font-weight: 400;\"><strong><span style=\"font-style: inherit;\">MEDIABANCO\u00a0<\/span><\/strong><\/p><p style=\"font-weight: 400;\"><a href=\"https:\/\/www.mediabanco.com\/estudiantes-crean-videojuegos-para-la-ensenanza-de-la-medicina\/\"><span style=\"font-style: inherit; font-weight: inherit;\">Estudiantes crean videojuegos para la ense\u00f1anza de la medicina<\/span><span style=\"font-style: inherit; font-weight: inherit;\">. Se refiere Sergio Gui\u00f1ez Molinos, acad\u00e9mico de la Escuela de Medicina.\u00a0<\/span><\/a><\/p><p style=\"font-weight: 400;\"><span style=\"font-style: inherit; font-weight: inherit;\">\u00a0<\/span><\/p><p style=\"font-weight: 400;\"><strong><span style=\"font-style: inherit;\">ADPRENSA\u00a0<\/span><\/strong><\/p><p style=\"font-weight: 400;\"><a href=\"https:\/\/www.adprensa.cl\/actividades-academicas\/estudiantes-crean-videojuegos-para-la-ensenanza-de-la-medicina\/\"><span style=\"font-style: inherit; font-weight: inherit;\">Estudiantes crean videojuegos para la ense\u00f1anza de la medicina<\/span><span style=\"font-style: inherit; font-weight: inherit;\">. Se refiere Sergio Gui\u00f1ez Molinos, acad\u00e9mico de la Escuela de Medicina.\u00a0<\/span><\/a><\/p><p style=\"font-weight: 400;\">\u00a0<\/p><p style=\"font-weight: 400;\"><strong><span style=\"font-style: inherit;\">G5NOTICIAS.CL\u00a0<\/span><\/strong><\/p><p style=\"font-weight: 400;\"><a href=\"https:\/\/g5noticias.cl\/2023\/08\/07\/estudiantes-crean-videojuegos-para-la-ensenanza-de-la-medicina\/\"><span style=\"font-style: inherit; font-weight: inherit;\">Estudiantes crean videojuegos para la ense\u00f1anza de la medicina<\/span><span style=\"font-style: inherit; font-weight: inherit;\">. Se refiere Sergio Gui\u00f1ez Molinos, acad\u00e9mico de la Escuela de Medicina.\u00a0\u00a0<\/span><\/a><\/p><p style=\"font-weight: 400;\">\u00a0<\/p><p style=\"font-weight: 400;\"><strong><span style=\"font-style: inherit; font-weight: inherit;\">CNN CHILE\u00a0<\/span><\/strong><\/p><p style=\"font-weight: 400;\"><a href=\"https:\/\/www.litoralpress.cl\/sitio\/RadioTV_Detalles.cshtml?LPKey=7T4QBOCJJUV23QONKK7DAWJVKMHVMSEPMZFIHTQ4Y6CULSEBXK3Q3W4N2UNP6M6GFCUR2PJ5RPRZY\"><span style=\"font-style: inherit;\">Suelo afectado para la agricultura por aluvi\u00f3n en el sur del pa\u00eds.\u00a0<\/span><span style=\"font-style: inherit;\">Se refiere Patricio Gonz\u00e1lez Colville, agroclimat\u00f3logo del Centro de Investigaci\u00f3n y Transferencia en Riego y Agroclimatolog\u00eda (CITRA).<\/span><span style=\"font-style: inherit;\">\u00a0<\/span><\/a><\/p><p style=\"font-weight: 400;\">\u00a0<\/p><p style=\"font-weight: 400;\"><strong><span style=\"font-style: inherit;\">CNNCHILE.COM\u00a0<\/span><\/strong><\/p><p style=\"font-weight: 400;\"><a href=\"https:\/\/www.cnnchile.com\/programas-completos\/sistema-frontal-rio-atmosferico-suelos-agricolas_20230807\/\"><span style=\"font-style: inherit; font-weight: inherit;\">Sistema frontal: \u00bfC\u00f3mo afect\u00f3 el paso de un r\u00edo atmosf\u00e9rico a los suelos agr\u00edcolas?\u00a0<\/span><span style=\"font-style: inherit; font-weight: inherit;\">Se refiere Patricio Gonz\u00e1lez Colville, agroclimat\u00f3logo del Centro de Investigaci\u00f3n y Transferencia en Riego y Agroclimatolog\u00eda (CITRA).\u00a0<\/span><\/a><\/p><p style=\"font-weight: 400;\"><span style=\"font-style: inherit; font-weight: inherit;\">\u00a0<\/span><\/p><p style=\"font-weight: 400;\"><strong><span style=\"font-style: inherit; font-weight: inherit;\">RADIO BIOBIO\u00a0<\/span><\/strong><\/p><p style=\"font-weight: 400;\"><a href=\"https:\/\/www.litoralpress.cl\/sitio\/RadioTV_Detalles.cshtml?LPKey=GZVUDL2SBTVOHHZ3IUAS3YIGNRAL6INVZTTOZQV5AK3WW6X5EVGCGL5NB32JLTDIHSZBNSYYWTAXG\"><span style=\"font-style: inherit;\">Fen\u00f3meno El Ni\u00f1o y cambio clim\u00e1tico.\u00a0<\/span><span style=\"font-style: inherit;\">Se refiere Patricio Gonz\u00e1lez Colville, agroclimat\u00f3logo del Centro de Investigaci\u00f3n y Transferencia en Riego y Agroclimatolog\u00eda (CITRA).<\/span><span style=\"font-style: inherit;\">\u00a0<\/span><\/a><\/p><p style=\"font-weight: 400;\">\u00a0<\/p><p style=\"font-weight: 400;\"><strong><span style=\"font-style: inherit; font-weight: inherit;\">LA PRENSA DE CURIC\u00d3\u00a0<\/span><\/strong><\/p><p style=\"font-weight: 400;\"><a href=\"https:\/\/www.litoralpress.cl\/paginaconsultas\/Servicios_NClipSitio\/Get_Imagen_Nota.aspx?LPKey=EMFGVHN4R4C67NBLWDJSRHCBIEMEWZOZQ5IUMAJJ47WVYEKFEWUGJQ3QTYKXU4W2EH2XZ2RUVJTAK\"><span style=\"font-style: inherit;\">Taller para docentes ayudar\u00e1 a mejorar la ense\u00f1anza del ingl\u00e9s en escolares del Maule. Se refiere Carolina Mora Douglas, acad\u00e9mica del Programa de Idiomas.\u00a0<\/span><span style=\"font-style: inherit;\">\u00a0<\/span><\/a><\/p><p style=\"font-weight: 400;\">\u00a0<\/p><p style=\"font-weight: 400;\"><strong><span style=\"font-style: inherit;\">LANOTICIA.CL\u00a0<\/span><\/strong><\/p><p style=\"font-weight: 400;\"><a href=\"https:\/\/lanoticia.cl\/taller-para-docentes-ayudara-a-mejorar-la-ensenanza-del-ingles-en-escolares-del-maule\/\"><span style=\"font-style: inherit; font-weight: inherit;\">Taller para docentes ayudar\u00e1 a mejorar la ense\u00f1anza del ingl\u00e9s en escolares del Maule. Se refiere Carolina Mora Douglas, acad\u00e9mica del Programa de Idiomas.\u00a0<\/span><span style=\"font-style: inherit; font-weight: inherit;\">\u00a0<\/span><\/a><\/p><p style=\"font-weight: 400;\">\u00a0<\/p><p style=\"font-weight: 400;\"><strong><span style=\"font-style: inherit; font-weight: inherit;\">RADIO GUAYAC\u00c1N\u00a0<\/span><\/strong><\/p><p style=\"font-weight: 400;\"><a href=\"https:\/\/www.litoralpress.cl\/sitio\/RadioTV_Detalles.cshtml?LPKey=WIZWACCU7VWNSJIUQQKIZRTIDQ47NQ3G7Z7I6YGNWSITJJOTFHCIUQYGRCZPEECB34PTYQGVMFGAU\"><span style=\"font-style: inherit;\">Recomendaciones para la calefacci\u00f3n en el hogar. Se refiere Mar\u00eda Luisa del Campo Hitschfeld, directora de KIPUS y acad\u00e9mica de la Facultad de Ingenier\u00eda.\u00a0<\/span><span style=\"font-style: inherit;\">\u00a0<\/span><\/a><\/p><p>\u00a0<\/p><p style=\"font-weight: 400;\"><strong><span style=\"font-style: inherit; font-weight: inherit;\">PUBLIMICRO\u00a0<\/span><\/strong><\/p><p style=\"font-weight: 400;\"><a href=\"https:\/\/publimicro.cl\/universidad-de-talca-prevencion-es-crucial-para-evitar-el-cancer-de-colon-patologia-mata-a-mas-de-28-mil-personas-al-ano\/\"><span style=\"font-style: inherit;\">Prevenci\u00f3n es crucial para evitar el c\u00e1ncer de colon. Se refieren Claudia Amigo Rojas, acad\u00e9mica de la Escuela de Enfermer\u00eda; y \u00c1ngela S\u00e1nchez, directora de la Escuela de Nutrici\u00f3n y Diet\u00e9tica.\u00a0\u00a0<\/span><\/a><\/p><p style=\"font-weight: 400;\"><span style=\"font-style: inherit; font-weight: inherit;\">\u00a0<\/span><\/p><p style=\"font-weight: 400;\"><strong><span style=\"font-style: inherit;\">NOTICIAS.UBIOBIO.CL\u00a0<\/span><\/strong><\/p><p style=\"font-weight: 400;\"><a href=\"http:\/\/noticias.ubiobio.cl\/2023\/08\/07\/centro-interuniversitario-de-envejecimiento-saludable-identifico-principales-desafios-en-encuentro-en-la-ubb\/\"><span style=\"font-style: inherit; font-weight: inherit;\">Se refiere Iv\u00e1n Palomo, director del Centro Interuniversitario de Envejecimiento Saludable y acad\u00e9mico de la Facultad de Ciencias de la Salud.\u00a0\u00a0<\/span><\/a><\/p><p style=\"font-weight: 400;\">\u00a0<\/p><p style=\"font-weight: 400;\"><strong><span style=\"font-style: inherit;\">NOTICIAS.UBIOBIO.CL\u00a0<\/span><\/strong><\/p><p style=\"font-weight: 400;\"><a href=\"http:\/\/noticias.ubiobio.cl\/2023\/08\/07\/ubb-acogio-encuentro-de-la-asociacion-de-trabajadores-as-de-universidades-estatales-antue\/\"><span style=\"font-style: inherit; font-weight: inherit;\">UBB acogi\u00f3 encuentro de la Asociaci\u00f3n de Trabajadores\/as de Universidades Estatales (ANTUE). Se menciona a la Universidad de Talca.\u00a0<\/span><\/a><\/p><p style=\"font-weight: 400;\"><span style=\"font-style: inherit; font-weight: inherit;\">\u00a0<\/span><\/p><p style=\"font-weight: 400;\"><strong><span style=\"font-style: inherit; font-weight: inherit;\">LAS \u00daLTIMAS NOTICIAS\u00a0<\/span><\/strong><\/p><p style=\"font-weight: 400;\"><a href=\"https:\/\/www.litoralpress.cl\/paginaconsultas\/Servicios_NClipSitio\/Get_Imagen_Nota.aspx?LPKey=BHMC74GVUW37L2GVNJPXLFIDKVZUFCDDH52ZST6AUOC72VOXDG3C6S2NCETLAUICJTJ2IPYSSX7Q4\"><span style=\"font-style: inherit;\">Tres seremis y tres subsecretarias: las seis bajas que le ha costado hasta ahora al gobierno el caso Fundaciones.\u00a0<\/span><span style=\"font-style: inherit;\">Se refiere Mauricio Morales, director del Centro de An\u00e1lisis Pol\u00edtico (CAP).<\/span><span style=\"font-style: inherit;\">\u00a0<\/span><\/a><\/p>\t\t\t\t\t\t<\/div>\n\t\t\t\t<\/div>\n\t\t\t\t\t<\/div>\n\t\t<\/div>\n\t\t\t\t\t\t\t<\/div>\n\t\t<\/section>\n\t\t\t\t\t\t<\/div>\n\t\t\t\t\t<\/div>\n\t\t","protected":false},"excerpt":{"rendered":"<p>LANOTICIA.CL\u00a0 UTalca y Municipalidad de Providencia firman convenio de colaboraci\u00f3n. Se refiere Carlos Torres Fuchslocher, rector.\u00a0\u00a0 \u00a0 EL HERALDO\u00a0 UTalca presenta agenda de actividades en conmemoraci\u00f3n de los 50 a\u00f1os del Golpe militar.\u00a0Se refiere Carlos Torres Fuchslocher, rector.\u00a0\u00a0\u00a0 \u00a0 LATERCERA.COM\u00a0 Estos son los beneficios que tiene el tomate para tu salud. Se menciona a la &hellip;<\/p>\n<p class=\"read-more\"> <a class=\"\" href=\"https:\/\/www.reportedeprensa.utalca.cl\/?p=8016\"> <span class=\"screen-reader-text\">08 de agosto de 2023<\/span> Read More &raquo;<\/a><\/p>\n","protected":false},"author":1,"featured_media":0,"comment_status":"closed","ping_status":"open","sticky":false,"template":"","format":"standard","meta":{"_monsterinsights_skip_tracking":false,"_monsterinsights_sitenote_active":false,"_monsterinsights_sitenote_note":"","_monsterinsights_sitenote_category":0},"categories":[39],"tags":[],"_links":{"self":[{"href":"https:\/\/www.reportedeprensa.utalca.cl\/index.php?rest_route=\/wp\/v2\/posts\/8016"}],"collection":[{"href":"https:\/\/www.reportedeprensa.utalca.cl\/index.php?rest_route=\/wp\/v2\/posts"}],"about":[{"href":"https:\/\/www.reportedeprensa.utalca.cl\/index.php?rest_route=\/wp\/v2\/types\/post"}],"author":[{"embeddable":true,"href":"https:\/\/www.reportedeprensa.utalca.cl\/index.php?rest_route=\/wp\/v2\/users\/1"}],"replies":[{"embeddable":true,"href":"https:\/\/www.reportedeprensa.utalca.cl\/index.php?rest_route=%2Fwp%2Fv2%2Fcomments&post=8016"}],"version-history":[{"count":4,"href":"https:\/\/www.reportedeprensa.utalca.cl\/index.php?rest_route=\/wp\/v2\/posts\/8016\/revisions"}],"predecessor-version":[{"id":8020,"href":"https:\/\/www.reportedeprensa.utalca.cl\/index.php?rest_route=\/wp\/v2\/posts\/8016\/revisions\/8020"}],"wp:attachment":[{"href":"https:\/\/www.reportedeprensa.utalca.cl\/index.php?rest_route=%2Fwp%2Fv2%2Fmedia&parent=8016"}],"wp:term":[{"taxonomy":"category","embeddable":true,"href":"https:\/\/www.reportedeprensa.utalca.cl\/index.php?rest_route=%2Fwp%2Fv2%2Fcategories&post=8016"},{"taxonomy":"post_tag","embeddable":true,"href":"https:\/\/www.reportedeprensa.utalca.cl\/index.php?rest_route=%2Fwp%2Fv2%2Ftags&post=8016"}],"curies":[{"name":"wp","href":"https:\/\/api.w.org\/{rel}","templated":true}]}}