{"id":8033,"date":"2023-08-09T14:13:15","date_gmt":"2023-08-09T17:13:15","guid":{"rendered":"https:\/\/www.reportedeprensa.utalca.cl\/?p=8033"},"modified":"2023-08-09T14:20:18","modified_gmt":"2023-08-09T17:20:18","slug":"09-de-agosto-de-2023","status":"publish","type":"post","link":"https:\/\/www.reportedeprensa.utalca.cl\/?p=8033","title":{"rendered":"09 de agosto de 2023"},"content":{"rendered":"\t\t<div data-elementor-type=\"wp-post\" data-elementor-id=\"8033\" class=\"elementor elementor-8033\" data-elementor-settings=\"[]\">\n\t\t\t\t\t\t\t<div class=\"elementor-section-wrap\">\n\t\t\t\t\t\t\t<section class=\"elementor-section elementor-top-section elementor-element elementor-element-10154d05 elementor-section-boxed elementor-section-height-default elementor-section-height-default\" data-id=\"10154d05\" data-element_type=\"section\">\n\t\t\t\t\t\t<div class=\"elementor-container elementor-column-gap-default\">\n\t\t\t\t\t<div class=\"elementor-column elementor-col-100 elementor-top-column elementor-element elementor-element-5db19c21\" data-id=\"5db19c21\" data-element_type=\"column\">\n\t\t\t<div class=\"elementor-widget-wrap elementor-element-populated\">\n\t\t\t\t\t\t\t\t<div class=\"elementor-element elementor-element-587e31be elementor-widget elementor-widget-text-editor\" data-id=\"587e31be\" data-element_type=\"widget\" data-widget_type=\"text-editor.default\">\n\t\t\t\t<div class=\"elementor-widget-container\">\n\t\t\t\t\t\t\t\t<p><strong><span style=\"font-style: inherit; font-weight: inherit;\">LA TERCERA\u00a0<\/span><\/strong><\/p><p><a href=\"https:\/\/www.litoralpress.cl\/paginaconsultas\/Servicios_NClipSitio\/Get_Imagen_Nota.aspx?LPKey=S36J2KMXB4XFTSCDAZCGN5UAF2D2B5V2MMI56CN6CA2MNW2S6NWH4FLZ27VFS2SOQC3JU5S5WCPKS\"><span style=\"font-style: inherit;\">Estudio anticipa que Santiago y zona central podr\u00edan llegar a los 43\u201d este verano.\u00a0<\/span><span style=\"font-style: inherit;\">Se refiere Patricio Gonz\u00e1lez Colville, agroclimat\u00f3logo del Centro de Investigaci\u00f3n y Transferencia en Riego y Agroclimatolog\u00eda (CITRA).<\/span><\/a><\/p><p>\u00a0<\/p><p><strong><span style=\"font-style: inherit;\">LATERCERA.COM\u00a0<\/span><\/strong><\/p><p><a href=\"https:\/\/www.latercera.com\/que-pasa\/noticia\/hasta-43c-estudio-anticipa-que-santiago-y-zona-central-viviran-el-verano-mas-caluroso-de-la-historia\/7CYPSSKFAVA7FK4RG5NV65YRKU\/\"><span style=\"font-style: inherit; font-weight: inherit;\">Estudio anticipa que Santiago y zona central podr\u00edan llegar a los 43\u201d este verano.\u00a0<\/span><span style=\"font-style: inherit; font-weight: inherit;\">Se refiere Patricio Gonz\u00e1lez Colville, agroclimat\u00f3logo del Centro de Investigaci\u00f3n y Transferencia en Riego y Agroclimatolog\u00eda (CITRA).<\/span><span style=\"font-style: inherit; font-weight: inherit;\">\u00a0<\/span><\/a><\/p><p>\u00a0<\/p><p><strong><span style=\"font-style: inherit; font-weight: inherit;\">BIOBIOCHILE.CL\u00a0<\/span><\/strong><\/p><p><a href=\"https:\/\/www.biobiochile.cl\/especial\/aqui-tierra\/noticias\/2023\/08\/08\/con-hasta-43c-estudio-pronostica-el-verano-mas-calido-de-la-historia-para-la-zona-central-de-chile.shtml\"><span style=\"font-style: inherit;\">Con hasta 43\u00b0C: estudio pronostica el verano m\u00e1s c\u00e1lido de la historia para la zona central de Chile<\/span><span style=\"font-style: inherit;\">. Se refiere Patricio Gonz\u00e1lez Colville, agroclimat\u00f3logo del Centro de Investigaci\u00f3n y Transferencia en Riego y Agroclimatolog\u00eda (CITRA).<\/span><span style=\"font-style: inherit;\">\u00a0<\/span><\/a><\/p><p>\u00a0<\/p><p><strong><span style=\"font-style: inherit;\">T13.CL\u00a0<\/span><\/strong><\/p><p><a href=\"https:\/\/www.t13.cl\/noticia\/nacional\/mas-40c-verano-chile-sera-temperaturas-extremas-8-8-2023\"><span style=\"font-style: inherit; font-weight: inherit;\">M\u00e1s de\u00a040\u00b0C: El verano en Chile ser\u00e1 \u201ccon temperaturas extremas\u201d.\u00a0<\/span><span style=\"font-style: inherit; font-weight: inherit;\">Se refiere Patricio Gonz\u00e1lez Colville, agroclimat\u00f3logo del Centro de Investigaci\u00f3n y Transferencia en Riego y Agroclimatolog\u00eda (CITRA).<\/span><span style=\"font-style: inherit; font-weight: inherit;\">\u00a0<\/span><\/a><\/p><p><span style=\"font-style: inherit; font-weight: inherit;\">\u00a0<\/span><\/p><p style=\"font-weight: 400;\"><strong><span style=\"font-style: inherit;\">CHILEVISION NOTICIAS<\/span><span style=\"font-style: inherit;\">\u00a0<\/span><\/strong><\/p><p style=\"font-weight: 400;\"><a href=\"https:\/\/www.chvnoticias.cl\/alerta-climatica\/santiago-verano-mas-caluroso-temperaturas-extremas_20230808\/\"><span style=\"font-style: inherit; font-weight: 400;\">\u201cM\u00e1ximas extremas\u201d: Estudio anticipa que Santiago vivir\u00e1 su verano m\u00e1s caluroso de la historia en 2024.\u00a0<\/span><span style=\"font-style: inherit; font-weight: 400;\">Se refiere Patricio Gonz\u00e1lez Colville, agroclimat\u00f3logo del Centro de Investigaci\u00f3n y Transferencia en Riego y Agroclimatolog\u00eda (CITRA).<\/span><\/a><span style=\"font-style: inherit; font-weight: 400;\">\u00a0<\/span><\/p><p>\u00a0<\/p><p style=\"font-weight: 400;\"><strong><span style=\"font-style: inherit;\">THECLINIC.CL<\/span><span style=\"font-style: inherit;\">\u00a0<\/span><\/strong><\/p><p style=\"font-weight: 400;\"><a href=\"https:\/\/www.theclinic.cl\/2023\/08\/08\/estudio-verano-mas-caluroso-historia\/\"><span style=\"font-style: inherit; font-weight: 400;\">Hasta 43 grados: Estudio prev\u00e9 uno de los veranos m\u00e1s calurosos de la historia para Santiago, Talca, Chill\u00e1n y Los \u00c1ngeles.\u00a0<\/span><span style=\"font-style: inherit; font-weight: 400;\">Se refiere Patricio Gonz\u00e1lez Colville, agroclimat\u00f3logo del Centro de Investigaci\u00f3n y Transferencia en Riego y Agroclimatolog\u00eda (CITRA).<\/span><span style=\"font-style: inherit; font-weight: 400;\">\u00a0<\/span><\/a><\/p><p>\u00a0<\/p><p><strong><span style=\"font-style: inherit;\">RADIOAGRICULTURA.CL\u00a0<\/span><\/strong><\/p><p><a href=\"https:\/\/www.radioagricultura.cl\/dato-practico\/2023\/08\/08\/olas-de-calor-de-hasta-10-dias-consecutivos-analisis-proyecta-el-verano-mas-calido-en-la-zona-central-del-pais\/\"><span style=\"font-style: inherit; font-weight: inherit;\">Olas de calor de hasta 10 d\u00edas consecutivos: an\u00e1lisis proyecta el verano m\u00e1s c\u00e1lido en la zona central del pa\u00eds.\u00a0<\/span><span style=\"font-style: inherit; font-weight: inherit;\">Se refiere Patricio Gonz\u00e1lez Colville, agroclimat\u00f3logo del Centro de Investigaci\u00f3n y Transferencia en Riego y Agroclimatolog\u00eda (CITRA).<\/span><\/a><span style=\"font-style: inherit; font-weight: inherit;\">\u00a0<\/span><\/p><p><span style=\"font-style: inherit; font-weight: inherit;\">\u00a0<\/span><\/p><p><strong><span style=\"font-style: inherit;\">MEDIABANCO<\/span><span style=\"font-style: inherit;\">\u00a0<\/span><\/strong><\/p><p><a href=\"https:\/\/www.litoralpress.cl\/sitio\/MediosOnline_Detalles.cshtml?LPKey=VTTZJVKXISSLSO6XJZWPZUTJSJ4DVBBMY2KVVATAP7YPDSSSPX46J6X5272CRJR2CMSTHMSTKABGU\"><span style=\"font-style: inherit; font-weight: inherit;\">Estudio anticipa el verano m\u00e1s c\u00e1lido de la historia de la zona central del pa\u00eds.\u00a0<\/span><span style=\"font-style: inherit; font-weight: inherit;\">Se refiere Patricio Gonz\u00e1lez Colville, agroclimat\u00f3logo del Centro de Investigaci\u00f3n y Transferencia en Riego y Agroclimatolog\u00eda (CITRA).\u00a0<\/span><\/a><\/p><p><span style=\"font-style: inherit; font-weight: inherit;\">\u00a0<\/span><\/p><p><strong><span style=\"font-style: inherit;\">DIARIOS EN RED\u00a0<\/span><\/strong><\/p><p><a href=\"https:\/\/diariosenred.com\/nacional\/estudio-anticipa-el-verano-mas-calido-de-la-historia-en-la-zona-central\"><span style=\"font-style: inherit; font-weight: inherit;\">Estudio anticipa el verano m\u00e1s c\u00e1lido de la historia de la zona central del pa\u00eds.\u00a0<\/span><span style=\"font-style: inherit; font-weight: inherit;\">Se refiere Patricio Gonz\u00e1lez Colville, agroclimat\u00f3logo del Centro de Investigaci\u00f3n y Transferencia en Riego y Agroclimatolog\u00eda (CITRA).\u00a0<\/span><\/a><\/p><p>\u00a0<\/p><p><strong><span style=\"font-style: inherit;\">REDMAULE\u00a0<\/span><\/strong><\/p><p><a href=\"https:\/\/www.redmaule.com\/nacional\/estudio-anticipa-el-verano-mas-calido-de-la-historia-en-la-zona-central\"><span style=\"font-style: inherit; font-weight: inherit;\">Estudio anticipa el verano m\u00e1s c\u00e1lido de la historia de la zona central del pa\u00eds.\u00a0<\/span><span style=\"font-style: inherit; font-weight: inherit;\">Se refiere Patricio Gonz\u00e1lez Colville, agroclimat\u00f3logo del Centro de Investigaci\u00f3n y Transferencia en Riego y Agroclimatolog\u00eda (CITRA).<\/span><span style=\"font-style: inherit; font-weight: inherit;\">\u00a0<\/span><\/a><\/p><p><span style=\"font-style: inherit; font-weight: inherit;\">\u00a0<\/span><\/p><p><strong><span style=\"font-style: inherit;\">REDBIOBIO\u00a0<\/span><\/strong><\/p><p><a href=\"https:\/\/redbiobio.com\/nacional\/estudio-anticipa-el-verano-mas-calido-de-la-historia-en-la-zona-central\"><span style=\"font-style: inherit; font-weight: inherit;\">Estudio anticipa el verano m\u00e1s c\u00e1lido de la historia de la zona central del pa\u00eds.\u00a0<\/span><span style=\"font-style: inherit; font-weight: inherit;\">Se refiere Patricio Gonz\u00e1lez Colville, agroclimat\u00f3logo del Centro de Investigaci\u00f3n y Transferencia en Riego y Agroclimatolog\u00eda (CITRA).<\/span><span style=\"font-style: inherit; font-weight: inherit;\">\u00a0<\/span><\/a><\/p><p><strong><span style=\"font-style: inherit;\">\u00a0<\/span><\/strong><\/p><p><strong><span style=\"font-style: inherit;\">CIENCIAENCHILE.CL\u00a0\u00a0<\/span><\/strong><\/p><p><a href=\"https:\/\/www.cienciaenchile.cl\/estudio-anticipa-el-verano-mas-calido-de-la-historia-en-zona-central-del-pais\/\"><span style=\"font-style: inherit; font-weight: inherit;\">Estudio anticipa el verano m\u00e1s c\u00e1lido de la historia de la zona central del pa\u00eds.\u00a0<\/span><span style=\"font-style: inherit; font-weight: inherit;\">Se refiere Patricio Gonz\u00e1lez Colville, agroclimat\u00f3logo del Centro de Investigaci\u00f3n y Transferencia en Riego y Agroclimatolog\u00eda (CITRA).<\/span><span style=\"font-style: inherit; font-weight: inherit;\">\u00a0<\/span><\/a><\/p><p><span style=\"font-style: inherit; font-weight: inherit;\">\u00a0<\/span><\/p><p><strong><span style=\"font-style: inherit;\">ELPERIODISTA.CL\u00a0<\/span><\/strong><\/p><p><a href=\"https:\/\/www.elperiodista.cl\/2023\/08\/estudio-anticipa-el-verano-mas-calido-de-la-historia-en-la-zona-central-del-pais\/\"><span style=\"font-style: inherit; font-weight: inherit;\">Estudio anticipa el verano m\u00e1s c\u00e1lido de la historia de la zona central del pa\u00eds.\u00a0<\/span><span style=\"font-style: inherit; font-weight: inherit;\">Se refiere Patricio Gonz\u00e1lez Colville, agroclimat\u00f3logo del Centro de Investigaci\u00f3n y Transferencia en Riego y Agroclimatolog\u00eda (CITRA).\u00a0<\/span><\/a><\/p><p>\u00a0<\/p><p><strong><span style=\"font-style: inherit;\">RADIO RANCAGUA\u00a0<\/span><\/strong><\/p><p><a href=\"https:\/\/www.litoralpress.cl\/sitio\/RadioTV_Detalles.cshtml?LPKey=YCRIWIPE5FGTE4NZAM5P77FVJIMTZKPCX4USZDYL4LGKR4RYYAAQUCYMKYG42PPQ5XKM6OXMBKI4I\"><span style=\"font-style: inherit; font-weight: inherit;\">Se estima que el verano pr\u00f3ximo ser\u00eda de altas temperaturas<\/span>.\u00a0<span style=\"font-style: inherit; font-weight: inherit;\">Se menciona a Patricio Gonz\u00e1lez Colville, agroclimat\u00f3logo del Centro de Investigaci\u00f3n y Transferencia en Riego y Agroclimatolog\u00eda (CITRA).<\/span><span style=\"font-style: inherit; font-weight: inherit;\">\u00a0<\/span><\/a><\/p><p><span style=\"font-style: inherit; font-weight: inherit;\">\u00a0<\/span><\/p><p><span style=\"font-style: inherit; font-weight: inherit;\"><strong>SEPTIMAPAGINANOTICIAS.CL<\/strong>\u00a0<\/span><\/p><p><a href=\"https:\/\/www.septimapaginanoticias.cl\/estudio-anticipa-el-verano-mas-calido-de-la-historia-en-la-zona-central-del-pais-las-temperaturas-maximas-esperadas-podrian-llegar-hasta-42c-o-43c\"><span style=\"font-style: inherit; font-weight: inherit;\">Estudio anticipa el verano m\u00e1s c\u00e1lido de la historia de la zona central del pa\u00eds.\u00a0<\/span><span style=\"font-style: inherit; font-weight: inherit;\">Se refiere Patricio Gonz\u00e1lez Colville, agroclimat\u00f3logo del Centro de Investigaci\u00f3n y Transferencia en Riego y Agroclimatolog\u00eda (CITRA).\u00a0<\/span><\/a><\/p><p>\u00a0<\/p><p><strong><span style=\"font-style: inherit;\">\u00a0<\/span><span style=\"font-style: inherit;\">LAVOZENLINEA.CL\u00a0<\/span><\/strong><\/p><p><a href=\"https:\/\/lavozenlinea.cl\/2023\/08\/estudio-anticipa-el-verano-mas-calido-de-la-historia-en-la-zona-central-del-pais\/\"><span style=\"font-style: inherit; font-weight: inherit;\">Estudio anticipa el verano m\u00e1s c\u00e1lido de la historia de la zona central del pa\u00eds.\u00a0<\/span><span style=\"font-style: inherit; font-weight: inherit;\">Se refiere Patricio Gonz\u00e1lez Colville, agroclimat\u00f3logo del Centro de Investigaci\u00f3n y Transferencia en Riego y Agroclimatolog\u00eda (CITRA).\u00a0<\/span><\/a><\/p><p>\u00a0<\/p><p><strong><span style=\"font-style: inherit;\">\u00a0<\/span><span style=\"font-style: inherit;\">ELDIARIODELARAUCANIA.CL\u00a0<\/span><\/strong><\/p><p><a href=\"https:\/\/eldiariodelaaraucania.cl\/2023\/08\/08\/estudio-anticipa-el-verano-mas-calido-de-la-historia-en-la-zona-central-del-pais\/\"><span style=\"font-style: inherit; font-weight: inherit;\">Estudio anticipa el verano m\u00e1s c\u00e1lido de la historia de la zona central del pa\u00eds.\u00a0<\/span><span style=\"font-style: inherit; font-weight: inherit;\">Se refiere Patricio Gonz\u00e1lez Colville, agroclimat\u00f3logo del Centro de Investigaci\u00f3n y Transferencia en Riego y Agroclimatolog\u00eda (CITRA).<\/span><span style=\"font-style: inherit; font-weight: inherit;\">\u00a0<\/span><\/a><\/p><p>\u00a0<\/p><p><strong><span style=\"font-style: inherit;\">EPICENTROCHILE.CL\u00a0<\/span><\/strong><\/p><p><a href=\"https:\/\/www.epicentrochile.com\/2023\/08\/08\/estudio-anticipa-el-verano-mas-calido-de-la-historia-en-la-zona-central-del-pais-temperaturas-podrian-llegar-a-43\/\"><span style=\"font-style: inherit; font-weight: inherit;\">Estudio anticipa el verano m\u00e1s c\u00e1lido de la historia de la zona central del pa\u00eds.\u00a0<\/span><span style=\"font-style: inherit; font-weight: inherit;\">Se refiere Patricio Gonz\u00e1lez Colville, agroclimat\u00f3logo del Centro de Investigaci\u00f3n y Transferencia en Riego y Agroclimatolog\u00eda (CITRA).\u00a0<\/span><\/a><\/p><p><span style=\"font-style: inherit; font-weight: inherit;\">\u00a0<\/span><\/p><p><strong><span style=\"font-style: inherit; font-weight: inherit;\">LATERCERA.COM\u00a0<\/span><\/strong><\/p><p><a href=\"https:\/\/www.latercera.com\/tendencias\/noticia\/estos-son-los-beneficios-que-tiene-el-tomate-para-tu-salud\/GB5BG3KQCJE65FRPLA2HHK32JQ\/\"><span style=\"font-style: inherit;\">Estos son los beneficios que tiene el tomate para tu salud. Se menciona a la Universidad de Talca.\u00a0\u00a0<\/span><\/a><\/p><p><strong><span style=\"font-style: inherit; font-weight: inherit;\">\u00a0<\/span><\/strong><\/p><p><strong><span style=\"font-style: inherit; font-weight: inherit;\">ELDIARIODESANTIAGO.CL\u00a0<\/span><\/strong><\/p><p><a href=\"https:\/\/eldiariosantiago.cl\/2023\/08\/08\/estudiantes-crean-videojuegos-para-la-ensenanza-de-la-medicina\/\"><span style=\"font-style: inherit;\">Estudiantes crean videojuegos para la ense\u00f1anza de la medicina.\u00a0<\/span><span style=\"font-style: inherit;\">Se refiere Sergio Gui\u00f1ez Molinos, acad\u00e9mico de la Escuela de Medicina.<\/span><\/a><span style=\"font-style: inherit;\">\u00a0<\/span><\/p><p><span style=\"font-style: inherit; font-weight: inherit;\">\u00a0<\/span><\/p><p><strong><span style=\"font-style: inherit;\">CAUQUENESNET.CL\u00a0<\/span><\/strong><\/p><p><a href=\"https:\/\/cauquenesnet.cl\/2023\/08\/08\/estudiantes-de-la-utalca-crean-videojuegos-para-la-ensenanza-de-la-medicina\/\"><span style=\"font-style: inherit; font-weight: inherit;\">Estudiantes crean videojuegos para la ense\u00f1anza de la medicina.\u00a0<\/span><span style=\"font-style: inherit; font-weight: inherit;\">Se refiere Sergio Gui\u00f1ez Molinos, acad\u00e9mico de la Escuela de Medicina.<\/span><span style=\"font-style: inherit; font-weight: inherit;\">\u00a0<\/span><\/a><\/p><p>\u00a0<\/p><p><strong><span style=\"font-style: inherit; font-weight: inherit;\">LA PRENSA DE CURIC\u00d3\u00a0<\/span><\/strong><\/p><p><a href=\"https:\/\/www.litoralpress.cl\/paginaconsultas\/Servicios_NClipSitio\/Get_Imagen_Nota.aspx?LPKey=EMFGVHN4R4C67NBLWDJSRHCBIEMEWZOZQ5IUMAJJ47WVYEKFEWUGJQ3QTYKXU4W2EH2XZ2RUVJTAK\"><span style=\"font-style: inherit;\">Taller para docentes ayudar\u00e1 a mejorar la ense\u00f1anza del ingl\u00e9s en escolares del Maule. Se refiere Carolina Mora Douglas, acad\u00e9mica del Programa de Idiomas.\u00a0<\/span><span style=\"font-style: inherit;\">\u00a0<\/span><\/a><\/p><p><span style=\"font-style: inherit; font-weight: inherit;\">\u00a0<\/span><\/p><p><strong><span style=\"font-style: inherit; font-weight: inherit;\">RADIO COOPERATIVA\u00a0\u00a0<\/span><\/strong><\/p><p><a href=\"https:\/\/www.litoralpress.cl\/sitio\/RadioTV_Detalles.cshtml?LPKey=T22FOM2P5L4MFGCXSKKQWFQ32EAXSLFPM6FSCQ24D2BOKM3SN6AMLSNRWTKRKBXKX66NBT4ZGIN7U\"><span style=\"font-style: inherit; font-weight: inherit;\">El Fentanilo es 50 veces m\u00e1s fuerte que la hero\u00edna y 100 veces m\u00e1s fuerte que la morfina<\/span>. Se refiere Jesica Z\u00fa\u00f1iga, acad\u00e9mica del instituto de Qu\u00edmica de Recursos Naturales.\u00a0\u00a0<\/a><\/p><p>\u00a0<\/p><p><strong><span style=\"font-style: inherit;\">ENTREPRENERD.CL\u00a0<\/span><\/strong><\/p><p><a href=\"https:\/\/www.entreprenerd.cl\/alertfrost-con-inteligencia-artificial-sistema-pronostica-heladas-con-90-de-eficiencia\/\"><span style=\"font-style: inherit; font-weight: inherit;\">AlertFrost: Con inteligencia artificial sistema pronostica heladas con 90% de eficiencia<\/span><span style=\"font-style: inherit; font-weight: inherit;\">.\u00a0<\/span><span style=\"font-style: inherit; font-weight: inherit;\">Se refiere Jos\u00e9 Antonio Reyes, acad\u00e9mico de la Facultad de Ingenier\u00eda.<\/span><\/a><\/p><p>\u00a0<\/p><p><strong><span style=\"font-style: inherit;\">CHILLANONLINE.CL\u00a0<\/span><\/strong><\/p><p><a href=\"https:\/\/www.chillanonline.cl\/V6\/academicos-de-las-universidades-estatales-enfatizaron-la-importancia-del-envejecimiento-saludable\/\"><span style=\"font-style: inherit; font-weight: inherit;\">Acad\u00e9micos de las universidades estatales enfatizaron la importancia del envejecimiento saludable. Se refiere Iv\u00e1n Palomo, director del Centro Interuniversitario de Envejecimiento Saludable y acad\u00e9mico de la Facultad de Ciencias de la Salud.\u00a0<\/span><span style=\"font-style: inherit; font-weight: inherit;\">\u00a0<\/span><\/a><\/p><p>\u00a0<\/p><p><strong><span style=\"font-style: inherit;\">CANAL MEGA\u00a0<\/span><\/strong><\/p><p><a href=\"https:\/\/www.litoralpress.cl\/sitio\/RadioTV_Detalles.cshtml?LPKey=BT5AW3FDZF7CF2J5FHXQX54PLNEXPZN5SAGFZDVTD3PKG3YOOY3JYF254LMK7CAEUBAGVA3NLB4EQ\"><span style=\"font-style: inherit;\">Ministra Camila Vallejo descarta cambio de gabinete.<\/span><span style=\"font-style: inherit; font-weight: inherit;\">\u00a0<\/span><span style=\"font-style: inherit;\">Se refiere Mauricio Morales, director del Centro de An\u00e1lisis Pol\u00edtico (CAP).<\/span><\/a><\/p><p>\u00a0<\/p><p><strong><span style=\"font-style: inherit;\">CANAL MEGA\u00a0<\/span><\/strong><\/p><p><a href=\"https:\/\/www.litoralpress.cl\/sitio\/RadioTV_Detalles.cshtml?LPKey=HKQYA7EY6YTYL2CLX6ZLAT45FXO7OSUWZHSYLOSRBXTJHNAH2GCGFRNKTH3OQD25WFVBF3M2RZBG6\"><span style=\"font-style: inherit; font-weight: inherit;\">Cuestionamientos a la permanencia del ministro Giorgio Jackson en el gabinete<\/span>.\u00a0<span style=\"font-style: inherit; font-weight: inherit;\">Se refiere Mauricio Morales, director del Centro de An\u00e1lisis Pol\u00edtico (CAP).<\/span><span style=\"font-style: inherit; font-weight: inherit;\">\u00a0<\/span><\/a><\/p><p><span style=\"font-style: inherit; font-weight: inherit;\">\u00a0<\/span><\/p><p><strong><span style=\"font-style: inherit;\">CANAL MEGA\u00a0<\/span><\/strong><\/p><p><a href=\"https:\/\/www.litoralpress.cl\/sitio\/RadioTV_Detalles.cshtml?LPKey=KFYB2OTUFGEMRSS7WMWQCXAE3T2RHXXJEGERUIIY7MWPR7U5Y6O6L3YDCTQ36CQGBNPIT2FJOCING\"><span style=\"font-style: inherit;\">Investigaci\u00f3n de la Fiscal\u00eda por caso convenios<\/span>.\u00a0<span style=\"font-style: inherit;\">Se refiere Mauricio Morales, director del Centro de An\u00e1lisis Pol\u00edtico (CAP).<\/span><span style=\"font-style: inherit;\">\u00a0<\/span><\/a><\/p>\t\t\t\t\t\t<\/div>\n\t\t\t\t<\/div>\n\t\t\t\t\t<\/div>\n\t\t<\/div>\n\t\t\t\t\t\t\t<\/div>\n\t\t<\/section>\n\t\t\t\t\t\t<\/div>\n\t\t\t\t\t<\/div>\n\t\t","protected":false},"excerpt":{"rendered":"<p>LA TERCERA\u00a0 Estudio anticipa que Santiago y zona central podr\u00edan llegar a los 43\u201d este verano.\u00a0Se refiere Patricio Gonz\u00e1lez Colville, agroclimat\u00f3logo del Centro de Investigaci\u00f3n y Transferencia en Riego y Agroclimatolog\u00eda (CITRA). \u00a0 LATERCERA.COM\u00a0 Estudio anticipa que Santiago y zona central podr\u00edan llegar a los 43\u201d este verano.\u00a0Se refiere Patricio Gonz\u00e1lez Colville, agroclimat\u00f3logo del Centro &hellip;<\/p>\n<p class=\"read-more\"> <a class=\"\" href=\"https:\/\/www.reportedeprensa.utalca.cl\/?p=8033\"> <span class=\"screen-reader-text\">09 de agosto de 2023<\/span> Read More &raquo;<\/a><\/p>\n","protected":false},"author":1,"featured_media":0,"comment_status":"closed","ping_status":"open","sticky":false,"template":"","format":"standard","meta":{"_monsterinsights_skip_tracking":false,"_monsterinsights_sitenote_active":false,"_monsterinsights_sitenote_note":"","_monsterinsights_sitenote_category":0},"categories":[39],"tags":[],"_links":{"self":[{"href":"https:\/\/www.reportedeprensa.utalca.cl\/index.php?rest_route=\/wp\/v2\/posts\/8033"}],"collection":[{"href":"https:\/\/www.reportedeprensa.utalca.cl\/index.php?rest_route=\/wp\/v2\/posts"}],"about":[{"href":"https:\/\/www.reportedeprensa.utalca.cl\/index.php?rest_route=\/wp\/v2\/types\/post"}],"author":[{"embeddable":true,"href":"https:\/\/www.reportedeprensa.utalca.cl\/index.php?rest_route=\/wp\/v2\/users\/1"}],"replies":[{"embeddable":true,"href":"https:\/\/www.reportedeprensa.utalca.cl\/index.php?rest_route=%2Fwp%2Fv2%2Fcomments&post=8033"}],"version-history":[{"count":4,"href":"https:\/\/www.reportedeprensa.utalca.cl\/index.php?rest_route=\/wp\/v2\/posts\/8033\/revisions"}],"predecessor-version":[{"id":8037,"href":"https:\/\/www.reportedeprensa.utalca.cl\/index.php?rest_route=\/wp\/v2\/posts\/8033\/revisions\/8037"}],"wp:attachment":[{"href":"https:\/\/www.reportedeprensa.utalca.cl\/index.php?rest_route=%2Fwp%2Fv2%2Fmedia&parent=8033"}],"wp:term":[{"taxonomy":"category","embeddable":true,"href":"https:\/\/www.reportedeprensa.utalca.cl\/index.php?rest_route=%2Fwp%2Fv2%2Fcategories&post=8033"},{"taxonomy":"post_tag","embeddable":true,"href":"https:\/\/www.reportedeprensa.utalca.cl\/index.php?rest_route=%2Fwp%2Fv2%2Ftags&post=8033"}],"curies":[{"name":"wp","href":"https:\/\/api.w.org\/{rel}","templated":true}]}}