{"id":8044,"date":"2023-08-10T12:48:39","date_gmt":"2023-08-10T15:48:39","guid":{"rendered":"https:\/\/www.reportedeprensa.utalca.cl\/?p=8044"},"modified":"2023-08-10T12:55:22","modified_gmt":"2023-08-10T15:55:22","slug":"10-de-agosto-de-2023","status":"publish","type":"post","link":"https:\/\/www.reportedeprensa.utalca.cl\/?p=8044","title":{"rendered":"10 de agosto de 2023"},"content":{"rendered":"\t\t<div data-elementor-type=\"wp-post\" data-elementor-id=\"8044\" class=\"elementor elementor-8044\" data-elementor-settings=\"[]\">\n\t\t\t\t\t\t\t<div class=\"elementor-section-wrap\">\n\t\t\t\t\t\t\t<section class=\"elementor-section elementor-top-section elementor-element elementor-element-10154d05 elementor-section-boxed elementor-section-height-default elementor-section-height-default\" data-id=\"10154d05\" data-element_type=\"section\">\n\t\t\t\t\t\t<div class=\"elementor-container elementor-column-gap-default\">\n\t\t\t\t\t<div class=\"elementor-column elementor-col-100 elementor-top-column elementor-element elementor-element-5db19c21\" data-id=\"5db19c21\" data-element_type=\"column\">\n\t\t\t<div class=\"elementor-widget-wrap elementor-element-populated\">\n\t\t\t\t\t\t\t\t<div class=\"elementor-element elementor-element-587e31be elementor-widget elementor-widget-text-editor\" data-id=\"587e31be\" data-element_type=\"widget\" data-widget_type=\"text-editor.default\">\n\t\t\t\t<div class=\"elementor-widget-container\">\n\t\t\t\t\t\t\t\t<p><strong><span style=\"font-style: inherit; font-weight: inherit;\">HOY X HOY (PORTADA)<\/span><\/strong><strong><span style=\"font-style: inherit; font-weight: inherit;\">\u00a0<\/span><\/strong><\/p><p><a href=\"https:\/\/www.litoralpress.cl\/paginaconsultas\/Servicios_NClipSitio\/Get_Imagen_Nota.aspx?LPKey=6RN6ZK5BJJ4EWXZFYEH427BU62PM7IAVLLUYRXTGAZZBYKQFM6N3WUGFCW6ZDDQLE4IA7TVZLBUN2\"><span style=\"font-style: inherit;\">Pronostican calor extremo para Chile desde noviembre. Se menciona a la Universidad de Talca.<\/span><span style=\"font-style: inherit;\">\u00a0<\/span><\/a><\/p><p>\u00a0<\/p><p><strong><span style=\"font-style: inherit;\">HOY X HOY\u00a0<\/span><\/strong><\/p><p><a href=\"https:\/\/www.litoralpress.cl\/paginaconsultas\/Servicios_NClipSitio\/Get_Imagen_Nota.aspx?LPKey=COKKFPEZJPQBRMC7U4B7I3RHN2DA2VLDOMGBIEHJVOPW2IQJUNVNSRYGN4QTXBXE46NLUUAUR3Q2I\"><span style=\"font-style: inherit; font-weight: inherit;\">Se adelanta el verano: m\u00e1ximas de 34 grados llegar\u00edan al pa\u00eds en noviembre. Se refiere\u00a0<\/span><span style=\"font-style: inherit; font-weight: inherit;\">Patricio Gonz\u00e1lez Colville, agroclimat\u00f3logo del Centro de Investigaci\u00f3n y Transferencia en Riego y Agroclimatolog\u00eda (CITRA).\u00a0<\/span><\/a><\/p><p><strong><span style=\"font-style: inherit; font-weight: inherit;\">\u00a0<\/span><\/strong><\/p><p><strong><span style=\"font-style: inherit; font-weight: inherit;\">CHILEVISION\u00a0<\/span><\/strong><\/p><p><a href=\"https:\/\/www.litoralpress.cl\/sitio\/RadioTV_Detalles.cshtml?LPKey=JUJ2B5ODYHG4M2ZNNJO6ODRNBYZAFU6ZEF7K4CP46R2IWVSP63ZXJ7LCW74KMW6I7KEAFFTNKZ5SE\"><span style=\"font-style: inherit;\">Se pronostica en 2024 el verano m\u00e1s c\u00e1lido de la historia para la zona central de Chile<\/span>.\u00a0<span style=\"font-style: inherit;\">Se menciona a Patricio Gonz\u00e1lez Colville, agroclimat\u00f3logo del Centro de Investigaci\u00f3n y Transferencia en Riego y Agroclimatolog\u00eda (CITRA).<\/span>\u00a0<\/a><\/p><p>\u00a0<\/p><p><strong>CANAL 13\u00a0<\/strong><\/p><p><a href=\"https:\/\/www.litoralpress.cl\/sitio\/RadioTV_Detalles.cshtml?LPKey=6W2V6BM3DJA7QCOKZCPF6ABJOSKFZ3BZ2TWO6RH2RKJ67FKG4O2XHVPXALVQSFO5ZR7N6XWQIN3HQ\"><span style=\"font-style: inherit; font-weight: inherit;\">Estudio pronostica el verano m\u00e1s c\u00e1lido de la historia para la zona central del pa\u00eds con temperaturas de hasta 43 grados<\/span>.<span style=\"font-style: inherit; font-weight: inherit;\">\u00a0Se menciona a Patricio Gonz\u00e1lez Colville, agroclimat\u00f3logo del Centro de Investigaci\u00f3n y Transferencia en Riego y Agroclimatolog\u00eda (CITRA).<\/span>\u00a0<\/a><\/p><p><span style=\"font-style: inherit; font-weight: inherit;\">\u00a0<\/span><span style=\"font-style: inherit; font-weight: inherit;\">\u00a0<\/span><\/p><p><strong><span style=\"font-style: inherit;\">CANAL 24 HORAS\u00a0<\/span><\/strong><\/p><p><a href=\"https:\/\/www.litoralpress.cl\/sitio\/RadioTV_Detalles.cshtml?LPKey=LO5VL626QPO6C7IBC2SLUUFB2OF3HTKSIVWIXG2L6GQR42YYLDXPVH3KD66ASK63GHCITQUPA4RAY\"><span style=\"font-style: inherit; font-weight: inherit;\">Estudio proyecta que este ser\u00e1 el verano m\u00e1s caluroso de la historia para la zona central del pa\u00eds<\/span>.\u00a0<span style=\"font-style: inherit; font-weight: inherit;\">Se refiere Patricio Gonz\u00e1lez Colville, agroclimat\u00f3logo del Centro de Investigaci\u00f3n y Transferencia en Riego y Agroclimatolog\u00eda (CITRA).<\/span>\u00a0<\/a><\/p><p>\u00a0<\/p><p><strong>CANAL CNN CHILE\u00a0<\/strong><\/p><p><a href=\"https:\/\/www.litoralpress.cl\/sitio\/RadioTV_Detalles.cshtml?LPKey=RFBZF5RC3EJVA7FKKP3OMBQKOIJ73AITRZGIUEDHOCELHWUNBKGKP4ZQBB6OVU7XZDI5O3EQ3UWAS\"><span style=\"font-style: inherit; font-weight: inherit;\">Verano podr\u00eda tener temperaturas hasta 43\u00b0<\/span>.\u00a0<span style=\"font-style: inherit; font-weight: inherit;\">Se refiere Patricio Gonz\u00e1lez Colville, agroclimat\u00f3logo del Centro de Investigaci\u00f3n y Transferencia en Riego y Agroclimatolog\u00eda (CITRA).\u00a0<\/span><\/a><\/p><p>\u00a0<\/p><p><strong><span style=\"font-style: inherit;\">LATERCERA.COM\u00a0<\/span><\/strong><\/p><p><a href=\"https:\/\/www.latercera.com\/servicios\/noticia\/el-mas-caluroso-revisa-cuantos-grados-de-temperatura-habra-este-verano\/AH45D24A65ETJGCZS4SEZLSQNY\/\"><span style=\"font-style: inherit; font-weight: inherit;\">Hasta 43\u00b0C: \u00bfPor qu\u00e9 este verano podr\u00eda ser el m\u00e1s caluroso?<\/span>\u00a0<span style=\"font-style: inherit; font-weight: inherit;\">Se refiere Patricio Gonz\u00e1lez Colville, agroclimat\u00f3logo del Centro de Investigaci\u00f3n y Transferencia en Riego y Agroclimatolog\u00eda (CITRA).<\/span>\u00a0<\/a><\/p><p><span style=\"font-style: inherit; font-weight: inherit;\">\u00a0<\/span><\/p><p><strong><span style=\"font-style: inherit;\">EL MOSTRADOR\u00a0<\/span><\/strong><\/p><p><a href=\"https:\/\/www.elmostrador.cl\/agenda-pais\/agenda-sustentable\/2023\/08\/09\/estudio-anticipa-el-verano-mas-calido-de-la-historia-en-la-zona-central-del-pais\/\"><span style=\"font-style: inherit; font-weight: inherit;\">Estudio anticipa el verano m\u00e1s c\u00e1lido de la historia para la zona central.\u00a0<\/span><span style=\"font-style: inherit; font-weight: inherit;\">Se refiere Patricio Gonz\u00e1lez Colville, agroclimat\u00f3logo del Centro de Investigaci\u00f3n y Transferencia en Riego y Agroclimatolog\u00eda (CITRA).<\/span><span style=\"font-style: inherit; font-weight: inherit;\">\u00a0<\/span><\/a><\/p><p><span style=\"font-style: inherit; font-weight: inherit;\">\u00a0<\/span><\/p><p><strong><span style=\"font-style: inherit;\">PUBLIMETRO\u00a0\u00a0<\/span><\/strong><\/p><p><a href=\"https:\/\/www.publimetro.cl\/noticias\/2023\/08\/09\/a-preparar-los-ventiladores-advierten-que-tendremos-el-verano-mas-caluroso-de-la-historia\/\"><span style=\"font-style: inherit; font-weight: inherit;\">A preparar los ventiladores: Advierten que tendremos el verano m\u00e1s caluroso de la historia.\u00a0<\/span>Se refiere Patricio Gonz\u00e1lez Colville, agroclimat\u00f3logo del Centro de Investigaci\u00f3n y Transferencia en Riego y Agroclimatolog\u00eda (CITRA).<span style=\"font-style: inherit; font-weight: inherit;\">\u00a0<\/span><\/a><\/p><p><span style=\"font-style: inherit; font-weight: inherit;\">\u00a0<\/span><\/p><p><strong><span style=\"font-style: inherit; font-weight: inherit;\">RADIO BIOBIO\u00a0<\/span><\/strong><\/p><p><a href=\"https:\/\/www.litoralpress.cl\/sitio\/RadioTV_Detalles.cshtml?LPKey=TFPQ234XBTC6QHUHUZDWKZW4N2MXCYN2OIHWBCXP5B7A5CVOXK74GS343OHPTLJKVXAFVRU5ZYN6I\"><span style=\"font-style: inherit;\">El pr\u00f3ximo verano las temperaturas podr\u00edan alcanzar los 42 grados en la zona central<\/span>.\u00a0<span style=\"font-style: inherit;\">Se menciona a Patricio Gonz\u00e1lez Colville, agroclimat\u00f3logo del Centro de Investigaci\u00f3n y Transferencia en Riego y Agroclimatolog\u00eda (CITRA).<\/span>\u00a0<\/a><\/p><p><span style=\"font-style: inherit; font-weight: inherit;\">\u00a0<\/span><\/p><p><strong><span style=\"font-style: inherit;\">RADIO COOPERATIVA\u00a0<\/span><\/strong><\/p><p><a href=\"https:\/\/www.litoralpress.cl\/sitio\/RadioTV_Detalles.cshtml?LPKey=5USW4FOURQQP2TCIMHKI5NR4O3FOBTEHEGAK7MDHORDYWK2NBZHG42OZCBDJW74YJRJNKYWL52MOA\"><span style=\"font-style: inherit; font-weight: inherit;\">Se anticipan altas temperaturas para el verano<\/span>.\u00a0<span style=\"font-style: inherit; font-weight: inherit;\">Se refiere Patricio Gonz\u00e1lez Colville, agroclimat\u00f3logo del Centro de Investigaci\u00f3n y Transferencia en Riego y Agroclimatolog\u00eda (CITRA).\u00a0<\/span><\/a><\/p><p>\u00a0<\/p><p><strong>RADIO GUAYAC\u00c1N\u00a0<\/strong><\/p><p><a href=\"https:\/\/www.litoralpress.cl\/sitio\/RadioTV_Detalles.cshtml?LPKey=DQHMQFODEMJKEVZ2UQRT6LZXAXQU4UQQ57B5ZRZPZM7G3RR4CVYHQVNJFUWI46M4IB2LBKP57MBUC\">Altas temperaturas en verano y cambio clim\u00e1tico.\u00a0<span style=\"font-style: inherit; font-weight: inherit;\">Se refiere Patricio Gonz\u00e1lez Colville, agroclimat\u00f3logo del Centro de Investigaci\u00f3n y Transferencia en Riego y Agroclimatolog\u00eda (CITRA).<\/span>\u00a0<\/a><\/p><p><span style=\"font-style: inherit; font-weight: inherit;\">\u00a0<\/span><\/p><p><strong><span style=\"font-style: inherit;\">EL DIA\u00a0<\/span><\/strong><\/p><p><a href=\"https:\/\/www.litoralpress.cl\/paginaconsultas\/Servicios_NClipSitio\/Get_Imagen_Nota.aspx?LPKey=WAUQ7NMDELHLXITUL6PUBCSIACZXSYQRUQJFXPQG2EGCAWJM2YU6STJBVFTKOJMVB2VWVG3HGHFRO\"><span style=\"font-style: inherit; font-weight: inherit;\">Estudio pronostica el verano m\u00e1s c\u00e1lido de la historia para la zona central de Chile.\u00a0<\/span><span style=\"font-style: inherit; font-weight: inherit;\">Se refiere Patricio Gonz\u00e1lez Colville, agroclimat\u00f3logo del Centro de Investigaci\u00f3n y Transferencia en Riego y Agroclimatolog\u00eda (CITRA).\u00a0<\/span><\/a><\/p><p>\u00a0<\/p><p><strong><span style=\"font-style: inherit;\">LA DISCUSION\u00a0<\/span><\/strong><\/p><p><a href=\"https:\/\/www.litoralpress.cl\/paginaconsultas\/Servicios_NClipSitio\/Get_Imagen_Nota.aspx?LPKey=4WJYGZYPRCSXZUDM6KLCQ2KSJ5Q7E4HVKJTDT35EBVNHIL557Y3RGDAQKKTWEBUGKK5FUZMOCFQ2I\"><span style=\"font-style: inherit; font-weight: inherit;\">Anticipan el verano m\u00e1s c\u00e1lido de la historia para la zona central.\u00a0<\/span><span style=\"font-style: inherit; font-weight: inherit;\">Se refiere Patricio Gonz\u00e1lez Colville, agroclimat\u00f3logo del Centro de Investigaci\u00f3n y Transferencia en Riego y Agroclimatolog\u00eda (CITRA).<\/span><span style=\"font-style: inherit; font-weight: inherit;\">\u00a0<\/span><\/a><\/p><p><span style=\"font-style: inherit; font-weight: inherit;\">\u00a0<\/span><\/p><p><strong><span style=\"font-style: inherit;\">MEDIABANCO\u00a0<\/span><\/strong><\/p><p><a href=\"https:\/\/www.mediabanco.com\/buscan-mejorar-atencion-psicologica-para-personas-con-trastorno-de-estres-postraumatico\/\"><span style=\"font-style: inherit; font-weight: inherit;\">Buscan mejorar atenci\u00f3n psicol\u00f3gica para personas con Trastorno de Estr\u00e9s Postraum\u00e1tico. Se refiere Andr\u00e9s Fresno, acad\u00e9mico de la Facultad de Psicolog\u00eda y director del proyecto.\u00a0\u00a0<\/span><\/a><\/p><p>\u00a0<\/p><p><strong><span style=\"font-style: inherit; font-weight: inherit;\">ADPRENSA\u00a0<\/span><\/strong><\/p><p><a href=\"https:\/\/www.adprensa.cl\/cronica\/buscan-mejorar-atencion-psicologica-para-personas-con-trastorno-de-estres-postraumatico\/\"><span style=\"font-style: inherit;\">Buscan mejorar atenci\u00f3n psicol\u00f3gica para personas con Trastorno de Estr\u00e9s Postraum\u00e1tico. Se refiere Andr\u00e9s Fresno, acad\u00e9mico de la Facultad de Psicolog\u00eda y director del proyecto.\u00a0\u00a0<\/span><\/a><\/p><p><span style=\"font-style: inherit; font-weight: inherit;\">\u00a0<\/span><\/p><p><strong><span style=\"font-style: inherit; font-weight: inherit;\">LA TERCERA\u00a0<\/span><\/strong><\/p><p><a href=\"https:\/\/www.latercera.com\/ediciones-especiales\/noticia\/ranking-qs-2024-conoce-las-mejores-universidades-de-chile\/AMATP2XP2ZFSHHM75QMTYMDO24\/\"><span style=\"font-style: inherit;\">Ranking QS 2024: Conoce las mejores universidades de Chile. Se menciona a la Universidad de Talca.<\/span><span style=\"font-style: inherit;\">\u00a0<\/span><\/a><\/p><p>\u00a0<\/p><p><strong><span style=\"font-style: inherit; font-weight: inherit;\">TVN RED MAULE\u00a0<\/span><\/strong><\/p><p><a href=\"https:\/\/www.litoralpress.cl\/sitio\/RadioTV_Detalles.cshtml?LPKey=B2RY2DGXXLARYLSH745YXG2TNVFMDFIUXKMJRG7CTW2M23GVQOAQCMUMBXCM4GF3S2NI7USIKXGT4\"><span style=\"font-style: inherit; font-weight: inherit;\">Se est\u00e1 desarrollando por primera vez una encuesta de los derechos sexuales y reproductivos<\/span>. Se refiere Manuel C\u00e1rdenas, acad\u00e9mico de la Facultad de Psicolog\u00eda.\u00a0<\/a><\/p><p><span style=\"font-style: inherit;\">\u00a0<\/span><\/p><p style=\"font-weight: 400;\"><strong><span style=\"font-style: inherit; font-weight: inherit;\">TVN RED MAULE<\/span><span style=\"font-style: inherit; font-weight: inherit;\">\u00a0<\/span><\/strong><\/p><p style=\"font-weight: 400;\"><a href=\"https:\/\/www.litoralpress.cl\/sitio\/RadioTV_Detalles.cshtml?LPKey=SG5T2OHVOFQQHACIYGRPNGUUTIFC6EGWNX7VU2ZLAOEDQKB5HTOJGKGXFHUXDTOCECKAOTNYCYHY6\"><span style=\"font-style: inherit; font-weight: inherit;\">Acad\u00e9mico analiz\u00f3 manejo irresponsable de conductor en ruta 5 sur. Se refiere Emilio Moyano, acad\u00e9mico de la Facultad de Psicolog\u00eda.\u00a0<\/span><span style=\"font-style: inherit; font-weight: inherit;\">\u00a0<\/span><\/a><\/p><p>\u00a0<\/p><p><strong><span style=\"font-style: inherit; font-weight: inherit;\">COOPERATIVA CIENCIA<\/span><\/strong><strong><span style=\"font-style: inherit; font-weight: inherit;\">\u00a0<\/span><\/strong><\/p><p><a href=\"https:\/\/www.cooperativaciencia.cl\/2023\/08\/09\/como-avanza-la-industria-del-videojuego-en-chile\/\"><span style=\"font-style: inherit;\">\u00bfC\u00f3mo avanza la industria del videojuego en Chile? Se refiere Camila Aliaga, acad\u00e9mica de la Escuela de Ingenier\u00eda en Desarrollo de Videojuegos y Realidad Virtual.<\/span><span style=\"font-style: inherit;\">\u00a0<\/span><\/a><\/p><p><span style=\"font-style: inherit;\">\u00a0<\/span><\/p><p><strong><span style=\"font-style: inherit;\">ARICAALDIA.CL\u00a0<\/span><\/strong><\/p><p><a href=\"https:\/\/www.aricaldia.cl\/decanos-de-agronomia-del-cruch-firman-declaracion-para-formar-profesionales-comprometidos-con-la-produccion-agroalimentaria-sostenible-y-el-cuidado-del-medio-ambiente\/\"><span style=\"font-style: inherit; font-weight: inherit;\">Decanos de Agronom\u00eda del CRUCH firman declaraci\u00f3n para formar profesionales comprometidos con la producci\u00f3n agroalimentaria sostenible y el cuidado del medio ambiente. Se refiere \u00c1lvaro Rojas Mar\u00edn, exrector y acad\u00e9mico de la Facultad de Ciencias Agrarias.\u00a0\u00a0<\/span><\/a><\/p><p><span style=\"font-style: inherit; font-weight: inherit;\">\u00a0<\/span><\/p><p><strong><span style=\"font-style: inherit;\">PORTALAGROCHILE.CL\u00a0<\/span><\/strong><\/p><p><a href=\"https:\/\/www.portalagrochile.cl\/2023\/08\/09\/declaracion-publica-agroalimentos-y-bienestar-2050\/\"><span style=\"font-style: inherit; font-weight: inherit;\">Declaraci\u00f3n p\u00fablica \u201cAgroalimentos y bienestar 2050\u201d. Se refiere \u00c1lvaro Rojas Mar\u00edn, exrector y acad\u00e9mico de la Facultad de Ciencias Agrarias.\u00a0<\/span><\/a><\/p><p>\u00a0<\/p><p><strong><span style=\"font-style: inherit;\">RADIO COOPERATIVA\u00a0<\/span><\/strong><\/p><p><a href=\"https:\/\/www.litoralpress.cl\/sitio\/RadioTV_Detalles.cshtml?LPKey=YQISI3BXFOJYUWSIPG77NSW5OF7LNM2H7UWA52SCPGELYORZHOK6JCTJZHXAYZT3HBHPQS2YS22YQ\"><span style=\"font-style: inherit; font-weight: inherit;\">Una revista Fronteras en Ciencias Ambientales dice que la Ant\u00e1rtica tambi\u00e9n est\u00e1 en crisis por el derretimiento del continente helado.<\/span>\u00a0Se menciona a la Universidad de Talca.\u00a0<\/a><\/p><p>\u00a0<\/p><p><strong><span style=\"font-style: inherit; font-weight: inherit;\">RADIO INFINITA\u00a0<\/span><\/strong><\/p><p><a href=\"https:\/\/www.litoralpress.cl\/sitio\/RadioTV_Detalles.cshtml?LPKey=X5BE46BIDXM642KN67AS265BYTMNHG7RYNX32AETTXI7U5TMFNECF4KHMKI5ARMUNFWAB2OKH4QNS\"><span style=\"font-style: inherit;\">An\u00e1lisis pol\u00edtico de Mauricio Morales, director del Centro de An\u00e1lisis Pol\u00edtico (CAP).\u00a0<\/span><\/a><\/p><p>\u00a0<\/p><p><strong><span style=\"font-style: inherit; font-weight: inherit;\">ENESTRADO.CL\u00a0<\/span><\/strong><\/p><p><a href=\"https:\/\/enestrado.com\/caso-pradenas-la-ultima-estacion-procesal-en-tc-por-diego-palomo-y-francisco-avila\/\"><span style=\"font-style: inherit;\">Caso Pradenas: \u00bfla \u00faltima estaci\u00f3n procesal en TC? Se refiere Diego Palomo V\u00e9lez, acad\u00e9mico de la Facultad de Ciencias Jur\u00eddicas y Sociales.\u00a0\u00a0<\/span><\/a><\/p>\t\t\t\t\t\t<\/div>\n\t\t\t\t<\/div>\n\t\t\t\t\t<\/div>\n\t\t<\/div>\n\t\t\t\t\t\t\t<\/div>\n\t\t<\/section>\n\t\t\t\t\t\t<\/div>\n\t\t\t\t\t<\/div>\n\t\t","protected":false},"excerpt":{"rendered":"<p>HOY X HOY (PORTADA)\u00a0 Pronostican calor extremo para Chile desde noviembre. Se menciona a la Universidad de Talca.\u00a0 \u00a0 HOY X HOY\u00a0 Se adelanta el verano: m\u00e1ximas de 34 grados llegar\u00edan al pa\u00eds en noviembre. Se refiere\u00a0Patricio Gonz\u00e1lez Colville, agroclimat\u00f3logo del Centro de Investigaci\u00f3n y Transferencia en Riego y Agroclimatolog\u00eda (CITRA).\u00a0 \u00a0 CHILEVISION\u00a0 Se pronostica &hellip;<\/p>\n<p class=\"read-more\"> <a class=\"\" href=\"https:\/\/www.reportedeprensa.utalca.cl\/?p=8044\"> <span class=\"screen-reader-text\">10 de agosto de 2023<\/span> Read More &raquo;<\/a><\/p>\n","protected":false},"author":1,"featured_media":0,"comment_status":"closed","ping_status":"open","sticky":false,"template":"","format":"standard","meta":{"_monsterinsights_skip_tracking":false,"_monsterinsights_sitenote_active":false,"_monsterinsights_sitenote_note":"","_monsterinsights_sitenote_category":0},"categories":[39],"tags":[],"_links":{"self":[{"href":"https:\/\/www.reportedeprensa.utalca.cl\/index.php?rest_route=\/wp\/v2\/posts\/8044"}],"collection":[{"href":"https:\/\/www.reportedeprensa.utalca.cl\/index.php?rest_route=\/wp\/v2\/posts"}],"about":[{"href":"https:\/\/www.reportedeprensa.utalca.cl\/index.php?rest_route=\/wp\/v2\/types\/post"}],"author":[{"embeddable":true,"href":"https:\/\/www.reportedeprensa.utalca.cl\/index.php?rest_route=\/wp\/v2\/users\/1"}],"replies":[{"embeddable":true,"href":"https:\/\/www.reportedeprensa.utalca.cl\/index.php?rest_route=%2Fwp%2Fv2%2Fcomments&post=8044"}],"version-history":[{"count":4,"href":"https:\/\/www.reportedeprensa.utalca.cl\/index.php?rest_route=\/wp\/v2\/posts\/8044\/revisions"}],"predecessor-version":[{"id":8048,"href":"https:\/\/www.reportedeprensa.utalca.cl\/index.php?rest_route=\/wp\/v2\/posts\/8044\/revisions\/8048"}],"wp:attachment":[{"href":"https:\/\/www.reportedeprensa.utalca.cl\/index.php?rest_route=%2Fwp%2Fv2%2Fmedia&parent=8044"}],"wp:term":[{"taxonomy":"category","embeddable":true,"href":"https:\/\/www.reportedeprensa.utalca.cl\/index.php?rest_route=%2Fwp%2Fv2%2Fcategories&post=8044"},{"taxonomy":"post_tag","embeddable":true,"href":"https:\/\/www.reportedeprensa.utalca.cl\/index.php?rest_route=%2Fwp%2Fv2%2Ftags&post=8044"}],"curies":[{"name":"wp","href":"https:\/\/api.w.org\/{rel}","templated":true}]}}