{"id":8055,"date":"2023-08-13T19:35:31","date_gmt":"2023-08-13T22:35:31","guid":{"rendered":"https:\/\/www.reportedeprensa.utalca.cl\/?p=8055"},"modified":"2023-08-13T19:41:05","modified_gmt":"2023-08-13T22:41:05","slug":"11-de-agosto-de-2023","status":"publish","type":"post","link":"https:\/\/www.reportedeprensa.utalca.cl\/?p=8055","title":{"rendered":"11 de agosto de 2023"},"content":{"rendered":"\t\t<div data-elementor-type=\"wp-post\" data-elementor-id=\"8055\" class=\"elementor elementor-8055\" data-elementor-settings=\"[]\">\n\t\t\t\t\t\t\t<div class=\"elementor-section-wrap\">\n\t\t\t\t\t\t\t<section class=\"elementor-section elementor-top-section elementor-element elementor-element-10154d05 elementor-section-boxed elementor-section-height-default elementor-section-height-default\" data-id=\"10154d05\" data-element_type=\"section\">\n\t\t\t\t\t\t<div class=\"elementor-container elementor-column-gap-default\">\n\t\t\t\t\t<div class=\"elementor-column elementor-col-100 elementor-top-column elementor-element elementor-element-5db19c21\" data-id=\"5db19c21\" data-element_type=\"column\">\n\t\t\t<div class=\"elementor-widget-wrap elementor-element-populated\">\n\t\t\t\t\t\t\t\t<div class=\"elementor-element elementor-element-587e31be elementor-widget elementor-widget-text-editor\" data-id=\"587e31be\" data-element_type=\"widget\" data-widget_type=\"text-editor.default\">\n\t\t\t\t<div class=\"elementor-widget-container\">\n\t\t\t\t\t\t\t\t<p class=\"x_MsoNormal\"><strong><span class=\"x_ContentPasted0\" lang=\"ES-TRAD\">CNN CHILE\u00a0<\/span><\/strong><\/p><p class=\"x_MsoNormal\"><a href=\"https:\/\/www.litoralpress.cl\/sitio\/RadioTV_Detalles.cshtml?LPKey=QZ6JCJW7OJJWQ6ENITK5SH6PHOMGACMPD2J6C7243TK5IANSLULROOR5AZQJTALPWRGSTSQBNRLGG\"><span class=\"x_ContentPasted0\" lang=\"ES-TRAD\">Zona central de Chile tendr\u00eda el verano m\u00e1s c\u00e1lido de la historia. Se refiere\u00a0<\/span><span class=\"x_ContentPasted0\" lang=\"ES-TRAD\">Patricio Gonz\u00e1lez Colville, agroclimat\u00f3logo del Centro de Investigaci\u00f3n y Transferencia en Riego y Agroclimatolog\u00eda (CITRA).\u00a0<\/span><\/a><\/p><p class=\"x_MsoNormal\"><strong><span lang=\"ES-TRAD\">\u00a0<\/span><\/strong><\/p><p class=\"x_MsoNormal\"><strong><span class=\"x_ContentPasted0\" lang=\"ES-TRAD\">CANAL TVN\u00a0<\/span><\/strong><\/p><p class=\"x_MsoNormal\"><a href=\"https:\/\/www.litoralpress.cl\/sitio\/RadioTV_Detalles.cshtml?LPKey=DLB5EB66S23CVKVCXG5EFJFM5AQKJCMKI5Q7F7DFW6GABCSMWKF6QY24L6TNEOTOH46RQ7NPIDRIG\"><span class=\"x_ContentPasted0\" lang=\"ES-TRAD\">Pronostican verano con temperaturas r\u00e9rcord para Chile. Se refiere\u00a0<\/span><span class=\"x_ContentPasted0\" lang=\"ES-TRAD\">Patricio Gonz\u00e1lez Colville, agroclimat\u00f3logo del Centro de Investigaci\u00f3n y Transferencia en Riego y Agroclimatolog\u00eda (CITRA).\u00a0<\/span><\/a><\/p><p class=\"x_MsoNormal\">\u00a0<\/p><p class=\"x_MsoNormal\"><strong><span class=\"x_ContentPasted0\" lang=\"ES-TRAD\">LAS \u00daLTIMAS NOTICIAS\u00a0<\/span><\/strong><\/p><p class=\"x_MsoNormal x_ContentPasted0\"><a href=\"https:\/\/www.litoralpress.cl\/paginaconsultas\/Servicios_NClipSitio\/Get_Imagen_Nota.aspx?LPKey=VGP5GSQPZDMXVEUEFHOAENUSAFQBE376IJBAA2J5GOBRK4TQLWXTUUYGEIVD4CNYCE532FYUVCUVG\"><span class=\"x_ContentPasted0\" lang=\"ES-TRAD\">Un verano caliente: proyectan hasta 39 grados en Santiago<\/span>. Se refiere\u00a0<span class=\"x_ContentPasted0\" lang=\"ES-TRAD\">Patricio Gonz\u00e1lez Colville, agroclimat\u00f3logo del Centro de Investigaci\u00f3n y Transferencia en Riego y Agroclimatolog\u00eda (CITRA).\u00a0<\/span><\/a><\/p><p><span lang=\"ES-TRAD\"><a id=\"OWA3e43dfab-ac62-5402-e97b-9b39164375bc\" class=\"x_OWAAutoLink x_ContentPasted0\" href=\"https:\/\/www.litoralpress.cl\/paginaconsultas\/Servicios_NClipSitio\/Get_Imagen_Nota.aspx?LPKey=VGP5GSQPZDMXVEUEFHOAENUSAFQBE376IJBAA2J5GOBRK4TQLWXTUUYGEIVD4CNYCE532FYUVCUVG\" target=\"_blank\" rel=\"noopener noreferrer\" data-auth=\"NotApplicable\" data-linkindex=\"2\"><\/a>\u00a0<\/span><\/p><p><strong><span class=\"x_ContentPasted0\" lang=\"ES-TRAD\">RADIO 13C \u00a0<\/span><\/strong><\/p><p><a href=\"https:\/\/www.litoralpress.cl\/sitio\/RadioTV_Detalles.cshtml?LPKey=2CCFZ4QVJPIVWFTMQ5NZ6IM6MRIISM67S3TWG3CSVWWBSVID5BT66W6HVXOSG2N5UQKNMTJ765XAA\"><span class=\"x_ContentPasted0\" lang=\"ES-TRAD\">Pron\u00f3stico del pr\u00f3ximo verano y cambio clim\u00e1tico.\u00a0<span class=\"x_ContentPasted0\">Se refiere Patricio Gonz\u00e1lez Colville, agroclimat\u00f3logo del Centro de Investigaci\u00f3n y Transferencia en Riego y Agroclimatolog\u00eda (CITRA).\u00a0<\/span><\/span><\/a><\/p><p><span lang=\"ES-TRAD\">\u00a0<\/span><\/p><p><strong><span class=\"x_ContentPasted0\" lang=\"ES-TRAD\">LA PRENSA DE CURIC\u00d3\u00a0<\/span><\/strong><\/p><p class=\"x_MsoNormal x_ContentPasted0\"><a href=\"https:\/\/www.litoralpress.cl\/paginaconsultas\/Servicios_NClipSitio\/Get_Imagen_Nota.aspx?LPKey=JEIVZ4DJONVUDRDVITUS4PWJNHHX7QG7ZHMXTSAJI5R6GEHO4FK2ASS6RONAYTVK2JKFT72RU5Z6U\"><span class=\"x_ContentPasted0\" lang=\"ES-TRAD\">Temperaturas sobre los 40\u00ba grados se registrar\u00edan en la temporada de verano<\/span>. Un verano caliente: proyectan hasta 39 grados en Santiago. Se refiere Patricio Gonz\u00e1lez Colville, agroclimat\u00f3logo del Centro de Investigaci\u00f3n y Transferencia en Riego y Agroclimatolog\u00eda (CITRA).\u00a0<\/a><\/p><p>\u00a0<\/p><p><strong><span class=\"x_ContentPasted0\" lang=\"ES-TRAD\">EL MERCURIO DE VALPARA\u00cdSO\u00a0<\/span><\/strong><\/p><p class=\"x_MsoNormal x_ContentPasted0\"><a href=\"https:\/\/www.litoralpress.cl\/paginaconsultas\/Servicios_NClipSitio\/Get_Imagen_Nota.aspx?LPKey=IZ5ZVFMUIFBNIDV6JWQCNDFCGU5OKST4Z44RA2KJOTKLLB5SD2ASAKWOFOTEVNOBWL5OYXOKC7UTI\"><span class=\"x_ContentPasted0\" lang=\"ES-TRAD\">Estudio proyecta m\u00e1ximas de hasta 43\u00b0 en la zona central para el pr\u00f3ximo verano<\/span>.\u00a0<span class=\"x_ContentPasted0\" lang=\"ES-TRAD\">Se refiere\u00a0<\/span><span class=\"x_ContentPasted0\" lang=\"ES-TRAD\">Patricio Gonz\u00e1lez Colville, agroclimat\u00f3logo del Centro de Investigaci\u00f3n y Transferencia en Riego y Agroclimatolog\u00eda (CITRA).\u00a0<\/span><\/a><span lang=\"ES-TRAD\"><br \/><\/span><\/p><p>\u00a0<\/p><p><strong><span class=\"x_ContentPasted0\" lang=\"ES-TRAD\">CR\u00d3NICA DE CHILL\u00c1N \u00a0<\/span><\/strong><\/p><p class=\"x_MsoNormal x_ContentPasted0\"><a href=\"https:\/\/www.litoralpress.cl\/paginaconsultas\/Servicios_NClipSitio\/Get_Imagen_Nota.aspx?LPKey=BQ7H4OEW7M4F6WQMBBGVVCME2IA7QJHGXLIK3VNU7KRZNFTXWGIKXVNO6OSFSBIIKMBUX4RZT7XQU\"><span class=\"x_ContentPasted0\" lang=\"ES-TRAD\">Estudio proyecta m\u00e1ximas de hasta 43\u00b0 en la zona central para el pr\u00f3ximo verano<\/span>.\u00a0<span class=\"x_ContentPasted0\" lang=\"ES-TRAD\">Se refiere\u00a0<\/span><\/a><span class=\"x_ContentPasted0\" lang=\"ES-TRAD\">Patricio Gonz\u00e1lez Colville, agroclimat\u00f3logo del Centro de Investigaci\u00f3n y Transferencia en Riego y Agroclimatolog\u00eda (CITRA).\u00a0<\/span><\/p><p><span lang=\"ES-TRAD\">\u00a0<\/span><\/p><p><strong><span class=\"x_ContentPasted0\" lang=\"ES-TRAD\">EL DIARIO DE ATACAMA\u00a0<\/span><\/strong><\/p><p class=\"x_MsoNormal x_ContentPasted0\"><a href=\"https:\/\/www.litoralpress.cl\/paginaconsultas\/Servicios_NClipSitio\/Get_Imagen_Nota.aspx?LPKey=ZF6VQNPDCKCM5YLZC5EFL7BYQNULBOVQRCWB72VLZKWO5UMXL5PAUJAXVSFJGFGOFNEQ5ZUZNL7XU\"><span class=\"x_ContentPasted0\" lang=\"ES-TRAD\">Estudio proyecta m\u00e1ximas de hasta 43\u00b0 en la zona central para el pr\u00f3ximo verano<\/span>.\u00a0<span class=\"x_ContentPasted0\" lang=\"ES-TRAD\">Se refiere\u00a0<\/span><\/a><span class=\"x_ContentPasted0\" lang=\"ES-TRAD\">Patricio Gonz\u00e1lez Colville, agroclimat\u00f3logo del Centro de Investigaci\u00f3n y Transferencia en Riego y Agroclimatolog\u00eda (CITRA).\u00a0<\/span><\/p><p>\u00a0<\/p><p><strong><span class=\"x_ContentPasted0\" lang=\"ES-TRAD\">FUTURO 360\u00a0<\/span><\/strong><\/p><p class=\"x_MsoNormal\"><a href=\"https:\/\/www.futuro360.com\/desafiotierra\/altas-temperaturas-zona-central_20230809\/\"><span class=\"x_ContentPasted0\">Las temperaturas en la zona central podr\u00edan alcanzar un r\u00e9cord de m\u00e1s de 40 grados durante el pr\u00f3ximo verano.\u00a0<\/span><span class=\"x_ContentPasted0\" lang=\"ES-TRAD\">Se refiere\u00a0<\/span><span class=\"x_ContentPasted0\" lang=\"ES-TRAD\">Patricio Gonz\u00e1lez Colville, agroclimat\u00f3logo del Centro de Investigaci\u00f3n y Transferencia en Riego y Agroclimatolog\u00eda (CITRA).<\/span>\u00a0<\/a><\/p><p class=\"x_MsoNormal\"><b>\u00a0<\/b><\/p><p class=\"x_MsoNormal\"><strong><span class=\"x_ContentPasted0\">MEDIABANCO\u00a0<\/span><\/strong><\/p><p class=\"x_MsoNormal\"><a href=\"https:\/\/www.mediabanco.com\/voluntarios-de-la-utalca-llevaron-la-telemedicina-a-personas-afectadas-por-inundaciones\/\"><span class=\"x_ContentPasted0\">Voluntarios de la UTalca llevaron la telemedicina a personas afectadas por inundaciones. Se refieren\u00a0<\/span><span class=\"x_ContentPasted0\">Claudia Montoya Sep\u00falveda, directora de la cl\u00ednica de Fonoaudiolog\u00eda y coordinadora de la actividad; y M\u00f3nica Carrasco Gonz\u00e1lez, acad\u00e9mica de la Escuela de Medicina.\u00a0<\/span>\u00a0<\/a><\/p><p class=\"x_MsoNormal\">\u00a0<\/p><p class=\"x_MsoNormal\"><strong><span class=\"x_ContentPasted0\">G5NOTICIAS.CL\u00a0<\/span><\/strong><\/p><p class=\"x_MsoNormal\"><a href=\"https:\/\/g5noticias.cl\/2023\/08\/10\/buscan-mejorar-atencion-psicologica-para-personas-con-trastorno-de-estres-postraumatico\/\"><span class=\"x_ContentPasted0\">Buscan mejorar atenci\u00f3n psicol\u00f3gica para personas con Trastorno de Estr\u00e9s Postraum\u00e1tico.\u00a0<\/span><span class=\"x_ContentPasted0\" lang=\"ES-TRAD\">Se refiere Andr\u00e9s Fresno, acad\u00e9mico de la Facultad de Psicolog\u00eda y director del proyecto.<\/span>\u00a0<\/a><\/p><p class=\"x_MsoNormal\">\u00a0<\/p><p><strong><span class=\"x_ContentPasted0\" lang=\"ES-TRAD\">DIARIO TALCA\u00a0<\/span><\/strong><\/p><p><span class=\"x_ContentPasted0\" lang=\"ES-TRAD\"><a href=\"https:\/\/diariotalca.cl\/la-fragilidad-en-las-personas-mayores-por-ivan-palomo\/\">La fragilidad en las personas mayores. Se refiere Iv\u00e1n Palomo, acad\u00e9mico de la Facultad de Ciencias de la Salud<\/a>.\u00a0<\/span><\/p><p><span lang=\"ES-TRAD\">\u00a0<\/span><\/p><p><span class=\"x_ContentPasted0\" lang=\"ES-TRAD\"><strong>RADIO INFINITA<\/strong>\u00a0<\/span><\/p><p class=\"x_MsoNormal\"><span class=\"x_ContentPasted0\" lang=\"ES-TRAD\"><a href=\"https:\/\/www.litoralpress.cl\/sitio\/RadioTV_Detalles.cshtml?LPKey=2BLX4RYHVAMLTKG3QG74HBQDFEQQSF43442SBHW3OGUHWCHRZKMNYQAGGSBHIIBMPWWDXWTFXLJLC\">An\u00e1lisis pol\u00edtico de Mauricio Morales, director del Centro de An\u00e1lisis Pol\u00edtico (CAP).<\/a>\u00a0<\/span><\/p>\t\t\t\t\t\t<\/div>\n\t\t\t\t<\/div>\n\t\t\t\t\t<\/div>\n\t\t<\/div>\n\t\t\t\t\t\t\t<\/div>\n\t\t<\/section>\n\t\t\t\t\t\t<\/div>\n\t\t\t\t\t<\/div>\n\t\t","protected":false},"excerpt":{"rendered":"<p>CNN CHILE\u00a0 Zona central de Chile tendr\u00eda el verano m\u00e1s c\u00e1lido de la historia. Se refiere\u00a0Patricio Gonz\u00e1lez Colville, agroclimat\u00f3logo del Centro de Investigaci\u00f3n y Transferencia en Riego y Agroclimatolog\u00eda (CITRA).\u00a0 \u00a0 CANAL TVN\u00a0 Pronostican verano con temperaturas r\u00e9rcord para Chile. Se refiere\u00a0Patricio Gonz\u00e1lez Colville, agroclimat\u00f3logo del Centro de Investigaci\u00f3n y Transferencia en Riego y Agroclimatolog\u00eda &hellip;<\/p>\n<p class=\"read-more\"> <a class=\"\" href=\"https:\/\/www.reportedeprensa.utalca.cl\/?p=8055\"> <span class=\"screen-reader-text\">11 de agosto de 2023<\/span> Read More &raquo;<\/a><\/p>\n","protected":false},"author":1,"featured_media":0,"comment_status":"closed","ping_status":"open","sticky":false,"template":"","format":"standard","meta":{"_monsterinsights_skip_tracking":false,"_monsterinsights_sitenote_active":false,"_monsterinsights_sitenote_note":"","_monsterinsights_sitenote_category":0},"categories":[39],"tags":[],"_links":{"self":[{"href":"https:\/\/www.reportedeprensa.utalca.cl\/index.php?rest_route=\/wp\/v2\/posts\/8055"}],"collection":[{"href":"https:\/\/www.reportedeprensa.utalca.cl\/index.php?rest_route=\/wp\/v2\/posts"}],"about":[{"href":"https:\/\/www.reportedeprensa.utalca.cl\/index.php?rest_route=\/wp\/v2\/types\/post"}],"author":[{"embeddable":true,"href":"https:\/\/www.reportedeprensa.utalca.cl\/index.php?rest_route=\/wp\/v2\/users\/1"}],"replies":[{"embeddable":true,"href":"https:\/\/www.reportedeprensa.utalca.cl\/index.php?rest_route=%2Fwp%2Fv2%2Fcomments&post=8055"}],"version-history":[{"count":4,"href":"https:\/\/www.reportedeprensa.utalca.cl\/index.php?rest_route=\/wp\/v2\/posts\/8055\/revisions"}],"predecessor-version":[{"id":8059,"href":"https:\/\/www.reportedeprensa.utalca.cl\/index.php?rest_route=\/wp\/v2\/posts\/8055\/revisions\/8059"}],"wp:attachment":[{"href":"https:\/\/www.reportedeprensa.utalca.cl\/index.php?rest_route=%2Fwp%2Fv2%2Fmedia&parent=8055"}],"wp:term":[{"taxonomy":"category","embeddable":true,"href":"https:\/\/www.reportedeprensa.utalca.cl\/index.php?rest_route=%2Fwp%2Fv2%2Fcategories&post=8055"},{"taxonomy":"post_tag","embeddable":true,"href":"https:\/\/www.reportedeprensa.utalca.cl\/index.php?rest_route=%2Fwp%2Fv2%2Ftags&post=8055"}],"curies":[{"name":"wp","href":"https:\/\/api.w.org\/{rel}","templated":true}]}}