{"id":8066,"date":"2023-08-16T12:57:50","date_gmt":"2023-08-16T15:57:50","guid":{"rendered":"https:\/\/www.reportedeprensa.utalca.cl\/?p=8066"},"modified":"2023-08-18T00:08:32","modified_gmt":"2023-08-18T03:08:32","slug":"16-de-agosto-de-2023","status":"publish","type":"post","link":"https:\/\/www.reportedeprensa.utalca.cl\/?p=8066","title":{"rendered":"16 de agosto de 2023"},"content":{"rendered":"\t\t<div data-elementor-type=\"wp-post\" data-elementor-id=\"8066\" class=\"elementor elementor-8066\" data-elementor-settings=\"[]\">\n\t\t\t\t\t\t\t<div class=\"elementor-section-wrap\">\n\t\t\t\t\t\t\t<section class=\"elementor-section elementor-top-section elementor-element elementor-element-10154d05 elementor-section-boxed elementor-section-height-default elementor-section-height-default\" data-id=\"10154d05\" data-element_type=\"section\">\n\t\t\t\t\t\t<div class=\"elementor-container elementor-column-gap-default\">\n\t\t\t\t\t<div class=\"elementor-column elementor-col-100 elementor-top-column elementor-element elementor-element-5db19c21\" data-id=\"5db19c21\" data-element_type=\"column\">\n\t\t\t<div class=\"elementor-widget-wrap elementor-element-populated\">\n\t\t\t\t\t\t\t\t<div class=\"elementor-element elementor-element-587e31be elementor-widget elementor-widget-text-editor\" data-id=\"587e31be\" data-element_type=\"widget\" data-widget_type=\"text-editor.default\">\n\t\t\t\t<div class=\"elementor-widget-container\">\n\t\t\t\t\t\t\t\t<p style=\"font-weight: 400;\"><strong><span style=\"font-style: inherit; font-weight: inherit;\">PUBLIMICRO\u00a0<\/span><\/strong><strong><span style=\"font-style: inherit; font-weight: inherit;\">\u00a0<\/span><\/strong><\/p><p style=\"font-weight: 400;\"><a href=\"https:\/\/publimicro.cl\/utalca-renueva-comodato-de-importante-coleccion-de-arte-contemporaneo-que-queda-para-la-admiracion-de-los-maulinos\/\"><span style=\"font-style: inherit;\">UTalca renueva comodato de importante colecci\u00f3n de arte contempor\u00e1neo, que queda para la admiraci\u00f3n de los maulinos. Se refiere Carlos Torres Fuchslocher, rector.\u00a0<\/span><\/a><strong><span style=\"font-style: inherit; font-weight: inherit;\"><br \/><\/span><\/strong><\/p><p style=\"font-weight: 400;\"><strong><span style=\"font-style: inherit;\">CANAL TVN RED MAULE\u00a0<\/span><span style=\"font-style: inherit;\">\u00a0<\/span><\/strong><\/p><p style=\"font-weight: 400;\"><a href=\"https:\/\/www.litoralpress.cl\/sitio\/RadioTV_Detalles.cshtml?LPKey=VMUAZ2Y43NIHWY5PVJ6KNZIIAT5GY3U7WMXB4E75OOPTAPZ5GBQZZMLCURK2ZODFA52LOY5PNO766\" target=\"_blank\" rel=\"noopener\"><span style=\"font-style: inherit; font-weight: inherit;\">UTalca renov\u00f3 el comodato de una colecci\u00f3n de arte <\/span><span style=\"font-style: inherit; font-weight: inherit;\">contempor\u00e1ne<\/span><span style=\"font-style: inherit; font-weight: inherit;\">o. Se menciona a la Universidad de Talca.<\/span><\/a><span style=\"font-style: inherit; font-weight: inherit;\"><br \/><\/span><\/p><p style=\"font-weight: 400;\"><strong><span style=\"font-style: inherit; font-weight: inherit;\">CNN CHILE\u00a0<\/span><\/strong><strong><span style=\"font-style: inherit; font-weight: inherit;\">\u00a0<\/span><\/strong><\/p><p style=\"font-weight: 400;\"><a href=\"https:\/\/www.litoralpress.cl\/sitio\/RadioTV_Detalles.cshtml?LPKey=NJXBDLSV4TTT4WLUUJEJ5FVXUYILG4WBMAYW33ILVQRVUQEOJ3ZMHDWD7LYGSAYEK2H3BM275OIDK\"><span style=\"font-style: inherit;\">Las pruebas de extracci\u00f3n directa de litio<\/span><span style=\"font-style: inherit;\">. Se refiere Francisco Rivas Salda\u00f1a, director de la Escuela de Ingenier\u00eda Civil de Minas. \u00a0<\/span><\/a><\/p><p style=\"font-weight: 400;\"><span style=\"font-style: inherit; font-weight: inherit;\">\u00a0<\/span><span style=\"font-style: inherit; font-weight: inherit;\">\u00a0<\/span><\/p><p style=\"font-weight: 400;\"><strong><span style=\"font-style: inherit; font-weight: inherit;\">LAS \u00daLTIMAS NOTICIAS\u00a0<\/span><\/strong><strong><span style=\"font-style: inherit; font-weight: inherit;\">\u00a0<\/span><\/strong><\/p><p style=\"font-weight: 400;\"><a href=\"https:\/\/www.litoralpress.cl\/paginaconsultas\/Servicios_NClipSitio\/Get_Imagen_Nota.aspx?LPKey=6XCNQ3UNQ2TIPKCK33JAI5IAYJMVMIESDBL7C5C2FGICNYXC655NAVXC4SLQBX3SJHKBYF75GULWQ\"><span style=\"font-style: inherit;\">&#8220;Tengo seis trabajos distintos&#8221;: nutricionistas cuentan c\u00f3mo se llenan de pega<\/span><span style=\"font-style: inherit;\">.<\/span><span style=\"font-style: inherit; font-weight: inherit;\">\u00a0Se menciona a la Universidad de Talca.\u00a0\u00a0\u00a0\u00a0\u00a0\u00a0\u00a0\u00a0\u00a0\u00a0\u00a0<\/span><\/a><\/p><p>\u00a0<\/p><p style=\"font-weight: 400;\"><strong><span style=\"font-style: inherit;\">CR\u00d3NICA DE CHILL\u00c1N (PORTADA)\u00a0<\/span><span style=\"font-style: inherit;\">\u00a0<\/span><\/strong><\/p><p style=\"font-weight: 400;\"><span style=\"font-style: inherit; font-weight: inherit;\"><a href=\"https:\/\/www.litoralpress.cl\/paginaconsultas\/Servicios_NClipSitio\/Get_Imagen_Nota.aspx?LPKey=BVBISS4BDOZVHZAS2DQGUWXXTP2772WMZR4XUFCCVAIXA57HPDRA7C57HH3EYHBAES74KUX3UXWDS\">Estudio prev\u00e9 que Chill\u00e1n llegar\u00e1 a 43 grados en verano. Se menciona a la Universidad de Talca. <\/a><\/span><\/p><p>\u00a0<\/p><p style=\"font-weight: 400;\"><span style=\"font-style: inherit; font-weight: inherit;\"><strong>CHILEVISI\u00d3N<\/strong><br \/><\/span><\/p><p><a href=\"https:\/\/www.litoralpress.cl\/sitio\/RadioTV_Detalles.cshtml?LPKey=I4HQI6A4TEHXNCYXYTDCXE6APJRZPR5WEIWOW5663ELYT5W4HMJ7HXNT4IRHHZJRS24X4Y6WRGRFC\">Estudio proyect\u00f3 que para el pr\u00f3ximo verano los capitalinos tendr\u00e1n olas de calor de entre 37 y 39 grados. Se refiere\u00a0Patricio Gonz\u00e1lez Colville, agroclimat\u00f3logo del Centro de Investigaci\u00f3n y Transferencia en Riego y Agroclimatolog\u00eda (CITRA).\u00a0\u00a0\u00a0\u00a0\u00a0\u00a0<\/a>\u00a0\u00a0\u00a0\u00a0\u00a0\u00a0\u00a0\u00a0<\/p><p>\u00a0<\/p><p><strong>CNN CHILE<\/strong><\/p><p><a href=\"https:\/\/www.litoralpress.cl\/sitio\/RadioTV_Detalles.cshtml?LPKey=VEIFDD2J64B22SIQW467ODCZ5YO6TQTARJSPD4WJGYQO4WNWBVZ5GHDMRCAQH5BLT2NQDZF55KTEK\">Altas temperaturas en la zona centro continuar\u00e1n. Se refiere\u00a0Patricio Gonz\u00e1lez Colville, agroclimat\u00f3logo del Centro de Investigaci\u00f3n y Transferencia en Riego y Agroclimatolog\u00eda (CITRA).\u00a0\u00a0\u00a0\u00a0\u00a0\u00a0<\/a>\u00a0\u00a0\u00a0\u00a0\u00a0\u00a0\u00a0\u00a0\u00a0\u00a0\u00a0<\/p><p>\u00a0<\/p><p style=\"font-weight: 400;\"><strong><span style=\"font-style: inherit; font-weight: inherit;\">CANAL 13\u00a0\u00a0<\/span><\/strong><\/p><p style=\"font-weight: 400;\"><a href=\"https:\/\/www.litoralpress.cl\/sitio\/RadioTV_Detalles.cshtml?LPKey=Y6P3XHG22UHRIFS5A5UEQDIULAOO52XOMMSQ4644WTWSWHS7RIEJYF7YBTXCA6655KW6TJLIQXMZW\"><span style=\"font-style: inherit;\">Seg\u00fan estudio de la Universidad de Talca.\u00a0<\/span>\u00a0en la zona central se podr\u00eda superar los 40 grados.\u00a0<span style=\"font-style: inherit;\">Se refiere\u00a0Patricio Gonz\u00e1lez Colville, agroclimat\u00f3logo del Centro de Investigaci\u00f3n y Transferencia en Riego y Agroclimatolog\u00eda (CITRA).\u00a0\u00a0<\/span><\/a><\/p><p style=\"font-weight: 400;\"><span style=\"font-style: inherit; font-weight: inherit;\">\u00a0<\/span><\/p><p style=\"font-weight: 400;\"><strong><span style=\"font-style: inherit;\">CANAL MEGA\u00a0<\/span><span style=\"font-style: inherit;\">\u00a0<\/span><\/strong><\/p><p style=\"font-weight: 400;\"><a href=\"https:\/\/www.litoralpress.cl\/sitio\/RadioTV_Detalles.cshtml?LPKey=KF4IXB5UZTB5AGI5IMLEVEBY4M4KSQC7XF4MPGXVOTJI7JSMWP2LJAGPHXI5BN5HPHSOBH3SQXS5C\" target=\"_blank\" rel=\"noopener\"><span style=\"font-style: inherit; font-weight: inherit;\">Prev\u00e9n calor extremo para el pr\u00f3ximo <\/span><span style=\"font-style: inherit; font-weight: inherit;\">verano<\/span><span style=\"font-style: inherit; font-weight: inherit;\"> en Chile<\/span><\/a><span style=\"font-style: inherit; font-weight: inherit;\">. Se menciona a la Universidad de Talca.\u00a0<br \/><\/span><\/p><p style=\"font-weight: 400;\"><span style=\"font-style: inherit; font-weight: inherit;\">\u00a0<\/span><span style=\"font-style: inherit; font-weight: inherit;\">\u00a0<\/span><\/p><p style=\"font-weight: 400;\"><strong><span style=\"font-style: inherit;\">CANAL MEGA\u00a0<\/span><span style=\"font-style: inherit;\">\u00a0<\/span><\/strong><\/p><p style=\"font-weight: 400;\"><a href=\"https:\/\/www.litoralpress.cl\/sitio\/RadioTV_Detalles.cshtml?LPKey=X5NJFXBJDPRHR2DRE363DPUFJMJXNZIRCTX72OXAER5UZUE7JMIPERA76HQA33JDW4AKWEUMKE5RO\"><span style=\"font-style: inherit; font-weight: inherit;\">Este verano Santiago podr\u00eda registrar temperaturas sobre los 39 grados.<\/span><span style=\"font-style: inherit; font-weight: inherit;\">\u00a0Se menciona a\u00a0<\/span><span style=\"font-style: inherit; font-weight: inherit;\">Patricio Gonz\u00e1lez Colville, agroclimat\u00f3logo del Centro de Investigaci\u00f3n y Transferencia en Riego y Agroclimatolog\u00eda (CITRA)<\/span><\/a><span style=\"font-style: inherit; font-weight: inherit;\">.\u00a0\u00a0\u00a0\u00a0\u00a0\u00a0\u00a0\u00a0\u00a0\u00a0\u00a0\u00a0\u00a0\u00a0\u00a0\u00a0\u00a0\u00a0\u00a0\u00a0\u00a0\u00a0\u00a0\u00a0\u00a0\u00a0\u00a0\u00a0\u00a0\u00a0\u00a0\u00a0\u00a0\u00a0\u00a0\u00a0\u00a0\u00a0\u00a0\u00a0\u00a0\u00a0\u00a0<\/span><span style=\"font-style: inherit; font-weight: inherit;\">\u00a0<br \/><\/span><\/p><p style=\"font-weight: 400;\"><span style=\"font-style: inherit; font-weight: inherit;\">\u00a0<\/span><span style=\"font-style: inherit; font-weight: inherit;\">\u00a0<\/span><\/p><p style=\"font-weight: 400;\"><strong><span style=\"font-style: inherit;\">CANAL MEGA\u00a0<\/span><span style=\"font-style: inherit;\">\u00a0<\/span><\/strong><\/p><p style=\"font-weight: 400;\"><a href=\"https:\/\/www.litoralpress.cl\/sitio\/RadioTV_Detalles.cshtml?LPKey=POYCK4TQV7PICOCLYYDIN6HZP2LP37IVWWJMMBUFQILIUWKDGSLSOY77HWJ23UCLUXOQNS4VX4PZQ\"><span style=\"font-style: inherit; font-weight: inherit;\">\u00bfSe viene un verano &#8220;Infernal&#8221;?<\/span><span style=\"font-style: inherit; font-weight: inherit;\">\u00a0Se refiere\u00a0<\/span><span style=\"font-style: inherit; font-weight: inherit;\">Patricio Gonz\u00e1lez Colville, agroclimat\u00f3logo del Centro de Investigaci\u00f3n y Transferencia en Riego y Agroclimatolog\u00eda (CITRA)<\/span><span style=\"font-style: inherit; font-weight: inherit;\">.\u00a0<\/span><\/a><span style=\"font-style: inherit; font-weight: inherit;\"><br \/><\/span><\/p><p style=\"font-weight: 400;\"><span style=\"font-style: inherit; font-weight: inherit;\">\u00a0<\/span><\/p><p style=\"font-weight: 400;\"><strong><span style=\"font-style: inherit;\">EMOL\u00a0<\/span><\/strong><\/p><p style=\"font-weight: 400;\"><a href=\"https:\/\/www.emol.com\/noticias\/Economia\/2023\/08\/15\/1104085\/cambio-climatico-retail-aire-acondicionado.html\"><span style=\"font-style: inherit; font-weight: inherit;\">Ante la tendencia del aire acondicionado: Precios y alternativas frente a un verano r\u00e9cord<\/span>.\u00a0<span style=\"font-style: inherit; font-weight: inherit;\">Se refiere\u00a0<\/span><span style=\"font-style: inherit; font-weight: inherit;\">Patricio Gonz\u00e1lez Colville, agroclimat\u00f3logo del Centro de Investigaci\u00f3n y Transferencia en Riego y Agroclimatolog\u00eda (CITRA)<\/span><span style=\"font-style: inherit; font-weight: inherit;\">.\u00a0<\/span><span style=\"font-style: inherit; font-weight: inherit;\">\u00a0<\/span><\/a><\/p><p style=\"font-weight: 400;\"><span style=\"font-style: inherit; font-weight: inherit;\">\u00a0<\/span><span style=\"font-style: inherit; font-weight: inherit;\">\u00a0<\/span><\/p><p style=\"font-weight: 400;\"><strong><span style=\"font-style: inherit;\">DIARIO CONCEPCI\u00d3N \u00a0<\/span><span style=\"font-style: inherit;\">\u00a0<\/span><\/strong><\/p><p style=\"font-weight: 400;\"><a href=\"https:\/\/www.litoralpress.cl\/paginaconsultas\/Servicios_NClipSitio\/Get_Imagen_Nota.aspx?LPKey=CNVQJOEXSERYLX3ENYXBBFUCBENOBBKU6XIEXAKWK27NMKO76ARHPY5JRU7AYXII33NFOZKL3SZSE\"><span style=\"font-style: inherit; font-weight: inherit;\">Biob\u00edo: proyectos contra incendios forestales de Conaf superan los $4 mil millones para pr\u00f3xima temporada<\/span><span style=\"font-style: inherit; font-weight: inherit;\">.\u00a0<\/span><span style=\"font-style: inherit; font-weight: inherit;\">Se refiere Patricio Gonz\u00e1lez Colville, agroclimat\u00f3logo del Centro de Investigaci\u00f3n y Transferencia en Riego y Agroclimatolog\u00eda (CITRA).\u00a0<\/span><\/a><span style=\"font-style: inherit; font-weight: inherit;\"><br \/><\/span><\/p><p style=\"font-weight: 400;\"><span style=\"font-style: inherit; font-weight: inherit;\">\u00a0<\/span><span style=\"font-style: inherit; font-weight: inherit;\">\u00a0<\/span><\/p><p style=\"font-weight: 400;\"><strong><span style=\"font-style: inherit;\">EL MERCURIO DE CALAMA\u00a0<\/span><span style=\"font-style: inherit;\">\u00a0<\/span><\/strong><\/p><p style=\"font-weight: 400;\"><a href=\"https:\/\/www.litoralpress.cl\/paginaconsultas\/Servicios_NClipSitio\/Get_Imagen_Nota.aspx?LPKey=O5PFKLYK5PTJPHCTB2VW6CLLPBIOBYJNDJVVRWIFVHIOD6WPUYDEMPAKL4UWG3OOKSOVIYHQVL5XE\"><span style=\"font-style: inherit; font-weight: inherit;\">Expertos proyectan altas temperaturas en la regi\u00f3n para el pr\u00f3ximo Verano. Se refiere Patricio Gonz\u00e1lez Colville, agroclimat\u00f3logo del Centro de Investigaci\u00f3n y Transferencia en Riego y Agroclimatolog\u00eda (CITRA).\u00a0\u00a0\u00a0\u00a0\u00a0\u00a0\u00a0\u00a0\u00a0\u00a0\u00a0<\/span><\/a><span style=\"font-style: inherit; font-weight: inherit;\"><br \/><\/span><\/p><p style=\"font-weight: 400;\"><span style=\"font-style: inherit; font-weight: inherit;\">\u00a0<\/span><\/p><p style=\"font-weight: 400;\"><strong><span style=\"font-style: inherit; font-weight: inherit;\">EL MERCURIO\u00a0<\/span><\/strong><strong><span style=\"font-style: inherit; font-weight: inherit;\">\u00a0<\/span><\/strong><\/p><p style=\"font-weight: 400;\"><a href=\"https:\/\/www.litoralpress.cl\/paginaconsultas\/Servicios_NClipSitio\/Get_Imagen_Nota.aspx?LPKey=DZUXOC7AJDHB5KEHKS5SXU3GUQEWMI2ZW6WFCAGST5NKJTWLJU23NOXVP27LH5C6DRCVAALVEHTU6\"><span style=\"font-style: inherit;\">Voluntarios s\u00e9niors: nuevos prop\u00f3sitos para las personas mayores<\/span><span style=\"font-style: inherit;\">. Se refiere Iv\u00e1n Palomo director del\u00a0Centro Interuniversitario de Envejecimiento Saludable y acad\u00e9mico de la Facultad de Ciencias de la Salud.\u00a0<\/span><\/a><\/p><p style=\"font-weight: 400;\"><span style=\"font-style: inherit; font-weight: inherit;\">\u00a0<\/span><\/p><p style=\"font-weight: 400;\"><strong><span style=\"font-style: inherit; font-weight: inherit;\">MEDIABANCO\u00a0<\/span><\/strong><\/p><p style=\"font-weight: 400;\"><a href=\"https:\/\/www.mediabanco.com\/utalca-y-junaeb-capacitan-a-la-comunidad-escolar-sobre-habitos-de-alimentacion-saludable\/\"><span style=\"font-style: inherit;\">UTalca y Junaeb capacitan a la comunidad escolar sobre h\u00e1bitos de alimentaci\u00f3n saludable<\/span><span style=\"font-style: inherit;\">. Se refieren\u00a0<\/span><span style=\"font-style: inherit;\">Paula Contreras y Mauricio Orellana, acad\u00e9micos de la Escuela de Nutrici\u00f3n y Diet\u00e9tica.<\/span><span style=\"font-style: inherit;\">\u00a0<\/span><\/a><\/p><p style=\"font-weight: 400;\"><span style=\"font-style: inherit; font-weight: inherit;\">\u00a0<\/span><\/p><p style=\"font-weight: 400;\"><strong><span style=\"font-style: inherit;\">ADPRENSA\u00a0<\/span><\/strong><\/p><p style=\"font-weight: 400;\"><a href=\"https:\/\/www.adprensa.cl\/cronica\/utalca-y-junaeb-capacitan-a-la-comunidad-escolar-sobre-habitos-de-alimentacion-saludable\/\"><span style=\"font-style: inherit; font-weight: inherit;\">UTalca y Junaeb capacitan a la comunidad escolar sobre h\u00e1bitos de alimentaci\u00f3n saludable<\/span><span style=\"font-style: inherit; font-weight: inherit;\">. Se refieren\u00a0<\/span><span style=\"font-style: inherit; font-weight: inherit;\">Paula Contreras y Mauricio Orellana, acad\u00e9micos de la Escuela de Nutrici\u00f3n y Diet\u00e9tica.<\/span><span style=\"font-style: inherit; font-weight: inherit;\">\u00a0<\/span><\/a><\/p><p style=\"font-weight: 400;\"><span style=\"font-style: inherit; font-weight: inherit;\">\u00a0<\/span><\/p><p style=\"font-weight: 400;\"><strong><span style=\"font-style: inherit;\">G5NOTICIAS.CL\u00a0<\/span><\/strong><\/p><p style=\"font-weight: 400;\"><a href=\"https:\/\/g5noticias.cl\/2023\/08\/15\/utalca-y-junaeb-capacitan-a-la-comunidad-escolar-sobre-habitos-de-alimentacion-saludable\/\"><span style=\"font-style: inherit; font-weight: inherit;\">UTalca y Junaeb capacitan a la comunidad escolar sobre h\u00e1bitos de alimentaci\u00f3n saludable<\/span><span style=\"font-style: inherit; font-weight: inherit;\">. Se refieren\u00a0<\/span><span style=\"font-style: inherit; font-weight: inherit;\">Paula Contreras y Mauricio Orellana, acad\u00e9micos de la Escuela de Nutrici\u00f3n y Diet\u00e9tica.<\/span><span style=\"font-style: inherit; font-weight: inherit;\">\u00a0<\/span><\/a><\/p><p style=\"font-weight: 400;\"><span style=\"font-style: inherit; font-weight: inherit;\">\u00a0<\/span><span style=\"font-style: inherit; font-weight: inherit;\">\u00a0<\/span><\/p><p style=\"font-weight: 400;\"><strong><span style=\"font-style: inherit; font-weight: inherit;\">CHILEVISION NOTICIAS\u00a0<\/span><\/strong><strong><span style=\"font-style: inherit; font-weight: inherit;\">\u00a0<\/span><\/strong><\/p><p style=\"font-weight: 400;\"><a href=\"https:\/\/www.chvnoticias.cl\/tendencias\/que-es-anomia-fenomeno-afecta-sociedad-chilena_20230813\/\"><span style=\"font-style: inherit; font-weight: inherit;\">\u00bfQu\u00e9 es la anomia? Advierten que el fen\u00f3meno ha ido en aumento en Chile.\u00a0Se refiere Emilio Moyano, acad\u00e9mico de la Facultad de Psicolog\u00eda.<\/span><\/a><strong><span style=\"font-style: inherit; font-weight: inherit;\"><br \/><\/span><\/strong><strong><span style=\"font-style: inherit; font-weight: inherit;\">\u00a0<\/span><\/strong><\/p><p style=\"font-weight: 400;\"><strong><span style=\"font-style: inherit;\">MEDIABANCO\u00a0<\/span><span style=\"font-style: inherit;\">\u00a0<\/span><\/strong><\/p><p style=\"font-weight: 400;\"><a href=\"https:\/\/www.mediabanco.com\/que-es-la-anomia-el-concepto-que-gana-terreno-en-la-cultura-chilena\/\"><span style=\"font-style: inherit; font-weight: inherit;\">\u00bfQu\u00e9 es la anomia? El concepto que gana terreno en la cultura chilena. Se refiere Emilio Moyano, acad\u00e9mico de la Facultad de Psicolog\u00eda.\u00a0<\/span><\/a><span style=\"font-style: inherit; font-weight: inherit;\">\u00a0<br \/><\/span><\/p><p style=\"font-weight: 400;\"><strong><span style=\"font-style: inherit;\">LA PRENSA DE CURIC\u00d3\u00a0<\/span><span style=\"font-style: inherit;\">\u00a0<\/span><\/strong><\/p><p style=\"font-weight: 400;\"><a href=\"https:\/\/www.litoralpress.cl\/paginaconsultas\/Servicios_NClipSitio\/Get_Imagen_Nota.aspx?LPKey=N7ZX7SHQMKJJHBOV67DHBVUN3SIR443U2F5GV6W3YQRERBKFWNZBQ6ACNA3PAJMLM3F6OPL5GLSNK\"><span style=\"font-style: inherit; font-weight: inherit;\">\u00bfQu\u00e9 es la anomia? El concepto que gana terreno en la cultura chilena. Se refiere Emilio Moyano, acad\u00e9mico de la Facultad de Psicolog\u00eda.\u00a0<\/span><\/a><span style=\"font-style: inherit; font-weight: inherit;\">\u00a0<br \/><\/span><\/p><p style=\"font-weight: 400;\"><span style=\"font-style: inherit; font-weight: inherit;\">\u00a0<\/span><span style=\"font-style: inherit; font-weight: inherit;\">\u00a0<\/span><\/p><p style=\"font-weight: 400;\"><strong><span style=\"font-style: inherit;\">PUBLIMICRO\u00a0<\/span><span style=\"font-style: inherit;\">\u00a0<\/span><\/strong><\/p><p style=\"font-weight: 400;\"><span style=\"font-style: inherit; font-weight: inherit;\"><a href=\"https:\/\/publimicro.cl\/academico-emilio-moyano-de-la-utalca-en-chile-hay-un-alto-nivel-de-anomia\/\">\u201cEn Chile hay un alto nivel de anomia\u201d. Se refiere Emilio Moyano, acad\u00e9mico de la Facultad de Psicolog\u00eda.\u00a0<\/a><br \/><\/span><\/p><p style=\"font-weight: 400;\"><strong><span style=\"font-style: inherit; font-weight: inherit;\">\u00a0<\/span><\/strong><\/p><p style=\"font-weight: 400;\"><strong><span style=\"font-style: inherit; font-weight: inherit;\">LA PRENSA DE CURIC\u00d3\u00a0<\/span><\/strong><\/p><p style=\"font-weight: 400;\"><a href=\"https:\/\/www.litoralpress.cl\/paginaconsultas\/Servicios_NClipSitio\/Get_Imagen_Nota.aspx?LPKey=TRTYRBISBXDK4HEZHCBDA4ETB57CHCWVV5FOFAGW2EJUUBSJJ3SFLUX3WWGTROKHEZ5ZJUDQKEQIW\"><span style=\"font-style: inherit;\">Mediante Inteligencia Artificial se apoyar\u00e1 la producci\u00f3n de manzanos y cerezos. Se refiere \u00c1lvaro Sep\u00falveda, acad\u00e9mico del Centro de Pom\u00e1ceas.\u00a0<\/span><\/a><\/p><p style=\"font-weight: 400;\"><span style=\"font-style: inherit; font-weight: inherit;\">\u00a0\u00a0<\/span><\/p><p style=\"font-weight: 400;\"><strong><span style=\"font-style: inherit;\">EL LECTOR\u00a0<\/span><\/strong><\/p><p style=\"font-weight: 400;\"><a href=\"https:\/\/www.litoralpress.cl\/paginaconsultas\/Servicios_NClipSitio\/Get_Imagen_Nota.aspx?LPKey=GNWZV7I2XZ7ACIXCZAYUGT5RZXVI6ZMNII2WZDX6MALCLUURLMZE4HIWGPKES7DHWD2V5BN6D5OUW\"><span style=\"font-style: inherit; font-weight: inherit;\">Proyecto apoyara producci\u00f3n de manzanos y cerezos con inteligencia artificial. Se refiere \u00c1lvaro Sep\u00falveda, acad\u00e9mico del Centro de Pom\u00e1ceas.\u00a0<\/span><\/a><\/p><p style=\"font-weight: 400;\"><span style=\"font-style: inherit; font-weight: inherit;\">\u00a0<\/span><span style=\"font-style: inherit; font-weight: inherit;\">\u00a0<\/span><span style=\"font-style: inherit; font-weight: inherit;\">\u00a0<\/span><\/p><p style=\"font-weight: 400;\"><strong><span style=\"font-style: inherit;\">LA PRENSA DE CURIC\u00d3\u00a0<\/span><span style=\"font-style: inherit;\">\u00a0<\/span><\/strong><\/p><p style=\"font-weight: 400;\"><a href=\"https:\/\/www.litoralpress.cl\/paginaconsultas\/Servicios_NClipSitio\/Get_Imagen_Nota.aspx?LPKey=4C5NIHS4FN6W4RJE3XEBLVXSJKK3FB4H6LCSYUZTYQI7DPOKORLL33Z364HPKPSRQR6YOPFYLFQH6\" target=\"_blank\" rel=\"noopener\"><span style=\"font-style: inherit; font-weight: inherit;\">Vecinos de Calp\u00fan reciben atenci\u00f3n en <\/span><span style=\"font-style: inherit; font-weight: inherit;\">Salud<\/span><\/a><span style=\"font-style: inherit; font-weight: inherit;\">. Se refieren Claudia Montoya, directora de la Escuela de Fonoaudiolog\u00eda y M\u00f3nica Carrasco Gonz\u00e1lez, acad\u00e9mica de la Escuela de Medicina.<br \/><\/span><\/p><p style=\"font-weight: 400;\"><span style=\"font-style: inherit; font-weight: inherit;\">\u00a0<\/span><\/p><p style=\"font-weight: 400;\"><strong><span style=\"font-style: inherit;\">DIARIO EL HERALDO\u00a0<\/span><span style=\"font-style: inherit;\">\u00a0<\/span><\/strong><\/p><p style=\"font-weight: 400;\"><a href=\"https:\/\/www.litoralpress.cl\/paginaconsultas\/Servicios_NClipSitio\/Get_Imagen_Nota.aspx?LPKey=SAU5RRFSYU7ZZOOIYTCLYBI6M6F7ECJ56WNLH6YBDYX4HQRFVTFIM2R25QSOKY2RVYI2QLM4T5HAW\" target=\"_blank\" rel=\"noopener\"><span style=\"font-style: inherit; font-weight: inherit;\">Cambio clim\u00e1tico dispara peligro de <\/span><span style=\"font-style: inherit; font-weight: inherit;\">plagas<\/span><\/a><span style=\"font-style: inherit; font-weight: inherit;\">. Se menciona a Cristian Figueroa, investigador del Instituto de Ciencias Biol\u00f3gicas. \u00a0<br \/><\/span><\/p><p style=\"font-weight: 400;\"><span style=\"font-style: inherit; font-weight: inherit;\">\u00a0<\/span><span style=\"font-style: inherit; font-weight: inherit;\">\u00a0<\/span><\/p><p style=\"font-weight: 400;\"><strong><span style=\"font-style: inherit;\">LA DISCUSI\u00d3N\u00a0<\/span><span style=\"font-style: inherit;\">\u00a0<\/span><\/strong><\/p><p style=\"font-weight: 400;\"><a href=\"https:\/\/www.litoralpress.cl\/paginaconsultas\/Servicios_NClipSitio\/Get_Imagen_Nota.aspx?LPKey=HEFQAUOAKX7SI3VBDA3NS4CU7YEGCDLRBQIV6PVCX4H42POI3DDPF64KW65RX5T2HPHFP2NVNF2FY\"><span style=\"font-style: inherit; font-weight: inherit;\">Facultades de agronom\u00eda del Cruch se comprometen con la producci\u00f3n sostenible<\/span><span style=\"font-style: inherit; font-weight: inherit;\">. Se refiere \u00c1lvaro Rojas Mar\u00edn, exrector y acad\u00e9mico de la Facultad de Ciencias Agrarias.\u00a0\u00a0<\/span><\/a><\/p><p style=\"font-weight: 400;\"><span style=\"font-style: inherit; font-weight: inherit;\">\u00a0<\/span><span style=\"font-style: inherit; font-weight: inherit;\">\u00a0<\/span><\/p><p style=\"font-weight: 400;\"><strong><span style=\"font-style: inherit; font-weight: inherit;\">DIARIO TALCA\u00a0<\/span><\/strong><strong><span style=\"font-style: inherit; font-weight: inherit;\">\u00a0<\/span><\/strong><\/p><p style=\"font-weight: 400;\"><a href=\"https:\/\/diariotalca.cl\/proyecto-brinda-educacion-previsional-a-estudiantes-del-maule-coquimbo-y-los-rios\/\"><span style=\"font-style: inherit;\">Proyecto brinda educaci\u00f3n previsional a estudiantes del Maule, Coquimbo y Los R\u00edos<\/span><span style=\"font-style: inherit; font-weight: inherit;\">. Se refiere Andrea Betancor, acad\u00e9mica de la Facultad de Econom\u00eda y Negocios y directora del Proyecto. \u00a0<\/span><\/a><\/p><p>\u00a0<\/p><p style=\"font-weight: 400;\"><span style=\"font-style: inherit; font-weight: inherit;\">\u00a0<\/span><span style=\"font-style: inherit; font-weight: inherit;\">\u00a0<\/span><\/p><p style=\"font-weight: 400;\"><strong><span style=\"font-style: inherit;\">ELMAULEINFORMA.CL\u00a0<\/span><span style=\"font-style: inherit;\">\u00a0<\/span><\/strong><\/p><p style=\"font-weight: 400;\"><a href=\"https:\/\/elmauleinforma.cl\/un-60-por-ciento-de-personas-mayores-en-el-mundo-sufre-de-hipertension-arterial\/\"><span style=\"font-style: inherit; font-weight: inherit;\">Un 60 por ciento de personas mayores en el mundo sufre de Hipertensi\u00f3n Arterial. Se refiere\u00a0<\/span><span style=\"font-style: inherit; font-weight: inherit;\">Mar\u00eda Ester Mu\u00f1oz, enfermera, integrante del Centro Interuniversitario de Envejecimiento Saludable y acad\u00e9mica de la Escuela de Enfermer\u00eda.<\/span><span style=\"font-style: inherit; font-weight: inherit;\">\u00a0<\/span><\/a><span style=\"font-style: inherit; font-weight: inherit;\"><br \/><\/span><\/p><p style=\"font-weight: 400;\"><span style=\"font-style: inherit; font-weight: inherit;\">\u00a0<\/span><span style=\"font-style: inherit; font-weight: inherit;\">\u00a0<\/span><\/p><p style=\"font-weight: 400;\"><strong><span style=\"font-style: inherit;\">DIARIOELCENTRO.CL\u00a0<\/span><span style=\"font-style: inherit;\">\u00a0<\/span><\/strong><\/p><p style=\"font-weight: 400;\"><a href=\"https:\/\/www.diarioelcentro.cl\/2023\/08\/12\/cambio-climatico-estudiaran-como-la-variabilidad-del-viento-y-del-sol-afectan-las-instalaciones-eolicas-y-fotovoltaicas\/\"><span style=\"font-style: inherit; font-weight: inherit;\">Cambio clim\u00e1tico: estudiar\u00e1n c\u00f3mo la variabilidad del viento y del sol afectan las instalaciones e\u00f3licas y fotovoltaicas. Se menciona a la Universidad de Talca.\u00a0<\/span><\/a><span style=\"font-style: inherit; font-weight: inherit;\">\u00a0<br \/><\/span><\/p><p style=\"font-weight: 400;\"><strong><span style=\"font-style: inherit;\">DIARIO TALCA\u00a0<\/span><\/strong><\/p><p style=\"font-weight: 400;\"><a href=\"https:\/\/diariotalca.cl\/convocan-a-seminario-sobre-conectividad-y-regeneracion-de-cascos-historicos\/\"><span style=\"font-style: inherit; font-weight: inherit;\">Convocan a seminario sobre conectividad y regeneraci\u00f3n de cascos hist\u00f3ricos<\/span>. Se menciona a la Universidad de Talca.<span style=\"font-style: inherit; font-weight: inherit;\">\u00a0<\/span><\/a><\/p><p style=\"font-weight: 400;\"><span style=\"font-style: inherit; font-weight: inherit;\">\u00a0<\/span><\/p><p style=\"font-weight: 400;\"><span style=\"font-style: inherit; font-weight: inherit;\"><strong>CANAL MEGA\u00a0<\/strong><\/span><\/p><p style=\"font-weight: 400;\"><a href=\"https:\/\/www.litoralpress.cl\/sitio\/RadioTV_Detalles.cshtml?LPKey=SGJLJTJ3Q3RC3GB56B5QFNP7ED7YJGLZQ6LU2FYQ4X3VCYWG2UMBCYTHPN65MP4NRGNKDVQS5RINU\"><span style=\"font-style: inherit; font-weight: inherit;\">El Gobierno espera retomar el dialogo con la oposici\u00f3n tras la renuncia de Giorgio Jackson.\u00a0<\/span><span style=\"font-style: inherit; font-weight: inherit;\">Se refiere Mauricio Morales, director del Centro de An\u00e1lisis Pol\u00edtico (CAP).\u00a0<\/span><span style=\"font-style: inherit; font-weight: inherit;\">\u00a0\u00a0\u00a0\u00a0\u00a0<\/span><span style=\"font-style: inherit; font-weight: inherit;\">\u00a0<\/span><\/a><\/p><p style=\"font-weight: 400;\"><strong><span style=\"font-style: inherit;\">EMOL\u00a0<\/span><\/strong><\/p><p style=\"font-weight: 400;\"><a href=\"https:\/\/www.emol.com\/noticias\/Nacional\/2023\/08\/15\/1104159\/milei-argentina-elecciones-chile-paralelos.html\"><span style=\"font-style: inherit; font-weight: inherit;\">Econom\u00eda, base pol\u00edtica y discurso: El triunfo de Milei y las proyecciones (y alertas) para J. A. Kast<\/span>.\u00a0<span style=\"font-style: inherit; font-weight: inherit;\">Se refiere Mauricio Morales, director del Centro de An\u00e1lisis Pol\u00edtico (CAP).\u00a0\u00a0\u00a0\u00a0\u00a0<\/span><\/a><span style=\"font-style: inherit; font-weight: inherit;\"><br \/><\/span><\/p><p style=\"font-weight: 400;\"><span style=\"font-style: inherit; font-weight: inherit;\">\u00a0<\/span><\/p><p style=\"font-weight: 400;\"><strong><span style=\"font-style: inherit;\">CANAL MEGA\u00a0<\/span><span style=\"font-style: inherit;\">\u00a0<\/span><\/strong><\/p><p style=\"font-weight: 400;\"><a href=\"https:\/\/www.litoralpress.cl\/sitio\/RadioTV_Detalles.cshtml?LPKey=SBQMFNWBYVUC4T5T4JJSGI5GA6YNS6ZYUVBMMLNULMGDQRVPOCG5IERZVFIUFYCZP5LF6FQQPNDBW\"><span style=\"font-style: inherit; font-weight: inherit;\">An\u00e1lisis sobre renuncia de Giorgio Jackson al ministerio de Desarrollo Social<\/span><\/a><span style=\"font-style: inherit; font-weight: inherit;\">. Se refiere Mauricio Morales, director del Centro de An\u00e1lisis Pol\u00edtico (CAP).\u00a0\u00a0\u00a0\u00a0\u00a0<\/span><span style=\"font-style: inherit; font-weight: inherit;\"><br \/><\/span><\/p><p style=\"font-weight: 400;\"><strong><span style=\"font-style: inherit;\">MEGANOTICIAS.CL\u00a0<\/span><span style=\"font-style: inherit;\">\u00a0<\/span><\/strong><\/p><p style=\"font-weight: 400;\"><a href=\"https:\/\/www.meganoticias.cl\/nacional\/422515-columna-mauricio-morales-encuesta-cadem-republicanos-derecha-chile-vamos-udi-rn-kast-monito-mayor-13-08-2023.html\"><span style=\"font-style: inherit; font-weight: inherit;\">Republicanos: el monito mayor.\u00a0<\/span><span style=\"font-style: inherit; font-weight: inherit;\">Se refiere Mauricio Morales, director del Centro de An\u00e1lisis Pol\u00edtico (CAP).<\/span><\/a><span style=\"font-style: inherit; font-weight: inherit;\">\u00a0<br \/><\/span><\/p><p style=\"font-weight: 400;\"><span style=\"font-style: inherit; font-weight: inherit;\">\u00a0<\/span><span style=\"font-style: inherit; font-weight: inherit;\">\u00a0<\/span><\/p><p style=\"font-weight: 400;\"><strong><span style=\"font-style: inherit;\">LAS \u00daLTIMAS NOTICIAS\u00a0<\/span><span style=\"font-style: inherit;\">\u00a0<\/span><\/strong><\/p><p style=\"font-weight: 400;\"><a href=\"https:\/\/www.litoralpress.cl\/paginaconsultas\/Servicios_NClipSitio\/Get_Imagen_Nota.aspx?LPKey=BUFCW6TR2DJBVFBCQQGMV24YLOSFLTA4H4JBK3QZJZBHL64N3OLDXFOLLYME6TWCYURLW4USK4Q2C\"><span style=\"font-style: inherit; font-weight: inherit;\">\u00bfEn qu\u00e9 pie queda el Presidente tras la renuncia de Giorgio Jackson?<\/span><span style=\"font-style: inherit; font-weight: inherit;\">\u00a0<\/span><span style=\"font-style: inherit; font-weight: inherit;\">Se refiere Mauricio Morales, director del Centro de An\u00e1lisis Pol\u00edtico (CAP).<\/span><\/a><span style=\"font-style: inherit; font-weight: inherit;\">\u00a0<\/span><\/p><p style=\"font-weight: 400;\"><span style=\"font-style: inherit; font-weight: inherit;\">\u00a0<\/span><span style=\"font-style: inherit; font-weight: inherit;\">\u00a0<\/span><\/p><p style=\"font-weight: 400;\"><strong><span style=\"font-style: inherit;\">TV SENADO\u00a0<\/span><span style=\"font-style: inherit;\">\u00a0<\/span><\/strong><\/p><p style=\"font-weight: 400;\"><a href=\"https:\/\/www.litoralpress.cl\/sitio\/RadioTV_Detalles.cshtml?LPKey=J2JMLFBXBGK3JEWXECI2CZ5RKIIZ76SQ6363GLNYV6IJTWKE4ZFJJOUVA5I7PU4CUOYB5SFUAV45U\"><span style=\"font-style: inherit; font-weight: inherit;\">Programa A Qu\u00e9 Vin<\/span><span style=\"font-style: inherit; font-weight: inherit;\">o. Conduce Patricio G\u00f3mez, director del Campus Colchagua y se refiere Nelson Quilodr\u00e1n, en\u00f3logo y acad\u00e9mico del Campus Colchagua.\u00a0<\/span><\/a><span style=\"font-style: inherit; font-weight: inherit;\"><br \/><\/span><\/p>\t\t\t\t\t\t<\/div>\n\t\t\t\t<\/div>\n\t\t\t\t\t<\/div>\n\t\t<\/div>\n\t\t\t\t\t\t\t<\/div>\n\t\t<\/section>\n\t\t\t\t\t\t<\/div>\n\t\t\t\t\t<\/div>\n\t\t","protected":false},"excerpt":{"rendered":"<p>PUBLIMICRO\u00a0\u00a0 UTalca renueva comodato de importante colecci\u00f3n de arte contempor\u00e1neo, que queda para la admiraci\u00f3n de los maulinos. Se refiere Carlos Torres Fuchslocher, rector.\u00a0 CANAL TVN RED MAULE\u00a0\u00a0 UTalca renov\u00f3 el comodato de una colecci\u00f3n de arte contempor\u00e1neo. Se menciona a la Universidad de Talca. CNN CHILE\u00a0\u00a0 Las pruebas de extracci\u00f3n directa de litio. Se &hellip;<\/p>\n<p class=\"read-more\"> <a class=\"\" href=\"https:\/\/www.reportedeprensa.utalca.cl\/?p=8066\"> <span class=\"screen-reader-text\">16 de agosto de 2023<\/span> Read More &raquo;<\/a><\/p>\n","protected":false},"author":1,"featured_media":0,"comment_status":"closed","ping_status":"open","sticky":false,"template":"","format":"standard","meta":{"_monsterinsights_skip_tracking":false,"_monsterinsights_sitenote_active":false,"_monsterinsights_sitenote_note":"","_monsterinsights_sitenote_category":0},"categories":[39],"tags":[],"_links":{"self":[{"href":"https:\/\/www.reportedeprensa.utalca.cl\/index.php?rest_route=\/wp\/v2\/posts\/8066"}],"collection":[{"href":"https:\/\/www.reportedeprensa.utalca.cl\/index.php?rest_route=\/wp\/v2\/posts"}],"about":[{"href":"https:\/\/www.reportedeprensa.utalca.cl\/index.php?rest_route=\/wp\/v2\/types\/post"}],"author":[{"embeddable":true,"href":"https:\/\/www.reportedeprensa.utalca.cl\/index.php?rest_route=\/wp\/v2\/users\/1"}],"replies":[{"embeddable":true,"href":"https:\/\/www.reportedeprensa.utalca.cl\/index.php?rest_route=%2Fwp%2Fv2%2Fcomments&post=8066"}],"version-history":[{"count":10,"href":"https:\/\/www.reportedeprensa.utalca.cl\/index.php?rest_route=\/wp\/v2\/posts\/8066\/revisions"}],"predecessor-version":[{"id":8090,"href":"https:\/\/www.reportedeprensa.utalca.cl\/index.php?rest_route=\/wp\/v2\/posts\/8066\/revisions\/8090"}],"wp:attachment":[{"href":"https:\/\/www.reportedeprensa.utalca.cl\/index.php?rest_route=%2Fwp%2Fv2%2Fmedia&parent=8066"}],"wp:term":[{"taxonomy":"category","embeddable":true,"href":"https:\/\/www.reportedeprensa.utalca.cl\/index.php?rest_route=%2Fwp%2Fv2%2Fcategories&post=8066"},{"taxonomy":"post_tag","embeddable":true,"href":"https:\/\/www.reportedeprensa.utalca.cl\/index.php?rest_route=%2Fwp%2Fv2%2Ftags&post=8066"}],"curies":[{"name":"wp","href":"https:\/\/api.w.org\/{rel}","templated":true}]}}