{"id":8077,"date":"2023-08-17T23:29:08","date_gmt":"2023-08-18T02:29:08","guid":{"rendered":"https:\/\/www.reportedeprensa.utalca.cl\/?p=8077"},"modified":"2023-08-17T23:39:52","modified_gmt":"2023-08-18T02:39:52","slug":"17-de-agosto-de-2023","status":"publish","type":"post","link":"https:\/\/www.reportedeprensa.utalca.cl\/?p=8077","title":{"rendered":"17 de agosto de 2023"},"content":{"rendered":"\t\t<div data-elementor-type=\"wp-post\" data-elementor-id=\"8077\" class=\"elementor elementor-8077\" data-elementor-settings=\"[]\">\n\t\t\t\t\t\t\t<div class=\"elementor-section-wrap\">\n\t\t\t\t\t\t\t<section class=\"elementor-section elementor-top-section elementor-element elementor-element-10154d05 elementor-section-boxed elementor-section-height-default elementor-section-height-default\" data-id=\"10154d05\" data-element_type=\"section\">\n\t\t\t\t\t\t<div class=\"elementor-container elementor-column-gap-default\">\n\t\t\t\t\t<div class=\"elementor-column elementor-col-100 elementor-top-column elementor-element elementor-element-5db19c21\" data-id=\"5db19c21\" data-element_type=\"column\">\n\t\t\t<div class=\"elementor-widget-wrap elementor-element-populated\">\n\t\t\t\t\t\t\t\t<div class=\"elementor-element elementor-element-587e31be elementor-widget elementor-widget-text-editor\" data-id=\"587e31be\" data-element_type=\"widget\" data-widget_type=\"text-editor.default\">\n\t\t\t\t<div class=\"elementor-widget-container\">\n\t\t\t\t\t\t\t\t<p><strong>EL MERCURIO\u00a0<\/strong><\/p><p><a href=\"https:\/\/www.litoralpress.cl\/paginaconsultas\/Servicios_NClipSitio\/Get_Imagen_Nota.aspx?LPKey=6UIAQCSVSOAX4WPOFV5BGR6QCUPZVJ5DB7HWGK6SPZRYWHMYIA7UIG47D3SKP3HWXOFDBN6BHSIQG\"><span style=\"font-style: inherit; font-weight: inherit;\">Estudiantes crean videojuegos para hacer m\u00e1s did\u00e1ctica la ense\u00f1anza de la medicina. Se refiere Sergio Gui\u00f1ez,\u00a0<\/span>acad\u00e9mico de la Escuela de Medicina.<\/a><\/p><p>\u00a0<\/p><p><strong>RADIO ADN<\/strong><\/p><p><a href=\"https:\/\/www.litoralpress.cl\/sitio\/RadioTV_Detalles.cshtml?LPKey=VR4Z7LMI3ABSMQLA4OGR5CDTIZAK3CS4FS7R2E6F773KMLP7FLWU7CKI3SBPZ6YKKWIGWEOXUPX3U\">Ministerio de Transportes anunci\u00f3 alza de 10 pesos en tarifa del transporte p\u00fablico. Se refiere Rodrigo Saens, acad\u00e9mico de la Facultad de Econom\u00eda y Negocios.<\/a><\/p><p>\u00a0<\/p><p><strong>CANAL TVN<\/strong><\/p><p><a href=\"https:\/\/www.litoralpress.cl\/sitio\/RadioTV_Detalles.cshtml?LPKey=TVFFCKWCB7QGLMPEDWFVJ7VZAI2R2WWU3FXSRYC6FZB42L3K4BJYPRF4XOAP7L23TT77H3VLYHA72\">Se pronostican intensas precipitaciones desde O\u00b4Higgins hasta el Biob\u00edo. Se refiere\u00a0Patricio Gonz\u00e1lez Colville, agroclimat\u00f3logo del Centro de Investigaci\u00f3n y Transferencia en Riego y Agroclimatolog\u00eda (CITRA).\u00a0\u00a0\u00a0\u00a0\u00a0\u00a0\u00a0\u00a0\u00a0\u00a0\u00a0\u00a0\u00a0\u00a0\u00a0\u00a0\u00a0\u00a0<\/a>\u00a0\u00a0\u00a0\u00a0\u00a0\u00a0\u00a0\u00a0\u00a0\u00a0\u00a0\u00a0\u00a0\u00a0\u00a0\u00a0\u00a0\u00a0\u00a0\u00a0\u00a0\u00a0\u00a0\u00a0\u00a0\u00a0\u00a0\u00a0<\/p><p>\u00a0<\/p><p><strong><span style=\"font-style: inherit;\">CANAL 13 \u00a0<\/span><\/strong><\/p><p><span style=\"font-style: inherit; font-weight: inherit;\"><a href=\"https:\/\/www.litoralpress.cl\/sitio\/RadioTV_Detalles.cshtml?LPKey=Y6P3XHG22UHRIFS5A5UEQDIULAOO52XOMMSQ4644WTWSWHS7RIEJYF7YBTXCA6655KW6TJLIQXMZW\">Seg\u00fan estudio de la U. de Talca en la zona central se podr\u00eda superar los 40 grados en verano. Se refiere\u00a0Patricio Gonz\u00e1lez Colville, agroclimat\u00f3logo del Centro de Investigaci\u00f3n y Transferencia en Riego y Agroclimatolog\u00eda (CITRA).\u00a0\u00a0\u00a0\u00a0\u00a0\u00a0\u00a0\u00a0\u00a0\u00a0\u00a0\u00a0\u00a0\u00a0<\/a>\u00a0\u00a0\u00a0\u00a0\u00a0\u00a0\u00a0\u00a0\u00a0\u00a0\u00a0\u00a0\u00a0\u00a0\u00a0\u00a0\u00a0\u00a0\u00a0\u00a0\u00a0\u00a0\u00a0\u00a0\u00a0\u00a0\u00a0\u00a0\u00a0\u00a0\u00a0\u00a0<\/span><\/p><p>\u00a0<\/p><p><strong><span style=\"font-style: inherit;\">CANAL TVN\u00a0<\/span><\/strong><\/p><p><a href=\"https:\/\/www.litoralpress.cl\/sitio\/RadioTV_Detalles.cshtml?LPKey=TVFFCKWCB7QGLMPEDWFVJ7VZAI2R2WWU3FXSRYC6FZB42L3K4BJYPRF4XOAP7L23TT77H3VLYHA72\"><span style=\"font-style: inherit; font-weight: inherit;\">Se pronostican intensas precipitaciones desde O\u00b4Higgins hasta el Biob\u00edo. \u00a0<\/span><span style=\"font-style: inherit; font-weight: inherit;\">Se refiere Patricio Gonz\u00e1lez Colville, agroclimat\u00f3logo del Centro de Investigaci\u00f3n y Transferencia en Riego y Agroclimatolog\u00eda (CITRA).\u00a0<\/span><\/a><\/p><p>\u00a0<\/p><p><strong><span style=\"font-style: inherit;\">EL HERALDO\u00a0<\/span><\/strong><\/p><p><a href=\"https:\/\/www.litoralpress.cl\/paginaconsultas\/Servicios_NClipSitio\/Get_Imagen_Nota.aspx?LPKey=PA3PINB2PJJRZVWKPT4KYCSCKF4GXFAY5S4HFD3ECKTZJF7EDM5KCXXBLQMO5L4L7JZH62732DM6W\"><span style=\"font-style: inherit; font-weight: inherit;\">Ante la tendencia del aire acondicionado: Precios y alternativas frente a un verano r\u00e9cord.\u00a0<\/span><span style=\"font-style: inherit; font-weight: inherit;\">Patricio Gonz\u00e1lez Colville, agroclimat\u00f3logo del Centro de Investigaci\u00f3n y Transferencia en Riego y Agroclimatolog\u00eda (CITRA)<\/span><\/a><span style=\"font-style: inherit; font-weight: inherit;\">.\u00a0\u00a0\u00a0\u00a0\u00a0\u00a0\u00a0\u00a0\u00a0\u00a0\u00a0\u00a0\u00a0\u00a0\u00a0\u00a0\u00a0\u00a0\u00a0\u00a0\u00a0\u00a0\u00a0\u00a0\u00a0\u00a0\u00a0\u00a0\u00a0\u00a0\u00a0\u00a0\u00a0\u00a0\u00a0\u00a0\u00a0\u00a0\u00a0\u00a0\u00a0\u00a0\u00a0<\/span><span style=\"font-style: inherit; font-weight: inherit;\">\u00a0\u00a0<\/span>\u00a0<\/p><p>\u00a0<\/p><p><strong><span style=\"font-style: inherit;\">CANAL CONTIVISION\u00a0<\/span><\/strong><\/p><p><a href=\"https:\/\/www.litoralpress.cl\/sitio\/RadioTV_Detalles.cshtml?LPKey=NQ4W75GEWYHBLEOJJQ4FXJDURGOZLAXIKZRSVTNHYLTWPHVVIYT7T7ICZXVNFXWY7SHAD77KP4FKS\"><span style=\"font-style: inherit; font-weight: inherit;\">Preocupaci\u00f3n entre los agricultores en el campo maulino son los anuncios de un verano extremadamente caluroso.\u00a0<\/span><span style=\"font-style: inherit; font-weight: inherit;\">Patricio Gonz\u00e1lez Colville, agroclimat\u00f3logo del Centro de Investigaci\u00f3n y Transferencia en Riego y Agroclimatolog\u00eda (CITRA)<\/span><span style=\"font-style: inherit; font-weight: inherit;\">.<\/span>\u00a0<\/a><\/p><p>\u00a0<\/p><p><strong><span style=\"font-style: inherit;\">EL LECTOR\u00a0<\/span><\/strong><\/p><p><a href=\"https:\/\/www.litoralpress.cl\/paginaconsultas\/Servicios_NClipSitio\/Get_Imagen_Nota.aspx?LPKey=WTSXS7BXTFNCHOW46FOQYRHP4B5HANKSG5ETOW4RW7A34BJNLBA222T3N52RJ7IQD3DJ2DTVE4KYW\"><span style=\"font-style: inherit; font-weight: inherit;\">Un 60 por ciento de personas mayores en el mundo sufre de Hipertensi\u00f3n Arterial. Se refiere Mar\u00eda Ester Mu\u00f1oz, acad\u00e9mica de la Escuela de Enfermer\u00eda.<\/span>\u00a0<\/a><\/p><p>\u00a0<\/p><p><strong><span style=\"font-style: inherit;\">EL LECTOR\u00a0<\/span><\/strong><\/p><p><a href=\"https:\/\/www.litoralpress.cl\/paginaconsultas\/Servicios_NClipSitio\/Get_Imagen_Nota.aspx?LPKey=LR26ZB7TMJQHXQOH5HJZJQF4ENKQ6QOBZRKBXFUBGVSFCIM2TJ6GWHSROON3EKLYFSV2UZTJL7DN6\"><span style=\"font-style: inherit; font-weight: inherit;\">UTalca y Junaeb capacitan a la comunidad escolar sobre h\u00e1bitos de alimentaci\u00f3n saludable<\/span><span style=\"font-style: inherit; font-weight: inherit;\">. Se refieren\u00a0Paula Contreras y Mauricio Orellana, acad\u00e9micos de la Escuela de Nutrici\u00f3n y Diet\u00e9tica.<\/span><\/a><span style=\"font-style: inherit; font-weight: inherit;\">\u00a0<br \/><\/span><\/p><p>\u00a0<\/p><p><strong><span style=\"font-style: inherit;\">PUBLIMICRO\u00a0<\/span><\/strong><\/p><p><a href=\"https:\/\/publimicro.cl\/utalca-y-junaeb-capacitan-a-la-comunidad-escolar-sobre-habitos-de-alimentacion-saludable\/\"><span style=\"font-style: inherit; font-weight: inherit;\">UTalca y Junaeb capacitan a la comunidad escolar sobre h\u00e1bitos de alimentaci\u00f3n saludable<\/span><span style=\"font-style: inherit; font-weight: inherit;\">. Se refieren\u00a0Paula Contreras y Mauricio Orellana, acad\u00e9micos de la Escuela de Nutrici\u00f3n y Diet\u00e9tica.<\/span><\/a><span style=\"font-style: inherit; font-weight: inherit;\">\u00a0<br \/><\/span><\/p><p>\u00a0<\/p><p><strong>ELMAULENFORMA.CL<\/strong><\/p><p><a href=\"https:\/\/elmauleinforma.cl\/proyecto-apoyara-produccion-de-manzanos-y-cerezos-con-inteligencia-artificial\/\">Proyecto apoyar\u00e1 producci\u00f3n de manzanos y cerezos con inteligencia artificial. Se refiere el investigador del Centro de Pom\u00e1ceas, \u00c1lvaro Sep\u00falveda.<\/a><\/p><p>\u00a0<\/p><p><strong><span style=\"font-style: inherit;\">G5NOTICIAS.CL\u00a0<\/span><\/strong><\/p><p><a href=\"https:\/\/g5noticias.cl\/2023\/08\/16\/proyecto-brinda-educacion-previsional-a-estudiantes-del-maule-coquimbo-y-los-rios\/\"><span style=\"font-style: inherit; font-weight: inherit;\">Proyecto brinda educaci\u00f3n previsional a estudiantes del Maule, Coquimbo y Los R\u00edos<\/span><span style=\"font-style: inherit; font-weight: inherit;\">. Se refiere Andrea Bentancor, acad\u00e9mica de la Facultad de Econom\u00eda y Negocios y directora del Proyecto. \u00a0<\/span><\/a><\/p><p>\u00a0<\/p><p><strong><span style=\"font-style: inherit;\">G5NOTICIAS.CL\u00a0<\/span><\/strong><\/p><p><span style=\"font-style: inherit; font-weight: inherit;\"><a href=\"https:\/\/g5noticias.cl\/2023\/08\/15\/emprendedores-exponen-sus-proyectos-y-potencian-sus-habilidades-a-traves-del-programa-si-emprende-maule\/\">Emprendedores exponen sus proyectos y potencian sus habilidades a trav\u00e9s del programa \u201cSi Emprende Maule\u201d. Se refiere Paula Gajardo, gerente de ThinkAgro.<\/a>\u00a0<\/span><\/p><p>\u00a0<\/p><p><strong>EXPLORA.CL<\/strong><\/p><p><a href=\"https:\/\/www.explora.cl\/maule\/conoce-los-equipos-de-educacion-parvularia-seleccionados-en-el-programa-pipe-de-explora-maule\/\">Conoce los Equipos de Educaci\u00f3n Parvularia Seleccionados en el Programa PIPE de Explora Maule. Se menciona al Programa Explora Maule.\u00a0<\/a><\/p><p><span style=\"font-style: inherit; font-weight: inherit;\">\u00a0<\/span><\/p><p><strong><span style=\"font-style: inherit;\">CANAL MEGA\u00a0<\/span><\/strong><\/p><p><a href=\"https:\/\/www.litoralpress.cl\/sitio\/RadioTV_Detalles.cshtml?LPKey=5PGX2GZELOELEE5WYQVZAMDUU3GZ6LIQIF5DSSBMFP2WWTXJTSMZ2EHPW53VEUITHDGOHJGIBTKCW\"><span style=\"font-style: inherit; font-weight: inherit;\">Se espera cambio de gabinete en La Moneda tras salida de Giorgio Jackson<\/span>.\u00a0<span style=\"font-style: inherit; font-weight: inherit;\">Se refiere\u00a0<\/span>Mauricio Morales, director del Centro de An\u00e1lisis Pol\u00edtico (CAP).\u00a0\u00a0<\/a><\/p><p>\u00a0<\/p><p><strong><span style=\"font-style: inherit;\">CANAL MEGA\u00a0<\/span><\/strong><\/p><p><a href=\"https:\/\/www.litoralpress.cl\/sitio\/RadioTV_Detalles.cshtml?LPKey=LQMEWT25MBDDPVGH3MZRC7HVDBK2DUAN5ZZLMHWUIZG2NKVOEE4YHIFIKFQBDWI6D2HF4XEO2ZAEG\"><span style=\"font-style: inherit; font-weight: inherit;\">Reacciones al cambio de gabinete. Se refiere\u00a0Mauricio Morales, director del Centro de An\u00e1lisis Pol\u00edtico (CAP).\u00a0\u00a0<\/span><\/a><\/p><p>\u00a0<\/p><p><strong><span style=\"font-style: inherit;\">CANAL MEGA\u00a0<\/span><\/strong><\/p><p><a href=\"https:\/\/www.litoralpress.cl\/sitio\/RadioTV_Detalles.cshtml?LPKey=TWYOXSG6RWSZZGSPEAW7XFC57H6KJM5623CIJSZ5B4EBLLSEF6IWSPU6DMNEJEJTS2JJBWYT34HY6\"><span style=\"font-style: inherit; font-weight: inherit;\">Cambio de gabinete. Se refiere\u00a0Mauricio Morales, director del Centro de An\u00e1lisis Pol\u00edtico (CAP).\u00a0\u00a0<\/span><\/a><\/p><p>\u00a0<\/p><p><strong><span style=\"font-style: inherit;\">CANAL MEGA\u00a0<\/span><\/strong><\/p><p><span style=\"font-style: inherit; font-weight: inherit;\"><a href=\"https:\/\/www.litoralpress.cl\/sitio\/RadioTV_Detalles.cshtml?LPKey=CNXWSE5T4KGYAXRBIOXZIJNRYVOQYJ6ESKDZYFAWQWKRJQW6CNMBXX224NTLGEWPELV4H7WPVMKB6\">Cambio de gabinete: An\u00e1lisis de los cambios en cinco ministerios. Se refiere\u00a0Mauricio Morales, director del Centro de An\u00e1lisis Pol\u00edtico (CAP).\u00a0<\/a>\u00a0<\/span><\/p><p>\u00a0<\/p><p><strong><span style=\"font-style: inherit;\">CANAL MEGA\u00a0<\/span><\/strong><\/p><p><span style=\"font-style: inherit; font-weight: inherit;\"><a href=\"https:\/\/www.litoralpress.cl\/sitio\/RadioTV_Detalles.cshtml?LPKey=WWMMRQRQZRMH3R74YYVGHOIASQC3SBEZSDPWT45OX4XXQ735TIGXLS7BBWFKRM65WJUXJMVHUTG62\">Cambio de gabinete:\u00a0\u00a0Ajustes en cinco subsecretar\u00edas. Se refiere\u00a0Mauricio Morales, director del Centro de An\u00e1lisis Pol\u00edtico (CAP).<\/a>\u00a0<\/span><\/p><p>\u00a0<\/p><p><strong><span style=\"font-style: inherit;\">RADIO INFINITA\u00a0<\/span><\/strong><\/p><p><a href=\"https:\/\/www.litoralpress.cl\/sitio\/RadioTV_Detalles.cshtml?LPKey=FW5IM4BXU6677HSQJ7WEFNL2QOF4QXLPV42LSZEMEJDNUZSEDMN4OU7AQ524FMSCUDAHG2WN5HHXC\"><span style=\"font-style: inherit; font-weight: inherit;\">Comentario de pol\u00edtica de\u00a0Mauricio Morales, director del Centro de An\u00e1lisis Pol\u00edtico (CAP).\u00a0<\/span><\/a><\/p><p><a href=\"https:\/\/www.litoralpress.cl\/sitio\/RadioTV_Detalles.cshtml?LPKey=FW5IM4BXU6677HSQJ7WEFNL2QOF4QXLPV42LSZEMEJDNUZSEDMN4OU7AQ524FMSCUDAHG2WN5HHXC\"><span style=\"font-style: inherit; font-weight: inherit;\">\u00a0<\/span><\/a><\/p><p><strong>FUTURO.CL<\/strong><\/p><p><a href=\"https:\/\/www.futuro.cl\/2023\/08\/mario-herrera-si-tuviera-que-definir-a-este-cambio-de-gabinete-yo-diria-que-es-una-rendicion-de-cuentas-al-frente-amplio\/\">\u201cSi tuviera que definir a este cambio de gabinete, yo dir\u00eda que es una rendici\u00f3n de cuentas al Frente Amplio\u201d. Se refiere Mario Herrera, acad\u00e9mico e investigador del Centro de An\u00e1lisis Pol\u00edtico.<\/a><\/p>\t\t\t\t\t\t<\/div>\n\t\t\t\t<\/div>\n\t\t\t\t\t<\/div>\n\t\t<\/div>\n\t\t\t\t\t\t\t<\/div>\n\t\t<\/section>\n\t\t\t\t\t\t<\/div>\n\t\t\t\t\t<\/div>\n\t\t","protected":false},"excerpt":{"rendered":"<p>EL MERCURIO\u00a0 Estudiantes crean videojuegos para hacer m\u00e1s did\u00e1ctica la ense\u00f1anza de la medicina. Se refiere Sergio Gui\u00f1ez,\u00a0acad\u00e9mico de la Escuela de Medicina. \u00a0 RADIO ADN Ministerio de Transportes anunci\u00f3 alza de 10 pesos en tarifa del transporte p\u00fablico. Se refiere Rodrigo Saens, acad\u00e9mico de la Facultad de Econom\u00eda y Negocios. \u00a0 CANAL TVN Se &hellip;<\/p>\n<p class=\"read-more\"> <a class=\"\" href=\"https:\/\/www.reportedeprensa.utalca.cl\/?p=8077\"> <span class=\"screen-reader-text\">17 de agosto de 2023<\/span> Read More &raquo;<\/a><\/p>\n","protected":false},"author":1,"featured_media":0,"comment_status":"closed","ping_status":"open","sticky":false,"template":"","format":"standard","meta":{"_monsterinsights_skip_tracking":false,"_monsterinsights_sitenote_active":false,"_monsterinsights_sitenote_note":"","_monsterinsights_sitenote_category":0},"categories":[39],"tags":[],"_links":{"self":[{"href":"https:\/\/www.reportedeprensa.utalca.cl\/index.php?rest_route=\/wp\/v2\/posts\/8077"}],"collection":[{"href":"https:\/\/www.reportedeprensa.utalca.cl\/index.php?rest_route=\/wp\/v2\/posts"}],"about":[{"href":"https:\/\/www.reportedeprensa.utalca.cl\/index.php?rest_route=\/wp\/v2\/types\/post"}],"author":[{"embeddable":true,"href":"https:\/\/www.reportedeprensa.utalca.cl\/index.php?rest_route=\/wp\/v2\/users\/1"}],"replies":[{"embeddable":true,"href":"https:\/\/www.reportedeprensa.utalca.cl\/index.php?rest_route=%2Fwp%2Fv2%2Fcomments&post=8077"}],"version-history":[{"count":4,"href":"https:\/\/www.reportedeprensa.utalca.cl\/index.php?rest_route=\/wp\/v2\/posts\/8077\/revisions"}],"predecessor-version":[{"id":8081,"href":"https:\/\/www.reportedeprensa.utalca.cl\/index.php?rest_route=\/wp\/v2\/posts\/8077\/revisions\/8081"}],"wp:attachment":[{"href":"https:\/\/www.reportedeprensa.utalca.cl\/index.php?rest_route=%2Fwp%2Fv2%2Fmedia&parent=8077"}],"wp:term":[{"taxonomy":"category","embeddable":true,"href":"https:\/\/www.reportedeprensa.utalca.cl\/index.php?rest_route=%2Fwp%2Fv2%2Fcategories&post=8077"},{"taxonomy":"post_tag","embeddable":true,"href":"https:\/\/www.reportedeprensa.utalca.cl\/index.php?rest_route=%2Fwp%2Fv2%2Ftags&post=8077"}],"curies":[{"name":"wp","href":"https:\/\/api.w.org\/{rel}","templated":true}]}}