{"id":8091,"date":"2023-08-18T12:33:56","date_gmt":"2023-08-18T15:33:56","guid":{"rendered":"https:\/\/www.reportedeprensa.utalca.cl\/?p=8091"},"modified":"2023-08-18T12:46:42","modified_gmt":"2023-08-18T15:46:42","slug":"18-de-agosto-de-2023","status":"publish","type":"post","link":"https:\/\/www.reportedeprensa.utalca.cl\/?p=8091","title":{"rendered":"18 de agosto de 2023"},"content":{"rendered":"\t\t<div data-elementor-type=\"wp-post\" data-elementor-id=\"8091\" class=\"elementor elementor-8091\" data-elementor-settings=\"[]\">\n\t\t\t\t\t\t\t<div class=\"elementor-section-wrap\">\n\t\t\t\t\t\t\t<section class=\"elementor-section elementor-top-section elementor-element elementor-element-10154d05 elementor-section-boxed elementor-section-height-default elementor-section-height-default\" data-id=\"10154d05\" data-element_type=\"section\">\n\t\t\t\t\t\t<div class=\"elementor-container elementor-column-gap-default\">\n\t\t\t\t\t<div class=\"elementor-column elementor-col-100 elementor-top-column elementor-element elementor-element-5db19c21\" data-id=\"5db19c21\" data-element_type=\"column\">\n\t\t\t<div class=\"elementor-widget-wrap elementor-element-populated\">\n\t\t\t\t\t\t\t\t<div class=\"elementor-element elementor-element-587e31be elementor-widget elementor-widget-text-editor\" data-id=\"587e31be\" data-element_type=\"widget\" data-widget_type=\"text-editor.default\">\n\t\t\t\t<div class=\"elementor-widget-container\">\n\t\t\t\t\t\t\t\t<p style=\"font-weight: 400;\"><span style=\"font-style: inherit; font-weight: inherit;\"><strong>EL MERCURIO\u00a0<\/strong><\/span><strong>\u00a0<\/strong><strong><span style=\"font-style: inherit; font-weight: inherit;\">\u00a0<\/span><\/strong><\/p><p style=\"font-weight: 400;\"><a href=\"https:\/\/www.litoralpress.cl\/paginaconsultas\/Servicios_NClipSitio\/Get_Imagen_Nota.aspx?LPKey=6UIAQCSVSOAX4WPOFV5BGR6QCUPZVJ5DB7HWGK6SPZRYWHMYIA7UIG47D3SKP3HWXOFDBN6BHSIQG\"><span style=\"font-style: inherit;\">Estudiantes crean videojuegos para hacer m\u00e1s did\u00e1ctica la ense\u00f1anza de la medicina. Se refiere Sergio Gui\u00f1ez,\u00a0<\/span><span style=\"font-style: inherit;\">acad\u00e9mico de la Escuela de Medicina.<\/span><\/a><\/p><p style=\"font-weight: 400;\"><strong><span style=\"font-style: inherit; font-weight: inherit;\">\u00a0<\/span><\/strong><strong><span style=\"font-style: inherit; font-weight: inherit;\">\u00a0<\/span><\/strong><\/p><p style=\"font-weight: 400;\"><strong><span style=\"font-style: inherit; font-weight: inherit;\">RADIO ADN\u00a0<\/span><\/strong><strong><span style=\"font-style: inherit; font-weight: inherit;\">\u00a0<\/span><\/strong><\/p><p style=\"font-weight: 400;\"><a href=\"https:\/\/www.litoralpress.cl\/sitio\/RadioTV_Detalles.cshtml?LPKey=VR4Z7LMI3ABSMQLA4OGR5CDTIZAK3CS4FS7R2E6F773KMLP7FLWU7CKI3SBPZ6YKKWIGWEOXUPX3U\"><span style=\"font-style: inherit;\">Ministerio de Transportes anunci\u00f3 alza de 10 pesos en tarifa del transporte p\u00fablico. Se refiere Rodrigo Saens, acad\u00e9mico de la Facultad de Econom\u00eda y Negocios.\u00a0<\/span><\/a><\/p><p style=\"font-weight: 400;\"><span style=\"font-style: inherit; font-weight: inherit;\">\u00a0<\/span><span style=\"font-style: inherit; font-weight: inherit;\">\u00a0<\/span><\/p><p style=\"font-weight: 400;\"><strong><span style=\"font-style: inherit; font-weight: inherit;\">CANAL TVN\u00a0<\/span><\/strong><strong><span style=\"font-style: inherit; font-weight: inherit;\">\u00a0<\/span><\/strong><\/p><p style=\"font-weight: 400;\"><a href=\"https:\/\/www.litoralpress.cl\/sitio\/RadioTV_Detalles.cshtml?LPKey=TVFFCKWCB7QGLMPEDWFVJ7VZAI2R2WWU3FXSRYC6FZB42L3K4BJYPRF4XOAP7L23TT77H3VLYHA72\"><span style=\"font-style: inherit;\">Se pronostican intensas precipitaciones desde O\u00b4Higgins hasta el Biob\u00edo.\u00a0Se refiere\u00a0<\/span><span style=\"font-style: inherit;\">Patricio Gonz\u00e1lez Colville, agroclimat\u00f3logo del Centro de Investigaci\u00f3n y Transferencia en Riego y Agroclimatolog\u00eda (CITRA)<\/span><span style=\"font-style: inherit; font-weight: inherit;\">.\u00a0\u00a0\u00a0\u00a0\u00a0\u00a0\u00a0\u00a0\u00a0\u00a0\u00a0\u00a0\u00a0\u00a0\u00a0\u00a0\u00a0\u00a0\u00a0<\/span><\/a><strong><span style=\"font-style: inherit; font-weight: inherit;\">\u00a0\u00a0\u00a0<\/span><\/strong><strong><span style=\"font-style: inherit; font-weight: inherit;\">\u00a0<\/span><br \/><\/strong><\/p><p>\u00a0<\/p><p style=\"font-weight: 400;\"><strong><span style=\"font-style: inherit;\">CANAL TVN RED MAULE\u00a0<\/span><span style=\"font-style: inherit;\">\u00a0<\/span><\/strong><\/p><p style=\"font-weight: 400;\"><a href=\"https:\/\/www.litoralpress.cl\/sitio\/RadioTV_Detalles.cshtml?LPKey=ZEOS2MECLVWYJM55UVS6JBAY74SNPPHTDOGUQMO7BAA2N3KFUT7RYUCCU46HRVUHJ55MM4SBQZABA\"><span style=\"font-style: inherit; font-weight: inherit;\">Se espera hasta cuarenta mil\u00edmetros de agua ca\u00edda diariamente hasta el martes<\/span><span style=\"font-style: inherit; font-weight: inherit;\">.\u00a0Se refiere\u00a0<\/span><span style=\"font-style: inherit; font-weight: inherit;\">Patricio Gonz\u00e1lez Colville, agroclimat\u00f3logo del Centro de Investigaci\u00f3n y Transferencia en Riego y Agroclimatolog\u00eda (CITRA)<\/span><span style=\"font-style: inherit; font-weight: inherit;\">.\u00a0\u00a0<\/span><span style=\"font-style: inherit; font-weight: inherit;\">\u00a0<\/span><\/a><\/p><p style=\"font-weight: 400;\"><span style=\"font-style: inherit; font-weight: inherit;\">\u00a0<\/span><\/p><p style=\"font-weight: 400;\"><strong><span style=\"font-style: inherit; font-weight: inherit;\">LAVOZENLINEA.CL\u00a0<\/span><\/strong><\/p><p style=\"font-weight: 400;\"><a href=\"https:\/\/lavozenlinea.cl\/2023\/08\/utalca-y-junaeb-capacitan-a-la-comunidad-escolar-sobre-habitos-de-alimentacion-saludable\/\"><span style=\"font-style: inherit;\">UTalca y Junaeb capacitan a la comunidad escolar sobre h\u00e1bitos de alimentaci\u00f3n saludable<\/span><span style=\"font-style: inherit;\">. Se refieren\u00a0<\/span><span style=\"font-style: inherit;\">Paula Contreras y Mauricio Orellana, acad\u00e9micos de la Escuela de Nutrici\u00f3n y Diet\u00e9tica.<\/span><span style=\"font-style: inherit;\">\u00a0<\/span><\/a><span style=\"font-style: inherit; font-weight: inherit;\">\u00a0 \u00a0 \u00a0 \u00a0 \u00a0 <\/span><span style=\"font-style: inherit; font-weight: inherit;\">\u00a0\u00a0\u00a0<\/span><span style=\"font-style: inherit; font-weight: inherit;\">\u00a0<\/span><span style=\"font-style: inherit; font-weight: inherit;\">\u00a0<\/span><\/p><p style=\"font-weight: 400;\"><span style=\"font-style: inherit; font-weight: inherit;\">\u00a0<\/span><span style=\"font-style: inherit; font-weight: inherit;\">\u00a0<\/span><\/p><p style=\"font-weight: 400;\"><strong><span style=\"font-style: inherit; font-weight: inherit;\">CANAL TVN RED MAULE\u00a0<\/span><\/strong><strong><span style=\"font-style: inherit; font-weight: inherit;\">\u00a0<\/span><\/strong><\/p><p><a href=\"https:\/\/www.litoralpress.cl\/sitio\/RadioTV_Detalles.cshtml?LPKey=QXE4VQFSSMJ7CS6TCNKCXUSWZE6PYXOXHYXVGCIJWREUVMI5MMJZNN2QWP5NKRZQNXCDXRDTJDPL6\"><span style=\"font-style: inherit; font-weight: inherit;\">6 fallecidos durante este fin de semana con 5 v\u00edctimas en la provincia de Linares. Se refiere Emilio Moyano, acad\u00e9mico de la Facultad de Psicolog\u00eda.\u00a0<\/span><span style=\"font-style: inherit; font-weight: inherit;\">\u00a0<\/span><\/a><span style=\"font-style: inherit; font-weight: inherit;\"><br \/><\/span><\/p><p style=\"font-weight: 400;\"><span style=\"font-style: inherit; font-weight: inherit;\">\u00a0<\/span><span style=\"font-style: inherit; font-weight: inherit;\">\u00a0<\/span><\/p><p style=\"font-weight: 400;\"><strong><span style=\"font-style: inherit; font-weight: inherit;\">LA PRENSA DE CURIC\u00d3\u00a0<\/span><\/strong><strong><span style=\"font-style: inherit; font-weight: inherit;\">\u00a0<\/span><\/strong><\/p><p style=\"font-weight: 400;\"><a href=\"https:\/\/www.litoralpress.cl\/paginaconsultas\/Servicios_NClipSitio\/Get_Imagen_Nota.aspx?LPKey=NLJNTEJBSQC547VVAFTHC326CGLGHRVVC7XBNVLLZQH6MXPBGCYOTWIUBRZ5VYUDJZ4YMJRL6C3KI\"><span style=\"font-style: inherit;\">Recalcan la importancia de educar y generar h\u00e1bitos de alimentaci\u00f3n desde temprana edad.<\/span><span style=\"font-style: inherit;\">Se refieren\u00a0<\/span>Paula Contreras y Mauricio Orellana, acad\u00e9micos de la Escuela de Nutrici\u00f3n y Diet\u00e9tica.<span style=\"font-style: inherit;\">\u00a0<\/span><\/a><strong><span style=\"font-style: inherit; font-weight: inherit;\"><br \/><\/span><\/strong><\/p><p>\u00a0<\/p><p style=\"font-weight: 400;\"><strong><span style=\"font-style: inherit; font-weight: inherit;\">COOPERATIVA CIENCIA\u00a0<\/span><\/strong><\/p><p><a href=\"https:\/\/www.cooperativaciencia.cl\/2023\/08\/17\/las-fuertes-rachas-de-viento-afectaran-instalaciones-eolicas\/\"><span style=\"font-style: inherit; font-weight: inherit;\">Las fuertes rachas de viento afectar\u00e1n instalaciones e\u00f3licas. Se menciona a la Universidad de Talca.\u00a0<\/span><\/a><\/p><p>\u00a0<\/p><p style=\"font-weight: 400;\"><strong><span style=\"font-style: inherit; font-weight: inherit;\">ELMAULEINFORMA.CL\u00a0<\/span><\/strong><\/p><p style=\"font-weight: 400;\"><a href=\"https:\/\/elmauleinforma.cl\/seminario-analizo-regeneracion-urbana-y-una-mejor-conectividad-para-el-maule\/\"><span style=\"font-style: inherit;\">Seminario analiz\u00f3 regeneraci\u00f3n urbana y una mejor conectividad para el Maule. Se refiere\u00a0<\/span><span style=\"font-style: inherit;\">Miguel Arriagada, director Escuela Ingenier\u00eda Civil en Obras Civiles<\/span>.<span style=\"font-style: inherit;\">\u00a0<\/span><\/a><\/p><p style=\"font-weight: 400;\"><strong><span style=\"font-style: inherit; font-weight: inherit;\">\u00a0<\/span><\/strong><\/p><p style=\"font-weight: 400;\"><strong><span style=\"font-style: inherit;\">DIARIO VI REGI\u00d3N\u00a0<\/span><\/strong><\/p><p style=\"font-weight: 400;\"><a href=\"https:\/\/www.diarioviregion.cl\/index.php\/noticias\/26309-hospital-santa-cruz-capacito-a-cuidadores-de-pacientes-con-dependencia\"><span style=\"font-style: inherit; font-weight: inherit;\">Hospital Santa Cruz capacit\u00f3 a cuidadores de pacientes con dependencia. Se menciona a la carrera de Enfermer\u00eda.\u00a0<\/span><span style=\"font-style: inherit; font-weight: inherit;\">\u00a0<\/span><\/a><\/p><p>\u00a0<\/p><p style=\"font-weight: 400;\"><strong><span style=\"font-style: inherit; font-weight: inherit;\">DIARIO FINANCIERO\u00a0<\/span><\/strong><strong><span style=\"font-style: inherit; font-weight: inherit;\">\u00a0<\/span><\/strong><\/p><p style=\"font-weight: 400;\"><a href=\"https:\/\/www.litoralpress.cl\/paginaconsultas\/Servicios_NClipSitio\/Get_Imagen_Nota.aspx?LPKey=CZY4DRKBMJYYQD4PEPVTNPGF7YYIR4BKL5ORIWS5RC4G5QDPPQRVZNBU66N43NHWCLJ45AWYSZ2WM\"><span style=\"font-style: inherit;\">Cambio de gabinete al pizarr\u00f3n: Boric castiga a RD, pero sin convencer para dar vuelta la p\u00e1gina y asegurar reformas<\/span><span style=\"font-style: inherit;\">.<\/span><span style=\"font-style: inherit;\">\u00a0<\/span><span style=\"font-style: inherit;\">Se refiere\u00a0Mauricio Morales, director del Centro de An\u00e1lisis Pol\u00edtico (CAP).<\/span><span style=\"font-style: inherit;\">\u00a0<\/span><span style=\"font-style: inherit;\">\u00a0<\/span><\/a><\/p><p style=\"font-weight: 400;\"><strong><span style=\"font-style: inherit;\">\u00a0<\/span>\u00a0<\/strong><\/p><p style=\"font-weight: 400;\"><strong><span style=\"font-style: inherit;\">LAS \u00daLTIMAS NOTICIAS\u00a0<\/span><span style=\"font-style: inherit;\">\u00a0<\/span><\/strong><\/p><p style=\"font-weight: 400;\"><a href=\"https:\/\/www.litoralpress.cl\/paginaconsultas\/Servicios_NClipSitio\/Get_Imagen_Nota.aspx?LPKey=YA3VBJJFY6BI2DW3BLA5EWC4SJJCQCJO2E2BYHOOKX6XOU6M2MGZRAP3XVZIAWK26ODDMJBVV7UPG\"><span style=\"font-style: inherit; font-weight: inherit;\">Cinco hechos que explican el tercer ajuste ministerial del gobierno de Gabriel Boric<\/span><span style=\"font-style: inherit; font-weight: inherit;\">. Se refiere\u00a0Mauricio Morales, director del Centro de An\u00e1lisis Pol\u00edtico (CAP).\u00a0\u00a0<\/span><\/a><span style=\"font-style: inherit; font-weight: inherit;\"><br \/><\/span><span style=\"font-style: inherit; font-weight: inherit;\">\u00a0<\/span><\/p><p style=\"font-weight: 400;\"><strong><span style=\"font-style: inherit;\">RADIO INFINITA\u00a0<\/span><span style=\"font-style: inherit;\">\u00a0<\/span><\/strong><\/p><p style=\"font-weight: 400;\"><a href=\"https:\/\/www.litoralpress.cl\/sitio\/RadioTV_Detalles.cshtml?LPKey=7ERNMYFGEDCDIZUXSZ2BLQXEH2K6QYQRMF6BHBLHKNCTIFB4WILETBSROBDFQYJFZSGMU5P762X5G\"><span style=\"font-style: inherit; font-weight: inherit;\">An\u00e1lisis Pol\u00edtico<\/span><span style=\"font-style: inherit; font-weight: inherit;\">\u00a0<\/span><span style=\"font-style: inherit; font-weight: inherit;\">de\u00a0<\/span><span style=\"font-style: inherit; font-weight: inherit;\">Mauricio Morales, director del Centro de An\u00e1lisis Pol\u00edtico (CAP).<\/span><span style=\"font-style: inherit; font-weight: inherit;\">\u00a0<\/span><\/a><br \/><span style=\"font-style: inherit; font-weight: inherit;\">\u00a0<\/span><\/p><p style=\"font-weight: 400;\"><strong><span style=\"font-style: inherit;\">REDMIN.CL\u00a0<\/span><\/strong><\/p><p style=\"font-weight: 400;\"><a href=\"https:\/\/www.redimin.cl\/el-gabinete-de-boric-movida-estrategica-o-desesperada\/\"><span style=\"font-style: inherit; font-weight: inherit;\">El Gabinete de Boric: \u00bfMovida Estrat\u00e9gica o Desesperada? Se refiere\u00a0<\/span><span style=\"font-style: inherit; font-weight: inherit;\">Mauricio Morales, director del Centro de An\u00e1lisis Pol\u00edtico (CAP).\u00a0\u00a0<\/span><\/a><\/p><p style=\"font-weight: 400;\"><span style=\"font-style: inherit; font-weight: inherit;\">\u00a0<\/span><span style=\"font-style: inherit; font-weight: inherit;\">\u00a0<\/span>\u00a0<\/p><p style=\"font-weight: 400;\"><strong><span style=\"font-style: inherit;\">EMOL\u00a0<\/span><\/strong><\/p><p style=\"font-weight: 400;\"><a href=\"https:\/\/www.emol.com\/noticias\/Nacional\/2023\/08\/17\/1104304\/crisis-revolucion-democratica-cambio-gabinete.html\"><span style=\"font-style: inherit; font-weight: inherit;\">El reflejo de un partido en crisis: RD deja de ser el \u201ceje\u201d frentamplista del Gobierno ante impacto por Caso Convenios<\/span>.\u00a0<span style=\"font-style: inherit; font-weight: inherit;\">Se refiere\u00a0<\/span><span style=\"font-style: inherit; font-weight: inherit;\">Mario Herrera, investigador del Centro de An\u00e1lisis Pol\u00edtico (CAP).<\/span><span style=\"font-style: inherit; font-weight: inherit;\">\u00a0<\/span><\/a><span style=\"font-style: inherit; font-weight: inherit;\"><br \/><\/span><\/p><p>\u00a0<\/p><p style=\"font-weight: 400;\"><strong><span style=\"font-style: inherit; font-weight: inherit;\">EL MOSTRADOR\u00a0<\/span><\/strong><\/p><p style=\"font-weight: 400;\"><a href=\"https:\/\/www.elmostrador.cl\/braga\/2023\/08\/17\/mas-mujeres-y-predominio-de-la-centro-izquierda-el-nuevo-gabinete-de-boric-de-cara-a-un-nuevo-ciclo\/\"><span style=\"font-style: inherit;\">M\u00e1s mujeres y predominio de la centro-izquierda: el nuevo gabinete de Boric de cara a un nuevo ciclo. Se refiere\u00a0<\/span><span style=\"font-style: inherit;\">Mario Herrera, investigador del Centro de An\u00e1lisis Pol\u00edtico (CAP).<\/span><span style=\"font-style: inherit;\">\u00a0<\/span><span style=\"font-style: inherit;\">\u00a0<\/span><\/a><\/p><p style=\"font-weight: 400;\"><span style=\"font-style: inherit; font-weight: inherit;\">\u00a0<\/span><span style=\"font-style: inherit; font-weight: inherit;\">\u00a0<\/span><\/p><p style=\"font-weight: 400;\"><strong><span style=\"font-style: inherit;\">RADIO GUAYACAN\u00a0<\/span><span style=\"font-style: inherit;\">\u00a0<\/span><\/strong><\/p><p style=\"font-weight: 400;\"><a href=\"https:\/\/www.litoralpress.cl\/sitio\/RadioTV_Detalles.cshtml?LPKey=BUGFC6WQMGM5HT3PNLNHL3MYWW4NJKOPC32AWJ4V5ZNQLLTJOXI673DZ5XZBWTVIO3MGOSU7DUK32\"><span style=\"font-style: inherit; font-weight: inherit;\">An\u00e1lisis del cambio de gabinete. <\/span>Se refiere Mario Herrera, acad\u00e9mico e investigador del Centro de An\u00e1lisis Pol\u00edtico.\u00a0<span style=\"font-style: inherit; font-weight: inherit;\">\u00a0<\/span><\/a><span style=\"font-style: inherit; font-weight: inherit;\"><br \/><\/span><\/p><p style=\"font-weight: 400;\"><span style=\"font-style: inherit; font-weight: inherit;\">\u00a0<\/span><\/p><p style=\"font-weight: 400;\"><strong><span style=\"font-style: inherit;\">ENESTRADO.COM\u00a0<\/span><\/strong><\/p><p><a href=\"https:\/\/enestrado.com\/carlos-cerda-y-el-valor-de-ser-conflictivo-e-ir-a-contracorriente-en-la-defensa-de-los-ddhh-por-diego-palomo\/\"><span style=\"font-style: inherit;\">Carlos Cerda y el valor de ser \u201cconflictivo\u201d e ir a \u201ccontracorriente\u201d en la defensa de los DDHH.\u00a0<\/span><span style=\"font-style: inherit;\">Se refiere Diego Palomo V\u00e9lez, acad\u00e9mico de la Facultad de Ciencias Jur\u00eddicas y Sociales.\u00a0<\/span><\/a><\/p><p style=\"font-weight: 400;\"><span style=\"font-style: inherit; font-weight: inherit;\">\u00a0<\/span><\/p><p style=\"font-weight: 400;\"><strong><span style=\"font-style: inherit;\">DIARIOELCENTRO.CL\u00a0<\/span><\/strong><\/p><p style=\"font-weight: 400;\"><a href=\"https:\/\/www.diarioelcentro.cl\/2023\/08\/17\/la-politica-chilena-es-un-reality-show-de-mala-factura\/\"><span style=\"font-style: inherit; font-weight: inherit;\">La pol\u00edtica chilena es un reality show de mala factura. Se refiere Diego Palomo V\u00e9lez, acad\u00e9mico de la Facultad de Ciencias Jur\u00eddicas y Sociales.\u00a0<\/span><\/a><\/p><p style=\"font-weight: 400;\"><span style=\"font-style: inherit; font-weight: inherit;\">\u00a0<\/span><\/p><p style=\"font-weight: 400;\"><strong><span style=\"font-style: inherit;\">EL LECTOR\u00a0<\/span><span style=\"font-style: inherit;\">\u00a0<\/span><\/strong><\/p><p style=\"font-weight: 400;\"><a href=\"https:\/\/www.litoralpress.cl\/paginaconsultas\/Servicios_NClipSitio\/Get_Imagen_Nota.aspx?LPKey=CXNFO3F2IPR2K463BVZMP6MYXKOSYKE7ZMF3B3Q5SPULGXSQFCNI2PMP6Z2IXZPAIYACZMYSKES4U\"><span style=\"font-style: inherit; font-weight: inherit;\">Nuevo juego sobre la memoria po\u00e9tica del Maule fue presentado en la UTalca<\/span><span style=\"font-style: inherit; font-weight: inherit;\">. Se refiere Marcela Albornoz Dachelet, directora de Extensi\u00f3n Cultural \u2013 Art\u00edstica.\u00a0<\/span><\/a><span style=\"font-style: inherit; font-weight: inherit;\"><br \/><\/span><\/p>\t\t\t\t\t\t<\/div>\n\t\t\t\t<\/div>\n\t\t\t\t\t<\/div>\n\t\t<\/div>\n\t\t\t\t\t\t\t<\/div>\n\t\t<\/section>\n\t\t\t\t\t\t<\/div>\n\t\t\t\t\t<\/div>\n\t\t","protected":false},"excerpt":{"rendered":"<p>EL MERCURIO\u00a0\u00a0\u00a0 Estudiantes crean videojuegos para hacer m\u00e1s did\u00e1ctica la ense\u00f1anza de la medicina. Se refiere Sergio Gui\u00f1ez,\u00a0acad\u00e9mico de la Escuela de Medicina. \u00a0\u00a0 RADIO ADN\u00a0\u00a0 Ministerio de Transportes anunci\u00f3 alza de 10 pesos en tarifa del transporte p\u00fablico. Se refiere Rodrigo Saens, acad\u00e9mico de la Facultad de Econom\u00eda y Negocios.\u00a0 \u00a0\u00a0 CANAL TVN\u00a0\u00a0 Se &hellip;<\/p>\n<p class=\"read-more\"> <a class=\"\" href=\"https:\/\/www.reportedeprensa.utalca.cl\/?p=8091\"> <span class=\"screen-reader-text\">18 de agosto de 2023<\/span> Read More &raquo;<\/a><\/p>\n","protected":false},"author":1,"featured_media":0,"comment_status":"closed","ping_status":"open","sticky":false,"template":"","format":"standard","meta":{"_monsterinsights_skip_tracking":false,"_monsterinsights_sitenote_active":false,"_monsterinsights_sitenote_note":"","_monsterinsights_sitenote_category":0},"categories":[39],"tags":[],"_links":{"self":[{"href":"https:\/\/www.reportedeprensa.utalca.cl\/index.php?rest_route=\/wp\/v2\/posts\/8091"}],"collection":[{"href":"https:\/\/www.reportedeprensa.utalca.cl\/index.php?rest_route=\/wp\/v2\/posts"}],"about":[{"href":"https:\/\/www.reportedeprensa.utalca.cl\/index.php?rest_route=\/wp\/v2\/types\/post"}],"author":[{"embeddable":true,"href":"https:\/\/www.reportedeprensa.utalca.cl\/index.php?rest_route=\/wp\/v2\/users\/1"}],"replies":[{"embeddable":true,"href":"https:\/\/www.reportedeprensa.utalca.cl\/index.php?rest_route=%2Fwp%2Fv2%2Fcomments&post=8091"}],"version-history":[{"count":4,"href":"https:\/\/www.reportedeprensa.utalca.cl\/index.php?rest_route=\/wp\/v2\/posts\/8091\/revisions"}],"predecessor-version":[{"id":8095,"href":"https:\/\/www.reportedeprensa.utalca.cl\/index.php?rest_route=\/wp\/v2\/posts\/8091\/revisions\/8095"}],"wp:attachment":[{"href":"https:\/\/www.reportedeprensa.utalca.cl\/index.php?rest_route=%2Fwp%2Fv2%2Fmedia&parent=8091"}],"wp:term":[{"taxonomy":"category","embeddable":true,"href":"https:\/\/www.reportedeprensa.utalca.cl\/index.php?rest_route=%2Fwp%2Fv2%2Fcategories&post=8091"},{"taxonomy":"post_tag","embeddable":true,"href":"https:\/\/www.reportedeprensa.utalca.cl\/index.php?rest_route=%2Fwp%2Fv2%2Ftags&post=8091"}],"curies":[{"name":"wp","href":"https:\/\/api.w.org\/{rel}","templated":true}]}}