{"id":8100,"date":"2023-08-21T17:09:34","date_gmt":"2023-08-21T20:09:34","guid":{"rendered":"https:\/\/www.reportedeprensa.utalca.cl\/?p=8100"},"modified":"2023-08-21T17:19:12","modified_gmt":"2023-08-21T20:19:12","slug":"21-de-agosto-de-2023","status":"publish","type":"post","link":"https:\/\/www.reportedeprensa.utalca.cl\/?p=8100","title":{"rendered":"21 de agosto de 2023"},"content":{"rendered":"\t\t<div data-elementor-type=\"wp-post\" data-elementor-id=\"8100\" class=\"elementor elementor-8100\" data-elementor-settings=\"[]\">\n\t\t\t\t\t\t\t<div class=\"elementor-section-wrap\">\n\t\t\t\t\t\t\t<section class=\"elementor-section elementor-top-section elementor-element elementor-element-10154d05 elementor-section-boxed elementor-section-height-default elementor-section-height-default\" data-id=\"10154d05\" data-element_type=\"section\">\n\t\t\t\t\t\t<div class=\"elementor-container elementor-column-gap-default\">\n\t\t\t\t\t<div class=\"elementor-column elementor-col-100 elementor-top-column elementor-element elementor-element-5db19c21\" data-id=\"5db19c21\" data-element_type=\"column\">\n\t\t\t<div class=\"elementor-widget-wrap elementor-element-populated\">\n\t\t\t\t\t\t\t\t<div class=\"elementor-element elementor-element-587e31be elementor-widget elementor-widget-text-editor\" data-id=\"587e31be\" data-element_type=\"widget\" data-widget_type=\"text-editor.default\">\n\t\t\t\t<div class=\"elementor-widget-container\">\n\t\t\t\t\t\t\t\t<p><strong>ADPRENSA<\/strong><\/p><p><a href=\"https:\/\/www.adprensa.cl\/cronica\/utalca-impulsa-la-transformacion-digital-en-municipios-de-la-region-del-maule\/\"><span style=\"font-style: inherit;\">UTalca impulsa la transformaci\u00f3n digital en municipios de la Regi\u00f3n del Maule<\/span>. Se refieren Carlos Torres Fuchslocher, rector; y Karin Saavedra Redlich, directora general de Vinculaci\u00f3n con el Medio.<\/a><\/p><p>\u00a0<\/p><p><strong>MEDIABANCO<\/strong><\/p><p><a href=\"https:\/\/www.mediabanco.com\/utalca-impulsa-la-transformacion-digital-en-municipios-de-la-region-del-maule\/\">UTalca impulsa la transformaci\u00f3n digital en municipios de la Regi\u00f3n del Maule. Se refieren Carlos Torres Fuchslocher, rector; y Karin Saavedra Redlich, directora general de Vinculaci\u00f3n con el Medio.<\/a><\/p><p>\u00a0<\/p><p><strong>CHILLANONLINE.CL<\/strong><\/p><p><a href=\"https:\/\/www.chillanonline.cl\/V6\/utalca-impulsa-la-transformacion-digital-en-municipios-de-la-region-del-maule\/\">UTalca impulsa la transformaci\u00f3n digital en municipios de la Regi\u00f3n del Maule. Se refieren Carlos Torres Fuchslocher, rector; y Karin Saavedra Redlich, directora general de Vinculaci\u00f3n con el Medio.<\/a><\/p><p>\u00a0<\/p><p><strong>G5NOTICIAS.CL<\/strong><\/p><p><a href=\"https:\/\/g5noticias.cl\/2023\/08\/19\/calza-inteligente-demostro-positivos-resultados-para-mejorar-la-calidad-de-vida-de-adultos-mayores\/\">\u201cCalza inteligente\u201d demostr\u00f3 positivos resultados para mejorar la calidad de vida de adultos mayores. Se refiere Javier Mu\u00f1oz Vidal, decano de la Facultad de Ingenier\u00eda y director del proyecto.<\/a><\/p><p>\u00a0<\/p><p><strong>EL MOSTRADOR<\/strong><\/p><p><a href=\"https:\/\/www.elmostrador.cl\/agenda-pais\/agenda-social\/2023\/08\/19\/que-es-la-anomia-el-concepto-sobre-normas-sociales-que-gana-terreno-en-la-cultura-chilena\/\"><span style=\"font-style: inherit;\">\u00bfQu\u00e9 es la anomia? El concepto sobre normas sociales que gana terreno en la cultura chilena<\/span>. Se refiere Emilio Moyano, acad\u00e9mico de la Facultad de Psicologia.<\/a><\/p><p>\u00a0<\/p><p><strong>DIARIO EL HERALDO<\/strong><\/p><p><a href=\"https:\/\/www.litoralpress.cl\/paginaconsultas\/Servicios_NClipSitio\/Get_Imagen_Nota.aspx?LPKey=B3U2QBTITP3VW3ORC4DCZNJKOU35MPVQIC7GPXI766PTDQUWU6E4J7IQ6S7XSCSRVZXLPGVKFAUSU\"><span style=\"font-style: inherit; font-weight: inherit;\">Con fiesta de la poda UTalca inicia nuevo ciclo de producci\u00f3n de vino<\/span>. Se refiere el Patricio G\u00f3mez Arismendi, director del Campus Colchagua.<\/a><\/p><p>\u00a0<\/p><p><strong>DIARIOELHERALDO.CL<\/strong><\/p><p><a href=\"https:\/\/www.diarioelheraldo.cl\/noticia\/con-fiesta-de-la-poda-utalca-inicia-nuevo-ciclo-de-produccion-de-vino-\"><span style=\"font-style: inherit; font-weight: inherit;\">Con fiesta de la poda UTalca inicia nuevo ciclo de producci\u00f3n de vino<\/span>. Se refiere el Patricio G\u00f3mez Arismendi, director del Campus Colchagua.<\/a><\/p><p>\u00a0<\/p><p><strong>EL LECTOR<\/strong><\/p><p><a href=\"https:\/\/www.litoralpress.cl\/paginaconsultas\/Servicios_NClipSitio\/Get_Imagen_Nota.aspx?LPKey=RVXUH44XPUOCFZSYR2GX7P2ABRP3P3DJDFW7MCX7ZW6A5O3GKQNETBYVRKUM7GYOFYQQMIF4TOKHA\">Con fiesta de la poda UTalca inicia nuevo ciclo de producci\u00f3n de vino. Se refiere el Patricio G\u00f3mez Arismendi, director del Campus Colchagua.<\/a><\/p><p>\u00a0<\/p><p><strong>PUBLIMICRO.CL<\/strong><\/p><p><a href=\"https:\/\/publimicro.cl\/con-tradicional-fiesta-de-la-poda-utalca-inicia-nuevo-ciclo-de-produccion-de-vino-evento-crucial-en-la-formacion-de-estudiantes-del-area\/\">Con fiesta de la poda UTalca inicia nuevo ciclo de producci\u00f3n de vino. Se refiere el Patricio G\u00f3mez Arismendi, director del Campus Colchagua.<\/a><\/p><p>\u00a0<\/p><p><strong>ELMAULEINFORMA.CL<\/strong><\/p><p><a href=\"https:\/\/elmauleinforma.cl\/con-fiesta-de-la-poda-utalca-inicia-nuevo-ciclo-de-produccion-de-vino\/\">Con fiesta de la poda UTalca inicia nuevo ciclo de producci\u00f3n de vino. Se refiere el Patricio G\u00f3mez Arismendi, director del Campus Colchagua.<\/a><\/p><p>\u00a0<\/p><p><strong>CANAL MEGA<\/strong><\/p><p><a href=\"https:\/\/www.litoralpress.cl\/sitio\/RadioTV_Detalles.cshtml?LPKey=ZX55JWVA7CHLUNBTEEYA7LXTD5N4VDIMVCNFBTIZM44VF5LASQ7PXQDCGKF2L6M3XJMTKZ5XXU7OG\">Clima extremo: calor y lluvias. Se refiere Patricio Gonz\u00e1lez Colville, agroclimat\u00f3logo del Centro de Investigaci\u00f3n y Transferencia en Riego y Agroclimatolog\u00eda (CITRA).<\/a><\/p><p>\u00a0<\/p><p><strong>CANAL TVN<\/strong><\/p><p><a href=\"https:\/\/www.litoralpress.cl\/sitio\/RadioTV_Detalles.cshtml?LPKey=LMFEJHJM5JTEEN3HCQ5TN2KS5VJG5VSCRXQNA5SXGZ53METGZYI4277VC5PFE2CX3ZAC5QVBZHUZU\">Emiten alerta de evacuaci\u00f3n en sectores cercanos a r\u00edo Ancoa. Se menciona a Patricio Gonz\u00e1lez Colville, agroclimat\u00f3logo del Centro de Investigaci\u00f3n y Transferencia en Riego y Agroclimatolog\u00eda (CITRA).<\/a><\/p><p>\u00a0<\/p><p><strong>CANAL TVN<\/strong><\/p><p><a href=\"https:\/\/www.litoralpress.cl\/sitio\/RadioTV_Detalles.cshtml?LPKey=HLWP4RHR73QRNTYS3POYAHIWZOGFUWZUSN354QG7BZ6WKGJ2WFKGOP37EOAMU6X6KN6GKWWH3WUQS\">Preocupaci\u00f3n por crecida de r\u00edos y ca\u00eddas de puentes en la Regi\u00f3n del Maule. Se menciona a Patricio Gonz\u00e1lez Colville, agroclimat\u00f3logo del Centro de Investigaci\u00f3n y Transferencia en Riego y Agroclimatolog\u00eda (CITRA).<\/a><\/p><p>\u00a0<\/p><p><strong>TVN RED MAULE<\/strong><\/p><p><a href=\"https:\/\/www.litoralpress.cl\/sitio\/RadioTV_Detalles.cshtml?LPKey=74B2H3KRRKA7QN6GGEDTLSAYXXOICWYSSWMHXNQNTGD3EBK67GGI2H4USE4HLY2I24FTQGM6GSTDS\">Ya comienza a llover en la zona y que dejar\u00eda unos 40 mm diarios. Se refiere Patricio Gonz\u00e1lez Colville, agroclimat\u00f3logo del Centro de Investigaci\u00f3n y Transferencia en Riego y Agroclimatolog\u00eda (CITRA).<\/a><\/p><p>\u00a0<\/p><p><strong>ADNRADIO.CL<\/strong><\/p><p><a href=\"https:\/\/www.adnradio.cl\/nacional\/2023\/08\/20\/suspension-de-clases-lunes-21-agosto.html\">Suspensi\u00f3n de clases: estas son algunas localidades que ya confirmaron la medida para el lunes. Se menciona a la Universidad de Talca.<\/a><\/p><p>\u00a0<\/p><p><strong>TVN RED MAULE<\/strong><\/p><p><a href=\"https:\/\/www.litoralpress.cl\/sitio\/RadioTV_Detalles.cshtml?LPKey=KWPZCGIIQ6AWC5Q6JI5VBMCBI7MF67CHT2BVUAIIB4NMTJQYITDH2FO4HKOHJHGIM43R4P6WRF5MW\">Sueldo promedio en el 2022 estuvo en torno a los 570 mil pesos, seg\u00fan estudio del INE. Se refiere Jorge Navarrete Bustos, director del Centro de Competitividad de la Facultad de Econom\u00eda y Negocios.<\/a><\/p><p>\u00a0<\/p><p><strong>ADPRENSA<\/strong><\/p><p><a href=\"https:\/\/www.mediabanco.com\/descubriendo-vocaciones-utalca-realizara-tour-familiar-en-su-campus-colchagua\/\">Descubriendo vocaciones:\u00a0UTalca realizar\u00e1\u00a0Tour Familiar en su Campus Colchagua. Se refiere Iv\u00e1n Baeza, profesional de la Direcci\u00f3n de Ciclo de Vida Institucional.<\/a><\/p><p>\u00a0<\/p><p><strong>CHILLANONLNE.CL<\/strong><\/p><p><a href=\"https:\/\/www.chillanonline.cl\/V6\/descubriendo-vocaciones-utalca-realizara-tour-familiar-en-su-campus-colchagua\/\">Descubriendo vocaciones:\u00a0UTalca realizar\u00e1\u00a0Tour Familiar en su Campus Colchagua. Se refiere Iv\u00e1n Baeza, professional de la Direcci\u00f3n de Ciclo de Vida Institucional.<\/a><\/p><p>\u00a0<\/p><p><strong>EL LECTOR<\/strong><\/p><p><a href=\"https:\/\/www.litoralpress.cl\/paginaconsultas\/Servicios_NClipSitio\/Get_Imagen_Nota.aspx?LPKey=BT5C62B7SA6OBKJZKH7VMBFABCX2I5C5WHBGKCIIYYU6ZAXGPFSEOK7YC3EHYO7UMSVB2CMVVZZVO\">Descubriendo vocaciones:\u00a0UTalca realizar\u00e1\u00a0Tour Familiar en su Campus Colchagua. Se refiere Iv\u00e1n Baeza, profesional de la Direcci\u00f3n de Ciclo de Vida Institucional.<\/a><\/p><p>\u00a0<\/p><p><strong>TVN RED MAULE<\/strong><\/p><p><a href=\"https:\/\/www.litoralpress.cl\/sitio\/RadioTV_Detalles.cshtml?LPKey=PRYAMRJVIUGHRE42Y3T4Y5YLSUBG2QWLS4K7DRMUJAKMZ25SSTIIENHWKC2DNLHZVXFKM5Y7SMYBU\">FIA invita a charla para recuperar suelos tras inundaciones. Se menciona al Campus Curic\u00f3.<\/a><\/p><p>\u00a0<\/p><p><strong>DIARIOELHERALDO.CL<\/strong><\/p><p><a href=\"https:\/\/www.diarioelheraldo.cl\/noticia\/en-sede-curico-de-utalca-invitan-a-agricultores-afectados-por-inundaciones-a-participar-de-conversatorio-tecnico-\">En sede Curic\u00f3 de UTalca Invitan a agricultores afectados por inundaciones a participar de Conversatorio T\u00e9cnico. Se menciona a la Universidad de Talca.<\/a><\/p><p>\u00a0<\/p><p><strong>TVN RED MAULE<\/strong><\/p><p><a href=\"https:\/\/www.litoralpress.cl\/sitio\/RadioTV_Detalles.cshtml?LPKey=UDCNKOXTISCQVVKDJXGOSY47SQLHMVW52TWQRY5VYFZPG4PRUF3XVWXE5WXDZJHYF44DXDMRE5RJM\">Este lunes se estrena documental &#8220;Bototos rotos&#8221; en Extensi\u00f3n UTalca. Se menciona al Centro de Extensi\u00f3n.<\/a><\/p><p>\u00a0<\/p><p><strong>DIARIOELCENTRO.CL<\/strong><\/p><p><a href=\"https:\/\/www.diarioelcentro.cl\/2023\/08\/19\/es-presentado-nuevo-juego-sobre-la-memoria-poetica-del-maule\/\">Es presentado nuevo juego sobre la memoria po\u00e9tica del Maule. Se refiere Marcela Albornoz Dachelet, directora de Extensi\u00f3n Cultural \u2013 Art\u00edstica.<\/a><\/p><p>\u00a0<\/p><p><strong>BIOBIOCHILE.CL<\/strong><\/p><p><a href=\"https:\/\/www.biobiochile.cl\/noticias\/nacional\/chile\/2023\/08\/20\/primavera-comunista-el-desembarco-de-los-leales-de-boric-que-rompio-un-siglo-de-tradicion.shtml\">Primavera comunista: los &#8220;leales&#8221; del gabinete de Boric y su in\u00e9dita conquista. \u00a0<span style=\"font-style: inherit; font-weight: inherit;\">Se refiere\u00a0<\/span>Mauricio Morales, director del Centro de An\u00e1lisis Pol\u00edtico (CAP).\u00a0\u00a0<\/a><\/p><p>\u00a0<\/p><p><strong>DIARIOELCENTRO.CL<\/strong><\/p><p><a href=\"https:\/\/www.diarioelcentro.cl\/2023\/08\/20\/pacto-fiscal-y-mejora-de-pensiones\/\">Pacto Fiscal y mejora en pensiones. Se refiere Magno Cofr\u00e9 Reyes, acad\u00e9mico de la Facultad de Econom\u00eda y Negocios.<\/a><\/p>\t\t\t\t\t\t<\/div>\n\t\t\t\t<\/div>\n\t\t\t\t\t<\/div>\n\t\t<\/div>\n\t\t\t\t\t\t\t<\/div>\n\t\t<\/section>\n\t\t\t\t\t\t<\/div>\n\t\t\t\t\t<\/div>\n\t\t","protected":false},"excerpt":{"rendered":"<p>ADPRENSA UTalca impulsa la transformaci\u00f3n digital en municipios de la Regi\u00f3n del Maule. Se refieren Carlos Torres Fuchslocher, rector; y Karin Saavedra Redlich, directora general de Vinculaci\u00f3n con el Medio. \u00a0 MEDIABANCO UTalca impulsa la transformaci\u00f3n digital en municipios de la Regi\u00f3n del Maule. Se refieren Carlos Torres Fuchslocher, rector; y Karin Saavedra Redlich, directora &hellip;<\/p>\n<p class=\"read-more\"> <a class=\"\" href=\"https:\/\/www.reportedeprensa.utalca.cl\/?p=8100\"> <span class=\"screen-reader-text\">21 de agosto de 2023<\/span> Read More &raquo;<\/a><\/p>\n","protected":false},"author":1,"featured_media":0,"comment_status":"closed","ping_status":"open","sticky":false,"template":"","format":"standard","meta":{"_monsterinsights_skip_tracking":false,"_monsterinsights_sitenote_active":false,"_monsterinsights_sitenote_note":"","_monsterinsights_sitenote_category":0},"categories":[39],"tags":[],"_links":{"self":[{"href":"https:\/\/www.reportedeprensa.utalca.cl\/index.php?rest_route=\/wp\/v2\/posts\/8100"}],"collection":[{"href":"https:\/\/www.reportedeprensa.utalca.cl\/index.php?rest_route=\/wp\/v2\/posts"}],"about":[{"href":"https:\/\/www.reportedeprensa.utalca.cl\/index.php?rest_route=\/wp\/v2\/types\/post"}],"author":[{"embeddable":true,"href":"https:\/\/www.reportedeprensa.utalca.cl\/index.php?rest_route=\/wp\/v2\/users\/1"}],"replies":[{"embeddable":true,"href":"https:\/\/www.reportedeprensa.utalca.cl\/index.php?rest_route=%2Fwp%2Fv2%2Fcomments&post=8100"}],"version-history":[{"count":4,"href":"https:\/\/www.reportedeprensa.utalca.cl\/index.php?rest_route=\/wp\/v2\/posts\/8100\/revisions"}],"predecessor-version":[{"id":8104,"href":"https:\/\/www.reportedeprensa.utalca.cl\/index.php?rest_route=\/wp\/v2\/posts\/8100\/revisions\/8104"}],"wp:attachment":[{"href":"https:\/\/www.reportedeprensa.utalca.cl\/index.php?rest_route=%2Fwp%2Fv2%2Fmedia&parent=8100"}],"wp:term":[{"taxonomy":"category","embeddable":true,"href":"https:\/\/www.reportedeprensa.utalca.cl\/index.php?rest_route=%2Fwp%2Fv2%2Fcategories&post=8100"},{"taxonomy":"post_tag","embeddable":true,"href":"https:\/\/www.reportedeprensa.utalca.cl\/index.php?rest_route=%2Fwp%2Fv2%2Ftags&post=8100"}],"curies":[{"name":"wp","href":"https:\/\/api.w.org\/{rel}","templated":true}]}}