{"id":8109,"date":"2023-08-22T12:40:14","date_gmt":"2023-08-22T15:40:14","guid":{"rendered":"https:\/\/www.reportedeprensa.utalca.cl\/?p=8109"},"modified":"2023-08-22T12:47:38","modified_gmt":"2023-08-22T15:47:38","slug":"22-de-agosto-de-2023","status":"publish","type":"post","link":"https:\/\/www.reportedeprensa.utalca.cl\/?p=8109","title":{"rendered":"22 de agosto de 2023"},"content":{"rendered":"\t\t<div data-elementor-type=\"wp-post\" data-elementor-id=\"8109\" class=\"elementor elementor-8109\" data-elementor-settings=\"[]\">\n\t\t\t\t\t\t\t<div class=\"elementor-section-wrap\">\n\t\t\t\t\t\t\t<section class=\"elementor-section elementor-top-section elementor-element elementor-element-10154d05 elementor-section-boxed elementor-section-height-default elementor-section-height-default\" data-id=\"10154d05\" data-element_type=\"section\">\n\t\t\t\t\t\t<div class=\"elementor-container elementor-column-gap-default\">\n\t\t\t\t\t<div class=\"elementor-column elementor-col-100 elementor-top-column elementor-element elementor-element-5db19c21\" data-id=\"5db19c21\" data-element_type=\"column\">\n\t\t\t<div class=\"elementor-widget-wrap elementor-element-populated\">\n\t\t\t\t\t\t\t\t<div class=\"elementor-element elementor-element-587e31be elementor-widget elementor-widget-text-editor\" data-id=\"587e31be\" data-element_type=\"widget\" data-widget_type=\"text-editor.default\">\n\t\t\t\t<div class=\"elementor-widget-container\">\n\t\t\t\t\t\t\t\t<p><strong><span style=\"font-style: inherit; font-weight: inherit;\">ADPRENSA<\/span><\/strong><strong><span style=\"font-style: inherit; font-weight: inherit;\">\u00a0<\/span><\/strong><\/p><p><a href=\"https:\/\/www.adprensa.cl\/cronica\/utalca-impulsa-la-transformacion-digital-en-municipios-de-la-region-del-maule\/\"><span style=\"font-style: inherit;\">UTalca impulsa la transformaci\u00f3n digital en municipios de la Regi\u00f3n del Maule. Se refieren Carlos Torres Fuchslocher, rector; y Karin Saavedra Redlich, directora general de Vinculaci\u00f3n con el Medio.\u00a0<\/span><\/a><\/p><p>\u00a0<\/p><p><strong><span style=\"font-style: inherit;\">MEDIABANCO\u00a0<\/span><\/strong><\/p><p><a href=\"https:\/\/www.mediabanco.com\/utalca-impulsa-la-transformacion-digital-en-municipios-de-la-region-del-maule\/\"><span style=\"font-style: inherit; font-weight: inherit;\">UTalca impulsa la transformaci\u00f3n digital en municipios de la Regi\u00f3n del Maule<\/span>.\u00a0<span style=\"font-style: inherit; font-weight: inherit;\">Se refieren Carlos Torres Fuchslocher, rector; y Karin Saavedra Redlich, directora general de Vinculaci\u00f3n con el Medio.\u00a0<\/span><span style=\"font-style: inherit; font-weight: inherit;\">\u00a0<\/span><\/a><\/p><p><span style=\"font-style: inherit; font-weight: inherit;\">\u00a0<\/span><\/p><p><strong><span style=\"font-style: inherit;\">LA PRENSA DE CURIC\u00d3\u00a0<\/span><\/strong><\/p><p><a href=\"https:\/\/www.litoralpress.cl\/paginaconsultas\/Servicios_NClipSitio\/Get_Imagen_Nota.aspx?LPKey=PBVPVDDKMAVMQ62354E3HM7P6PK2ZUR7ZDA7UUYVAVYSTQNRXWVMZGLQOLVQUOWDRBE27UZ27A3RQ\"><span style=\"font-style: inherit; font-weight: inherit;\">Municipios reciben apoyo en transformaci\u00f3n digital. Se refiere Carlos Torres Fuchslocher, rector.\u00a0<\/span><\/a><\/p><p>\u00a0<\/p><p><strong><span style=\"font-style: inherit;\">ELMAULEINFORMA.CL\u00a0<\/span><\/strong><\/p><p><a href=\"https:\/\/elmauleinforma.cl\/utalca-impulsa-la-transformacion-digital-en-municipios-de-la-region-del-maule\/\"><span style=\"font-style: inherit; font-weight: inherit;\">UTalca impulsa la transformaci\u00f3n digital en municipios de la Regi\u00f3n del Maule<\/span>.\u00a0<span style=\"font-style: inherit; font-weight: inherit;\">Se refieren Carlos Torres Fuchslocher, rector; y Karin Saavedra Redlich, directora general de Vinculaci\u00f3n con el Medio.\u00a0<\/span><span style=\"font-style: inherit; font-weight: inherit;\">\u00a0<\/span><\/a><\/p><p>\u00a0<\/p><p><strong><span style=\"font-style: inherit;\">MEDIABANCO\u00a0<\/span><\/strong><\/p><p><a href=\"https:\/\/www.mediabanco.com\/comunicado-emergencia-climatica\/\"><span style=\"font-style: inherit; font-weight: inherit;\">Comunicado: emergencia clim\u00e1tica. Se menciona a la Universidad de Talca.\u00a0<\/span><\/a><\/p><p><span style=\"font-style: inherit; font-weight: inherit;\">\u00a0<\/span><\/p><p><strong><span style=\"font-style: inherit;\">ELMAULEINFORMA.CL\u00a0<\/span><\/strong><\/p><p><span style=\"font-style: inherit; font-weight: inherit;\"><a href=\"https:\/\/elmauleinforma.cl\/utalca-suspende-evaluaciones-los-dias-21-y-22-de-agosto\/\">UTalca suspende evaluaciones los d\u00edas 21 y 22 de agosto. Se menciona a la Universidad de Talca.<\/a>\u00a0\u00a0<\/span><\/p><p>\u00a0<\/p><p><strong><span style=\"font-style: inherit; font-weight: inherit;\">CAUQUENES.NET\u00a0<\/span><\/strong><\/p><p><a href=\"https:\/\/cauquenesnet.cl\/2023\/08\/21\/universidad-de-talca-da-facilidades-a-sus-alumnos-ante-emergencia-climatica\/\"><span style=\"font-style: inherit;\">Universidad de Talca da facilidades a sus alumnos ante emergencia clim\u00e1tica. Se menciona a la Universidad.\u00a0<\/span><\/a><\/p><p>\u00a0<\/p><p><strong><span style=\"font-style: inherit; font-weight: inherit;\">EL MERCURIO\u00a0<\/span><\/strong><\/p><p><a href=\"https:\/\/www.litoralpress.cl\/paginaconsultas\/Servicios_NClipSitio\/Get_Imagen_Nota.aspx?LPKey=FTH2V3MKFGZKIYXSII3QZFUNPZG765M4OYRGQEJIP5PKY5ZWYBUHL4RYGVWQ7MJFBDM4YKAMX5LY4\"><span style=\"font-style: inherit;\">Senapred emite 32 alertas para evacuaci\u00f3n de localidades, ante agresivo sistema frontal. Se refiere Patricio Gonz\u00e1lez Colville, agroclimat\u00f3logo del Centro de Investigaci\u00f3n y Transferencia en Riego y Agroclimatolog\u00eda (CITRA).\u00a0<\/span><\/a><\/p><p><span style=\"font-style: inherit; font-weight: inherit;\">\u00a0<\/span><\/p><p><strong><span style=\"font-style: inherit; font-weight: inherit;\">RADIO ADN\u00a0<\/span><\/strong><\/p><p><a href=\"https:\/\/www.litoralpress.cl\/sitio\/RadioTV_Detalles.cshtml?LPKey=I53C3QYF3HX5H477VGOFJZYF2RVLFBZTVQF5KFSG5CQ7EVHFP4AWCGLKDTMBKXKORLCNSLZDSCG3I\"><span style=\"font-style: inherit;\">Sistema frontal que afecta al Maule. &#8211; Nuevo sistema frontal que llega ma\u00f1ana. &#8211; Proyecciones para el resto del a\u00f1o. Se refiere Patricio Gonz\u00e1lez Colville, agroclimat\u00f3logo del Centro de Investigaci\u00f3n y Transferencia en Riego y Agroclimatolog\u00eda (CITRA).\u00a0<\/span><\/a><\/p><p><span style=\"font-style: inherit; font-weight: inherit;\">\u00a0<\/span><\/p><p><strong><span style=\"font-style: inherit;\">RADIO 13C\u00a0\u00a0<\/span><\/strong><\/p><p><a href=\"https:\/\/www.litoralpress.cl\/sitio\/RadioTV_Detalles.cshtml?LPKey=EPOVAAKE4GT4M5LRSKAQKINUV6EIJWQYUUK64BEWWYYMTZUACNOZJRXKIJXRC3JD6WSVMPFUOAKPY\"><span style=\"font-style: inherit; font-weight: inherit;\">Balance Sistema Frontal y Cambio Clim\u00e1tico. Se refiere Patricio Gonz\u00e1lez Colville, agroclimat\u00f3logo del Centro de Investigaci\u00f3n y Transferencia en Riego y Agroclimatolog\u00eda (CITRA).\u00a0<\/span><\/a><\/p><p><span style=\"font-style: inherit; font-weight: inherit;\">\u00a0<\/span><\/p><p><strong><span style=\"font-style: inherit;\">RADIO AMIGA\u00a0<\/span><\/strong><\/p><p><a href=\"https:\/\/www.litoralpress.cl\/sitio\/RadioTV_Detalles.cshtml?LPKey=T6V3WOFZYIS7RV6XWRCM4NYFTHXZLNT6DMCNQPZYCYMS5O7S2EZXT4IWEJM6EP7K3MM2P2LLO63NA\"><span style=\"font-style: inherit; font-weight: inherit;\">Balance del sistema frontal: n\u00famero de damnificados. Se refiere Patricio Gonz\u00e1lez Colville, agroclimat\u00f3logo del Centro de Investigaci\u00f3n y Transferencia en Riego y Agroclimatolog\u00eda (CITRA).\u00a0<\/span><\/a><\/p><p><span style=\"font-style: inherit; font-weight: inherit;\">\u00a0<\/span><\/p><p><strong><span style=\"font-style: inherit;\">COOPERATIVA CIENCIA\u00a0<\/span><\/strong><\/p><p><a href=\"https:\/\/www.litoralpress.cl\/sitio\/RadioTV_Detalles.cshtml?LPKey=32K2DZNVS4V3DMHIIULLOBDNHMGQYVHMSYTIG6U4SAVBNWRXWQUX2K73B2H7G2ZFPGERV4DHR53MO\"><span style=\"font-style: inherit; font-weight: inherit;\">\u00bfC\u00f3mo viene el verano para Chile? Se refiere Patricio Gonz\u00e1lez Colville, agroclimat\u00f3logo del Centro de Investigaci\u00f3n y Transferencia en Riego y Agroclimatolog\u00eda (CITRA).\u00a0<\/span><\/a><\/p><p><span style=\"font-style: inherit; font-weight: inherit;\">\u00a0<\/span><\/p><p><strong><span style=\"font-style: inherit;\">ADPRENSA\u00a0<\/span><\/strong><\/p><p><a href=\"https:\/\/www.adprensa.cl\/cronica\/mes-del-corazon-expertos-entregan-recomendaciones-para-prevenir-enfermedades-cardiovasculares\/\"><span style=\"font-style: inherit; font-weight: inherit;\">Mes del coraz\u00f3n: Expertos entregan recomendaciones para prevenir enfermedades cardiovasculares. Se refieren el acad\u00e9mico del departamento de Ciencias Biom\u00e9dicas, Daniel Gonz\u00e1lez Reinoso; la acad\u00e9mica del departamento de Salud P\u00fablica, Macarena Said Galindo; y la acad\u00e9mica de la Escuela de Nutrici\u00f3n y Diet\u00e9tica, Mar\u00eda Jos\u00e9 Rojas Morales.\u00a0<\/span><\/a><\/p><p><span style=\"font-style: inherit; font-weight: inherit;\">\u00a0<\/span><\/p><p><strong><span style=\"font-style: inherit;\">MEDIABANCO\u00a0<\/span><\/strong><\/p><p><a href=\"https:\/\/www.mediabanco.com\/mes-del-corazon-expertos-entregan-recomendaciones-para-prevenir-enfermedades-cardiovasculares\/\"><span style=\"font-style: inherit; font-weight: inherit;\">Mes del coraz\u00f3n: Expertos entregan recomendaciones para prevenir enfermedades cardiovasculares. Se refieren el acad\u00e9mico del departamento de Ciencias Biom\u00e9dicas, Daniel Gonz\u00e1lez Reinoso; la acad\u00e9mica del departamento de Salud P\u00fablica, Macarena Said Galindo; y la acad\u00e9mica de la Escuela de Nutrici\u00f3n y Diet\u00e9tica, Mar\u00eda Jos\u00e9 Rojas Morales.\u00a0<\/span><\/a><\/p><p><span style=\"font-style: inherit; font-weight: inherit;\">\u00a0<\/span><\/p><p><strong><span style=\"font-style: inherit; font-weight: inherit;\">RADIOAGRICULTURA.CL\u00a0<\/span><\/strong><\/p><p><a href=\"https:\/\/www.radioagricultura.cl\/dato-practico\/2023\/08\/21\/mes-del-corazon-expertos-dan-recomendaciones-para-prevenir-enfermedades-cardiovasculares\/\"><span style=\"font-style: inherit;\">Mes del coraz\u00f3n: Expertos dan recomendaciones para prevenir enfermedades cardiovasculares.<\/span><span style=\"font-style: inherit;\">\u00a0<\/span><span style=\"font-style: inherit;\">Se refieren el acad\u00e9mico del departamento de Ciencias Biom\u00e9dicas, Daniel Gonz\u00e1lez Reinoso; la acad\u00e9mica del departamento de Salud P\u00fablica, Macarena Said Galindo; y la acad\u00e9mica de la Escuela de Nutrici\u00f3n y Diet\u00e9tica, Mar\u00eda Jos\u00e9 Rojas Morales.<\/span><span style=\"font-style: inherit;\">\u00a0<\/span><\/a><\/p><p><span style=\"font-style: inherit; font-weight: inherit;\">\u00a0<\/span><\/p><p><strong><span style=\"font-style: inherit; font-weight: inherit;\">EL MOSTRADOR\u00a0<\/span><\/strong><\/p><p><a href=\"https:\/\/www.elmostrador.cl\/agenda-pais\/agenda-social\/2023\/08\/19\/que-es-la-anomia-el-concepto-sobre-normas-sociales-que-gana-terreno-en-la-cultura-chilena\/\"><span style=\"font-style: inherit;\">\u00bfQu\u00e9 es la anomia? El concepto sobre normas sociales que gana terreno en la cultura chilena. Se refiere Emilio Moyano, acad\u00e9mico de la Facultad de Psicolog\u00eda.\u00a0<\/span><span style=\"font-style: inherit;\">\u00a0<\/span><\/a><\/p><p><span style=\"font-style: inherit; font-weight: inherit;\">\u00a0<\/span><\/p><p><strong><span style=\"font-style: inherit; font-weight: inherit;\">DIARIO EL HERALDO\u00a0<\/span><\/strong><\/p><p><a href=\"https:\/\/www.litoralpress.cl\/paginaconsultas\/Servicios_NClipSitio\/Get_Imagen_Nota.aspx?LPKey=B3U2QBTITP3VW3ORC4DCZNJKOU35MPVQIC7GPXI766PTDQUWU6E4J7IQ6S7XSCSRVZXLPGVKFAUSU\"><span style=\"font-style: inherit;\">Con fiesta de la poda UTalca inicia nuevo ciclo de producci\u00f3n de vino.\u00a0<\/span><span style=\"font-style: inherit;\">Se refiere el Patricio G\u00f3mez Arismendi, director del Campus Colchagua.<\/span><span style=\"font-style: inherit;\">\u00a0<\/span><\/a><\/p><p>\u00a0<\/p><p><strong><span style=\"font-style: inherit; font-weight: inherit;\">RADIO AMIGA\u00a0<\/span><\/strong><\/p><p><a href=\"https:\/\/www.litoralpress.cl\/sitio\/RadioTV_Detalles.cshtml?LPKey=B6W5QB2L3IRVSLYZGBYEI2W3HQFQ3BEHHDMOJQRG6F64IZ43CMMWVVOIMLTQ45YOZ6BEIVSEXKLEI\"><span style=\"font-style: inherit;\">Presentan &#8220;calza inteligente para adultos mayores&#8221;. Se refiere Javier Mu\u00f1oz Vidal, decano de la Facultad de Ingenier\u00eda y director del Proyecto.\u00a0<\/span><\/a><\/p><p>\u00a0<\/p><p><strong><span style=\"font-style: inherit; font-weight: inherit;\">BIOBIOCHILE.CL\u00a0<\/span><\/strong><\/p><p><a href=\"https:\/\/www.biobiochile.cl\/noticias\/nacional\/region-metropolitana\/2023\/08\/21\/primer-lunes-tras-alza-del-pasaje-en-transporte-publico-de-santiago-conoce-los-nuevos-valores-aqui.shtml\"><span style=\"font-style: inherit;\">Primer lunes tras alza del pasaje en transporte p\u00fablico de Santiago: conoce los nuevos valores aqu\u00ed.\u00a0Se refiere Emilio Moyano, acad\u00e9mico de la Facultad de Psicolog\u00eda.\u00a0<\/span><\/a><\/p><p>\u00a0<\/p><p><strong><span style=\"font-style: inherit;\">DIARIO FINANCIERO\u00a0<\/span><\/strong><\/p><p><a href=\"https:\/\/www.litoralpress.cl\/paginaconsultas\/Servicios_NClipSitio\/Get_Imagen_Nota.aspx?LPKey=JE6ZULYB3N4FUUZ3ONWROH3NO7JZ2F2SW43IDJNMBYNDKVAVGGWOAOIHADV25DD7H5BKTE56OHN4Y\"><span style=\"font-style: inherit; font-weight: inherit;\">La sostenida agon\u00eda de la Democracia Cristiana. Se refiere\u00a0Mauricio Morales, director del Centro de An\u00e1lisis Pol\u00edtico (CAP).\u00a0\u00a0\u00a0<\/span><\/a><\/p><p><strong><span style=\"font-style: inherit; font-weight: inherit;\">\u00a0<\/span><\/strong><\/p><p><strong><span style=\"font-style: inherit; font-weight: inherit;\">MEGANOTICIAS.CL\u00a0<\/span><\/strong><\/p><p><a href=\"https:\/\/www.meganoticias.cl\/nacional\/423079-columna-mauricio-morales-encuesta-cadem-expresidenta-bachelet-presidente-boric-frente-amplio-apruebo-dignidad-partidos-20-08-2023.html\"><span style=\"font-style: inherit;\">T\u00e1penlo con diario. Se refiere\u00a0Mauricio Morales, director del Centro de An\u00e1lisis Pol\u00edtico (CAP).\u00a0\u00a0\u00a0<\/span><\/a><\/p><p><span style=\"font-style: inherit; font-weight: inherit;\">\u00a0<\/span><\/p><p><strong><span style=\"font-style: inherit;\">LATERCERA.COM\u00a0<\/span><\/strong><\/p><p><a href=\"https:\/\/www.latercera.com\/opinion\/noticia\/columna-de-paulo-hidalgo-populismo-modelo-para-armar\/W6U3GNJZAJFRDOQ47PTR3PRQRE\/\"><span style=\"font-style: inherit; font-weight: inherit;\">Populismo: un modelo para armar. Se refiere Paulo Hidalgo, acad\u00e9mico de la Facultad de Ciencias Jur\u00eddicas y Sociales.\u00a0\u00a0<\/span><span style=\"font-style: inherit; font-weight: inherit;\">\u00a0<\/span><\/a><\/p><p><span style=\"font-style: inherit; font-weight: inherit;\">\u00a0<\/span><\/p><p><strong><span style=\"font-style: inherit;\">ENESTRADO.COM\u00a0<\/span><\/strong><\/p><p><a href=\"https:\/\/enestrado.com\/juran-nuevos-ministros-del-primer-tribunal-ambiental\/\"><span style=\"font-style: inherit; font-weight: inherit;\">Juran nuevos ministros del primer tribunal ambiental. Se menciona a la Universidad de Talca.\u00a0<\/span><\/a><\/p><p><span style=\"font-style: inherit; font-weight: inherit;\">\u00a0<\/span><\/p><p><strong><span style=\"font-style: inherit;\">LATRIBUNA.CL\u00a0<\/span><\/strong><\/p><p><a href=\"https:\/\/www.latribuna.cl\/agroforestal\/2023\/08\/21\/invitan-a-agricultores-afectados-por-inundaciones-a-participar-de-conversatorio-tecnico.html\"><span style=\"font-style: inherit; font-weight: inherit;\">Invitan a agricultores afectados por inundaciones a participar de Conversatorio T\u00e9cnico. Se menciona al Campus Curic\u00f3 de la Universidad de Talca.\u00a0<\/span><\/a><\/p><p><span style=\"font-style: inherit; font-weight: inherit;\">\u00a0<\/span><\/p><p><strong><span style=\"font-style: inherit;\">DIARIOSUSTENTABLE.COM\u00a0<\/span><\/strong><\/p><p><a href=\"https:\/\/www.diariosustentable.com\/2023\/08\/vina-vik-lanza-concurso-de-innovacion-enologica-para-impulsar-a-talentos-jovenes\/\"><span style=\"font-style: inherit; font-weight: inherit;\">Vi\u00f1a VIK lanza concurso de innovaci\u00f3n enol\u00f3gica para impulsar a talentos j\u00f3venes<\/span>.<span style=\"font-style: inherit; font-weight: inherit;\">\u00a0<\/span><span style=\"font-style: inherit; font-weight: inherit;\">Se menciona a la Universidad de Talca.\u00a0<\/span><\/a><\/p>\t\t\t\t\t\t<\/div>\n\t\t\t\t<\/div>\n\t\t\t\t\t<\/div>\n\t\t<\/div>\n\t\t\t\t\t\t\t<\/div>\n\t\t<\/section>\n\t\t\t\t\t\t<\/div>\n\t\t\t\t\t<\/div>\n\t\t","protected":false},"excerpt":{"rendered":"<p>ADPRENSA\u00a0 UTalca impulsa la transformaci\u00f3n digital en municipios de la Regi\u00f3n del Maule. Se refieren Carlos Torres Fuchslocher, rector; y Karin Saavedra Redlich, directora general de Vinculaci\u00f3n con el Medio.\u00a0 \u00a0 MEDIABANCO\u00a0 UTalca impulsa la transformaci\u00f3n digital en municipios de la Regi\u00f3n del Maule.\u00a0Se refieren Carlos Torres Fuchslocher, rector; y Karin Saavedra Redlich, directora general &hellip;<\/p>\n<p class=\"read-more\"> <a class=\"\" href=\"https:\/\/www.reportedeprensa.utalca.cl\/?p=8109\"> <span class=\"screen-reader-text\">22 de agosto de 2023<\/span> Read More &raquo;<\/a><\/p>\n","protected":false},"author":1,"featured_media":0,"comment_status":"closed","ping_status":"open","sticky":false,"template":"","format":"standard","meta":{"_monsterinsights_skip_tracking":false,"_monsterinsights_sitenote_active":false,"_monsterinsights_sitenote_note":"","_monsterinsights_sitenote_category":0},"categories":[39],"tags":[],"_links":{"self":[{"href":"https:\/\/www.reportedeprensa.utalca.cl\/index.php?rest_route=\/wp\/v2\/posts\/8109"}],"collection":[{"href":"https:\/\/www.reportedeprensa.utalca.cl\/index.php?rest_route=\/wp\/v2\/posts"}],"about":[{"href":"https:\/\/www.reportedeprensa.utalca.cl\/index.php?rest_route=\/wp\/v2\/types\/post"}],"author":[{"embeddable":true,"href":"https:\/\/www.reportedeprensa.utalca.cl\/index.php?rest_route=\/wp\/v2\/users\/1"}],"replies":[{"embeddable":true,"href":"https:\/\/www.reportedeprensa.utalca.cl\/index.php?rest_route=%2Fwp%2Fv2%2Fcomments&post=8109"}],"version-history":[{"count":4,"href":"https:\/\/www.reportedeprensa.utalca.cl\/index.php?rest_route=\/wp\/v2\/posts\/8109\/revisions"}],"predecessor-version":[{"id":8113,"href":"https:\/\/www.reportedeprensa.utalca.cl\/index.php?rest_route=\/wp\/v2\/posts\/8109\/revisions\/8113"}],"wp:attachment":[{"href":"https:\/\/www.reportedeprensa.utalca.cl\/index.php?rest_route=%2Fwp%2Fv2%2Fmedia&parent=8109"}],"wp:term":[{"taxonomy":"category","embeddable":true,"href":"https:\/\/www.reportedeprensa.utalca.cl\/index.php?rest_route=%2Fwp%2Fv2%2Fcategories&post=8109"},{"taxonomy":"post_tag","embeddable":true,"href":"https:\/\/www.reportedeprensa.utalca.cl\/index.php?rest_route=%2Fwp%2Fv2%2Ftags&post=8109"}],"curies":[{"name":"wp","href":"https:\/\/api.w.org\/{rel}","templated":true}]}}