{"id":8120,"date":"2023-08-23T13:12:52","date_gmt":"2023-08-23T16:12:52","guid":{"rendered":"https:\/\/www.reportedeprensa.utalca.cl\/?p=8120"},"modified":"2023-08-23T13:18:35","modified_gmt":"2023-08-23T16:18:35","slug":"23-de-agosto-de-2023","status":"publish","type":"post","link":"https:\/\/www.reportedeprensa.utalca.cl\/?p=8120","title":{"rendered":"23 de agosto de 2023"},"content":{"rendered":"\t\t<div data-elementor-type=\"wp-post\" data-elementor-id=\"8120\" class=\"elementor elementor-8120\" data-elementor-settings=\"[]\">\n\t\t\t\t\t\t\t<div class=\"elementor-section-wrap\">\n\t\t\t\t\t\t\t<section class=\"elementor-section elementor-top-section elementor-element elementor-element-10154d05 elementor-section-boxed elementor-section-height-default elementor-section-height-default\" data-id=\"10154d05\" data-element_type=\"section\">\n\t\t\t\t\t\t<div class=\"elementor-container elementor-column-gap-default\">\n\t\t\t\t\t<div class=\"elementor-column elementor-col-100 elementor-top-column elementor-element elementor-element-5db19c21\" data-id=\"5db19c21\" data-element_type=\"column\">\n\t\t\t<div class=\"elementor-widget-wrap elementor-element-populated\">\n\t\t\t\t\t\t\t\t<div class=\"elementor-element elementor-element-587e31be elementor-widget elementor-widget-text-editor\" data-id=\"587e31be\" data-element_type=\"widget\" data-widget_type=\"text-editor.default\">\n\t\t\t\t<div class=\"elementor-widget-container\">\n\t\t\t\t\t\t\t\t<p style=\"font-weight: 400;\"><strong><span style=\"font-style: inherit; font-weight: inherit;\">ADPRENSA\u00a0\u00a0<\/span><\/strong><\/p><p style=\"font-weight: 400;\"><a href=\"https:\/\/www.adprensa.cl\/cronica\/ampliacion-de-medidas-de-contingencia-para-la-comunidad-de-la-universidad-de-talca\/\"><span style=\"font-style: inherit;\">Ampliaci\u00f3n de medidas de contingencia para la comunidad de la Universidad de Talca. Se menciona al Consejo Acad\u00e9mico de la Universidad.\u00a0<\/span><\/a><\/p><p style=\"font-weight: 400;\"><span style=\"font-style: inherit; font-weight: inherit;\">\u00a0<\/span><\/p><p style=\"font-weight: 400;\"><strong><span style=\"font-style: inherit;\">MEDIABANCO\u00a0<\/span><\/strong><\/p><p style=\"font-weight: 400;\"><a href=\"https:\/\/www.mediabanco.com\/ampliacion-de-medidas-de-contingencia-para-la-comunidad-de-la-universidad-de-talca\/\"><span style=\"font-style: inherit; font-weight: inherit;\">Ampliaci\u00f3n de medidas de contingencia para la comunidad de la Universidad de Talca. Se menciona al Consejo Acad\u00e9mico de la Universidad.\u00a0<\/span><\/a><\/p><p style=\"font-weight: 400;\"><strong><span style=\"font-style: inherit;\">\u00a0<\/span><\/strong><\/p><p style=\"font-weight: 400;\"><strong><span style=\"font-style: inherit;\">ADPRENSA\u00a0<\/span><\/strong><\/p><p style=\"font-weight: 400;\"><a href=\"https:\/\/www.adprensa.cl\/cronica\/utalca-y-fundacion-museo-de-las-abejas-firman-convenio-para-el-cuidado-de-las-especies-silvestres-y-endemicas-de-chile\/\"><span style=\"font-style: inherit; font-weight: inherit;\">UTalca y Fundaci\u00f3n Museo de las Abejas firman convenio para el cuidado de las especies silvestres y end\u00e9micas de Chile. Se refiere Carlos Torres Fuchslocher, rector.\u00a0<\/span><\/a><\/p><p style=\"font-weight: 400;\"><span style=\"font-style: inherit; font-weight: inherit;\">\u00a0<\/span><\/p><p style=\"font-weight: 400;\"><strong><span style=\"font-style: inherit;\">MEDIABANCO\u00a0<\/span><\/strong><\/p><p style=\"font-weight: 400;\"><a href=\"https:\/\/www.mediabanco.com\/utalca-y-fundacion-museo-de-las-abejas-firman-convenio-para-el-cuidado-de-las-especies-silvestres-y-endemicas-de-chile\/\"><span style=\"font-style: inherit; font-weight: inherit;\">UTalca y Fundaci\u00f3n Museo de las Abejas firman convenio para el cuidado de las especies silvestres y end\u00e9micas de Chile. Se refiere Carlos Torres Fuchslocher, rector.\u00a0<\/span><\/a><\/p><p style=\"font-weight: 400;\">\u00a0<\/p><p style=\"font-weight: 400;\"><strong><span style=\"font-style: inherit; font-weight: inherit;\">DIARIOTALCA.CL\u00a0<\/span><\/strong><\/p><p style=\"font-weight: 400;\"><a href=\"https:\/\/diariotalca.cl\/firman-convenio-para-el-cuidado-de-las-especies-silvestres-y-endemicas-de-chile\/\"><span style=\"font-style: inherit;\">Firman convenio para el cuidado de las especies silvestres y end\u00e9micas de Chile. Se refiere Carlos Torres Fuchslocher, rector.\u00a0\u00a0<\/span><\/a><\/p><p style=\"font-weight: 400;\">\u00a0<\/p><p style=\"font-weight: 400;\"><strong><span style=\"font-style: inherit; font-weight: inherit;\">G5NOTICIAS.CL\u00a0<\/span><\/strong><\/p><p style=\"font-weight: 400;\"><a href=\"https:\/\/g5noticias.cl\/2023\/08\/22\/utalca-impulsa-la-transformacion-digital-en-municipios-de-la-region-del-maule\/\"><span style=\"font-style: inherit;\">UTalca impulsa la transformaci\u00f3n digital en municipios de la Regi\u00f3n del Maule. Se refieren Carlos Torres Fuchslocher, rector; y Karin Saavedra Redlich, directora general de Vinculaci\u00f3n con el Medio.\u00a0<\/span><\/a><\/p><p style=\"font-weight: 400;\">\u00a0<\/p><p style=\"font-weight: 400;\"><strong><span style=\"font-style: inherit; font-weight: inherit;\">TVN.CL\u00a0<\/span><\/strong><\/p><p style=\"font-weight: 400;\"><a href=\"https:\/\/www.tvn.cl\/ntv\/entrada-liberada\/capitulos\/entrada-liberada-llega-al-museo-de-felipe-camiroaga-condorito-y-museos-maule\"><span style=\"font-style: inherit;\">Entrada Liberada llega al Museo de Felipe Camiroaga, Condorito y museos del Maule. Se refiere Marcela Albornoz Dachelet, directora de Extensi\u00f3n Cultural \u2013 Art\u00edstica.\u00a0<\/span><\/a><\/p><p style=\"font-weight: 400;\"><span style=\"font-style: inherit; font-weight: inherit;\">\u00a0<\/span><\/p><p style=\"font-weight: 400;\"><strong><span style=\"font-style: inherit; font-weight: inherit;\">RADIO GUAYAC\u00c1N\u00a0<\/span><\/strong><\/p><p style=\"font-weight: 400;\"><a href=\"https:\/\/www.litoralpress.cl\/sitio\/RadioTV_Detalles.cshtml?LPKey=DTY5KWNJE37LKUHSQVYGROS7FB7LRWLQKCY73ENYB35ZE2T2KPS555XLBOK2KYMRNFYVEVLTRMGFA\"><span style=\"font-style: inherit;\">Efectos del sistema frontal en la agricultura y posibles alzas de precios. Se refiere Roberto Jara, acad\u00e9mico de la Facultad de Ciencias Agrarias.\u00a0\u00a0<\/span><\/a><\/p><p style=\"font-weight: 400;\"><span style=\"font-style: inherit; font-weight: inherit;\">\u00a0<\/span><\/p><p style=\"font-weight: 400;\"><strong><span style=\"font-style: inherit; font-weight: inherit;\">RADIO SONAR\u00a0<\/span><\/strong><\/p><p style=\"font-weight: 400;\"><a href=\"https:\/\/www.litoralpress.cl\/sitio\/RadioTV_Detalles.cshtml?LPKey=CPV3C47JTVBJRAKERSYMWX4J43OFPLYDTHON3QUFCG7SW564XG2J2MDOZRWGKVH2LM7DPHQFMMFXK\"><span style=\"font-style: inherit; font-weight: inherit;\">Balance sistema frontal y caracter\u00edsticas del r\u00edo atmosf\u00e9rico. Se refiere Patricio Gonz\u00e1lez Colville, agroclimat\u00f3logo del Centro de Investigaci\u00f3n y Transferencia en Riego y Agroclimatolog\u00eda (CITRA)<\/span><\/a><\/p><p style=\"font-weight: 400;\"><span style=\"font-style: inherit; font-weight: inherit;\">\u00a0<\/span><\/p><p style=\"font-weight: 400;\"><strong><span style=\"font-style: inherit; font-weight: inherit;\">EN L\u00cdNEA MAULE\u00a0<\/span><\/strong><\/p><p style=\"font-weight: 400;\"><a href=\"https:\/\/www.litoralpress.cl\/sitio\/RadioTV_Detalles.cshtml?LPKey=LIF6CD6UK6FAHTMYHKEHCYYETVVKL7FGZIWBQWCGT6GGLPS45DNBLYRYRYMZKOEWXGGP7QW7UDJZK\"><span style=\"font-style: inherit;\">Balance del sistema frontal. Se refiere Patricio Gonz\u00e1lez Colville, agroclimat\u00f3logo del Centro de Investigaci\u00f3n y Transferencia en Riego y Agroclimatolog\u00eda (CITRA).\u00a0<\/span><\/a><\/p><p style=\"font-weight: 400;\"><strong><span style=\"font-style: inherit; font-weight: inherit;\">\u00a0<\/span><\/strong><\/p><p style=\"font-weight: 400;\"><strong><span style=\"font-style: inherit;\">RADIO AMIGA\u00a0<\/span><\/strong><\/p><p style=\"font-weight: 400;\"><a href=\"https:\/\/www.litoralpress.cl\/sitio\/RadioTV_Detalles.cshtml?LPKey=KM6FIN55CCGJENUVQVAUG2KLDXYKSF6QN7Q7MPPIGQQVENQJH7F75WGCDNVM6P4QOHOPZ7R42GG2I\"><span style=\"font-style: inherit; font-weight: inherit;\">Detalles del sistema frontal. Se refiere Patricio Gonz\u00e1lez Colville, agroclimat\u00f3logo del Centro de Investigaci\u00f3n y Transferencia en Riego y Agroclimatolog\u00eda (CITRA).\u00a0<\/span><\/a><\/p><p style=\"font-weight: 400;\"><span style=\"font-style: inherit; font-weight: inherit;\">\u00a0<\/span><\/p><p style=\"font-weight: 400;\"><strong><span style=\"font-style: inherit; font-weight: inherit;\">EL MOSTRADOR\u00a0<\/span><\/strong><\/p><p style=\"font-weight: 400;\"><a href=\"https:\/\/www.elmostrador.cl\/agenda-pais\/vida-en-linea\/2023\/08\/22\/mes-del-corazon-expertos-entregan-recomendaciones-para-prevenir-enfermedades-cardiovasculares\/\"><span style=\"font-style: inherit; font-weight: inherit;\">Mes del coraz\u00f3n: Expertos dan recomendaciones para prevenir enfermedades cardiovasculares. Se refieren el acad\u00e9mico del departamento de Ciencias Biom\u00e9dicas, Daniel Gonz\u00e1lez Reinoso; la acad\u00e9mica del departamento de Salud P\u00fablica, Macarena Said Galindo; y la acad\u00e9mica de la Escuela de Nutrici\u00f3n y Diet\u00e9tica, Mar\u00eda Jos\u00e9 Rojas Morales.<\/span><\/a><\/p><p style=\"font-weight: 400;\"><span style=\"font-style: inherit; font-weight: inherit;\">\u00a0<\/span><\/p><p style=\"font-weight: 400;\"><strong><span style=\"font-style: inherit;\">DIARIOTALCA.CL\u00a0<\/span><\/strong><\/p><p style=\"font-weight: 400;\"><a href=\"https:\/\/diariotalca.cl\/mes-del-corazon-entregan-recomendaciones-para-prevenir-enfermedades-cardiovasculares\/\"><span style=\"font-style: inherit; font-weight: inherit;\">Mes del coraz\u00f3n: Expertos dan recomendaciones para prevenir enfermedades cardiovasculares. Se refieren el acad\u00e9mico del departamento de Ciencias Biom\u00e9dicas, Daniel Gonz\u00e1lez Reinoso; la acad\u00e9mica del departamento de Salud P\u00fablica, Macarena Said Galindo; y la acad\u00e9mica de la Escuela de Nutrici\u00f3n y Diet\u00e9tica, Mar\u00eda Jos\u00e9 Rojas Morales.\u00a0<\/span><\/a><\/p><p style=\"font-weight: 400;\"><span style=\"font-style: inherit; font-weight: inherit;\">\u00a0<\/span><\/p><p style=\"font-weight: 400;\"><strong><span style=\"font-style: inherit;\">CIENCIAYSALUD.CL\u00a0<\/span><\/strong><\/p><p style=\"font-weight: 400;\"><a href=\"https:\/\/cienciaysalud.cl\/2023\/08\/22\/mes-del-corazon-expertos-entregan-recomendaciones-para-prevenir-enfermedades-cardiovasculares\/\"><span style=\"font-style: inherit; font-weight: inherit;\">Mes del coraz\u00f3n: Expertos dan recomendaciones para prevenir enfermedades cardiovasculares. Se refieren el acad\u00e9mico del departamento de Ciencias Biom\u00e9dicas, Daniel Gonz\u00e1lez Reinoso; la acad\u00e9mica del departamento de Salud P\u00fablica, Macarena Said Galindo; y la acad\u00e9mica de la Escuela de Nutrici\u00f3n y Diet\u00e9tica, Mar\u00eda Jos\u00e9 Rojas Morales.\u00a0<\/span><\/a><\/p><p style=\"font-weight: 400;\"><span style=\"font-style: inherit; font-weight: inherit;\">\u00a0<\/span><\/p><p style=\"font-weight: 400;\"><strong><span style=\"font-style: inherit;\">DIARIO EL HERALDO\u00a0<\/span><\/strong><\/p><p style=\"font-weight: 400;\"><a href=\"https:\/\/www.litoralpress.cl\/paginaconsultas\/Servicios_NClipSitio\/Get_Imagen_Nota.aspx?LPKey=NPSXNLYFZUYAV7XUBVH3T7SJBDK57ELDPBHAZYN6SIPRAV2W2BIKISE3H5ARW3VHJQS5PMFWH5ZGA\"><span style=\"font-style: inherit; font-weight: inherit;\">Mes del coraz\u00f3n: Expertos dan recomendaciones para prevenir enfermedades cardiovasculares. Se refieren el acad\u00e9mico del departamento de Ciencias Biom\u00e9dicas, Daniel Gonz\u00e1lez Reinoso; la acad\u00e9mica del departamento de Salud P\u00fablica, Macarena Said Galindo; y la acad\u00e9mica de la Escuela de Nutrici\u00f3n y Diet\u00e9tica, Mar\u00eda Jos\u00e9 Rojas Morales.\u00a0<\/span><\/a><\/p><p style=\"font-weight: 400;\"><span style=\"font-style: inherit; font-weight: inherit;\">\u00a0<\/span><\/p><p style=\"font-weight: 400;\"><strong><span style=\"font-style: inherit; font-weight: inherit;\">DIARIO EL LABRADOR\u00a0<\/span><\/strong><\/p><p style=\"font-weight: 400;\"><a href=\"https:\/\/www.litoralpress.cl\/paginaconsultas\/Servicios_NClipSitio\/Get_Imagen_Nota.aspx?LPKey=GLJ2CA3AS3E73TKAYXKRWJOO53CM7PK2JTQVUOSB5JP7MNOLBCR5JY4WT7SF5DD5ICJIPYL75I3AW\"><span style=\"font-style: inherit;\">Primer lunes tras alza del pasaje en transporte p\u00fablico de Santiago: conoce los nuevos valores aqu\u00ed. Se refiere Emilio Moyano, acad\u00e9mico de la Facultad de Psicolog\u00eda.\u00a0<\/span><\/a><\/p><p style=\"font-weight: 400;\">\u00a0<\/p><p style=\"font-weight: 400;\"><strong><span style=\"font-style: inherit;\">USACH.CL\u00a0<\/span><\/strong><\/p><p style=\"font-weight: 400;\"><a href=\"https:\/\/usach.cl\/news\/planteles-del-estado-impulsan-oportunidades-empleo-la-3deg-feria-laboral-regrat\"><span style=\"font-style: inherit; font-weight: inherit;\">Planteles del Estado impulsan oportunidades de empleo en la 3\u00b0 Feria Laboral Regrat. Se menciona a la Universidad de Talca.\u00a0<\/span><\/a><\/p><p style=\"font-weight: 400;\"><span style=\"font-style: inherit; font-weight: inherit;\">\u00a0<\/span><\/p><p style=\"font-weight: 400;\"><strong><span style=\"font-style: inherit; font-weight: inherit;\">RADIO INFINITA\u00a0<\/span><\/strong><\/p><p style=\"font-weight: 400;\"><a href=\"https:\/\/www.litoralpress.cl\/sitio\/RadioTV_Detalles.cshtml?LPKey=NUSVCKNF7EYW257T3BNOQMDEP2XZ6WUPTS7JQN4JBMCLUJ7ZCS5VAW6FCV6ID2SJOLHHQMPM46PPQ\"><span style=\"font-style: inherit;\">Comentario de pol\u00edtica de Mauricio Morales, director del Centro de An\u00e1lisis Pol\u00edtico (CAP).\u00a0\u00a0\u00a0<\/span><\/a><\/p><p style=\"font-weight: 400;\"><span style=\"font-style: inherit; font-weight: inherit;\">\u00a0<\/span><\/p><p style=\"font-weight: 400;\"><strong><span style=\"font-style: inherit;\">DIARIO CHA\u00d1ARCILLO\u00a0<\/span><\/strong><\/p><p style=\"font-weight: 400;\"><a href=\"https:\/\/www.litoralpress.cl\/paginaconsultas\/Servicios_NClipSitio\/Get_Imagen_Nota.aspx?LPKey=LUXSIKUXWBW6PAHITWS3BU7YKOUD3326VHUSRJGFV6KOVCG4E5MON4QUKJXN3TO7PDU4PPURZUP24\"><span style=\"font-style: inherit; font-weight: inherit;\">Juran nuevos ministros del primer tribunal ambiental. Se menciona a la Universidad de Talca.\u00a0<\/span><\/a><\/p><p style=\"font-weight: 400;\">\u00a0<\/p><p style=\"font-weight: 400;\"><strong><span style=\"font-style: inherit;\">MUNDOAGROPECUARIO.CL\u00a0<\/span><\/strong><\/p><p style=\"font-weight: 400;\"><a href=\"https:\/\/www.mundoagropecuario.cl\/new\/conoce-todos-los-imperdibles-de-expo-chile-agricola-2023\/\"><span style=\"font-style: inherit; font-weight: inherit;\">Conoce los imperdibles de la Expo Chile Agr\u00edcola 2023. Se menciona Thikagro de la Universidad de Talca.\u00a0<\/span><\/a><\/p>\t\t\t\t\t\t<\/div>\n\t\t\t\t<\/div>\n\t\t\t\t\t<\/div>\n\t\t<\/div>\n\t\t\t\t\t\t\t<\/div>\n\t\t<\/section>\n\t\t\t\t\t\t<\/div>\n\t\t\t\t\t<\/div>\n\t\t","protected":false},"excerpt":{"rendered":"<p>ADPRENSA\u00a0\u00a0 Ampliaci\u00f3n de medidas de contingencia para la comunidad de la Universidad de Talca. Se menciona al Consejo Acad\u00e9mico de la Universidad.\u00a0 \u00a0 MEDIABANCO\u00a0 Ampliaci\u00f3n de medidas de contingencia para la comunidad de la Universidad de Talca. Se menciona al Consejo Acad\u00e9mico de la Universidad.\u00a0 \u00a0 ADPRENSA\u00a0 UTalca y Fundaci\u00f3n Museo de las Abejas firman &hellip;<\/p>\n<p class=\"read-more\"> <a class=\"\" href=\"https:\/\/www.reportedeprensa.utalca.cl\/?p=8120\"> <span class=\"screen-reader-text\">23 de agosto de 2023<\/span> Read More &raquo;<\/a><\/p>\n","protected":false},"author":1,"featured_media":0,"comment_status":"closed","ping_status":"open","sticky":false,"template":"","format":"standard","meta":{"_monsterinsights_skip_tracking":false,"_monsterinsights_sitenote_active":false,"_monsterinsights_sitenote_note":"","_monsterinsights_sitenote_category":0},"categories":[39],"tags":[],"_links":{"self":[{"href":"https:\/\/www.reportedeprensa.utalca.cl\/index.php?rest_route=\/wp\/v2\/posts\/8120"}],"collection":[{"href":"https:\/\/www.reportedeprensa.utalca.cl\/index.php?rest_route=\/wp\/v2\/posts"}],"about":[{"href":"https:\/\/www.reportedeprensa.utalca.cl\/index.php?rest_route=\/wp\/v2\/types\/post"}],"author":[{"embeddable":true,"href":"https:\/\/www.reportedeprensa.utalca.cl\/index.php?rest_route=\/wp\/v2\/users\/1"}],"replies":[{"embeddable":true,"href":"https:\/\/www.reportedeprensa.utalca.cl\/index.php?rest_route=%2Fwp%2Fv2%2Fcomments&post=8120"}],"version-history":[{"count":4,"href":"https:\/\/www.reportedeprensa.utalca.cl\/index.php?rest_route=\/wp\/v2\/posts\/8120\/revisions"}],"predecessor-version":[{"id":8124,"href":"https:\/\/www.reportedeprensa.utalca.cl\/index.php?rest_route=\/wp\/v2\/posts\/8120\/revisions\/8124"}],"wp:attachment":[{"href":"https:\/\/www.reportedeprensa.utalca.cl\/index.php?rest_route=%2Fwp%2Fv2%2Fmedia&parent=8120"}],"wp:term":[{"taxonomy":"category","embeddable":true,"href":"https:\/\/www.reportedeprensa.utalca.cl\/index.php?rest_route=%2Fwp%2Fv2%2Fcategories&post=8120"},{"taxonomy":"post_tag","embeddable":true,"href":"https:\/\/www.reportedeprensa.utalca.cl\/index.php?rest_route=%2Fwp%2Fv2%2Ftags&post=8120"}],"curies":[{"name":"wp","href":"https:\/\/api.w.org\/{rel}","templated":true}]}}