{"id":8131,"date":"2023-08-25T00:01:04","date_gmt":"2023-08-25T03:01:04","guid":{"rendered":"https:\/\/www.reportedeprensa.utalca.cl\/?p=8131"},"modified":"2023-08-25T00:06:51","modified_gmt":"2023-08-25T03:06:51","slug":"24-de-agosto-de-2023","status":"publish","type":"post","link":"https:\/\/www.reportedeprensa.utalca.cl\/?p=8131","title":{"rendered":"24 de agosto de 2023"},"content":{"rendered":"\t\t<div data-elementor-type=\"wp-post\" data-elementor-id=\"8131\" class=\"elementor elementor-8131\" data-elementor-settings=\"[]\">\n\t\t\t\t\t\t\t<div class=\"elementor-section-wrap\">\n\t\t\t\t\t\t\t<section class=\"elementor-section elementor-top-section elementor-element elementor-element-10154d05 elementor-section-boxed elementor-section-height-default elementor-section-height-default\" data-id=\"10154d05\" data-element_type=\"section\">\n\t\t\t\t\t\t<div class=\"elementor-container elementor-column-gap-default\">\n\t\t\t\t\t<div class=\"elementor-column elementor-col-100 elementor-top-column elementor-element elementor-element-5db19c21\" data-id=\"5db19c21\" data-element_type=\"column\">\n\t\t\t<div class=\"elementor-widget-wrap elementor-element-populated\">\n\t\t\t\t\t\t\t\t<div class=\"elementor-element elementor-element-587e31be elementor-widget elementor-widget-text-editor\" data-id=\"587e31be\" data-element_type=\"widget\" data-widget_type=\"text-editor.default\">\n\t\t\t\t<div class=\"elementor-widget-container\">\n\t\t\t\t\t\t\t\t<p><strong>PUBLIMICRO<\/strong><\/p><p><a href=\"https:\/\/publimicro.cl\/universidad-de-talca-informa-de-suspension-de-clases-hasta-el-25-de-agosto-debido-al-frente-de-mal-tiempo-que-afecta-a-la-region\/\">Universidad de Talca informa de suspensi\u00f3n de clases, hasta el 25 de agosto, debido al frente de mal tiempo que afecta a la region. Se menciona al Consejo Acad\u00e9mico.<\/a><\/p><p>\u00a0<\/p><p><strong>EL LECTOR<\/strong><\/p><p><a href=\"https:\/\/www.litoralpress.cl\/paginaconsultas\/Servicios_NClipSitio\/Get_Imagen_Nota.aspx?LPKey=EQ2G3FRLHX766YTJOJ3V42WJKG5LD4KTCIHLEDG6FUJCO23CXKRMEN4P6XM4WSSDQH5ZATDORMVG2\">UTalca impulsa la transformaci\u00f3n digital en municipios de la Regi\u00f3n del Maule. Se refieren Carlos Torres Fuchslocher, rector; y Karin Saavedra Redlich, directora general de Vinculaci\u00f3n con el Medio.<\/a><\/p><p>\u00a0<\/p><p><strong>ELMAULEINFORMA.CL<\/strong><\/p><p><a href=\"https:\/\/elmauleinforma.cl\/utalca-y-fundacion-museo-de-las-abejas-firman-convenio-para-el-cuidado-de-las-especies-silvestres-y-endemicas-de-chile\/\">UTalca y Fundaci\u00f3n Museo de las Abejas firman convenio para el cuidado de las especies silvestres y end\u00e9micas de Chile. Se refiere Carlos Torres Fuchslocher, rector.<\/a><\/p><p>\u00a0<\/p><p><strong>CIENCIAYSALUD.CL<\/strong><\/p><p><a href=\"https:\/\/cienciaysalud.cl\/2023\/08\/23\/calza-inteligente-demostro-positivos-resultados-para-mejorar-la-calidad-de-vida-de-adultos-mayores\/\">\u201cCalza inteligente\u201d demostr\u00f3 positivos resultados para mejorar la calidad de vida de adultos mayores. Se refieren Javier Mu\u00f1oz Vidal, decano de la Facultad de Ingenier\u00eda y director del Proyecto; Jessica Espinoza Araneda, docente de la Escuela de Kinesiolog\u00eda; y Ariela Vergara Jaque, vicerrectora de Innovaci\u00f3n.<\/a><\/p><p>\u00a0<\/p><p><strong>G5NOTICIAS.CL<\/strong><\/p><p><a href=\"https:\/\/g5noticias.cl\/2023\/08\/23\/especulacion-del-mercado-y-menor-oferta-generarian-alzas-en-el-precio-de-las-hortalizas\/\">Especulaci\u00f3n del mercado y menor oferta generar\u00edan alzas en el precio de las hortalizas. Se refiere Roberto Jara, acad\u00e9mico de la Facultad de Ciencias Agrarias.<\/a><\/p><p>\u00a0<\/p><p><strong>SEPTIMAPAGINANOTICIAS.CL<\/strong><\/p><p><a href=\"https:\/\/www.septimapaginanoticias.cl\/especulacion-del-mercado-y-menor-oferta-generarian-alzas-en-el-precio-de-las-hortalizas\">Especulaci\u00f3n del mercado y menor oferta generar\u00edan alzas en el precio de las hortalizas. Se refiere Roberto Jara, acad\u00e9mico de la Facultad de Ciencias Agrarias.<\/a><\/p><p>\u00a0<\/p><p><strong>ELMAULEINFORMA.CL<\/strong><\/p><p><a href=\"https:\/\/elmauleinforma.cl\/especulacion-del-mercado-y-menor-oferta-generarian-alzas-en-el-precio-de-las-hortalizas\/\">Especulaci\u00f3n del mercado y menor oferta generar\u00edan alzas en el precio de las hortalizas. Se refiere Roberto Jara, acad\u00e9mico de la Facultad de Ciencias Agrarias.<\/a><\/p><p>\u00a0<\/p><p><strong>ULTIMAHORA.CL<\/strong><\/p><p><a href=\"https:\/\/www.ultimahora.cl\/especulacion-del-mercado-y-menor-oferta-generarian-alzas-en-el-precio-de-las-hortalizas\/\">Especulaci\u00f3n del mercado y menor oferta generar\u00edan alzas en el precio de las hortalizas. Se refere Roberto Jara, acad\u00e9mico de la Facultad de Ciencias Agrarias.<\/a><\/p><p>\u00a0<\/p><p><strong>RADIO AMIGA<\/strong><\/p><p><a href=\"https:\/\/www.litoralpress.cl\/sitio\/RadioTV_Detalles.cshtml?LPKey=3VT6ABVRORO7VKBTXX57QMDFTYSWSZ6XVDMY7FNV5NW7DZPF3FYUYZYQMANXKNDKYKK2223D46DIK\">Agroclimat\u00f3logo de la\u00a0Universidad de Talca\u00a0descarta un tercer r\u00edo atmosf\u00e9rico para el Maule. Se refiere Patricio Gonz\u00e1lez Colville, agroclimat\u00f3logo del Centro de Investigaci\u00f3n y Transferencia en Riego y Agroclimatolog\u00eda (CITRA).<\/a><\/p><p>\u00a0<\/p><p><strong>CNN CHILE<\/strong><\/p><p><a href=\"https:\/\/www.litoralpress.cl\/sitio\/RadioTV_Detalles.cshtml?LPKey=OKANXNRHHLH4N6NWTBBWIVSURL4EEMOZUI3FHNH7U5W4C3OGT3245DN55UVOCK5CLOLY6MHXBB5PE\">Sistema frontal recarga embalses a nivel nacional. Se refiere Roberto Pizarro, acad\u00e9mico del Instituto Interdisciplinario de Innovaci\u00f3n.<\/a><\/p><p>\u00a0<\/p><p><strong>\u00a0EL MERCURIO<\/strong><\/p><p><a href=\"https:\/\/www.elmercurio.com\/legal\/Registro\/Login.aspx?urlBack=\/Legal\/Noticias\/Opinion\/2023\/08\/23\/912727\/desafios-facultad-derecho-universidad-estatal.aspx\">Algunos de los desaf\u00edos que tiene una facultad de Derecho de una universidad estatal hoy. Se refiere Diego Palomo V\u00e9lez, acad\u00e9mico de la Facultad de Ciencias Jur\u00eddicas y Sociales.<\/a><\/p><p>\u00a0<\/p><p><strong>DIARIOELCENTRO.CL<\/strong><\/p><p><a href=\"https:\/\/www.diarioelcentro.cl\/2023\/08\/23\/la-cancelacion\/\">La cancelaci\u00f3n. Se refiere Diego Palomo V\u00e9lez, acad\u00e9mico de la Facultad de Ciencias Jur\u00eddicas y Sociales.<\/a><\/p><p>\u00a0<\/p><p><strong>RADIO INFINITA<\/strong><\/p><p><a href=\"https:\/\/www.litoralpress.cl\/sitio\/RadioTV_Detalles.cshtml?LPKey=2RUEPQBVOFESAS6OKO6GSGP66LJL5DXBAPGCYDXRHRED7BYM5O5IXIZZH2LXLL2RDMVF3LLBONRUK\">Comentario de pol\u00edtica de Mauricio Morales, director del Centro de An\u00e1lisis Pol\u00edtico (CAP).\u00a0<\/a>\u00a0<\/p><p>\u00a0<\/p><p><strong>EXPLORA.CL<\/strong><\/p><p><a href=\"https:\/\/www.explora.cl\/maule\/universidad-de-talca-se-adjudica-el-feci-2023-festival-que-llevara-las-ciencias-a-diversas-comunas-del-maule\/\">Universidad de Talca se adjudica el FECI 2023, festival que llevar\u00e1 las ciencias a diversas comunas del Maule. Se refieren Karin Saavedra, Directora General de Vinculaci\u00f3n con el Medio; C\u00e9sar Retamal, acad\u00e9mico de la Facultad de Ingenier\u00eda; y Leonardo Leottau, director del Explora Maule.\u00a0<\/a><\/p><p>\u00a0<\/p><p><strong>RADIOREVELEACIONFM.CL<\/strong><\/p><p><a href=\"https:\/\/radiorevelacionfm.cl\/?p=34145\">Los bosques de Lenga y \u00d1irre de Ays\u00e9n se adaptan a condiciones m\u00e1s secas. Se menciona a Alex Fajardo ec\u00f3logo forestal.<\/a><\/p><p>\u00a0<\/p><p><strong>DIARIO EL LONGINO<\/strong><\/p><p><a href=\"https:\/\/www.litoralpress.cl\/paginaconsultas\/Servicios_NClipSitio\/Get_Imagen_Nota.aspx?LPKey=TTYEREQSOH6HTGX6WQ77FGNA7HX6D7SPN43WSXZGWMURU2EFHGRT3U5ZMB6R37WQJJU36G52GNVAK\">Juran nuevos ministros del primer tribunal ambiental. Se menciona a la Universidad de Talca.<\/a><\/p>\t\t\t\t\t\t<\/div>\n\t\t\t\t<\/div>\n\t\t\t\t\t<\/div>\n\t\t<\/div>\n\t\t\t\t\t\t\t<\/div>\n\t\t<\/section>\n\t\t\t\t\t\t<\/div>\n\t\t\t\t\t<\/div>\n\t\t","protected":false},"excerpt":{"rendered":"<p>PUBLIMICRO Universidad de Talca informa de suspensi\u00f3n de clases, hasta el 25 de agosto, debido al frente de mal tiempo que afecta a la region. Se menciona al Consejo Acad\u00e9mico. \u00a0 EL LECTOR UTalca impulsa la transformaci\u00f3n digital en municipios de la Regi\u00f3n del Maule. Se refieren Carlos Torres Fuchslocher, rector; y Karin Saavedra Redlich, &hellip;<\/p>\n<p class=\"read-more\"> <a class=\"\" href=\"https:\/\/www.reportedeprensa.utalca.cl\/?p=8131\"> <span class=\"screen-reader-text\">24 de agosto de 2023<\/span> Read More &raquo;<\/a><\/p>\n","protected":false},"author":1,"featured_media":0,"comment_status":"closed","ping_status":"open","sticky":false,"template":"","format":"standard","meta":{"_monsterinsights_skip_tracking":false,"_monsterinsights_sitenote_active":false,"_monsterinsights_sitenote_note":"","_monsterinsights_sitenote_category":0},"categories":[39],"tags":[],"_links":{"self":[{"href":"https:\/\/www.reportedeprensa.utalca.cl\/index.php?rest_route=\/wp\/v2\/posts\/8131"}],"collection":[{"href":"https:\/\/www.reportedeprensa.utalca.cl\/index.php?rest_route=\/wp\/v2\/posts"}],"about":[{"href":"https:\/\/www.reportedeprensa.utalca.cl\/index.php?rest_route=\/wp\/v2\/types\/post"}],"author":[{"embeddable":true,"href":"https:\/\/www.reportedeprensa.utalca.cl\/index.php?rest_route=\/wp\/v2\/users\/1"}],"replies":[{"embeddable":true,"href":"https:\/\/www.reportedeprensa.utalca.cl\/index.php?rest_route=%2Fwp%2Fv2%2Fcomments&post=8131"}],"version-history":[{"count":4,"href":"https:\/\/www.reportedeprensa.utalca.cl\/index.php?rest_route=\/wp\/v2\/posts\/8131\/revisions"}],"predecessor-version":[{"id":8135,"href":"https:\/\/www.reportedeprensa.utalca.cl\/index.php?rest_route=\/wp\/v2\/posts\/8131\/revisions\/8135"}],"wp:attachment":[{"href":"https:\/\/www.reportedeprensa.utalca.cl\/index.php?rest_route=%2Fwp%2Fv2%2Fmedia&parent=8131"}],"wp:term":[{"taxonomy":"category","embeddable":true,"href":"https:\/\/www.reportedeprensa.utalca.cl\/index.php?rest_route=%2Fwp%2Fv2%2Fcategories&post=8131"},{"taxonomy":"post_tag","embeddable":true,"href":"https:\/\/www.reportedeprensa.utalca.cl\/index.php?rest_route=%2Fwp%2Fv2%2Ftags&post=8131"}],"curies":[{"name":"wp","href":"https:\/\/api.w.org\/{rel}","templated":true}]}}