{"id":8142,"date":"2023-08-25T12:54:18","date_gmt":"2023-08-25T15:54:18","guid":{"rendered":"https:\/\/www.reportedeprensa.utalca.cl\/?p=8142"},"modified":"2023-08-25T13:04:47","modified_gmt":"2023-08-25T16:04:47","slug":"25-de-agosto-de-2023","status":"publish","type":"post","link":"https:\/\/www.reportedeprensa.utalca.cl\/?p=8142","title":{"rendered":"25 de agosto de 2023"},"content":{"rendered":"\t\t<div data-elementor-type=\"wp-post\" data-elementor-id=\"8142\" class=\"elementor elementor-8142\" data-elementor-settings=\"[]\">\n\t\t\t\t\t\t\t<div class=\"elementor-section-wrap\">\n\t\t\t\t\t\t\t<section class=\"elementor-section elementor-top-section elementor-element elementor-element-10154d05 elementor-section-boxed elementor-section-height-default elementor-section-height-default\" data-id=\"10154d05\" data-element_type=\"section\">\n\t\t\t\t\t\t<div class=\"elementor-container elementor-column-gap-default\">\n\t\t\t\t\t<div class=\"elementor-column elementor-col-100 elementor-top-column elementor-element elementor-element-5db19c21\" data-id=\"5db19c21\" data-element_type=\"column\">\n\t\t\t<div class=\"elementor-widget-wrap elementor-element-populated\">\n\t\t\t\t\t\t\t\t<div class=\"elementor-element elementor-element-587e31be elementor-widget elementor-widget-text-editor\" data-id=\"587e31be\" data-element_type=\"widget\" data-widget_type=\"text-editor.default\">\n\t\t\t\t<div class=\"elementor-widget-container\">\n\t\t\t\t\t\t\t\t<div><p class=\"x_MsoNormal\"><span class=\"x_ContentPasted0 ContentPasted0\" lang=\"es-419\"><b>LA PRENSA DE CURIC\u00d3\u00a0<\/b><\/span><\/p><p class=\"x_MsoNormal\"><a href=\"https:\/\/www.litoralpress.cl\/paginaconsultas\/Servicios_NClipSitio\/Get_Imagen_Nota.aspx?LPKey=RHJN4N2KHCZKVGGGGYSW3JNMIWGPAPMKGCVTQBNAT5FUJAPAODKFKJ537FQWGQVKE2X5NMTPREE2I\"><span class=\"x_ContentPasted0 ContentPasted0\" lang=\"es-419\">Ampl\u00edan medidas de contingencia en la UTalca. Se menciona al Consejo de Acad\u00e9mico.\u00a0\u00a0<\/span><\/a><\/p><p class=\"x_MsoNormal\">\u00a0<\/p><p class=\"x_MsoNormal\"><span class=\"ContentPasted0\" lang=\"es-419\"><span class=\"x_elementToProof\"><span class=\"ContentPasted1\"><b>PUBLIMETRO<\/b><\/span><\/span><\/span><\/p><div class=\"x_elementToProof\"><div><a href=\"https:\/\/www.litoralpress.cl\/paginaconsultas\/Servicios_NClipSitio\/Get_Imagen_Nota.aspx?LPKey=QEBAHNI6MPWZGOFSPVBHLMUDXL5YORAO53WVT4OBHG5ELO7YIUWMXDRPYC7I4TPYXGPRHYDSUU7OC\"><span class=\"x_ContentPasted0 ContentPasted1\">Advierten posible especulaci\u00f3n detr\u00e1s del alza en los precios de varios productos agr\u00edcolas.<\/span><span class=\"x_ContentPasted0 ContentPasted1\">\u00a0<span class=\"x_ContentPasted0 ContentPasted0 ContentPasted4\" lang=\"es-419\">Se refiere Roberto Jara, acad\u00e9mico de la Facultad de Ciencias Agrarias.<\/span><span class=\"ContentPasted0 ContentPasted4\" lang=\"es-419\">\u00a0<\/span><\/span><\/a><\/div><div>\u00a0<\/div><\/div><p class=\"x_MsoNormal\"><strong><span class=\"x_ContentPasted0 ContentPasted0\" lang=\"es-419\">EL MOSTRADOR\u00a0<\/span><\/strong><\/p><p class=\"x_MsoNormal\"><a href=\"https:\/\/www.elmostrador.cl\/mercados\/2023\/08\/24\/especulacion-del-mercado-y-menor-oferta-generarian-alzas-en-el-precio-de-las-hortalizas\/\"><span class=\"x_ContentPasted0 ContentPasted0\" lang=\"es-419\">Efectos del temporal en el alza de precios de las hortalizas.<span class=\"ContentPasted0\">\u00a0<\/span><\/span><span class=\"x_ContentPasted0 ContentPasted0\" lang=\"es-419\">Se refiere Roberto Jara, acad\u00e9mico de la Facultad de Ciencias Agrarias.<\/span><span class=\"ContentPasted0\" lang=\"es-419\">\u00a0<\/span><\/a><\/p><p class=\"x_MsoNormal\"><span class=\"ContentPasted0\" lang=\"es-419\">\u00a0<\/span><\/p><p class=\"x_MsoNormal\"><span class=\"x_ContentPasted0 ContentPasted0\" lang=\"es-419\"><b>DIARIO FINANCIERO\u00a0<\/b><\/span><\/p><p class=\"x_MsoNormal\"><a href=\"https:\/\/www.df.cl\/economia-y-politica\/macro\/academico-de-la-universidad-de-talca-ve-factible-alza-de-precios-por\"><span class=\"x_ContentPasted0 ContentPasted0\" lang=\"es-419\">Acad\u00e9mico de la Universidad de Talca ve factible alza de precios, pero advierte riesgo de especulaci\u00f3n.\u00a0\u00a0<span class=\"x_ContentPasted0 ContentPasted0 ContentPasted3\" lang=\"es-419\">Se refiere Roberto Jara, acad\u00e9mico de la Facultad de Ciencias Agrarias.<\/span><span class=\"ContentPasted0 ContentPasted3\" lang=\"es-419\">\u00a0<\/span><\/span><\/a><\/p><p>\u00a0<\/p><p class=\"x_MsoNormal\"><strong><span class=\"x_ContentPasted0 ContentPasted0\" lang=\"es-419\">ELTIPOGRAFO.CL\u00a0<\/span><\/strong><\/p><p class=\"x_MsoNormal\"><a href=\"https:\/\/eltipografo.cl\/2023\/08\/efectos-del-temporal-alza-en-el-precio-de-las-hortalizas\"><span class=\"x_ContentPasted0 ContentPasted0\" lang=\"es-419\">Efectos del temporal en el alza de precios de las hortalizas.<span class=\"ContentPasted0\">\u00a0<\/span><\/span><span class=\"x_ContentPasted0 ContentPasted0\" lang=\"es-419\">Se refiere Roberto Jara, acad\u00e9mico de la Facultad de Ciencias Agrarias.<\/span><span class=\"ContentPasted0\" lang=\"es-419\">\u00a0<\/span><\/a><\/p><p class=\"x_MsoNormal\">\u00a0<\/p><p class=\"x_MsoNormal\"><strong><span class=\"x_ContentPasted0 ContentPasted0\" lang=\"es-419\">LA PRENSA DE CURIC\u00d3\u00a0<\/span><\/strong><\/p><p class=\"x_MsoNormal\"><a href=\"https:\/\/www.litoralpress.cl\/paginaconsultas\/Servicios_NClipSitio\/Get_Imagen_Nota.aspx?LPKey=RO3JHHCHSJCRJ4LH4RRAHGYNA3J4M5NLUXMUCOOFDRVSKAV2UENCNDOX6Q4LLDZSWM4364TVXTXVM\"><span class=\"x_ContentPasted0 ContentPasted0\" lang=\"es-419\">Prev\u00e9n alza de precios en las hortalizas.<span class=\"ContentPasted0\">\u00a0<\/span><\/span><span class=\"x_ContentPasted0 ContentPasted0\" lang=\"es-419\">Se refiere Roberto Jara, acad\u00e9mico de la Facultad de Ciencias Agrarias.<\/span><span class=\"ContentPasted0\" lang=\"es-419\">\u00a0<\/span><\/a><\/p><p class=\"x_MsoNormal\">\u00a0<\/p><p class=\"x_MsoNormal\"><strong><span class=\"x_ContentPasted0 ContentPasted0 ContentPasted5\" lang=\"es-419\">ADPRENSA\u00a0<\/span><\/strong><\/p><p class=\"x_MsoNormal\"><a href=\"https:\/\/www.adprensa.cl\/cronica\/inundaciones-y-malas-condiciones-sanitarias-propiciarian-alza-de-enfermedades-respiratorias\/\"><span class=\"x_ContentPasted0 ContentPasted0 ContentPasted5\" lang=\"EN-US\">Inundaciones y malas condiciones sanitarias propiciar\u00edan alza de enfermedades respiratorias. Se refiere Erika Retamal Contreras, directora del Departamento de Salud P\u00fablica.\u00a0\u00a0<\/span><\/a><\/p><p class=\"x_MsoNormal\"><span class=\"ContentPasted0 ContentPasted5\" lang=\"es-419\">\u00a0<\/span><\/p><p class=\"x_MsoNormal\"><strong><span class=\"x_ContentPasted0 ContentPasted0 ContentPasted5\" lang=\"es-419\">MEDIABANCO\u00a0<\/span><\/strong><\/p><p class=\"x_MsoNormal\"><a href=\"https:\/\/www.mediabanco.com\/inundaciones-y-malas-condiciones-sanitarias-propiciarian-alza-de-enfermedades-respiratorias\/\"><span class=\"x_ContentPasted0 ContentPasted0 ContentPasted5\" lang=\"EN-US\">Inundaciones y malas condiciones sanitarias propiciar\u00edan alza de enfermedades respiratorias. Se refiere Erika Retamal Contreras, directora del Departamento de Salud P\u00fablica.\u00a0\u00a0<\/span><\/a><\/p><p class=\"x_MsoNormal\"><span class=\"ContentPasted0 ContentPasted5\" lang=\"es-419\">\u00a0<\/span><\/p><p class=\"x_MsoNormal\"><span class=\"x_ContentPasted0 ContentPasted0 ContentPasted5\" lang=\"es-419\"><b>EL MOSTRADOR\u00a0<\/b><\/span><\/p><p class=\"x_MsoNormal\"><a href=\"https:\/\/www.elmostrador.cl\/agenda-pais\/vida-en-linea\/2023\/08\/24\/inundaciones-y-malas-condiciones-sanitarias-propiciarian-alza-de-enfermedades-respiratorias\/\"><span class=\"x_ContentPasted0 ContentPasted0 ContentPasted5\" lang=\"EN-US\">Inundaciones y malas condiciones sanitarias propiciar\u00edan alza de enfermedades respiratorias. Se refiere Erika Retamal Contreras, directora del Departamento de Salud P\u00fablica.\u00a0\u00a0<\/span><\/a><\/p><p class=\"x_MsoNormal\">\u00a0<\/p><p class=\"x_MsoNormal\"><strong><span class=\"x_ContentPasted0 ContentPasted0 ContentPasted5\" lang=\"es-419\">ELDIARIODESANTIAGO.CL\u00a0<\/span><\/strong><\/p><p class=\"x_MsoNormal\"><a href=\"https:\/\/eldiariosantiago.cl\/2023\/08\/24\/inundaciones-y-malas-condiciones-sanitarias-propiciarian-alza-de-enfermedades-respiratorias\/\"><span class=\"x_ContentPasted0 ContentPasted0 ContentPasted5\" lang=\"EN-US\">Inundaciones y malas condiciones sanitarias propiciar\u00edan alza de enfermedades respiratorias. Se refiere Erika Retamal Contreras, directora del Departamento de Salud P\u00fablica.\u00a0\u00a0<\/span><\/a><\/p><p class=\"x_MsoNormal\"><span class=\"ContentPasted0 ContentPasted5\" lang=\"es-419\">\u00a0<\/span><\/p><p class=\"x_MsoNormal\"><strong><span class=\"x_ContentPasted0 ContentPasted0 ContentPasted5\" lang=\"es-419\">ELDIARIODELAARAUCANIA.CL\u00a0<\/span><\/strong><\/p><p class=\"x_MsoNormal\"><a href=\"https:\/\/eldiariodelaaraucania.cl\/2023\/08\/24\/inundaciones-y-malas-condiciones-sanitarias-propiciarian-alza-de-enfermedades-respiratorias\/\"><span class=\"x_ContentPasted0 ContentPasted0 ContentPasted5\" lang=\"EN-US\">Inundaciones y malas condiciones sanitarias propiciar\u00edan alza de enfermedades respiratorias. Se refiere Erika Retamal Contreras, directora del Departamento de Salud P\u00fablica.\u00a0\u00a0<\/span><\/a><\/p><p class=\"x_MsoNormal\">\u00a0<\/p><p class=\"x_MsoNormal\"><span class=\"x_ContentPasted0 ContentPasted0\" lang=\"es-419\"><b>RADIO COOPERATIVA\u00a0<\/b><\/span><\/p><p class=\"x_MsoNormal\"><a href=\"https:\/\/www.litoralpress.cl\/sitio\/RadioTV_Detalles.cshtml?LPKey=D2FBVANLTHTFFKYBKCZFCTEXTWHE6VN7BFKAP6ALS7AMUVOJEOCPENH33K5UTURLKGE355MK36J34\"><span class=\"x_ContentPasted0 ContentPasted0\" lang=\"ES-AR\">Efectos del sistema frontal en terrenos agr\u00edcolas por las inundaciones.<span class=\"ContentPasted0\">\u00a0<\/span><\/span><span class=\"x_ContentPasted0 ContentPasted0\" lang=\"es-419\">Se refiere Patricio Gonz\u00e1lez Colville, agroclimat\u00f3logo del Centro de Investigaci\u00f3n y Transferencia en Riego y Agroclimatolog\u00eda (CITRA).<\/span><span class=\"ContentPasted0\" lang=\"ES-AR\">\u00a0<\/span><\/a><\/p><p class=\"x_MsoNormal\"><span class=\"ContentPasted0\" lang=\"es-419\">\u00a0<\/span><\/p><p class=\"x_MsoNormal\"><span class=\"ContentPasted0\" lang=\"es-419\"><span class=\"ContentPasted1 ContentPasted2\"><b>LA TERCERA<\/b><\/span><\/span><\/p><div><a href=\"https:\/\/www.litoralpress.cl\/paginaconsultas\/Servicios_NClipSitio\/Get_Imagen_Nota.aspx?LPKey=GCNP6LQSA7WTAFFLRXBCTGVEHOXCY5YEGKEX5YBB72HLRASR4TVWYWUJXT3PBGFZS67FZZRPRJDRA\"><span class=\"x_ContentPasted2 ContentPasted1 ContentPasted2\">El molesto h\u00e1bito con el celular que separa a muchas parejas.\u00a0<\/span><span class=\"x_ContentPasted2 ContentPasted1 ContentPasted2\"><span class=\"ContentPasted6\">Se refiere Carla Mendoza N\u00fa\u00f1ez, coordinadora de la Unidad Cl\u00ednica del Centro de Psicolog\u00eda Aplicada.\u00a0\u00a0<\/span><\/span><\/a><\/div><p>\u00a0<\/p><p class=\"x_MsoNormal\"><strong><span class=\"x_ContentPasted0 ContentPasted0\" lang=\"es-419\">LATERCERA.COM\u00a0<\/span><\/strong><\/p><p class=\"x_MsoNormal\"><a href=\"https:\/\/www.latercera.com\/que-pasa\/noticia\/que-es-el-phubbing-el-molesto-habito-con-el-celular-que-esta-separando-a-muchas-parejas\/3TEJ2EUZU5FLVAF7XEBCSFPC6Y\/\"><span class=\"x_ContentPasted0 ContentPasted0\" lang=\"EN-US\">\u00bfQu\u00e9 es el Phubbing? El molesto h\u00e1bito con el celular que est\u00e1 separando a muchas parejas. Se refiere Carla Mendoza N\u00fa\u00f1ez,\u00a0coordinadora de la Unidad Cl\u00ednica del\u00a0Centro de Psicolog\u00eda Aplicada.\u00a0\u00a0<\/span><\/a><\/p><p class=\"x_MsoNormal\"><span class=\"ContentPasted0\" lang=\"es-419\">\u00a0<\/span><\/p><p class=\"x_MsoNormal\"><strong><span class=\"x_ContentPasted0 ContentPasted0\" lang=\"es-419\">CANAL TVN \u00a0<\/span><\/strong><\/p><p class=\"x_MsoNormal x_ContentPasted0 ContentPasted0\"><a href=\"https:\/\/www.litoralpress.cl\/sitio\/RadioTV_Detalles.cshtml?LPKey=64MMOEWJS5LOSC2574O7DUXLCBFEGR7IKGFK5YBLTRKMQOMDXQ4XFLI35XM4FA7QTD657LA2D2DTK\"><span class=\"x_ContentPasted0 ContentPasted0\" lang=\"EN-US\">Embalse El Yeso est\u00e1 completamente nevado<\/span>. Se menciona a<span class=\"ContentPasted0\">\u00a0<\/span><span class=\"x_ContentPasted0 ContentPasted0\" lang=\"es-419\">Patricio Gonz\u00e1lez Colville, agroclimat\u00f3logo del Centro de Investigaci\u00f3n y Transferencia en Riego y Agroclimatolog\u00eda (CITRA).\u00a0<\/span><\/a><\/p><p class=\"x_MsoNormal\"><span class=\"ContentPasted0\" lang=\"es-419\">\u00a0<\/span><\/p><p class=\"x_MsoNormal\"><strong><span class=\"x_ContentPasted0 ContentPasted0\" lang=\"es-419\">TV5 LINARES\u00a0<\/span><\/strong><\/p><p class=\"x_MsoNormal\"><a href=\"https:\/\/www.litoralpress.cl\/sitio\/RadioTV_Detalles.cshtml?LPKey=2364ZN5CCHUEDFMJICORKQ2SDHNL2SEQBYGN22C64HBBJPPWYEX2AVQ4YGVCBLLMPHCJRGHXHPJKQ\"><span class=\"x_ContentPasted0 ContentPasted0\" lang=\"es-419\">Balance de lluvias en Linares.<span class=\"ContentPasted0\">\u00a0<\/span><\/span><span class=\"x_ContentPasted0 ContentPasted0\" lang=\"es-419\">Se refiere Patricio Gonz\u00e1lez Colville, agroclimat\u00f3logo del Centro de Investigaci\u00f3n y Transferencia en Riego y Agroclimatolog\u00eda (CITRA).<\/span><span class=\"ContentPasted0\" lang=\"es-419\">\u00a0<\/span><\/a><\/p><p class=\"x_MsoNormal\"><span class=\"ContentPasted0\" lang=\"es-419\">\u00a0<\/span><\/p><p class=\"x_MsoNormal\"><strong><span class=\"x_ContentPasted0 ContentPasted0\" lang=\"es-419\">RADIO AGRICULTURA\u00a0<\/span><\/strong><\/p><p class=\"x_MsoNormal\"><a href=\"https:\/\/www.litoralpress.cl\/sitio\/RadioTV_Detalles.cshtml?LPKey=TGE5TO3YLRJYK2PZZLB7SZMAQLBQCSWBM2IOOGNO5N4ZNRXFKOYXOQULKP2EGBWC3RDGAPXU7CHEG\"><span class=\"x_ContentPasted0 ContentPasted0\" lang=\"EN-US\">Analizan la reaparici\u00f3n del agua en la laguna de Aculeo.<span class=\"ContentPasted0\">\u00a0<\/span><\/span><span class=\"x_ContentPasted0 ContentPasted0\" lang=\"es-419\">Se refiere Roberto Pizarro, acad\u00e9mico del Instituto Interdisciplinario de Innovaci\u00f3n.\u00a0<\/span><\/a><\/p><p class=\"x_MsoNormal\"><span class=\"ContentPasted0\" lang=\"EN-US\">\u00a0<\/span><\/p><p class=\"x_MsoNormal\"><span class=\"x_ContentPasted0 ContentPasted0\" lang=\"EN-US\"><b>CNN CHILE\u00a0<\/b><\/span><\/p><p class=\"x_MsoNormal x_ContentPasted0 ContentPasted0\"><a href=\"https:\/\/www.litoralpress.cl\/sitio\/RadioTV_Detalles.cshtml?LPKey=LRBVT5AS3ZVLXVY37AGVJ4FOGRXX762KBQVUP54KBQSYUDREEQBNG5SLHL6I34W56Y27AI33NYFRA\"><span class=\"x_ContentPasted0 ContentPasted0\" lang=\"EN-US\">Aumenta capacidad de agua embalses tras lluvias<\/span>.<span class=\"ContentPasted0\">\u00a0<\/span><span class=\"x_ContentPasted0 ContentPasted0\" lang=\"es-419\">Se refiere Roberto Pizarro, acad\u00e9mico del Instituto Interdisciplinario de Innovaci\u00f3n.\u00a0<\/span><\/a><\/p><p class=\"x_MsoNormal\"><span class=\"ContentPasted0\" lang=\"es-419\">\u00a0<\/span><\/p><p class=\"x_MsoNormal\"><span class=\"x_ContentPasted0 ContentPasted0\" lang=\"es-419\"><b>RADIO CARABINEROS\u00a0<\/b><\/span><\/p><p class=\"x_MsoNormal\"><a href=\"https:\/\/www.litoralpress.cl\/sitio\/RadioTV_Detalles.cshtml?LPKey=AJDKBBLDIRX2BV764RMFV7SY7IQLKVKYA5CMLWY74SF7N2OEFQ4AHRFQT66MNHD2XQDZE47HSRFNS\"><span class=\"x_ContentPasted0 ContentPasted0\" lang=\"EN-US\">Entrevista sobre Admisi\u00f3n UTalca. Se refiere Tania Mascar\u00f3, coordinadora de Admisi\u00f3n y Acceso de la\u00a0UTalca.\u00a0<\/span><\/a><\/p><p class=\"x_MsoNormal\"><span class=\"ContentPasted0\" lang=\"es-419\">\u00a0<\/span><\/p><p class=\"x_MsoNormal\"><strong><span class=\"x_ContentPasted0 ContentPasted0\" lang=\"es-419\">EN L\u00cdNEA MAULE\u00a0<\/span><\/strong><\/p><p class=\"x_MsoNormal\"><a href=\"https:\/\/www.litoralpress.cl\/sitio\/RadioTV_Detalles.cshtml?LPKey=7CJIB4QKYPYV2AM5KRPFI7VRVATCB7EBAY3SCT27SDBJWXJYMCAGFUWU6HDVRXM4R6YNSO5M24LTI\"><span class=\"x_ContentPasted0 ContentPasted0\" lang=\"EN-US\">Seminario Ciudades 2023. Se menciona a la Universidad de Talca.\u00a0<\/span><\/a><\/p><p class=\"x_MsoNormal\"><span class=\"ContentPasted0\" lang=\"es-419\"><b>\u00a0<\/b><\/span><\/p><p class=\"x_MsoNormal\"><b><span class=\"x_ContentPasted0 ContentPasted0\" lang=\"es-419\">RADIO INFINITA\u00a0<\/span><\/b><\/p><p class=\"x_MsoNormal\"><a href=\"https:\/\/www.litoralpress.cl\/sitio\/RadioTV_Detalles.cshtml?LPKey=2RUEPQBVOFESAS6OKO6GSGP66LJL5DXBAPGCYDXRHRED7BYM5O5IXIZZH2LXLL2RDMVF3LLBONRUK\"><span class=\"x_ContentPasted0 ContentPasted0\" lang=\"es-419\">Comentario de pol\u00edtica de Mauricio Morales, director del Centro de An\u00e1lisis Pol\u00edtico (CAP).\u00a0 \u00a0<\/span><\/a><\/p><p class=\"x_MsoNormal\"><span class=\"ContentPasted0\" lang=\"es-419\"><b>LA NACI\u00d3N (ARGENTINA)<\/b><\/span><\/p><p class=\"x_MsoNormal\"><span class=\"ContentPasted0\" lang=\"es-419\"><a href=\"https:\/\/www.litoralpress.cl\/sitio\/Prensa_Detalles.cshtml?LPKey=XPNVKHPMHHHN7ZGDKJV5SR2KNEOFJBFA2MMS3G3VO6IMJIOAUMFA\"><span class=\"ContentPasted7\">Otro dolor de cabeza para Gabriel Boric: un esc\u00e1ndalo oblig\u00f3 a renunciar a su embajadora en el Reino Unido. Se refiere Mario Herrera, investigador del Centro de An\u00e1lisis Pol\u00edtico (CAP).<\/span><\/a><b><br \/><\/b><\/span><\/p><p class=\"x_MsoNormal\"><span class=\"ContentPasted0\" lang=\"es-419\">\u00a0<\/span>\u00a0<\/p><p class=\"x_MsoNormal\"><strong><span class=\"x_ContentPasted0 ContentPasted0\" lang=\"es-419\">EL DIVISADERO\u00a0<\/span><\/strong><\/p><p class=\"x_MsoNormal\"><a href=\"https:\/\/www.litoralpress.cl\/paginaconsultas\/Servicios_NClipSitio\/Get_Imagen_Nota.aspx?LPKey=63YYGR4QK25QMFIHNQLZ7BXGH3E6HZMO2CSBZ2OCHMPQEIMK7MN2TUWUV2WRWNM3RNCBF3SIK2O4Y\"><span class=\"x_ContentPasted0 ContentPasted0\" lang=\"es-419\">Monitoreo de CIEP: Bosques de Lenga y \u00d1irre de Ays\u00e9n se adaptan a condiciones m\u00e1s secas. Se menciona a Alex Fajardo ec\u00f3logo forestal.\u00a0<\/span><\/a><\/p><p>\u00a0<\/p><p class=\"x_MsoNormal\"><strong><span class=\"x_ContentPasted0 ContentPasted0\" lang=\"es-419\">EL MERCURIO DE CALAMA\u00a0<\/span><\/strong><\/p><p class=\"x_MsoNormal\"><a href=\"https:\/\/www.litoralpress.cl\/paginaconsultas\/Servicios_NClipSitio\/Get_Imagen_Nota.aspx?LPKey=XONN6SJQCTMA6WZMXY5HRR4LQFG5CB4LHPHRM66G6VKAXLG2NCFJYF4S6QAVYF5U37JHEQFNDFRBE\"><span class=\"x_ContentPasted0 ContentPasted0\" lang=\"es-419\">Juran nuevos ministros del primer tribunal ambiental. Se menciona a la Universidad de Talca.\u00a0<\/span><\/a><\/p><\/div><div>\u00a0<\/div>\t\t\t\t\t\t<\/div>\n\t\t\t\t<\/div>\n\t\t\t\t\t<\/div>\n\t\t<\/div>\n\t\t\t\t\t\t\t<\/div>\n\t\t<\/section>\n\t\t\t\t\t\t<\/div>\n\t\t\t\t\t<\/div>\n\t\t","protected":false},"excerpt":{"rendered":"<p>LA PRENSA DE CURIC\u00d3\u00a0 Ampl\u00edan medidas de contingencia en la UTalca. Se menciona al Consejo de Acad\u00e9mico.\u00a0\u00a0 \u00a0 PUBLIMETRO Advierten posible especulaci\u00f3n detr\u00e1s del alza en los precios de varios productos agr\u00edcolas.\u00a0Se refiere Roberto Jara, acad\u00e9mico de la Facultad de Ciencias Agrarias.\u00a0\u00a0 EL MOSTRADOR\u00a0 Efectos del temporal en el alza de precios de las hortalizas.\u00a0Se &hellip;<\/p>\n<p class=\"read-more\"> <a class=\"\" href=\"https:\/\/www.reportedeprensa.utalca.cl\/?p=8142\"> <span class=\"screen-reader-text\">25 de agosto de 2023<\/span> Read More &raquo;<\/a><\/p>\n","protected":false},"author":1,"featured_media":0,"comment_status":"closed","ping_status":"open","sticky":false,"template":"","format":"standard","meta":{"_monsterinsights_skip_tracking":false,"_monsterinsights_sitenote_active":false,"_monsterinsights_sitenote_note":"","_monsterinsights_sitenote_category":0},"categories":[39],"tags":[],"_links":{"self":[{"href":"https:\/\/www.reportedeprensa.utalca.cl\/index.php?rest_route=\/wp\/v2\/posts\/8142"}],"collection":[{"href":"https:\/\/www.reportedeprensa.utalca.cl\/index.php?rest_route=\/wp\/v2\/posts"}],"about":[{"href":"https:\/\/www.reportedeprensa.utalca.cl\/index.php?rest_route=\/wp\/v2\/types\/post"}],"author":[{"embeddable":true,"href":"https:\/\/www.reportedeprensa.utalca.cl\/index.php?rest_route=\/wp\/v2\/users\/1"}],"replies":[{"embeddable":true,"href":"https:\/\/www.reportedeprensa.utalca.cl\/index.php?rest_route=%2Fwp%2Fv2%2Fcomments&post=8142"}],"version-history":[{"count":4,"href":"https:\/\/www.reportedeprensa.utalca.cl\/index.php?rest_route=\/wp\/v2\/posts\/8142\/revisions"}],"predecessor-version":[{"id":8146,"href":"https:\/\/www.reportedeprensa.utalca.cl\/index.php?rest_route=\/wp\/v2\/posts\/8142\/revisions\/8146"}],"wp:attachment":[{"href":"https:\/\/www.reportedeprensa.utalca.cl\/index.php?rest_route=%2Fwp%2Fv2%2Fmedia&parent=8142"}],"wp:term":[{"taxonomy":"category","embeddable":true,"href":"https:\/\/www.reportedeprensa.utalca.cl\/index.php?rest_route=%2Fwp%2Fv2%2Fcategories&post=8142"},{"taxonomy":"post_tag","embeddable":true,"href":"https:\/\/www.reportedeprensa.utalca.cl\/index.php?rest_route=%2Fwp%2Fv2%2Ftags&post=8142"}],"curies":[{"name":"wp","href":"https:\/\/api.w.org\/{rel}","templated":true}]}}