{"id":8156,"date":"2023-08-28T16:59:26","date_gmt":"2023-08-28T19:59:26","guid":{"rendered":"https:\/\/www.reportedeprensa.utalca.cl\/?p=8156"},"modified":"2023-08-28T17:08:25","modified_gmt":"2023-08-28T20:08:25","slug":"28-de-agosto-de-2023","status":"publish","type":"post","link":"https:\/\/www.reportedeprensa.utalca.cl\/?p=8156","title":{"rendered":"28 de agosto de 2023"},"content":{"rendered":"\t\t<div data-elementor-type=\"wp-post\" data-elementor-id=\"8156\" class=\"elementor elementor-8156\" data-elementor-settings=\"[]\">\n\t\t\t\t\t\t\t<div class=\"elementor-section-wrap\">\n\t\t\t\t\t\t\t<section class=\"elementor-section elementor-top-section elementor-element elementor-element-10154d05 elementor-section-boxed elementor-section-height-default elementor-section-height-default\" data-id=\"10154d05\" data-element_type=\"section\">\n\t\t\t\t\t\t<div class=\"elementor-container elementor-column-gap-default\">\n\t\t\t\t\t<div class=\"elementor-column elementor-col-100 elementor-top-column elementor-element elementor-element-5db19c21\" data-id=\"5db19c21\" data-element_type=\"column\">\n\t\t\t<div class=\"elementor-widget-wrap elementor-element-populated\">\n\t\t\t\t\t\t\t\t<div class=\"elementor-element elementor-element-587e31be elementor-widget elementor-widget-text-editor\" data-id=\"587e31be\" data-element_type=\"widget\" data-widget_type=\"text-editor.default\">\n\t\t\t\t<div class=\"elementor-widget-container\">\n\t\t\t\t\t\t\t\t<p class=\"x_MsoNormal\"><b><span class=\"x_ContentPasted0\">EMOL\u00a0<\/span><\/b><\/p><p class=\"x_MsoNormal\"><a href=\"https:\/\/www.emol.com\/noticias\/Nacional\/2023\/08\/24\/1105054\/maule-lluvias-resiliencia-sistema-frontal.html\"><span class=\"x_ContentPasted0\">Una historia que se repite en el Maule: La zona que se debate entre la &#8220;resiliencia&#8221; y las &#8220;deudas&#8221; de otras cat\u00e1strofes. Se refiere Blanca Z\u00fa\u00f1iga, directora de la Escuela de Arquitectura. \u00a0<\/span><\/a><\/p><p class=\"x_MsoNormal\">\u00a0<\/p><p class=\"x_MsoNormal\"><b><span class=\"x_ContentPasted0\">LATERCERA.COM\u00a0<\/span><\/b><\/p><p class=\"x_MsoNormal\"><a href=\"https:\/\/www.latercera.com\/paula-cocina\/noticia\/ahorro-energetico-consejos-para-usar-con-mas-eficiencia-los-electrodomesticos\/UV6N3UMZ5VCAXFK36XK23BYIIE\/\"><span class=\"x_ContentPasted0\">Ahorro energ\u00e9tico: consejos para usar con m\u00e1s eficiencia los electrodom\u00e9sticos. Se refiere Mar\u00eda Luisa del Campo Hitschfeld, directora del Centro Tecnol\u00f3gico Kipus. \u00a0<\/span><\/a><\/p><p class=\"x_MsoNormal\">\u00a0<\/p><p class=\"x_MsoNormal\"><b><span class=\"x_ContentPasted0\">EMOL\u00a0<\/span><\/b><\/p><p class=\"x_MsoNormal\"><a href=\"https:\/\/www.emol.com\/noticias\/Nacional\/2023\/08\/26\/1105347\/paro-nacional-profesores-escenario-educativo.html\"><span class=\"x_ContentPasted0\">De los resultados del Simce a la suspensi\u00f3n de clases por lluvias: El escenario educativo ad portas del paro de profesores. Se refiere Nibaldo Benavides, director del Instituto de Investigaci\u00f3n y Desarrollo Educacional (IIDE).<\/span><\/a><b><span class=\"x_ContentPasted0\"><br class=\"x_ContentPasted0\" aria-hidden=\"true\" \/><\/span><\/b><\/p><p>\u00a0<\/p><p class=\"x_MsoNormal\"><b><span class=\"x_ContentPasted0\">EL MERCURIO\u00a0<\/span><\/b><\/p><p class=\"x_MsoNormal\"><a href=\"https:\/\/www.litoralpress.cl\/sitio\/Prensa_Detalles.cshtml?LPKey=HQRWNU276XVSGDGRMWZ6TRAEJXGQTFYIWCRCLGGUKYOIOM4HID5A\"><span class=\"x_ContentPasted0\">\u00bfC\u00f3mo la biotecnolog\u00eda puede valorizar y reutilizar los residuos de la industria agr\u00edcola? Se menciona a la Universidad de Talca.\u00a0<\/span><\/a><\/p><p class=\"x_MsoNormal\"><b><span class=\"x_ContentPasted0\">\u00a0<\/span>\u00a0<\/b><\/p><p class=\"x_MsoNormal\"><b><span class=\"x_ContentPasted0\">LA PRENSA DE CURIC\u00d3 \u00a0<\/span><\/b><\/p><p class=\"x_MsoNormal\"><a href=\"https:\/\/www.litoralpress.cl\/paginaconsultas\/Servicios_NClipSitio\/Get_Imagen_Nota.aspx?LPKey=QWZQZGYBOG7ZXWQIQA4SNVT45T6PTRVJWDZXR6B6XKGHFWNLFSGXHQSN3R4COMR2YBFCUNFDBC25O\"><span class=\"x_ContentPasted0\">Precipitaciones de agosto en Talca alcanzan cifras hist\u00f3ricas. Se refiere Patricio Gonz\u00e1lez Colville, agroclimat\u00f3logo del Centro de Investigaci\u00f3n y Transferencia en Riego y Agroclimatolog\u00eda (CITRA).\u00a0\u00a0<\/span><\/a><\/p><p class=\"x_MsoNormal\">\u00a0<\/p><p class=\"x_MsoNormal\"><strong><span class=\"x_ContentPasted0\">PUBLIMICRO\u00a0<\/span><\/strong><\/p><p class=\"x_MsoNormal\"><a href=\"https:\/\/publimicro.cl\/academicos-de-la-universidad-de-talca-califican-este-2023-como-el-mas-lluvioso-en-123-anos-llegando-a-cifras-historicas-de-agua-caida\/\"><span class=\"x_ContentPasted0\">Acad\u00e9micos de la Universidad de Talca, califican este 2023 como \u201cel m\u00e1s lluvioso en 123 a\u00f1os\u201d, llegando a cifras hist\u00f3ricas de agua ca\u00edda. Se refiere Patricio Gonz\u00e1lez Colville, agroclimat\u00f3logo del Centro de Investigaci\u00f3n y Transferencia en Riego y Agroclimatolog\u00eda (CITRA).\u00a0\u00a0<\/span><\/a><\/p><p class=\"x_MsoNormal\">\u00a0<\/p><p class=\"x_MsoNormal\"><strong><span class=\"x_ContentPasted0\">ADPRENSA\u00a0<\/span><\/strong><\/p><p class=\"x_MsoNormal\"><a href=\"https:\/\/www.adprensa.cl\/cronica\/el-mas-lluvioso-en-123-anos-detectan-que-precipitaciones-de-agosto-en-talca-alcanzan-cifras-historicas\/\"><span class=\"x_ContentPasted0\">El m\u00e1s lluvioso en 123 a\u00f1os: detectan que precipitaciones de agosto en Talca alcanzan cifras hist\u00f3ricas. Se refiere Patricio Gonz\u00e1lez Colville, agroclimat\u00f3logo del Centro de Investigaci\u00f3n y Transferencia en Riego y Agroclimatolog\u00eda (CITRA).\u00a0\u00a0<\/span><\/a><\/p><p class=\"x_MsoNormal\">\u00a0<\/p><p class=\"x_MsoNormal\"><strong><span class=\"x_ContentPasted0\">MEDIABANCO\u00a0<\/span><\/strong><\/p><p class=\"x_MsoNormal\"><a href=\"https:\/\/www.mediabanco.com\/el-mas-lluvioso-en-123-anos-detectan-que-precipitaciones-de-agosto-en-talca-alcanzan-cifras-historicas\/\"><span class=\"x_ContentPasted0\">El m\u00e1s lluvioso en 123 a\u00f1os: detectan que precipitaciones de agosto en Talca alcanzan cifras hist\u00f3ricas. Se refiere Patricio Gonz\u00e1lez Colville, agroclimat\u00f3logo del Centro de Investigaci\u00f3n y Transferencia en Riego y Agroclimatolog\u00eda (CITRA).\u00a0\u00a0<\/span><\/a><\/p><p class=\"x_MsoNormal\">\u00a0<\/p><p class=\"x_MsoNormal\"><strong><span class=\"x_ContentPasted0\">CHILLANONLINE.CL\u00a0<\/span><\/strong><\/p><p class=\"x_MsoNormal\"><span class=\"x_ContentPasted0\"><a href=\"https:\/\/www.chillanonline.cl\/V6\/el-mas-lluvioso-en-123-anos-detectan-que-precipitaciones-de-agosto-en-talca-alcanzan-cifras-historicas\/\">El m\u00e1s lluvioso en 123 a\u00f1os: detectan que precipitaciones de agosto en Talca alcanzan cifras hist\u00f3ricas. Se refiere Patricio Gonz\u00e1lez Colville, agroclimat\u00f3logo del Centro de Investigaci\u00f3n y Transferencia en Riego y Agroclimatolog\u00eda (CITRA)<\/a>.\u00a0\u00a0<\/span><\/p><p class=\"x_MsoNormal\">\u00a0<\/p><p class=\"x_MsoNormal\"><strong><span class=\"x_ContentPasted0\">G5NOTICIAS.CL\u00a0<\/span><\/strong><\/p><p class=\"x_MsoNormal\"><a href=\"https:\/\/g5noticias.cl\/2023\/08\/26\/el-mas-lluvioso-en-123-anos-detectan-que-precipitaciones-de-agosto-en-talca-alcanzan-cifras-historicas\/\"><span class=\"x_ContentPasted0\">El m\u00e1s lluvioso en 123 a\u00f1os: detectan que precipitaciones de agosto en Talca alcanzan cifras hist\u00f3ricas. Se refiere Patricio Gonz\u00e1lez Colville, agroclimat\u00f3logo del Centro de Investigaci\u00f3n y Transferencia en Riego y Agroclimatolog\u00eda (CITRA).\u00a0\u00a0<\/span><\/a><\/p><p class=\"x_MsoNormal\">\u00a0<\/p><p class=\"x_MsoNormal\"><b><span class=\"x_ContentPasted0\">EMOL\u00a0<\/span><\/b><\/p><p class=\"x_MsoNormal\"><a href=\"https:\/\/www.emol.com\/noticias\/Economia\/2023\/08\/27\/1105377\/papas-importacion-argentina-analisis-expertos.html\"><span class=\"x_ContentPasted0\">&#8220;Buena se\u00f1al&#8221; y &#8220;no es necesario que el Estado materialice dicha acci\u00f3n&#8221;: La mirada de expertos a la importaci\u00f3n de papas. Se refiere Roberto Jara, acad\u00e9mico de la Facultad de Ciencias Agrarias.<\/span><\/a><b><span class=\"x_ContentPasted0\"><br \/><\/span><\/b><\/p><p class=\"x_MsoNormal\">\u00a0<\/p><p class=\"x_MsoNormal\"><b><span class=\"x_ContentPasted0\">REDAGRICOLA.COM\u00a0<\/span><\/b><\/p><p class=\"x_MsoNormal\"><a href=\"https:\/\/redagricola.com\/expertos-entregan-recomendaciones-ante-emergencia-climatica-que-ha-sido-la-tormeta-perfecta-para-el-desarrollo-de-enfermedades-fungosas\/\"><span class=\"x_ContentPasted0\">Expertos entregan recomendaciones ante emergencia clim\u00e1tica que ha sido la &#8216;tormenta perfecta&#8217; para el desarrollo de enfermedades fungosas. Se refiere Roberto Jara, acad\u00e9mico de la Facultad de Ciencias Agrarias. \u00a0<\/span><\/a><\/p><p class=\"x_MsoNormal\">\u00a0<\/p><p class=\"x_MsoNormal\"><strong><span class=\"x_ContentPasted0\">EL LECTOR\u00a0<\/span><\/strong><\/p><p class=\"x_MsoNormal\"><a href=\"https:\/\/www.litoralpress.cl\/paginaconsultas\/Servicios_NClipSitio\/Get_Imagen_Nota.aspx?LPKey=RPPFKYDXZ5BI6KQDJ6MMOVJCSNW3UOWXA64PF53JVY2CAER3YP33MW2REDY7TIHQARQ422Y5PSPTE\"><span class=\"x_ContentPasted0\">Especulaci\u00f3n del mercado y menor oferta generar\u00edan alzas. Se refiere Roberto Jara, acad\u00e9mico de la Facultad de Ciencias Agrarias.\u00a0<\/span><\/a><\/p><p class=\"x_MsoNormal\">\u00a0<\/p><p class=\"x_MsoNormal\"><strong><span class=\"x_ContentPasted0\">RADIO AMIGA\u00a0<\/span><\/strong><\/p><p class=\"x_MsoNormal\"><a href=\"https:\/\/litoralpress.cl\/sitio\/RadioTV_Detalles.cshtml?LPKey=SHXRYKJIHXSGED5BWFRLJCM6RDMK4PHVECVGSOTCOL6NHGWTYHYKUDXMK5SG535DKGS3LPBQWLUOM\"><span class=\"x_ContentPasted0\">El gobierno inform\u00f3 que habr\u00e1 afectaci\u00f3n en el precio de las hortalizas debido al sistema frontal. Se refiere Roberto Jara, acad\u00e9mico de la Facultad de Ciencias Agrarias. \u00a0<\/span><\/a><\/p><p class=\"x_MsoNormal\">\u00a0<\/p><p class=\"x_MsoNormal\"><b><span class=\"x_ContentPasted0\">DIARIOELCENTRO.CL\u00a0<\/span><\/b><\/p><p class=\"x_MsoNormal\"><a href=\"https:\/\/www.diarioelcentro.cl\/2023\/08\/27\/inundaciones-y-malas-condiciones-sanitarias-pueden-propiciar-alza-de-enfermedades-respiratorias\/\"><span class=\"x_ContentPasted0\">Inundaciones y malas condiciones sanitarias pueden propiciar alza de enfermedades respiratorias. Se refiere Erika Retamal, directora del Departamento de Salud P\u00fablica.\u00a0<\/span><\/a><\/p><p class=\"x_MsoNormal\">\u00a0<\/p><p class=\"x_MsoNormal\"><strong><span class=\"x_ContentPasted0\">RADIO AMIGA\u00a0<\/span><\/strong><\/p><p class=\"x_MsoNormal\"><a href=\"https:\/\/www.litoralpress.cl\/sitio\/RadioTV_Detalles.cshtml?LPKey=VRQWAVIMAHUSFSIO5QCPD7OXSEFMLDKKYA5AVRMECTSKHHHJCMM7FSDUSB5FYZCBSCJXUSQRXFADA\"><span class=\"x_ContentPasted0\">Debido a las malas condiciones sanitarias e inundaciones en la zona centro sur, podr\u00edan aumentar los virus respiratorios y enfermedades gastrointestinales. Se refiere Erika Retamal, directora del Departamento de Salud P\u00fablica. \u00a0<\/span><\/a><\/p><p class=\"x_MsoNormal\">\u00a0<\/p><p class=\"x_MsoNormal\"><b><span class=\"x_ContentPasted0\">ADPRENSA\u00a0<\/span><\/b><\/p><p class=\"x_MsoNormal\"><a href=\"https:\/\/www.adprensa.cl\/cronica\/mas-de-100-estudiantes-universitarios-se-formaron-como-monitores-en-lactancia-materna\/\"><span class=\"x_ContentPasted0\">M\u00e1s de 100 estudiantes universitarios se formaron como monitores en Lactancia Materna. Se refieren Mercedes Arenas Jara, directora de la Escuela de Obstetricia y Puericultura; y Marjorie Medel Illanes, acad\u00e9mica de la citada escuela.\u00a0<\/span><\/a><\/p><p class=\"x_MsoNormal\">\u00a0<\/p><p class=\"x_MsoNormal\"><strong><span class=\"x_ContentPasted0\">MEDIABANCO\u00a0<\/span><\/strong><\/p><p class=\"x_MsoNormal\"><a href=\"https:\/\/www.mediabanco.com\/mas-de-100-estudiantes-universitarios-se-formaron-como-monitores-en-lactancia-materna\/\"><span class=\"x_ContentPasted0\">M\u00e1s de 100 estudiantes universitarios se formaron como monitores en Lactancia Materna. Se refieren Mercedes Arenas Jara, directora de la Escuela de Obstetricia y Puericultura; y Marjorie Medel Illanes, acad\u00e9mica de la citada escuela.\u00a0<\/span><\/a><\/p><p class=\"x_MsoNormal\">\u00a0<\/p><p class=\"x_MsoNormal\"><strong><span class=\"x_ContentPasted0\">G5NOTICIAS.CL\u00a0<\/span><\/strong><\/p><p class=\"x_MsoNormal\"><a href=\"https:\/\/g5noticias.cl\/2023\/08\/27\/mas-de-100-estudiantes-universitarios-se-formaron-como-monitores-en-lactancia-materna\/\"><span class=\"x_ContentPasted0\">M\u00e1s de 100 estudiantes universitarios se formaron como monitores en Lactancia Materna. Se refieren Mercedes Arenas Jara, directora de la Escuela de Obstetricia y Puericultura; y Marjorie Medel Illanes, acad\u00e9mica de la citada escuela.\u00a0<\/span><\/a><\/p><p class=\"x_MsoNormal\"><b>\u00a0<\/b><\/p><p class=\"x_MsoNormal\"><b><span class=\"x_ContentPasted0\">MEGANOTICIAS.CL\u00a0<\/span><\/b><\/p><p class=\"x_MsoNormal\"><a href=\"https:\/\/www.meganoticias.cl\/nacional\/423705-columna-mauricio-morales-encuesta-cadem-proceso-constitucional-agoniza-engano-clase-politica-27-08-2023.html\"><span class=\"x_ContentPasted0\">Extremaunci\u00f3n constitucional. Se refiere Mauricio Morales, director del Centro de An\u00e1lisis Pol\u00edtico (CAP).\u00a0<\/span><\/a><\/p><p class=\"x_MsoNormal\">\u00a0<\/p><p class=\"x_MsoNormal\"><strong><span class=\"x_ContentPasted0\">DIARIO EL CENTRO \u00a0<\/span><\/strong><\/p><p class=\"x_MsoNormal\"><a href=\"https:\/\/www.diarioelcentro.cl\/2023\/08\/27\/vuelven-los-alegatos-presenciales-ante-las-cortes\/\"><span class=\"x_ContentPasted0\">Vuelven los alegatos presenciales ante las cortes. Se refiere Diego Palomo V\u00e9lez, acad\u00e9mico de la Facultad de Ciencias Jur\u00eddicas y Sociales. \u00a0<\/span><\/a><\/p><p class=\"x_MsoNormal\">\u00a0<\/p><p class=\"x_MsoNormal\"><strong><span class=\"x_ContentPasted0\">DIARIO EL CENTRO\u00a0<\/span><\/strong><\/p><p class=\"x_MsoNormal\"><a href=\"https:\/\/www.diarioelcentro.cl\/2023\/08\/27\/inteligencia-artificial-y-mercado-laboral\/\"><span class=\"x_ContentPasted0\">Inteligencia artificial y mercado laboral. Se refiere Jorge Navarrete Bustamante Director Mag\u00edster en Gesti\u00f3n y Pol\u00edticas P\u00fablicas\u00a0<\/span><\/a><\/p><p class=\"x_MsoNormal\">\u00a0<\/p><p class=\"x_MsoNormal\"><strong><span class=\"x_ContentPasted0\">LA ESTRELLA DE ANTOFAGASTA\u00a0<\/span><\/strong><\/p><p class=\"x_MsoNormal\"><a href=\"https:\/\/www.litoralpress.cl\/paginaconsultas\/Servicios_NClipSitio\/Get_Imagen_Nota.aspx?LPKey=N4CJMIS6UGEODAYNSZFZLTCRDW7SCJ2VTW6C6FVFDDG4RP4VXVZTLH6GCWWYRZGYA5HZLQ7JXBHYU\"><span class=\"x_ContentPasted0\">Nuevo libro destaca la historia e identidad de Taltal entre 1870 y 1950. Se menciona a Milton Godoy, acad\u00e9mico de Historia y Geograf\u00eda. \u00a0<\/span><\/a><\/p><p class=\"x_MsoNormal\">\u00a0<\/p><p class=\"x_MsoNormal\"><strong><span class=\"x_ContentPasted0\">LA ESTRELLA DE TOCOPILLA\u00a0<\/span><\/strong><\/p><p class=\"x_MsoNormal\"><a href=\"https:\/\/www.litoralpress.cl\/paginaconsultas\/Servicios_NClipSitio\/Get_Imagen_Nota.aspx?LPKey=IJROVLJ2B5XW4GES72UBGUD2ZQKMUY34X377L74OORPMO77OLWXZJRF7KW7NR5KQMM5UQBTJBKD66\"><span class=\"x_ContentPasted0\">Nuevo libro destaca la historia e identidad de Taltal entre 1870 y 1950. Se menciona a Milton Godoy, acad\u00e9mico de Historia y Geograf\u00eda. \u00a0<\/span><\/a><\/p>\t\t\t\t\t\t<\/div>\n\t\t\t\t<\/div>\n\t\t\t\t\t<\/div>\n\t\t<\/div>\n\t\t\t\t\t\t\t<\/div>\n\t\t<\/section>\n\t\t\t\t\t\t<\/div>\n\t\t\t\t\t<\/div>\n\t\t","protected":false},"excerpt":{"rendered":"<p>EMOL\u00a0 Una historia que se repite en el Maule: La zona que se debate entre la &#8220;resiliencia&#8221; y las &#8220;deudas&#8221; de otras cat\u00e1strofes. Se refiere Blanca Z\u00fa\u00f1iga, directora de la Escuela de Arquitectura. \u00a0 \u00a0 LATERCERA.COM\u00a0 Ahorro energ\u00e9tico: consejos para usar con m\u00e1s eficiencia los electrodom\u00e9sticos. Se refiere Mar\u00eda Luisa del Campo Hitschfeld, directora del &hellip;<\/p>\n<p class=\"read-more\"> <a class=\"\" href=\"https:\/\/www.reportedeprensa.utalca.cl\/?p=8156\"> <span class=\"screen-reader-text\">28 de agosto de 2023<\/span> Read More &raquo;<\/a><\/p>\n","protected":false},"author":1,"featured_media":0,"comment_status":"closed","ping_status":"open","sticky":false,"template":"","format":"standard","meta":{"_monsterinsights_skip_tracking":false,"_monsterinsights_sitenote_active":false,"_monsterinsights_sitenote_note":"","_monsterinsights_sitenote_category":0},"categories":[39],"tags":[],"_links":{"self":[{"href":"https:\/\/www.reportedeprensa.utalca.cl\/index.php?rest_route=\/wp\/v2\/posts\/8156"}],"collection":[{"href":"https:\/\/www.reportedeprensa.utalca.cl\/index.php?rest_route=\/wp\/v2\/posts"}],"about":[{"href":"https:\/\/www.reportedeprensa.utalca.cl\/index.php?rest_route=\/wp\/v2\/types\/post"}],"author":[{"embeddable":true,"href":"https:\/\/www.reportedeprensa.utalca.cl\/index.php?rest_route=\/wp\/v2\/users\/1"}],"replies":[{"embeddable":true,"href":"https:\/\/www.reportedeprensa.utalca.cl\/index.php?rest_route=%2Fwp%2Fv2%2Fcomments&post=8156"}],"version-history":[{"count":4,"href":"https:\/\/www.reportedeprensa.utalca.cl\/index.php?rest_route=\/wp\/v2\/posts\/8156\/revisions"}],"predecessor-version":[{"id":8160,"href":"https:\/\/www.reportedeprensa.utalca.cl\/index.php?rest_route=\/wp\/v2\/posts\/8156\/revisions\/8160"}],"wp:attachment":[{"href":"https:\/\/www.reportedeprensa.utalca.cl\/index.php?rest_route=%2Fwp%2Fv2%2Fmedia&parent=8156"}],"wp:term":[{"taxonomy":"category","embeddable":true,"href":"https:\/\/www.reportedeprensa.utalca.cl\/index.php?rest_route=%2Fwp%2Fv2%2Fcategories&post=8156"},{"taxonomy":"post_tag","embeddable":true,"href":"https:\/\/www.reportedeprensa.utalca.cl\/index.php?rest_route=%2Fwp%2Fv2%2Ftags&post=8156"}],"curies":[{"name":"wp","href":"https:\/\/api.w.org\/{rel}","templated":true}]}}