{"id":8164,"date":"2023-08-29T12:02:09","date_gmt":"2023-08-29T15:02:09","guid":{"rendered":"https:\/\/www.reportedeprensa.utalca.cl\/?p=8164"},"modified":"2023-08-29T12:43:18","modified_gmt":"2023-08-29T15:43:18","slug":"29-de-agosto-de-2023","status":"publish","type":"post","link":"https:\/\/www.reportedeprensa.utalca.cl\/?p=8164","title":{"rendered":"29 de agosto de 2023"},"content":{"rendered":"\t\t<div data-elementor-type=\"wp-post\" data-elementor-id=\"8164\" class=\"elementor elementor-8164\" data-elementor-settings=\"[]\">\n\t\t\t\t\t\t\t<div class=\"elementor-section-wrap\">\n\t\t\t\t\t\t\t<section class=\"elementor-section elementor-top-section elementor-element elementor-element-10154d05 elementor-section-boxed elementor-section-height-default elementor-section-height-default\" data-id=\"10154d05\" data-element_type=\"section\">\n\t\t\t\t\t\t<div class=\"elementor-container elementor-column-gap-default\">\n\t\t\t\t\t<div class=\"elementor-column elementor-col-100 elementor-top-column elementor-element elementor-element-5db19c21\" data-id=\"5db19c21\" data-element_type=\"column\">\n\t\t\t<div class=\"elementor-widget-wrap elementor-element-populated\">\n\t\t\t\t\t\t\t\t<div class=\"elementor-element elementor-element-587e31be elementor-widget elementor-widget-text-editor\" data-id=\"587e31be\" data-element_type=\"widget\" data-widget_type=\"text-editor.default\">\n\t\t\t\t<div class=\"elementor-widget-container\">\n\t\t\t\t\t\t\t\t<p style=\"font-weight: 400;\"><strong><span style=\"font-style: inherit; font-weight: inherit;\">EMOL\u00a0<\/span><\/strong><\/p><p style=\"font-weight: 400;\"><a href=\"https:\/\/www.emol.com\/noticias\/Nacional\/2023\/08\/28\/1105391\/reubicar-ciudades-tras-grandes-emergencias.html\"><span style=\"font-style: inherit;\">\u00bfEs posible reubicar ciudades tras grandes emergencias?: Lo que se debe evaluar y las consecuencias que podr\u00eda implicar. Se refieren Blanca Z\u00fa\u00f1iga, directora de la Escuela de Arquitectura; y Miguel \u00c1ngel Arriagada, director de la Escuela de Ingenier\u00eda Civil en Obras Civiles.\u00a0\u00a0<\/span><\/a><\/p><p style=\"font-weight: 400;\"><span style=\"font-style: inherit; font-weight: inherit;\">\u00a0<\/span><\/p><p style=\"font-weight: 400;\"><strong><span style=\"font-style: inherit; font-weight: inherit;\">EL MERCURIO\u00a0<\/span><\/strong><\/p><p style=\"font-weight: 400;\"><a href=\"https:\/\/www.litoralpress.cl\/sitio\/Prensa_Detalles.cshtml?LPKey=HQRWNU276XVSGDGRMWZ6TRAEJXGQTFYIWCRCLGGUKYOIOM4HID5A\"><span style=\"font-style: inherit;\">\u00bfC\u00f3mo la biotecnolog\u00eda puede valorizar y reutilizar los residuos de la industria agr\u00edcola? Se menciona a la Universidad de Talca.\u00a0<\/span><\/a><\/p><p style=\"font-weight: 400;\"><strong><span style=\"font-style: inherit; font-weight: inherit;\">\u00a0<\/span><\/strong><\/p><p style=\"font-weight: 400;\"><strong><span style=\"font-style: inherit; font-weight: inherit;\">EMOL\u00a0<\/span><\/strong><\/p><p style=\"font-weight: 400;\"><span style=\"font-style: inherit; font-weight: inherit;\"><a href=\"https:\/\/www.emol.com\/noticias\/Economia\/2023\/08\/27\/1105377\/papas-importacion-argentina-analisis-expertos.html\">&#8220;Buena se\u00f1al&#8221; y &#8220;no es necesario que el Estado materialice dicha acci\u00f3n&#8221;: La mirada de expertos a la importaci\u00f3n de papas. Se refiere Roberto Jara, acad\u00e9mico de la Facultad de Ciencias Agrarias.<\/a><\/span><strong><span style=\"font-style: inherit; font-weight: inherit;\"><br \/><\/span><\/strong><strong><span style=\"font-style: inherit; font-weight: inherit;\">\u00a0<\/span><\/strong><\/p><p style=\"font-weight: 400;\"><strong><span style=\"font-style: inherit;\">RADIO AMIGA\u00a0<\/span><\/strong><\/p><p style=\"font-weight: 400;\"><a href=\"https:\/\/www.litoralpress.cl\/sitio\/RadioTV_Detalles.cshtml?LPKey=DO3QWL2P6ULG7RB6RPT246ZBNYOY5DRXEM7WUM3IB3BT3FVA5IG6ZS4PPASOO6J5EFWTBLEY4DXU2\"><span style=\"font-style: inherit; font-weight: inherit;\">Temporal: Se espera alza en el precio de las frutas y verduras. Se refiere Roberto Jara, acad\u00e9mico de la Facultad de Ciencias Agrarias.\u00a0<\/span><\/a><\/p><p style=\"font-weight: 400;\"><strong><span style=\"font-style: inherit; font-weight: inherit;\">\u00a0<\/span><\/strong><\/p><p style=\"font-weight: 400;\"><strong><span style=\"font-style: inherit; font-weight: inherit;\">RADIO ADN\u00a0<\/span><\/strong><\/p><p style=\"font-weight: 400;\"><a href=\"https:\/\/www.litoralpress.cl\/sitio\/RadioTV_Detalles.cshtml?LPKey=4LZDWJZCP67YFRP7FPIPQ22YK4G2MKZSLKOFF3GJIGPFBWGYRWNH4KAU57EZI6QHYLGBF4BU5PHMI\"><span style=\"font-style: inherit;\">Expertos califican de &#8220;terremoto de agua&#8221; el temporal que afect\u00f3 a la zona centro sur del pa\u00eds. Se refiere Patricio Gonz\u00e1lez Colville, agroclimat\u00f3logo del Centro de Investigaci\u00f3n y Transferencia en Riego y Agroclimatolog\u00eda (CITRA).\u00a0\u00a0<\/span><\/a><\/p><p style=\"font-weight: 400;\">\u00a0<\/p><p style=\"font-weight: 400;\"><strong><span style=\"font-style: inherit;\">DIARIOELCENTRO.CL\u00a0<\/span><\/strong><\/p><p style=\"font-weight: 400;\"><span style=\"font-style: inherit; font-weight: inherit;\"><a href=\"https:\/\/www.diarioelcentro.cl\/2023\/08\/28\/el-agosto-mas-lluvioso-en-123-anos-detectan-que-precipitaciones-en-talca-alcanzan-cifras-historicas\/\">El m\u00e1s lluvioso en 123 a\u00f1os: detectan que precipitaciones de agosto en Talca alcanzan cifras hist\u00f3ricas. Se refiere Patricio Gonz\u00e1lez Colville, agroclimat\u00f3logo del Centro de Investigaci\u00f3n y Transferencia en Riego y Agroclimatolog\u00eda (CITRA).<\/a>\u00a0\u00a0<\/span><\/p><p style=\"font-weight: 400;\"><span style=\"font-style: inherit; font-weight: inherit;\">\u00a0<\/span><\/p><p style=\"font-weight: 400;\"><strong><span style=\"font-style: inherit; font-weight: inherit;\">DIARIOELCENTRO.CL\u00a0<\/span><\/strong><\/p><p style=\"font-weight: 400;\"><a href=\"https:\/\/www.diarioelcentro.cl\/2023\/08\/27\/inundaciones-y-malas-condiciones-sanitarias-pueden-propiciar-alza-de-enfermedades-respiratorias\/\"><span style=\"font-style: inherit; font-weight: inherit;\">Inundaciones y malas condiciones sanitarias pueden propiciar alza de enfermedades respiratorias. Se refiere Erika Retamal, directora del Departamento de Salud P\u00fablica.<\/span><\/a><\/p><p style=\"font-weight: 400;\"><strong><span style=\"font-style: inherit; font-weight: inherit;\">\u00a0<\/span><\/strong><\/p><p style=\"font-weight: 400;\"><strong><span style=\"font-style: inherit; font-weight: inherit;\">EMOL\u00a0<\/span><\/strong><\/p><p style=\"font-weight: 400;\"><a href=\"https:\/\/www.emol.com\/noticias\/Economia\/2023\/08\/28\/1105437\/wine-lab-concurso-de-enologia.html\"><span style=\"font-style: inherit; font-weight: inherit;\">Wine LAB: A trav\u00e9s de concurso buscan impulsar nuevos talentos innovadores en enolog\u00eda. Se menciona a la Universidad de Talca.<\/span><\/a><strong><span style=\"font-style: inherit; font-weight: inherit;\"><br \/><\/span><\/strong><\/p><p style=\"font-weight: 400;\"><strong><span style=\"font-style: inherit; font-weight: inherit;\">\u00a0<\/span><\/strong><\/p><p style=\"font-weight: 400;\"><strong><span style=\"font-style: inherit; font-weight: inherit;\">EMOL\u00a0<\/span><\/strong><\/p><p style=\"font-weight: 400;\"><a href=\"https:\/\/www.emol.com\/noticias\/Nacional\/2023\/08\/26\/1105347\/paro-nacional-profesores-escenario-educativo.html\"><span style=\"font-style: inherit;\">De los resultados del Simce a la suspensi\u00f3n de clases por lluvias: El escenario educativo ad portas del paro de profesores. Se refiere Nibaldo Benavides, director del Instituto de Investigaci\u00f3n y Desarrollo Educacional (IIDE).\u00a0<\/span><\/a><\/p><p style=\"font-weight: 400;\"><span style=\"font-style: inherit; font-weight: inherit;\">\u00a0<\/span><\/p><p style=\"font-weight: 400;\"><strong><span style=\"font-style: inherit; font-weight: inherit;\">FUTURO360.COM\u00a0<\/span><\/strong><\/p><p style=\"font-weight: 400;\"><a href=\"https:\/\/www.futuro360.com\/ciudades-del-manana\/desafios-infraestructura-critica-desastres-cambio-climatico_20230828\/\"><span style=\"font-style: inherit;\">Los desaf\u00edos que enfrenta la infraestructura cr\u00edtica ante los desastres naturales y el cambio clim\u00e1tico. Se refiere Miguel \u00c1ngel Arriagada, director de la Escuela de Ingenier\u00eda Civil en Obras Civiles.\u00a0<\/span><\/a><\/p><p style=\"font-weight: 400;\"><span style=\"font-style: inherit; font-weight: inherit;\">\u00a0<\/span><\/p><p style=\"font-weight: 400;\"><strong><span style=\"font-style: inherit;\">TVMAULE.CL\u00a0<\/span><\/strong><\/p><p style=\"font-weight: 400;\"><a href=\"https:\/\/www.tvmaule.cl\/los-desafios-de-la-estructura-critica-para-enfrentar-nuevas-inundaciones\/\"><span style=\"font-style: inherit; font-weight: inherit;\">Los desaf\u00edos que enfrenta la infraestructura cr\u00edtica ante los desastres naturales y el cambio clim\u00e1tico. Se refiere Miguel \u00c1ngel Arriagada, director de la Escuela de Ingenier\u00eda Civil en Obras Civiles.\u00a0<\/span><\/a><\/p><p style=\"font-weight: 400;\"><span style=\"font-style: inherit; font-weight: inherit;\">\u00a0<\/span><\/p><p style=\"font-weight: 400;\"><strong><span style=\"font-style: inherit;\">CANAL VTV TELEVISION\u00a0<\/span><\/strong><\/p><p style=\"font-weight: 400;\"><a href=\"https:\/\/www.litoralpress.cl\/sitio\/RadioTV_Detalles.cshtml?LPKey=PJJJLARFT3YQFHE5FUBIYDRADEIYRCFN62E2ZDJ54PPHMINU2W5EG3UN5CRBSJB36JR4JDZWJPQTG\"><span style=\"font-style: inherit; font-weight: inherit;\">Aument\u00f3 capacidad de agua en embalses tras paso del sistema frontal. Se refiere Roberto Pizarro, acad\u00e9mico del Instituto Interdisciplinario de Innovaci\u00f3n.\u00a0<\/span><\/a><\/p><p style=\"font-weight: 400;\">\u00a0<\/p><p style=\"font-weight: 400;\"><strong><span style=\"font-style: inherit; font-weight: inherit;\">LA TERCERA\u00a0<\/span><\/strong><\/p><p style=\"font-weight: 400;\"><a href=\"https:\/\/www.litoralpress.cl\/paginaconsultas\/Servicios_NClipSitio\/Get_Imagen_Nota.aspx?LPKey=3QUIV2RUBYXJYZYHVI3DO6N4CTZOAU4IEJ3OYLVSGHVAH6IR7AHTJBV737CHEB4VOVP3WSZBD3J4Y\"><span style=\"font-style: inherit;\">Reformar la justicia en Chile. Se refiere Se refiere Diego Palomo V\u00e9lez, acad\u00e9mico de la Facultad de Ciencias Jur\u00eddicas y Sociales.\u00a0<\/span><\/a><\/p><p style=\"font-weight: 400;\"><strong><span style=\"font-style: inherit; font-weight: inherit;\">\u00a0<\/span><\/strong><\/p><p style=\"font-weight: 400;\"><strong><span style=\"font-style: inherit;\">DIARIOELCENTRO.CL\u00a0<\/span><\/strong><\/p><p style=\"font-weight: 400;\"><a href=\"https:\/\/www.diarioelcentro.cl\/2023\/08\/28\/ultima-hora\/\"><span style=\"font-style: inherit; font-weight: inherit;\">\u00a1\u00daltima hora! Se refiere Se refiere Diego Palomo V\u00e9lez, acad\u00e9mico de la Facultad de Ciencias Jur\u00eddicas y Sociales.\u00a0<\/span><\/a><\/p><p style=\"font-weight: 400;\"><span style=\"font-style: inherit; font-weight: inherit;\">\u00a0<\/span><\/p><p style=\"font-weight: 400;\"><strong><span style=\"font-style: inherit; font-weight: inherit;\">RADIO INFINITA\u00a0<\/span><\/strong><\/p><p style=\"font-weight: 400;\"><a href=\"https:\/\/www.litoralpress.cl\/sitio\/RadioTV_Detalles.cshtml?LPKey=EVPFELPUFQ3XTN4I7BSRQRO43CFYHKY4YNFFD26ABYMZBMKGU6C7QJEWBQJYOXW36ZRFMIYKIHYCY\"><span style=\"font-style: inherit;\">Comentario de pol\u00edtica de Mauricio Morales, director del Centro de An\u00e1lisis Pol\u00edtico (CAP).\u00a0<\/span><\/a><\/p><p style=\"font-weight: 400;\"><strong><span style=\"font-style: inherit; font-weight: inherit;\">\u00a0<\/span><\/strong><\/p><p style=\"font-weight: 400;\"><strong><span style=\"font-style: inherit;\">PORTALAGROCHILE.CL\u00a0<\/span><\/strong><\/p><p style=\"font-weight: 400;\"><a href=\"https:\/\/www.portalagrochile.cl\/2023\/08\/28\/nuevo-germoplasma-de-alfalfa-tolerante-a-sequia-para-zonas-de-secano-mediterraneo-fue-estudiado-mediante-fenotipado-terrestre-y-aereo\/\"><span style=\"font-style: inherit; font-weight: inherit;\">Nuevo germoplasma de alfalfa tolerante a sequ\u00eda para zonas de secano mediterr\u00e1neo fue estudiado mediante fenotipado terrestre y a\u00e9reo. Se menciona al Centro de Mejoramiento Gen\u00e9tico y Fen\u00f3mica Vegetal de la Universidad de Talca.\u00a0<\/span><\/a><\/p><p style=\"font-weight: 400;\"><span style=\"font-style: inherit; font-weight: inherit;\">\u00a0<\/span><\/p><p style=\"font-weight: 400;\"><strong><span style=\"font-style: inherit;\">BIONOTICIAS.CL\u00a0<\/span><\/strong><\/p><p style=\"font-weight: 400;\"><a href=\"https:\/\/bionoticias.cl\/nuevo-germoplasma-de-alfalfa-tolerante-a-sequia-para-zonas-de-secano-mediterraneo-fue-estudiado-mediante-fenotipado-terrestre-y-aereo\/\"><span style=\"font-style: inherit; font-weight: inherit;\">Nuevo germoplasma de alfalfa tolerante a sequ\u00eda para zonas de secano mediterr\u00e1neo fue estudiado mediante fenotipado terrestre y a\u00e9reo. Se menciona al Centro de Mejoramiento Gen\u00e9tico y Fen\u00f3mica Vegetal de la Universidad de Talca.\u00a0<\/span><\/a><\/p><p style=\"font-weight: 400;\">\u00a0<\/p><p style=\"font-weight: 400;\"><strong><span style=\"font-style: inherit;\">LOSRIOSNOTICIA.CL\u00a0<\/span><\/strong><\/p><p style=\"font-weight: 400;\"><span style=\"font-style: inherit; font-weight: inherit;\"><a href=\"https:\/\/www.losriosnoticias.cl\/2023\/08\/28\/nuevo-germoplasma-de-alfalfa-tolerante-a-sequa-para-zonas-de-secano-mediterrneo-fue-estudiado-mediante-fenotipado-terrestre-y-areo\/16802\">Nuevo germoplasma de alfalfa tolerante a sequ\u00eda para zonas de secano mediterr\u00e1neo fue estudiado mediante fenotipado terrestre y a\u00e9reo. Se menciona al Centro de Mejoramiento Gen\u00e9tico y Fen\u00f3mica Vegetal de la Universidad de Talca.<\/a>\u00a0<\/span><\/p><p style=\"font-weight: 400;\"><span style=\"font-style: inherit; font-weight: inherit;\">\u00a0<\/span><\/p><p style=\"font-weight: 400;\"><strong><span style=\"font-style: inherit;\">NOTICIAS.UBIOBIO.CL\u00a0<\/span><\/strong><\/p><p style=\"font-weight: 400;\"><a href=\"http:\/\/noticias.ubiobio.cl\/2023\/08\/28\/seminario-abordo-la-contribucion-al-desarrollo-del-pais-del-departamento-de-ingenieria-en-maderas\/\"><span style=\"font-style: inherit; font-weight: inherit;\">Seminario abord\u00f3 la contribuci\u00f3n al desarrollo del pa\u00eds del Departamento de Ingenier\u00eda en Maderas.\u00a0<\/span><span style=\"font-style: inherit; font-weight: inherit;\">Se menciona a Marcia V\u00e1squez, acad\u00e9mica de la Universidad.\u00a0<\/span><\/a><\/p>\t\t\t\t\t\t<\/div>\n\t\t\t\t<\/div>\n\t\t\t\t\t<\/div>\n\t\t<\/div>\n\t\t\t\t\t\t\t<\/div>\n\t\t<\/section>\n\t\t\t\t\t\t<\/div>\n\t\t\t\t\t<\/div>\n\t\t","protected":false},"excerpt":{"rendered":"<p>EMOL\u00a0 \u00bfEs posible reubicar ciudades tras grandes emergencias?: Lo que se debe evaluar y las consecuencias que podr\u00eda implicar. Se refieren Blanca Z\u00fa\u00f1iga, directora de la Escuela de Arquitectura; y Miguel \u00c1ngel Arriagada, director de la Escuela de Ingenier\u00eda Civil en Obras Civiles.\u00a0\u00a0 \u00a0 EL MERCURIO\u00a0 \u00bfC\u00f3mo la biotecnolog\u00eda puede valorizar y reutilizar los residuos &hellip;<\/p>\n<p class=\"read-more\"> <a class=\"\" href=\"https:\/\/www.reportedeprensa.utalca.cl\/?p=8164\"> <span class=\"screen-reader-text\">29 de agosto de 2023<\/span> Read More &raquo;<\/a><\/p>\n","protected":false},"author":1,"featured_media":0,"comment_status":"closed","ping_status":"open","sticky":false,"template":"","format":"standard","meta":{"_monsterinsights_skip_tracking":false,"_monsterinsights_sitenote_active":false,"_monsterinsights_sitenote_note":"","_monsterinsights_sitenote_category":0},"categories":[39],"tags":[],"_links":{"self":[{"href":"https:\/\/www.reportedeprensa.utalca.cl\/index.php?rest_route=\/wp\/v2\/posts\/8164"}],"collection":[{"href":"https:\/\/www.reportedeprensa.utalca.cl\/index.php?rest_route=\/wp\/v2\/posts"}],"about":[{"href":"https:\/\/www.reportedeprensa.utalca.cl\/index.php?rest_route=\/wp\/v2\/types\/post"}],"author":[{"embeddable":true,"href":"https:\/\/www.reportedeprensa.utalca.cl\/index.php?rest_route=\/wp\/v2\/users\/1"}],"replies":[{"embeddable":true,"href":"https:\/\/www.reportedeprensa.utalca.cl\/index.php?rest_route=%2Fwp%2Fv2%2Fcomments&post=8164"}],"version-history":[{"count":4,"href":"https:\/\/www.reportedeprensa.utalca.cl\/index.php?rest_route=\/wp\/v2\/posts\/8164\/revisions"}],"predecessor-version":[{"id":8168,"href":"https:\/\/www.reportedeprensa.utalca.cl\/index.php?rest_route=\/wp\/v2\/posts\/8164\/revisions\/8168"}],"wp:attachment":[{"href":"https:\/\/www.reportedeprensa.utalca.cl\/index.php?rest_route=%2Fwp%2Fv2%2Fmedia&parent=8164"}],"wp:term":[{"taxonomy":"category","embeddable":true,"href":"https:\/\/www.reportedeprensa.utalca.cl\/index.php?rest_route=%2Fwp%2Fv2%2Fcategories&post=8164"},{"taxonomy":"post_tag","embeddable":true,"href":"https:\/\/www.reportedeprensa.utalca.cl\/index.php?rest_route=%2Fwp%2Fv2%2Ftags&post=8164"}],"curies":[{"name":"wp","href":"https:\/\/api.w.org\/{rel}","templated":true}]}}