{"id":8172,"date":"2023-08-30T13:05:11","date_gmt":"2023-08-30T16:05:11","guid":{"rendered":"https:\/\/www.reportedeprensa.utalca.cl\/?p=8172"},"modified":"2023-08-30T13:10:12","modified_gmt":"2023-08-30T16:10:12","slug":"30-de-agosto-de-2023","status":"publish","type":"post","link":"https:\/\/www.reportedeprensa.utalca.cl\/?p=8172","title":{"rendered":"30 de agosto de 2023"},"content":{"rendered":"\t\t<div data-elementor-type=\"wp-post\" data-elementor-id=\"8172\" class=\"elementor elementor-8172\" data-elementor-settings=\"[]\">\n\t\t\t\t\t\t\t<div class=\"elementor-section-wrap\">\n\t\t\t\t\t\t\t<section class=\"elementor-section elementor-top-section elementor-element elementor-element-10154d05 elementor-section-boxed elementor-section-height-default elementor-section-height-default\" data-id=\"10154d05\" data-element_type=\"section\">\n\t\t\t\t\t\t<div class=\"elementor-container elementor-column-gap-default\">\n\t\t\t\t\t<div class=\"elementor-column elementor-col-100 elementor-top-column elementor-element elementor-element-5db19c21\" data-id=\"5db19c21\" data-element_type=\"column\">\n\t\t\t<div class=\"elementor-widget-wrap elementor-element-populated\">\n\t\t\t\t\t\t\t\t<div class=\"elementor-element elementor-element-587e31be elementor-widget elementor-widget-text-editor\" data-id=\"587e31be\" data-element_type=\"widget\" data-widget_type=\"text-editor.default\">\n\t\t\t\t<div class=\"elementor-widget-container\">\n\t\t\t\t\t\t\t\t<p><strong>LA TERCERA<\/strong><\/p><p><a href=\"https:\/\/www.litoralpress.cl\/paginaconsultas\/Servicios_NClipSitio\/Get_Imagen_Nota.aspx?LPKey=WIGD3VZQOSA6SCWSS3O6RW7CV5UYQEBCZUS2MQGEGXFUZSPWOIBJA25RIVMDKDLX3RCOKHOFEZSAQ\">C\u00f3mo las universidades conmemoran los 50 a\u00f1os del Golpe. Se refiere Carlos Torres Fuchslocher, rector.<\/a><\/p><p>\u00a0<\/p><p><strong>LATERCERA.COM<\/strong><\/p><p><a href=\"https:\/\/www.latercera.com\/la-tercera-pm\/noticia\/entre-libros-exposiciones-y-titulaciones-postumas-las-actividades-con-que-las-universidades-estan-conmemorando-los-50-anos-del-golpe\/OA7A54KITBDJTFOUVAXI5VK67A\/\">Entre libros, exposiciones y titulaciones p\u00f3stumas: las actividades con que las universidades est\u00e1n conmemorando los 50 a\u00f1os del Golpe.<\/a><\/p><p>\u00a0<\/p><p><strong>MEDIABANCO<\/strong><\/p><p><a href=\"https:\/\/www.mediabanco.com\/utalca-y-sii-firman-convenio-para-capacitacion-de-estudiantes-y-apoyo-a-contribuyentes\/\">UTalca y SII firman convenio para capacitaci\u00f3n de estudiantes y apoyo a contribuyentes. Se refiere Carlos Torres Fuchslocher, rector.<\/a><\/p><p>\u00a0<\/p><p><strong>TVMAULE.CL<\/strong><\/p><p><a href=\"https:\/\/www.tvmaule.cl\/utalca-y-sii-firman-convenio-para-capacitacion-de-estudiantes-y-apoyo-a-contribuyentes\/\">UTalca y SII firman convenio para capacitaci\u00f3n de estudiantes y apoyo a contribuyentes. Se refiere Carlos Torres Fuchslocher, rector.<\/a><\/p><p>\u00a0<\/p><p><strong>LATERCERA.COM<\/strong><\/p><p><a href=\"https:\/\/www.latercera.com\/culto\/2023\/08\/29\/dos-unicas-funciones-tendra-obra-teatral-con-paulina-urrutia-en-talca\/\">Dos \u00fanicas funciones tendr\u00e1 obra teatral con Paulina Urrutia en Talca. Se refiere Marcela Albornoz Dachelet, directora de Extensi\u00f3n Cultural-Art\u00edstica.<\/a><\/p><p>\u00a0<\/p><p><strong>MEDIBANCO\u00a0\u00a0\u00a0\u00a0\u00a0\u00a0\u00a0\u00a0\u00a0\u00a0<\/strong><\/p><p><a href=\"https:\/\/www.mediabanco.com\/performance-teatral-con-paulina-urrutia-llega-a-la-utalca\/\">Performance teatral con Paulina Urrutia llega a la UTalca. Se refiere Marcela Albornoz Dachelet, directora de Extensi\u00f3n Cultural-Art\u00edstica.<\/a><\/p><p>\u00a0<\/p><p><strong>SEPTIMAPAGINANOTICIAS.CL<\/strong><\/p><p><a href=\"https:\/\/www.septimapaginanoticias.cl\/performance-teatral-con-paulina-urrutia-llega-a-la-utalca\">Performance teatral con Paulina Urrutia llega a la UTalca. Se refiere Marcela Albornoz Dachelet, directora de Extensi\u00f3n Cultural-Art\u00edstica.<\/a><\/p><p>\u00a0<\/p><p><strong>EL LECTOR<\/strong><\/p><p><a href=\"https:\/\/www.litoralpress.cl\/paginaconsultas\/Servicios_NClipSitio\/Get_Imagen_Nota.aspx?LPKey=RKJTSSNGH2KJFLAYOA5XFVCAICGK4BE4MPFRGEXF7ABWICOURUM6GJGCWI2LBWGO636FQHPVN5W6Q\">Los desaf\u00edos que enfrenta la infraestructura cr\u00edtica para enfrentar nuevas inundaciones. Se refiere Miguel \u00c1ngel Arriagada, director de la Escuela de Ingenier\u00eda Civil en Obras Civiles.<\/a><\/p><p>\u00a0<\/p><p><strong>CANAL TVN RED MAULE<\/strong><\/p><p><a href=\"https:\/\/www.litoralpress.cl\/sitio\/RadioTV_Detalles.cshtml?LPKey=VQLJQ7YHXKAPD4XR7RDD2L4BLMR4L3WA2NZN4Z35RGAXUKF5IS3ZNHNDO7INSWDLI77UWLVISKCHO\">Proyecciones de pr\u00f3ximas lluvias. Se refiere Patricio Gonz\u00e1lez Colville, agroclimat\u00f3logo del Centro de Investigaci\u00f3n y Transferencia en Riego y Agroclimatolog\u00eda (CITRA).\u00a0<\/a><\/p><p>\u00a0<\/p><p><strong>ENL\u00cdNEAMAULE.CL<\/strong><\/p><p><a href=\"https:\/\/enlineamaule.cl\/archivo\/53281\">Lluvias de agosto alcanzan cifras hist\u00f3ricas en Maule. Se refiere Patricio Gonz\u00e1lez Colville, agroclimat\u00f3logo del Centro de Investigaci\u00f3n y Transferencia en Riego y Agroclimatolog\u00eda (CITRA).\u00a0<\/a><\/p><p>\u00a0<\/p><p><strong>EL LECTOR<\/strong><\/p><p><a href=\"https:\/\/www.litoralpress.cl\/paginaconsultas\/Servicios_NClipSitio\/Get_Imagen_Nota.aspx?LPKey=ZKSV2IXEYZ2MK2UUOGEPLSNWPVWPFBF7XPFX4EETAJVPFC2SAVE5UKQV7EUBSYQPGSXANPQMUJ5RW\">Universidad de Talca se adjudica festival que llevar\u00e1 las ciencias a diversas comunas del Maule. Se refieren Karin Saavedra, Directora General de Vinculaci\u00f3n con el Medio; C\u00e9sar Retamal, acad\u00e9mico de la Facultad de Ingenier\u00eda; y Leonardo Leottau, director del Explora Maule.\u00a0<\/a><\/p><p>\u00a0<\/p><p><strong>CANAL 30<\/strong><\/p><p><a href=\"https:\/\/www.litoralpress.cl\/sitio\/RadioTV_Detalles.cshtml?LPKey=TQGCINCLGXTWOKCZXXKM2PJXSUB4B7R6KT4MWC47CPRTALAQDASHG2UABKU7GX4QJAEFOJU4XSV7C\">Crisis agr\u00edcola en el Maule. Se refiere Roberto Jara, acad\u00e9mico de la Facultad de Ciencias Agrarias.<\/a><\/p><p>\u00a0<\/p><p><strong>CANAL 30 MULTICOM<\/strong><\/p><p><a href=\"https:\/\/www.litoralpress.cl\/sitio\/RadioTV_Detalles.cshtml?LPKey=OBRJM3SYGBTPXVZGKCCPP5BTBWO6HB7VQ2IL5IYFOSOJYPVCCSBIBMITBNGIDFNIUNACKYN7X6OO2\">Especulaci\u00f3n del mercado y menor oferta generar\u00eda alza en los precios de las hortalizas. Se refiere Roberto Jara, acad\u00e9mico de la Facultad de Ciencias Agrarias.<\/a><\/p><p>\u00a0<\/p><p><strong>MEDIABANCO<\/strong><\/p><p><a href=\"https:\/\/www.mediabanco.com\/utalca-estrena-temporada-musical-para-la-comunidad-maulina\/\">UTalca estrena temporada musical para la comunidad maulina. Se refiere Dorian Lamotte, acad\u00e9mico de la Escuela de M\u00fasica y coordinador de la actividad.<\/a><\/p><p>\u00a0<\/p><p><strong>CHILLANONLINE.CL\u00a0\u00a0\u00a0\u00a0\u00a0\u00a0\u00a0\u00a0<\/strong><\/p><p><a href=\"https:\/\/www.chillanonline.cl\/V6\/utalca-estrena-temporada-musical-para-la-comunidad-maulina\/\">UTalca estrena temporada musical para la comunidad maulina. Se refiere Dorian Lamotte, acad\u00e9mico de la Escuela de M\u00fasica y coordinador de la actividad.<\/a><\/p><p>\u00a0<\/p><p><strong>EMOL<\/strong><\/p><p><a href=\"https:\/\/www.emol.com\/noticias\/Economia\/2023\/08\/29\/1105504\/esteban-valenzuela-colusion-papas.html\">\u00bf&#8221;Coherente&#8221; o &#8220;impulsivo&#8221;?: Lo que se juega Valenzuela con la tesis de &#8220;colusi\u00f3n&#8221; y sus otras pol\u00e9micas. Se refiere Mauricio Morales, director del Centro de An\u00e1lisis Pol\u00edtico (CAP).<\/a><\/p><p>\u00a0<\/p><p><strong>RADIO INFINITA<\/strong><\/p><p><a href=\"https:\/\/www.litoralpress.cl\/sitio\/RadioTV_Detalles.cshtml?LPKey=D3G5S4P2BARJ564LQQXVM33HUO7U2Y2ALAVG2MP2QK7S4P6DFCVQ632ONPRX3UZAFR64LHZXIPAFY\">Comentario de pol\u00edtica de Mauricio Morales, director del Centro de An\u00e1lisis Pol\u00edtico (CAP).<\/a><\/p><p>\u00a0<\/p><p><strong>LATERCERA.COM<\/strong><\/p><p><a href=\"https:\/\/www.latercera.com\/opinion\/noticia\/reformar-la-justicia-en-chile\/ZRPIOU2D2NDW5BFIHAAGKXBBTE\/\">Reformar la justicia en Chile. Se refiere Se refiere Diego Palomo V\u00e9lez, acad\u00e9mico de la Facultad de Ciencias Jur\u00eddicas y Sociales.<\/a><\/p><p>\u00a0<\/p><p><strong>EL HERALDO<\/strong><\/p><p><a href=\"https:\/\/www.litoralpress.cl\/paginaconsultas\/Servicios_NClipSitio\/Get_Imagen_Nota.aspx?LPKey=F37XXKDAO3KZGUU4MEKQN3EO2PKU3IQH5J6RQZWMRIFJZ4REMC6NIZFSXYASAXZ3E56U2VEYE6ME6\">Nuevo germoplasma de alfalfa tolerante a sequ\u00eda para zonas de secano mediterr\u00e1neo fue estudiado mediante fenotipado terrestre y a\u00e9reo. Se menciona al Centro de Mejoramiento Gen\u00e9tico y Fen\u00f3mica Vegetal de la Universidad de Talca.<\/a><\/p><p>\u00a0<\/p>\t\t\t\t\t\t<\/div>\n\t\t\t\t<\/div>\n\t\t\t\t\t<\/div>\n\t\t<\/div>\n\t\t\t\t\t\t\t<\/div>\n\t\t<\/section>\n\t\t\t\t\t\t<\/div>\n\t\t\t\t\t<\/div>\n\t\t","protected":false},"excerpt":{"rendered":"<p>LA TERCERA C\u00f3mo las universidades conmemoran los 50 a\u00f1os del Golpe. Se refiere Carlos Torres Fuchslocher, rector. \u00a0 LATERCERA.COM Entre libros, exposiciones y titulaciones p\u00f3stumas: las actividades con que las universidades est\u00e1n conmemorando los 50 a\u00f1os del Golpe. \u00a0 MEDIABANCO UTalca y SII firman convenio para capacitaci\u00f3n de estudiantes y apoyo a contribuyentes. Se refiere &hellip;<\/p>\n<p class=\"read-more\"> <a class=\"\" href=\"https:\/\/www.reportedeprensa.utalca.cl\/?p=8172\"> <span class=\"screen-reader-text\">30 de agosto de 2023<\/span> Read More &raquo;<\/a><\/p>\n","protected":false},"author":1,"featured_media":0,"comment_status":"closed","ping_status":"open","sticky":false,"template":"","format":"standard","meta":{"_monsterinsights_skip_tracking":false,"_monsterinsights_sitenote_active":false,"_monsterinsights_sitenote_note":"","_monsterinsights_sitenote_category":0},"categories":[39],"tags":[],"_links":{"self":[{"href":"https:\/\/www.reportedeprensa.utalca.cl\/index.php?rest_route=\/wp\/v2\/posts\/8172"}],"collection":[{"href":"https:\/\/www.reportedeprensa.utalca.cl\/index.php?rest_route=\/wp\/v2\/posts"}],"about":[{"href":"https:\/\/www.reportedeprensa.utalca.cl\/index.php?rest_route=\/wp\/v2\/types\/post"}],"author":[{"embeddable":true,"href":"https:\/\/www.reportedeprensa.utalca.cl\/index.php?rest_route=\/wp\/v2\/users\/1"}],"replies":[{"embeddable":true,"href":"https:\/\/www.reportedeprensa.utalca.cl\/index.php?rest_route=%2Fwp%2Fv2%2Fcomments&post=8172"}],"version-history":[{"count":4,"href":"https:\/\/www.reportedeprensa.utalca.cl\/index.php?rest_route=\/wp\/v2\/posts\/8172\/revisions"}],"predecessor-version":[{"id":8176,"href":"https:\/\/www.reportedeprensa.utalca.cl\/index.php?rest_route=\/wp\/v2\/posts\/8172\/revisions\/8176"}],"wp:attachment":[{"href":"https:\/\/www.reportedeprensa.utalca.cl\/index.php?rest_route=%2Fwp%2Fv2%2Fmedia&parent=8172"}],"wp:term":[{"taxonomy":"category","embeddable":true,"href":"https:\/\/www.reportedeprensa.utalca.cl\/index.php?rest_route=%2Fwp%2Fv2%2Fcategories&post=8172"},{"taxonomy":"post_tag","embeddable":true,"href":"https:\/\/www.reportedeprensa.utalca.cl\/index.php?rest_route=%2Fwp%2Fv2%2Ftags&post=8172"}],"curies":[{"name":"wp","href":"https:\/\/api.w.org\/{rel}","templated":true}]}}