{"id":8183,"date":"2023-08-31T19:20:54","date_gmt":"2023-08-31T22:20:54","guid":{"rendered":"https:\/\/www.reportedeprensa.utalca.cl\/?p=8183"},"modified":"2023-08-31T19:25:29","modified_gmt":"2023-08-31T22:25:29","slug":"31-de-agosto-de-2023","status":"publish","type":"post","link":"https:\/\/www.reportedeprensa.utalca.cl\/?p=8183","title":{"rendered":"31 de agosto de 2023"},"content":{"rendered":"\t\t<div data-elementor-type=\"wp-post\" data-elementor-id=\"8183\" class=\"elementor elementor-8183\" data-elementor-settings=\"[]\">\n\t\t\t\t\t\t\t<div class=\"elementor-section-wrap\">\n\t\t\t\t\t\t\t<section class=\"elementor-section elementor-top-section elementor-element elementor-element-10154d05 elementor-section-boxed elementor-section-height-default elementor-section-height-default\" data-id=\"10154d05\" data-element_type=\"section\">\n\t\t\t\t\t\t<div class=\"elementor-container elementor-column-gap-default\">\n\t\t\t\t\t<div class=\"elementor-column elementor-col-100 elementor-top-column elementor-element elementor-element-5db19c21\" data-id=\"5db19c21\" data-element_type=\"column\">\n\t\t\t<div class=\"elementor-widget-wrap elementor-element-populated\">\n\t\t\t\t\t\t\t\t<div class=\"elementor-element elementor-element-587e31be elementor-widget elementor-widget-text-editor\" data-id=\"587e31be\" data-element_type=\"widget\" data-widget_type=\"text-editor.default\">\n\t\t\t\t<div class=\"elementor-widget-container\">\n\t\t\t\t\t\t\t\t<p><strong>ADPRENSA<\/strong><\/p><p><a href=\"https:\/\/www.adprensa.cl\/cronica\/utalca-y-sii-firman-convenio-para-capacitacion-de-estudiantes-y-apoyo-a-contribuyentes\/\">UTalca y SII firman convenio para capacitaci\u00f3n de estudiantes y apoyo a contribuyentes. Se refiere Carlos Torres Fuchslocher, rector.<\/a><\/p><p>\u00a0<\/p><p><strong>CAUQUENESNET.CL<\/strong><\/p><p><a href=\"https:\/\/cauquenesnet.cl\/2023\/08\/30\/utalca-y-sii-firman-convenio-para-capacitacion-de-estudiantes-y-apoyo-a-contribuyentes\/\">UTalca y SII firman convenio para capacitaci\u00f3n de estudiantes y apoyo a contribuyentes. Se refiere Carlos Torres Fuchslocher, rector.<\/a><\/p><p>\u00a0<\/p><p><strong>EL MERCURIO\u00a0<\/strong><\/p><p><a href=\"https:\/\/www.litoralpress.cl\/paginaconsultas\/Servicios_NClipSitio\/Get_Imagen_Nota.aspx?LPKey=XSK5HMXEINEVIVMQ5JPGGVEGIGAU5QKKLODWJ65R6AR3VKSXNK23FYFUSGKNPMMLFVCAQTJDN6YTS\">AVONNI 2023: Estos son los 37 finalistas del Premio Nacional de Innovaci\u00f3n. Se menciona a la Universidad de Talca.\u00a0<\/a><\/p><p>\u00a0<\/p><p><strong>COOPERATIVA CIENCIA\u00a0<\/strong><\/p><p><a href=\"http:\/\/HTTPS:\/\/WWW.LITORALPRESS.CL\/SITIO\/RADIOTV_DETALLES.CSHTML?LPKEY=SGNG2ERB7ECTK5BTBT2HZCB4HDZSTUKGJSMYPACS4SBQMC3WE7KZAN7Q56SRO336TRLOK4BDYXSWU\" data-wplink-url-error=\"true\">Desaf\u00edos de la infraestructura cr\u00edtica post lluvia.\u00a0Se refiere Miguel \u00c1ngel Arriagada, director de la Escuela de Ingenier\u00eda Civil en Obras Civiles.\u00a0<\/a><\/p><p>\u00a0<\/p><p><strong>CIENCIAENCHILE.CL<\/strong><\/p><p><a href=\"https:\/\/www.cienciaenchile.cl\/analizan-los-desafios-de-la-estructura-critica-para-enfrentar-nuevas-inundaciones\/\">Los desaf\u00edos que enfrenta la infraestructura cr\u00edtica para enfrentar nuevas inundaciones. Se refiere Miguel \u00c1ngel Arriagada, director de la Escuela de Ingenier\u00eda Civil en Obras Civil<\/a>es.\u00a0<\/p><p>\u00a0<\/p><p><strong>ADPRENSA\u00a0<\/strong><\/p><p><a href=\"http:\/\/HTTPS:\/\/WWW.ADPRENSA.CL\/CRONICA\/MAS-DE-70-ESPECIALISTAS-PRESENTAN-OBRA-EN-HOMENAJE-A-HUMBERTO-NOGUEIRA-ALCALA\/\" data-wplink-url-error=\"true\">M\u00e1s de 70 especialistas presentan obra en homenaje a Humberto Nogueira Alcal\u00e1. Se refieren Roberto Jara Rojas, director de Investigaci\u00f3n; Gonzalo Aguilar Cavallo y \u00a0Humberto Nogueira, homenajeado y director del Centro de Estudios Constitucionales de Chile (CECOCH).<\/a><\/p><p>\u00a0<\/p><p><strong>MEDIABANCO<\/strong><\/p><p><a href=\"https:\/\/www.mediabanco.com\/mas-de-70-especialistas-presentan-obra-en-homenaje-a-humberto-nogueira-alcala\/\">M\u00e1s de 70 especialistas presentan obra en homenaje a Humberto Nogueira Alcal\u00e1. Se refieren Roberto Jara Rojas, director de Investigaci\u00f3n; Gonzalo Aguilar Cavallo y Humberto Nogueira, homenajeado y director del Centro de Estudios Constitucionales de Chile (CECOCH)<\/a>.<\/p><p>\u00a0<\/p><p><strong>EL TIP\u00d3GRAFO<\/strong><\/p><p><a href=\"https:\/\/eltipografo.cl\/2023\/08\/el-cambio-climatico-y-sus-efectos-en-la-generacion-de-energias-renovables\">El cambio clim\u00e1tico y sus efectos en la generaci\u00f3n de energ\u00edas renovables. Se refiere Marco Rivera, acad\u00e9mico de la Facultad de Ingenier\u00eda.<\/a><\/p><p>\u00a0<\/p><p><strong>CANAL CONTIVISION<\/strong><\/p><p><a href=\"https:\/\/www.litoralpress.cl\/sitio\/RadioTV_Detalles.cshtml?LPKey=VLR3OGHM2LBM5MUSDDA2RLQCHMIILOSVUFBYMC5A5Z3F7LFXKINTIBIMQ7WXQ3UITXIFWENSY4FPS\">Se dieron a conocer actividades que se realizar\u00e1n en el Maule, en el marco de la conmemoraci\u00f3n de los 50 a\u00f1os del Golpe de Estado. Se refiere Natalia V\u00e9liz Olivos, directora de G\u00e9nero.<\/a><\/p><p>\u00a0<\/p><p><strong>EL LECTOR<\/strong><\/p><p><a href=\"https:\/\/www.litoralpress.cl\/paginaconsultas\/Servicios_NClipSitio\/Get_Imagen_Nota.aspx?LPKey=7Z425LEULT3JHBKKEW5TSSQXD5EJXUJHNSJXQKYG5NNAAP352JNILXSSTPPSR6DMTMP3P4JN242ZM\">Especialista destac\u00f3 la importancia de la actividad f\u00edsica para un envejecimiento saludable. Se refiere Jessica Espinoza integrante del Centro de Investigaci\u00f3n en Envejecimiento Saludable (CIES) y acad\u00e9mica del Departamento de Ciencias del movimiento Humano.<\/a><\/p><p>\u00a0<\/p><p><strong>CIENCIAENCHILE.CL<\/strong><\/p><p><a href=\"https:\/\/www.cienciaenchile.cl\/estudio-analiza-reportes-de-sostenibilidad-en-universidades-estatales-de-latinoamerica\/\">Estudio analiza reportes de sostenibilidad en universidades estatales de Latinoam\u00e9rica. Se menciona a la Universidad de Talca.<\/a><\/p><p>\u00a0<\/p><p><strong>EL MERCURIO<\/strong><\/p><p><a href=\"https:\/\/www.litoralpress.cl\/paginaconsultas\/Servicios_NClipSitio\/Get_Imagen_Nota.aspx?LPKey=6NMWQT6ALSVJITVIDCGBSQDCAAPUYG4NV2LY7PZY4LOZTJ5AKMPUJCFLGSIY4G63GOLVGFXC6VLI2\">Expertos critican frase de Boric sobre salud mental en el marco de los 50 a\u00f1os. Se refiere Comentario de pol\u00edtica de Mauricio Morales, director del Centro de An\u00e1lisis Pol\u00edtico (CAP).<\/a>\u00a0\u00a0<\/p><p>\u00a0<\/p><p><strong>RADIO INFINITA<\/strong><\/p><p><a href=\"https:\/\/www.litoralpress.cl\/sitio\/RadioTV_Detalles.cshtml?LPKey=U2XW2726WQ3NAXPHAMJZGUW5T7IJJFCBX77DXXJABLLHBBKESGLM7JRL6GWI73FSSPXOLYOIAFM3C\">Comentario de pol\u00edtica de Mauricio Morales, director del Centro de An\u00e1lisis Pol\u00edtico (CAP).\u00a0\u00a0<\/a><\/p><p>\u00a0<\/p><p><strong>BIOBIOCHILE.CL<\/strong><\/p><p><a href=\"https:\/\/www.biobiochile.cl\/noticias\/opinion\/tu-voz\/2023\/08\/31\/inclusion-financiera-de-migrantes-un-desafio-multisectorial.shtml\">Inclusi\u00f3n financiera de migrantes: un desaf\u00edo multisectorial. Se menciona al Centro Nacional de Estudios Migratorios.<\/a><\/p><p>\u00a0<\/p><p><strong>ELMAULEINFORMA.CL<\/strong><\/p><p><a href=\"https:\/\/elmauleinforma.cl\/performance-teatral-con-paulina-urrutia-llega-a-la-utalca\/\">Performance con Paulina Urrutia llega a la UTalca.\u00a0Se refiere Marcela Albornoz Dachelet, directora de Extensi\u00f3n Cultural-Art\u00edstica.\u00a0<\/a><\/p><p>\u00a0<\/p><p><strong>CANAL TVN RED MAULE<\/strong><\/p><p><a href=\"https:\/\/www.litoralpress.cl\/sitio\/RadioTV_Detalles.cshtml?LPKey=5LAVMDWMHJTFMDC3NFAJECSIAVXN3JCUATNVF4WQVMPRSD56OMH2RNLJ7VQBUBOYVD5FCMRGVU4SW\">&#8220;Proyecto Villa&#8221; ma\u00f1ana a las 12.30 horas en centro de Extensi\u00f3n. Se menciona a la Universidad de Talca.<\/a><\/p><p>\u00a0<\/p><p><strong>CINEYLITERATURA.CL<\/strong><\/p><p><a href=\"https:\/\/www.cineyliteratura.cl\/critica-damnatio-memoriae-la-insurgencia-poetica-del-horror\/\">[Cr\u00edtica] \u00abDamnatio Memoriae\u00bb: La insurgencia po\u00e9tica del horror. Se menciona a la Universidad de Talca.<\/a><\/p>\t\t\t\t\t\t<\/div>\n\t\t\t\t<\/div>\n\t\t\t\t\t<\/div>\n\t\t<\/div>\n\t\t\t\t\t\t\t<\/div>\n\t\t<\/section>\n\t\t\t\t\t\t<\/div>\n\t\t\t\t\t<\/div>\n\t\t","protected":false},"excerpt":{"rendered":"<p>ADPRENSA UTalca y SII firman convenio para capacitaci\u00f3n de estudiantes y apoyo a contribuyentes. Se refiere Carlos Torres Fuchslocher, rector. \u00a0 CAUQUENESNET.CL UTalca y SII firman convenio para capacitaci\u00f3n de estudiantes y apoyo a contribuyentes. Se refiere Carlos Torres Fuchslocher, rector. \u00a0 EL MERCURIO\u00a0 AVONNI 2023: Estos son los 37 finalistas del Premio Nacional de &hellip;<\/p>\n<p class=\"read-more\"> <a class=\"\" href=\"https:\/\/www.reportedeprensa.utalca.cl\/?p=8183\"> <span class=\"screen-reader-text\">31 de agosto de 2023<\/span> Read More &raquo;<\/a><\/p>\n","protected":false},"author":1,"featured_media":0,"comment_status":"closed","ping_status":"open","sticky":false,"template":"","format":"standard","meta":{"_monsterinsights_skip_tracking":false,"_monsterinsights_sitenote_active":false,"_monsterinsights_sitenote_note":"","_monsterinsights_sitenote_category":0},"categories":[39],"tags":[],"_links":{"self":[{"href":"https:\/\/www.reportedeprensa.utalca.cl\/index.php?rest_route=\/wp\/v2\/posts\/8183"}],"collection":[{"href":"https:\/\/www.reportedeprensa.utalca.cl\/index.php?rest_route=\/wp\/v2\/posts"}],"about":[{"href":"https:\/\/www.reportedeprensa.utalca.cl\/index.php?rest_route=\/wp\/v2\/types\/post"}],"author":[{"embeddable":true,"href":"https:\/\/www.reportedeprensa.utalca.cl\/index.php?rest_route=\/wp\/v2\/users\/1"}],"replies":[{"embeddable":true,"href":"https:\/\/www.reportedeprensa.utalca.cl\/index.php?rest_route=%2Fwp%2Fv2%2Fcomments&post=8183"}],"version-history":[{"count":5,"href":"https:\/\/www.reportedeprensa.utalca.cl\/index.php?rest_route=\/wp\/v2\/posts\/8183\/revisions"}],"predecessor-version":[{"id":8194,"href":"https:\/\/www.reportedeprensa.utalca.cl\/index.php?rest_route=\/wp\/v2\/posts\/8183\/revisions\/8194"}],"wp:attachment":[{"href":"https:\/\/www.reportedeprensa.utalca.cl\/index.php?rest_route=%2Fwp%2Fv2%2Fmedia&parent=8183"}],"wp:term":[{"taxonomy":"category","embeddable":true,"href":"https:\/\/www.reportedeprensa.utalca.cl\/index.php?rest_route=%2Fwp%2Fv2%2Fcategories&post=8183"},{"taxonomy":"post_tag","embeddable":true,"href":"https:\/\/www.reportedeprensa.utalca.cl\/index.php?rest_route=%2Fwp%2Fv2%2Ftags&post=8183"}],"curies":[{"name":"wp","href":"https:\/\/api.w.org\/{rel}","templated":true}]}}