{"id":8195,"date":"2023-09-01T16:07:51","date_gmt":"2023-09-01T19:07:51","guid":{"rendered":"https:\/\/www.reportedeprensa.utalca.cl\/?p=8195"},"modified":"2023-09-01T17:33:46","modified_gmt":"2023-09-01T20:33:46","slug":"01-de-septiembre-de-2023","status":"publish","type":"post","link":"https:\/\/www.reportedeprensa.utalca.cl\/?p=8195","title":{"rendered":"01 de septiembre de 2023"},"content":{"rendered":"\t\t<div data-elementor-type=\"wp-post\" data-elementor-id=\"8195\" class=\"elementor elementor-8195\" data-elementor-settings=\"[]\">\n\t\t\t\t\t\t\t<div class=\"elementor-section-wrap\">\n\t\t\t\t\t\t\t<section class=\"elementor-section elementor-top-section elementor-element elementor-element-10154d05 elementor-section-boxed elementor-section-height-default elementor-section-height-default\" data-id=\"10154d05\" data-element_type=\"section\">\n\t\t\t\t\t\t<div class=\"elementor-container elementor-column-gap-default\">\n\t\t\t\t\t<div class=\"elementor-column elementor-col-100 elementor-top-column elementor-element elementor-element-5db19c21\" data-id=\"5db19c21\" data-element_type=\"column\">\n\t\t\t<div class=\"elementor-widget-wrap elementor-element-populated\">\n\t\t\t\t\t\t\t\t<div class=\"elementor-element elementor-element-587e31be elementor-widget elementor-widget-text-editor\" data-id=\"587e31be\" data-element_type=\"widget\" data-widget_type=\"text-editor.default\">\n\t\t\t\t<div class=\"elementor-widget-container\">\n\t\t\t\t\t\t\t\t<p><strong>EL MERCURIO<\/strong><\/p><p><a href=\"https:\/\/www.litoralpress.cl\/paginaconsultas\/Servicios_NClipSitio\/Get_Imagen_Nota.aspx?LPKey=XSK5HMXEINEVIVMQ5JPGGVEGIGAU5QKKLODWJ65R6AR3VKSXNK23FYFUSGKNPMMLFVCAQTJDN6YTS\"><span style=\"font-style: inherit; font-weight: inherit;\">AVONNI 2023: Estos son los 37 finalistas del Premio Nacional de Innovaci\u00f3n<\/span>. Se menciona a la Universidad de Talca.<\/a><\/p><p>\u00a0<\/p><p><strong>ADPRENSA<\/strong><\/p><p><a href=\"http:\/\/HTTPS:\/\/WWW.ADPRENSA.CL\/CRONICA\/MAS-DE-70-ESPECIALISTAS-PRESENTAN-OBRA-EN-HOMENAJE-A-HUMBERTO-NOGUEIRA-ALCALA\/\" data-wplink-url-error=\"true\"><span style=\"font-style: inherit;\">M\u00e1s de 70 especialistas presentan obra en homenaje a Humberto Nogueira Alcal\u00e1<\/span>. Se refieren Roberto Jara Rojas, director de Investigaci\u00f3n; Gonzalo Aguilar Cavallo, acad\u00e9mico de la Facultad de Ciencias Jur\u00eddicas y Sociales; y Humbeto Nogueira, homenajeado y director del Centro de Estudios Constitucionales de Chile (CECOCH).\u00a0<\/a><\/p><p>\u00a0<\/p><p><strong>EL TIP\u00d3GRAFO<\/strong><\/p><p><a href=\"https:\/\/eltipografo.cl\/2023\/08\/el-cambio-climatico-y-sus-efectos-en-la-generacion-de-energias-renovables\">El cambio clim\u00e1tico y sus efectos en la generaci\u00f3n de energ\u00edas renovables. Se refiere Marco Rivera, acad\u00e9mico de la Facultad de Ingenier\u00eda.<\/a><\/p><p>\u00a0<\/p><p><strong>CNN CHILE<\/strong><\/p><p><a href=\"https:\/\/www.litoralpress.cl\/sitio\/RadioTV_Detalles.cshtml?LPKey=WD3YK37DVG3LNJDFC4AU4AISUL4AVIXNNXTQQKB5OLESZY6RLSBAQIXDMZO4YPCCQTXYTAL44Z6FS\">Nuevo estadio se va a convertir en el primer recinto deportivo en Chile en ser suministrado por energ\u00edas 100% renovables. Se refiere Francisco Mateo Elgueta, acad\u00e9mico y gerente de Kipus.<\/a><\/p><p>\u00a0<\/p><p><strong>EL MOSTRADOR<\/strong><\/p><p><a href=\"https:\/\/www.elmostrador.cl\/agenda-pais\/vida-en-linea\/2023\/09\/01\/nueva-vacuna-prevendria-mortalidad-de-infantes-y-adultos-mayores-por-virus-sincicial\/\">Nueva vacuna prevendr\u00eda mortalidad de infantes y adultos mayores por virus sincicial. Se refiere Erika Retamal Contreras, directora del Departamento de Salud P\u00fablica.<\/a><\/p><p>\u00a0<\/p><p><strong>ADPRENSA<\/strong><\/p><p><a href=\"https:\/\/www.adprensa.cl\/cronica\/nueva-vacuna-prevendria-mortalidad-de-infantes-y-adultos-mayores-por-virus-sincicial\/\">Nueva vacuna prevendr\u00eda mortalidad de infantes y adultos mayores por virus sincicial. Se refiere Erika Retamal Contreras, directora del Departamento de Salud P\u00fablica.<\/a><\/p><p>\u00a0<\/p><p><strong>EL TIP\u00d3GRAFO<\/strong><\/p><p><a href=\"https:\/\/eltipografo.cl\/2023\/08\/virus-sincicial-nueva-vacuna-prevendria-mortalidad-de-infantes-y-adultos-mayores\">Virus sincicial: Nueva vacuna prevendr\u00eda mortalidad de infantes y adultos mayores. Se refiere Erika Retamal Contreras, directora del Departamento de Salud P\u00fablica.<\/a><\/p><p>\u00a0<\/p><p><strong>RADIO RANCAGUA<\/strong><\/p><p><a href=\"https:\/\/www.litoralpress.cl\/sitio\/RadioTV_Detalles.cshtml?LPKey=ET7BTOMOGB6GZQCRENYCYKN4KIFMYDXJV4N7GYWFP7TVRD5PIR5YQDDCXGFWMPVZXOU2ZPE6TLTJG\">Estados Unidos y Europa aprobaron una vacuna que servir\u00eda para combatir el virus sincicial. Se refiere Erika Retamal Contreras, directora del Departamento de Salud P\u00fablica.<\/a><\/p><p>\u00a0<\/p><p><strong>COOPERATIVA CIENCIA<\/strong><\/p><p><a href=\"http:\/\/HTTPS:\/\/WWW.LITORALPRESS.CL\/SITIO\/RADIOTV_DETALLES.CSHTML?LPKEY=SGNG2ERB7ECTK5BTBT2HZCB4HDZSTUKGJSMYPACS4SBQMC3WE7KZAN7Q56SRO336TRLOK4BDYXSWU\" data-wplink-url-error=\"true\">Desaf\u00edos de la infraestructura cr\u00edtica post lluvia. Se refiere Miguel \u00c1ngel Arriagada, director de la Escuela de Ingenier\u00eda Civil en Obras Civiles.<\/a><\/p><p>\u00a0<\/p><p><strong><span style=\"font-style: inherit;\">ENLINEAMAULE.CL<\/span><\/strong><\/p><p><a href=\"https:\/\/enlineamaule.cl\/archivo\/53299\">Experto de la UTalca analiza los desaf\u00edos tras las inundaciones: Plantea evaluar en terreno los da\u00f1os estructurales y mejorar la normativa de construcci\u00f3n para evitar a futuro estos da\u00f1os. Se refiere Miguel \u00c1ngel Arriagada, director de la Escuela de Ingenier\u00eda Civil en Obras Civiles.\u00a0<\/a><\/p><p>\u00a0<\/p><p><strong>TVN RED MAULE<\/strong><\/p><p><a href=\"https:\/\/www.litoralpress.cl\/sitio\/RadioTV_Detalles.cshtml?LPKey=DGBQO3NMYEYTOETHOGG7NS47QPUWAYCBB4HEGHP7KJZSEF4KM7J25RGSDYM5F2ALYGPOBYXPRCJDE\">Linares: Vecinos de Vega Ancoa reclaman por ayuda. Se refiere Mat\u00edas G\u00f3mez, acad\u00e9mco de la Facultad de Ingenier\u00eda.<\/a><\/p><p>\u00a0<\/p><p><strong>COOPERATIVA CIENCIA<\/strong><\/p><p><a href=\"https:\/\/www.cooperativaciencia.cl\/2023\/08\/31\/talca-registra-el-agosto-mas-lluvioso-en-123-anos\/\">Talca registra el agosto m\u00e1s lluvioso en 123 a\u00f1os. Se refiere Patricio Gonz\u00e1lez Colville, agroclimat\u00f3logo del Centro de Investigaci\u00f3n y Transferencia en Riego y Agroclimatolog\u00eda (CITRA).\u00a0<\/a><\/p><p>\u00a0<\/p><p><strong>CANAL ANTOFAGASTA<\/strong><\/p><p><a href=\"https:\/\/www.litoralpress.cl\/sitio\/RadioTV_Detalles.cshtml?LPKey=ECI7SZXRAXIQG2BMLPXNGTROUOJQ3IQ57N2UXEFQHTZWUHQ5Z5T6BYD6IDRFR4IO4M6KF6QHLIJRA\">Lluvias ca\u00eddas en el Maule durante agosto rompieron un r\u00e9cord hist\u00f3rico. Se refiere Patricio Gonz\u00e1lez Colville, agroclimat\u00f3logo del Centro de Investigaci\u00f3n y Transferencia en Riego y Agroclimatolog\u00eda (CITRA).\u00a0<\/a><\/p><p>\u00a0<\/p><p><strong>BIOBIOCHILE.CL<\/strong><\/p><p><a href=\"https:\/\/www.biobiochile.cl\/noticias\/nacional\/region-del-maule\/2023\/09\/01\/gobierno-pide-renuncia-a-delegada-provincial-de-linares-y-nombra-a-su-sucesora.shtml\">Gobierno pide renuncia a delegada provincial de Linares y nombra a su sucesora. Se menciona a Aly Valderrama Villaroel, nueva delegada presidencia provincial de Linares y exalumna de la Universidad.<\/a><\/p><p>\u00a0<\/p><p><strong>RADIOAGRICULTURA.CL<\/strong><\/p><p><a href=\"https:\/\/www.radioagricultura.cl\/nacional\/2023\/09\/01\/presidente-boric-pide-la-renuncia-de-la-delegada-provincial-de-linares\/\">Gobierno pide renuncia a delegada provincial de Linares y nombra a su sucesora. Se menciona a Aly Valderrama Villaroel, nueva delegada presidencia provincial de Linares y exalumna de la Universidad.<\/a><\/p><p><strong>\u00a0<\/strong><\/p><p><strong>EL LECTOR<\/strong><\/p><p><a href=\"https:\/\/www.litoralpress.cl\/paginaconsultas\/Servicios_NClipSitio\/Get_Imagen_Nota.aspx?LPKey=7Z425LEULT3JHBKKEW5TSSQXD5EJXUJHNSJXQKYG5NNAAP352JNILXSSTPPSR6DMTMP3P4JN242ZM\">Especialista destac\u00f3 la importancia de la actividad f\u00edsica para un envejecimiento saludable. Se refiere Jessica Espinoza integrante del Centro de Investigaci\u00f3n en Envejecimiento Saludable (CIES) y acad\u00e9mica del Departamento de Ciencias del movimiento Humano.<\/a><\/p><p>\u00a0<\/p><p><strong>EL LECTOR<\/strong><\/p><p><a href=\"https:\/\/www.litoralpress.cl\/paginaconsultas\/Servicios_NClipSitio\/Get_Imagen_Nota.aspx?LPKey=KE4HJG4MY4HW5B5QR22SK6BRBX5TD5OXDP6CN75OPPJMJ5E4BVMDETCBUIL4Q22XZ2TST3T7QV5TI\">UTalca estrena temporada musical para la comunidad maulina. Se refiere Dorian Lamotte, acad\u00e9mico de la Escuela de Musica y coordinador de la temporada.<\/a><\/p>\t\t\t\t\t\t<\/div>\n\t\t\t\t<\/div>\n\t\t\t\t\t<\/div>\n\t\t<\/div>\n\t\t\t\t\t\t\t<\/div>\n\t\t<\/section>\n\t\t\t\t\t\t<\/div>\n\t\t\t\t\t<\/div>\n\t\t","protected":false},"excerpt":{"rendered":"<p>EL MERCURIO AVONNI 2023: Estos son los 37 finalistas del Premio Nacional de Innovaci\u00f3n. Se menciona a la Universidad de Talca. \u00a0 ADPRENSA M\u00e1s de 70 especialistas presentan obra en homenaje a Humberto Nogueira Alcal\u00e1. Se refieren Roberto Jara Rojas, director de Investigaci\u00f3n; Gonzalo Aguilar Cavallo, acad\u00e9mico de la Facultad de Ciencias Jur\u00eddicas y Sociales; &hellip;<\/p>\n<p class=\"read-more\"> <a class=\"\" href=\"https:\/\/www.reportedeprensa.utalca.cl\/?p=8195\"> <span class=\"screen-reader-text\">01 de septiembre de 2023<\/span> Read More &raquo;<\/a><\/p>\n","protected":false},"author":1,"featured_media":0,"comment_status":"closed","ping_status":"open","sticky":false,"template":"","format":"standard","meta":{"_monsterinsights_skip_tracking":false,"_monsterinsights_sitenote_active":false,"_monsterinsights_sitenote_note":"","_monsterinsights_sitenote_category":0},"categories":[40],"tags":[],"_links":{"self":[{"href":"https:\/\/www.reportedeprensa.utalca.cl\/index.php?rest_route=\/wp\/v2\/posts\/8195"}],"collection":[{"href":"https:\/\/www.reportedeprensa.utalca.cl\/index.php?rest_route=\/wp\/v2\/posts"}],"about":[{"href":"https:\/\/www.reportedeprensa.utalca.cl\/index.php?rest_route=\/wp\/v2\/types\/post"}],"author":[{"embeddable":true,"href":"https:\/\/www.reportedeprensa.utalca.cl\/index.php?rest_route=\/wp\/v2\/users\/1"}],"replies":[{"embeddable":true,"href":"https:\/\/www.reportedeprensa.utalca.cl\/index.php?rest_route=%2Fwp%2Fv2%2Fcomments&post=8195"}],"version-history":[{"count":4,"href":"https:\/\/www.reportedeprensa.utalca.cl\/index.php?rest_route=\/wp\/v2\/posts\/8195\/revisions"}],"predecessor-version":[{"id":8202,"href":"https:\/\/www.reportedeprensa.utalca.cl\/index.php?rest_route=\/wp\/v2\/posts\/8195\/revisions\/8202"}],"wp:attachment":[{"href":"https:\/\/www.reportedeprensa.utalca.cl\/index.php?rest_route=%2Fwp%2Fv2%2Fmedia&parent=8195"}],"wp:term":[{"taxonomy":"category","embeddable":true,"href":"https:\/\/www.reportedeprensa.utalca.cl\/index.php?rest_route=%2Fwp%2Fv2%2Fcategories&post=8195"},{"taxonomy":"post_tag","embeddable":true,"href":"https:\/\/www.reportedeprensa.utalca.cl\/index.php?rest_route=%2Fwp%2Fv2%2Ftags&post=8195"}],"curies":[{"name":"wp","href":"https:\/\/api.w.org\/{rel}","templated":true}]}}