{"id":820,"date":"2021-04-26T09:20:38","date_gmt":"2021-04-26T12:20:38","guid":{"rendered":"https:\/\/www.reportedeprensa.utalca.cl\/?p=820"},"modified":"2021-04-26T09:49:24","modified_gmt":"2021-04-26T12:49:24","slug":"26-de-abril-de-2021","status":"publish","type":"post","link":"https:\/\/www.reportedeprensa.utalca.cl\/?p=820","title":{"rendered":"26 de abril de 2021"},"content":{"rendered":"\t\t<div data-elementor-type=\"wp-post\" data-elementor-id=\"820\" class=\"elementor elementor-820\" data-elementor-settings=\"[]\">\n\t\t\t\t\t\t\t<div class=\"elementor-section-wrap\">\n\t\t\t\t\t\t\t<section class=\"elementor-section elementor-top-section elementor-element elementor-element-a06ca45 elementor-section-boxed elementor-section-height-default elementor-section-height-default\" data-id=\"a06ca45\" data-element_type=\"section\">\n\t\t\t\t\t\t<div class=\"elementor-container elementor-column-gap-default\">\n\t\t\t\t\t<div class=\"elementor-column elementor-col-100 elementor-top-column elementor-element elementor-element-1486c35\" data-id=\"1486c35\" data-element_type=\"column\">\n\t\t\t<div class=\"elementor-widget-wrap elementor-element-populated\">\n\t\t\t\t\t\t\t\t<div class=\"elementor-element elementor-element-42b145e elementor-widget elementor-widget-text-editor\" data-id=\"42b145e\" data-element_type=\"widget\" data-widget_type=\"text-editor.default\">\n\t\t\t\t<div class=\"elementor-widget-container\">\n\t\t\t\t\t\t\t\t<p><b>CANAL MEGA<\/b><\/p><p><a style=\"font-style: inherit; font-weight: inherit; background-color: #ffffff; font-family: -apple-system, BlinkMacSystemFont,;\" href=\"https:\/\/www.litoralpress.cl\/Archivos\/qf.Yqdlwl.Ghxtjsc.Z.G9o.C.B.Q.%c3%96.%c3%96.mp4\" target=\"_blank\" rel=\"noopener\">Impacto de la pandemia en la salud mental. Se menciona estudio sobre el sue\u00f1o realizado por acad\u00e9micos de la UTalca.<\/a><\/p>\t\t\t\t\t\t<\/div>\n\t\t\t\t<\/div>\n\t\t\t\t<div class=\"elementor-element elementor-element-8784e63 elementor-widget elementor-widget-text-editor\" data-id=\"8784e63\" data-element_type=\"widget\" data-widget_type=\"text-editor.default\">\n\t\t\t\t<div class=\"elementor-widget-container\">\n\t\t\t\t\t\t\t\t<p><b>LA ESTRELLA DE VALPARA\u00cdSO<\/b><\/p><p><a style=\"font-style: inherit; font-weight: inherit; background-color: #ffffff; font-family: -apple-system, BlinkMacSystemFont,;\" href=\"https:\/\/www.litoralpress.cl\/paginaconsultas\/Servicios_NClip\/Get_Imagen_Nota.aspx?LPKey=.Ssixya.Ie.P.R.Eoevu.Pq.D.C.B.F.Gw.M.Rf7.I93y.W62.Y.R0.%C3%9Cs07.E.Dvd.Qx.Enr3.T.Q.S.Unyu\/.Z3w.Wo\" target=\"_blank\" rel=\"noopener\">Valpara\u00edso es la segunda regi\u00f3n que peor duerme en Chile.\u00a0 Se refiere H\u00e9ctor Vargas, acad\u00e9mico de la Facultad de Psicolog\u00eda de la UTalca.<\/a><\/p>\t\t\t\t\t\t<\/div>\n\t\t\t\t<\/div>\n\t\t\t\t<div class=\"elementor-element elementor-element-2cafe70 elementor-widget elementor-widget-text-editor\" data-id=\"2cafe70\" data-element_type=\"widget\" data-widget_type=\"text-editor.default\">\n\t\t\t\t<div class=\"elementor-widget-container\">\n\t\t\t\t\t\t\t\t<p><b>CANAL 13<\/b><\/p><p><a style=\"font-style: inherit; font-weight: inherit; background-color: #ffffff; font-family: -apple-system, BlinkMacSystemFont,;\" href=\"https:\/\/www.litoralpress.cl\/Archivos\/vmn.Ev.Yl7.Eu.G.U2.E.Ci.Bl.Xl.S.A.%c3%96.%c3%96.mp4\" target=\"_blank\" rel=\"noopener\">L\u00ednea 4: Estudiantes a un metro de mejores oportunidades. Se menciona estudio presentado en la Universidad de Talca.<\/a><\/p>\t\t\t\t\t\t<\/div>\n\t\t\t\t<\/div>\n\t\t\t\t<div class=\"elementor-element elementor-element-e2377d4 elementor-widget elementor-widget-text-editor\" data-id=\"e2377d4\" data-element_type=\"widget\" data-widget_type=\"text-editor.default\">\n\t\t\t\t<div class=\"elementor-widget-container\">\n\t\t\t\t\t\t\t\t<p><b>ADPRENSA.CL<\/b><\/p><p><a style=\"font-style: inherit; font-weight: inherit; background-color: #ffffff; font-family: -apple-system, BlinkMacSystemFont,;\" href=\"https:\/\/www.adprensa.cl\/cronica\/utalca-logra-nueva-certificacion-en-sustentabilidad\/\" target=\"_blank\" rel=\"noopener\">UTalca logra nueva certificaci\u00f3n en sustentabilidad.<\/a><\/p>\t\t\t\t\t\t<\/div>\n\t\t\t\t<\/div>\n\t\t\t\t<div class=\"elementor-element elementor-element-a893da7 elementor-widget elementor-widget-text-editor\" data-id=\"a893da7\" data-element_type=\"widget\" data-widget_type=\"text-editor.default\">\n\t\t\t\t<div class=\"elementor-widget-container\">\n\t\t\t\t\t\t\t\t<p><b>EL HERALDO<\/b><\/p><p><a style=\"font-style: inherit; font-weight: inherit; background-color: #ffffff; font-family: -apple-system, BlinkMacSystemFont,;\" href=\"https:\/\/www.litoralpress.cl\/paginaconsultas\/Servicios_NClip\/Get_Imagen_Nota.aspx?LPKey=.T81xzi.S.K70.T5.R.Xr.C.C.L.O\/.Dfe.Sg.G.Fmqxx.Pcrso.Hpa.H2.A.Ogroa.Io9.J.%C3%9C.O.C.Vtr.J78vj.Mv\" target=\"_blank\" rel=\"noopener\">UTalca logra nueva certificaci\u00f3n en sustentabilidad.<\/a><\/p>\t\t\t\t\t\t<\/div>\n\t\t\t\t<\/div>\n\t\t\t\t<div class=\"elementor-element elementor-element-d1e2c5a elementor-widget elementor-widget-text-editor\" data-id=\"d1e2c5a\" data-element_type=\"widget\" data-widget_type=\"text-editor.default\">\n\t\t\t\t<div class=\"elementor-widget-container\">\n\t\t\t\t\t\t\t\t<p><b>DIARIOELHERALDO.CL<\/b><\/p><p><a style=\"font-style: inherit; font-weight: inherit; background-color: #ffffff; font-family: -apple-system, BlinkMacSystemFont,;\" href=\"http:\/\/www.diarioelheraldo.cl\/noticia\/utalca-logra-nueva-certificacion-en-sustentabilidad\" target=\"_blank\" rel=\"noopener\">UTalca logra nueva certificaci\u00f3n en sustentabilidad<\/a><\/p>\t\t\t\t\t\t<\/div>\n\t\t\t\t<\/div>\n\t\t\t\t<div class=\"elementor-element elementor-element-6458d29 elementor-widget elementor-widget-text-editor\" data-id=\"6458d29\" data-element_type=\"widget\" data-widget_type=\"text-editor.default\">\n\t\t\t\t<div class=\"elementor-widget-container\">\n\t\t\t\t\t\t\t\t<p><b>LA PRENSA<\/b><\/p><p><a style=\"font-style: inherit; font-weight: inherit; background-color: #ffffff; font-family: -apple-system, BlinkMacSystemFont,;\" href=\"https:\/\/www.litoralpress.cl\/paginaconsultas\/Servicios_NClip\/Get_Imagen_Nota.aspx?LPKey=q.D4p.E.Qxr7d.V.L.Gy.At.E7.R.Kka.W.G.U.D8.Pcl.F.Xzgg.T.E.D.J.R4.G7yt.Ky9t.%C3%9Cf6.U.Tl.M.M.Bnmn.Fqi\" target=\"_blank\" rel=\"noopener\">&#8220;Examen de PCR es capaz de detectar COVID-19 indistintamente de la variante que tenga el virus\u201d. Se refiere Marcelo Alarc\u00f3n, acad\u00e9mico del Departamento de Bioqu\u00edmica Cl\u00ednica e Inmunohematolog\u00eda de la UTalca.<\/a><\/p>\t\t\t\t\t\t<\/div>\n\t\t\t\t<\/div>\n\t\t\t\t<div class=\"elementor-element elementor-element-22e7360 elementor-widget elementor-widget-text-editor\" data-id=\"22e7360\" data-element_type=\"widget\" data-widget_type=\"text-editor.default\">\n\t\t\t\t<div class=\"elementor-widget-container\">\n\t\t\t\t\t\t\t\t<p><b>LA PRENSA<\/b><\/p><p><a style=\"font-style: inherit; font-weight: inherit; background-color: #ffffff; font-family: -apple-system, BlinkMacSystemFont,;\" href=\"https:\/\/www.litoralpress.cl\/paginaconsultas\/Servicios_NClip\/Get_Imagen_Nota.aspx?LPKey=.Qr.J.Neq.C.B2.P0.Yl.Gmlc.Bcol73nh.C.L.Bj.H.%C3%9C.Cdj.T.Vrw.%C3%9C8f.Tckjh.A.N7.I.C.P.I.F3.C5qs.P.B.C.Nt\" target=\"_blank\" rel=\"noopener\">Hospital de Curic\u00f3: Durante la pr\u00f3xima semana comienza \u201cmarcha blanca\u201d para toma de test PCR. Se menciona a Marcelo Alarc\u00f3n, acad\u00e9mico del Departamento de Bioqu\u00edmica Cl\u00ednica e Inmunohematolog\u00eda de la UTalca.<\/a><\/p>\t\t\t\t\t\t<\/div>\n\t\t\t\t<\/div>\n\t\t\t\t<div class=\"elementor-element elementor-element-a1a8be3 elementor-widget elementor-widget-text-editor\" data-id=\"a1a8be3\" data-element_type=\"widget\" data-widget_type=\"text-editor.default\">\n\t\t\t\t<div class=\"elementor-widget-container\">\n\t\t\t\t\t\t\t\t<p><b>LA PRENSA<\/b><\/p><p><a style=\"font-style: inherit; font-weight: inherit; background-color: #ffffff; font-family: -apple-system, BlinkMacSystemFont,;\" href=\"https:\/\/www.litoralpress.cl\/paginaconsultas\/Servicios_NClip\/Get_Imagen_Nota.aspx?LPKey=r.W.D.Y.Czhvm.V7k.V.Ztwbaw7.F.Plj.W3.P.W.E8k.O.Kvf56.Y.Tqv.Cau46w\/.Bn61sor.Si7jm.Mlnh\" target=\"_blank\" rel=\"noopener\">Acad\u00e9mico de UTalca refuerza llamado para que todas las personas se vacunen.<\/a><\/p>\t\t\t\t\t\t<\/div>\n\t\t\t\t<\/div>\n\t\t\t\t<div class=\"elementor-element elementor-element-340692d elementor-widget elementor-widget-text-editor\" data-id=\"340692d\" data-element_type=\"widget\" data-widget_type=\"text-editor.default\">\n\t\t\t\t<div class=\"elementor-widget-container\">\n\t\t\t\t\t\t\t\t<p><b>TVMAULE.CL<\/b><\/p><p><a style=\"font-style: inherit; font-weight: inherit; background-color: #ffffff; font-family: -apple-system, BlinkMacSystemFont,;\" href=\"https:\/\/www.tvmaule.cl\/experto-refuerza-llamado-para-que-todas-las-personas-se-vacunen\/\" target=\"_blank\" rel=\"noopener\">Experto refuerza llamado para que todas las personas se vacunen. Se refiere Sergio Wehinger, director del Mag\u00edster en Ciencias Biom\u00e9dicas de la UTalca.<\/a><\/p>\t\t\t\t\t\t<\/div>\n\t\t\t\t<\/div>\n\t\t\t\t<div class=\"elementor-element elementor-element-7908437 elementor-widget elementor-widget-text-editor\" data-id=\"7908437\" data-element_type=\"widget\" data-widget_type=\"text-editor.default\">\n\t\t\t\t<div class=\"elementor-widget-container\">\n\t\t\t\t\t\t\t\t<p><b>ELALFA.CL<\/b><\/p><p><a style=\"font-style: inherit; font-weight: inherit; background-color: #ffffff; font-family: -apple-system, BlinkMacSystemFont,;\" href=\"https:\/\/elalfa.cl\/index.php\/2021\/04\/23\/refuerzan-llamado-para-que-todas-las-personas-se-vacunen\/\" target=\"_blank\" rel=\"noopener\">Refuerzan llamado para que todas las personas se vacunen. Se refiere Sergio Wehinger, director del Mag\u00edster en Ciencias Biom\u00e9dicas de la UTalca.<\/a><\/p>\t\t\t\t\t\t<\/div>\n\t\t\t\t<\/div>\n\t\t\t\t<div class=\"elementor-element elementor-element-58ca81b elementor-widget elementor-widget-text-editor\" data-id=\"58ca81b\" data-element_type=\"widget\" data-widget_type=\"text-editor.default\">\n\t\t\t\t<div class=\"elementor-widget-container\">\n\t\t\t\t\t\t\t\t<p><b>RADIO AMIGA<\/b><\/p><p><a style=\"font-style: inherit; font-weight: inherit; background-color: #ffffff; font-family: -apple-system, BlinkMacSystemFont,;\" href=\"https:\/\/www.litoralpress.cl\/Archivos\/.U.Jk.Tz3l.R.T8.Th8s.O.Rvo.F7-w.%c3%96.%c3%96.mp3\" target=\"_blank\" rel=\"noopener\">Experto se refiere a aplicaci\u00f3n de una tercera dosis de la vacuna contra el COVID-19 para lograr inmunidad. Opina Marcelo Alarc\u00f3n, acad\u00e9mico del Departamento de Bioqu\u00edmica Cl\u00ednica e Inmunohematolog\u00eda de la UTalca.<\/a><\/p>\t\t\t\t\t\t<\/div>\n\t\t\t\t<\/div>\n\t\t\t\t<div class=\"elementor-element elementor-element-4c435fc elementor-widget elementor-widget-text-editor\" data-id=\"4c435fc\" data-element_type=\"widget\" data-widget_type=\"text-editor.default\">\n\t\t\t\t<div class=\"elementor-widget-container\">\n\t\t\t\t\t\t\t\t<p><b>IMPACTOREGIONAL.CL<\/b><\/p><p><a style=\"font-style: inherit; font-weight: inherit; background-color: #ffffff; font-family: -apple-system, BlinkMacSystemFont,;\" href=\"http:\/\/www.impactoregional.cl\/?p=3552\" target=\"_blank\" rel=\"noopener\">Impacto regional: entrevista a Natalia Uribe, acad\u00e9mica de la Facultad de Psicolog\u00eda de la UTalca.<\/a><\/p>\t\t\t\t\t\t<\/div>\n\t\t\t\t<\/div>\n\t\t\t\t<div class=\"elementor-element elementor-element-a4bc637 elementor-widget elementor-widget-text-editor\" data-id=\"a4bc637\" data-element_type=\"widget\" data-widget_type=\"text-editor.default\">\n\t\t\t\t<div class=\"elementor-widget-container\">\n\t\t\t\t\t\t\t\t<p><b>REDMAULE.COM<\/b><\/p><p><a style=\"font-style: inherit; font-weight: inherit; background-color: #ffffff; font-family: -apple-system, BlinkMacSystemFont,;\" href=\"https:\/\/www.redmaule.com\/regional\/nuevo-centro-de-estudios-abordara-principales-desafios-asociados-al\" target=\"_blank\" rel=\"noopener\">Nuevo Centro de Estudios abordar\u00e1 principales desaf\u00edos asociados al envejecimiento en la regi\u00f3n. Se refiere Germ\u00e1n Lobos, acad\u00e9mico de la Facultad de Econom\u00eda y Negocios (FEN) de la UTalca.<\/a><\/p>\t\t\t\t\t\t<\/div>\n\t\t\t\t<\/div>\n\t\t\t\t<div class=\"elementor-element elementor-element-93ef767 elementor-widget elementor-widget-text-editor\" data-id=\"93ef767\" data-element_type=\"widget\" data-widget_type=\"text-editor.default\">\n\t\t\t\t<div class=\"elementor-widget-container\">\n\t\t\t\t\t\t\t\t<p><b>ENESTRADO.COM<\/b><\/p><p><a style=\"font-style: inherit; font-weight: inherit; background-color: #ffffff; font-family: -apple-system, BlinkMacSystemFont,;\" href=\"https:\/\/enestrado.com\/38-academicos-de-facultades-de-derecho-realizan-carta-para-advertir-sobre-efectos-de-incorporar-de-forma-permanente-funcionamiento-remoto-y-semipresencial-del-sistema-penal\/\" target=\"_blank\" rel=\"noopener\">38 acad\u00e9micos de facultades de Derecho realizan carta para advertir sobre efectos de incorporar de forma permanente funcionamiento remoto y semipresencial del sistema penal. Se menciona que texto fue suscrito por Osvaldo Artaza y Diego Palomo, acad\u00e9micos de la Facultad de Ciencias Jur\u00eddicas y Sociales de la UTalca.<\/a><\/p>\t\t\t\t\t\t<\/div>\n\t\t\t\t<\/div>\n\t\t\t\t<div class=\"elementor-element elementor-element-5582518 elementor-widget elementor-widget-text-editor\" data-id=\"5582518\" data-element_type=\"widget\" data-widget_type=\"text-editor.default\">\n\t\t\t\t<div class=\"elementor-widget-container\">\n\t\t\t\t\t\t\t\t<p><b>PORTALAGROCHILE.CL<\/b><\/p><p><a style=\"font-style: inherit; font-weight: inherit; background-color: #ffffff; font-family: -apple-system, BlinkMacSystemFont,;\" href=\"https:\/\/www.portalagrochile.cl\/2021\/04\/24\/webinar-inocuidad-alimentaria-y-uso-de-plaguicidas\/\" target=\"_blank\" rel=\"noopener\">Universidad de Talca realizar\u00e1 webinar sobre inocuidad alimentaria y uso de plaguicidas.<\/a><\/p>\t\t\t\t\t\t<\/div>\n\t\t\t\t<\/div>\n\t\t\t\t<div class=\"elementor-element elementor-element-7021e7e elementor-widget elementor-widget-text-editor\" data-id=\"7021e7e\" data-element_type=\"widget\" data-widget_type=\"text-editor.default\">\n\t\t\t\t<div class=\"elementor-widget-container\">\n\t\t\t\t\t\t\t\t<p><b>CANAL 13<\/b><\/p><p><a style=\"font-style: inherit; font-weight: inherit; background-color: #ffffff; font-family: -apple-system, BlinkMacSystemFont,;\" href=\"https:\/\/www.litoralpress.cl\/Archivos\/.G5.G.Qeea.X.I.Nk21f.A8.S.V.M.Wjw.%c3%96.%c3%96.mp4\" target=\"_blank\" rel=\"noopener\">La &#8220;semana negra&#8221; de La Moneda: Tercer retiro del 10% agudiz\u00f3 crisis pol\u00edtica. Se refiere Mauricio Morales, director del Centro de An\u00e1lisis Pol\u00edtico (CAP) de la UTalca.<\/a><\/p>\t\t\t\t\t\t<\/div>\n\t\t\t\t<\/div>\n\t\t\t\t<div class=\"elementor-element elementor-element-54583aa elementor-widget elementor-widget-text-editor\" data-id=\"54583aa\" data-element_type=\"widget\" data-widget_type=\"text-editor.default\">\n\t\t\t\t<div class=\"elementor-widget-container\">\n\t\t\t\t\t\t\t\t<p><b>ELMERCURIO.COM<\/b><\/p><p><a style=\"font-style: inherit; font-weight: inherit; background-color: #ffffff; font-family: -apple-system, BlinkMacSystemFont,;\" href=\"https:\/\/www.litoralpress.cl\/paginaconsultas\/Documentos\/Get_Imagen.aspx?lpkey=h3123yf1sm24\/c.C3.J.O.%C3%9C7.J.J.I.R\/0b5y3j54s.Q.Lhe.R.W.Pr.B.Bz95hz.S.Had.V0aj.Tlue.V.Iv\" target=\"_blank\" rel=\"noopener\">El nuevo riesgo pol\u00edtico de Chile que altera al mercado. Se refiere Mauricio Morales, director del Centro de An\u00e1lisis Pol\u00edtico (CAP) de la UTalca.<\/a><\/p>\t\t\t\t\t\t<\/div>\n\t\t\t\t<\/div>\n\t\t\t\t<div class=\"elementor-element elementor-element-ec71736 elementor-widget elementor-widget-text-editor\" data-id=\"ec71736\" data-element_type=\"widget\" data-widget_type=\"text-editor.default\">\n\t\t\t\t<div class=\"elementor-widget-container\">\n\t\t\t\t\t\t\t\t<p><b>EL MERCURIO DE VALPARA\u00cdSO<\/b><\/p><p><a style=\"font-style: inherit; font-weight: inherit; background-color: #ffffff; font-family: -apple-system, BlinkMacSystemFont,;\" href=\"https:\/\/www.litoralpress.cl\/sitio\/Prensa_PaginaCompleta.cshtml?LPKey=.X.Id8.Ogldjxejwc0.Wsxw.Yz.Oxbmf.F.Z4q7dc.Vz9.X5.E.L9h.M.%C3%96\" target=\"_blank\" rel=\"noopener\">D\u00edas cr\u00edticos para el Ejecutivo con las elecciones ad portas. Se refiere Mauricio Morales, director del Centro de An\u00e1lisis Pol\u00edtico (CAP) de la UTalca.<\/a><\/p>\t\t\t\t\t\t<\/div>\n\t\t\t\t<\/div>\n\t\t\t\t<div class=\"elementor-element elementor-element-b8bbcfd elementor-widget elementor-widget-text-editor\" data-id=\"b8bbcfd\" data-element_type=\"widget\" data-widget_type=\"text-editor.default\">\n\t\t\t\t<div class=\"elementor-widget-container\">\n\t\t\t\t\t\t\t\t<p><b>RADIO AGRICULTURA<\/b><\/p><p><a style=\"font-style: inherit; font-weight: inherit; background-color: #ffffff; font-family: -apple-system, BlinkMacSystemFont,;\" href=\"https:\/\/www.litoralpress.cl\/Archivos\/wr.I.Jr.Au3.Q71.H.T.V3.Oyp.Sk.%c3%9c.Q.%c3%96.%c3%96.mp3\" target=\"_blank\" rel=\"noopener\">Entrevista a Mauricio Morales, director del Centro de An\u00e1lisis Pol\u00edtico (CAP) de la UTalca.<\/a><\/p>\t\t\t\t\t\t<\/div>\n\t\t\t\t<\/div>\n\t\t\t\t<div class=\"elementor-element elementor-element-93bc80c elementor-widget elementor-widget-text-editor\" data-id=\"93bc80c\" data-element_type=\"widget\" data-widget_type=\"text-editor.default\">\n\t\t\t\t<div class=\"elementor-widget-container\">\n\t\t\t\t\t\t\t\t<p><b>RADIO AGRICULTURA<\/b><\/p><p><a style=\"font-style: inherit; font-weight: inherit; background-color: #ffffff; font-family: -apple-system, BlinkMacSystemFont,;\" href=\"https:\/\/www.litoralpress.cl\/Archivos\/.Rqqg.Q.X.W2m.Iqi.A9s.%c3%9c4h.L.A.F.A.%c3%96.%c3%96.mp3\" target=\"_blank\" rel=\"noopener\">Sigue la idea de acusar constitucionalmente a Pi\u00f1era. Se refiere Mauricio Morales, director del Centro de An\u00e1lisis Pol\u00edtico (CAP) de la UTalca.<\/a><\/p>\t\t\t\t\t\t<\/div>\n\t\t\t\t<\/div>\n\t\t\t\t<div class=\"elementor-element elementor-element-45e2c8b elementor-widget elementor-widget-text-editor\" data-id=\"45e2c8b\" data-element_type=\"widget\" data-widget_type=\"text-editor.default\">\n\t\t\t\t<div class=\"elementor-widget-container\">\n\t\t\t\t\t\t\t\t<p><b>RADIO.UCHILE.CL<\/b><\/p><p><a style=\"font-style: inherit; font-weight: inherit; background-color: #ffffff; font-family: -apple-system, BlinkMacSystemFont,;\" href=\"https:\/\/radio.uchile.cl\/2021\/04\/25\/eric-palma-el-movimiento-social-va-a-ser-representado-por-los-independientes-porque-los-partidos-siempre-se-opusieron-al-proceso-constituyente\/\" target=\"_blank\" rel=\"noopener\">Eric Palma: \u201cEl movimiento social va a ser representado por los independientes, porque los partidos siempre se opusieron al proceso constituyente\u201d. Se menciona a la UTalca.<\/a><\/p>\t\t\t\t\t\t<\/div>\n\t\t\t\t<\/div>\n\t\t\t\t<div class=\"elementor-element elementor-element-922d785 elementor-widget elementor-widget-text-editor\" data-id=\"922d785\" data-element_type=\"widget\" data-widget_type=\"text-editor.default\">\n\t\t\t\t<div class=\"elementor-widget-container\">\n\t\t\t\t\t\t\t\t<p><b>CANAL TVN RED MAULE<\/b><\/p><p><a style=\"font-style: inherit; font-weight: inherit; background-color: #ffffff; font-family: -apple-system, BlinkMacSystemFont,;\" href=\"https:\/\/www.litoralpress.cl\/Archivos\/.Kfi.B8.R.Zf7.K.Hi9.Xd9bh.X.Wdg.%c3%96.%c3%96.mp4\" target=\"_blank\" rel=\"noopener\">Se inaugurar\u00e1 un mural en homenaje a Margot Loyola. Se menciona que se exhibir\u00e1 en el canal Youtube del Centro de Extensi\u00f3n de la UTalca.<\/a><\/p>\t\t\t\t\t\t<\/div>\n\t\t\t\t<\/div>\n\t\t\t\t<div class=\"elementor-element elementor-element-3c2c6e4 elementor-widget elementor-widget-text-editor\" data-id=\"3c2c6e4\" data-element_type=\"widget\" data-widget_type=\"text-editor.default\">\n\t\t\t\t<div class=\"elementor-widget-container\">\n\t\t\t\t\t\t\t\t<p><b>DIARIOCONSTITUCIONAL.CL<\/b><\/p><p><a style=\"font-style: inherit; font-weight: inherit; background-color: #ffffff; font-family: -apple-system, BlinkMacSystemFont,;\" href=\"https:\/\/www.diarioconstitucional.cl\/articulos\/jerarquia-constitucional-de-los-tratados-de-derechos-humanos-en-chile\/\" target=\"_blank\" rel=\"noopener\">Jerarqu\u00eda constitucional de los tratados de derechos humanos en Chile.\u00a0 Columna de opini\u00f3n en la que se menciona a la UTalca.<\/a><\/p>\t\t\t\t\t\t<\/div>\n\t\t\t\t<\/div>\n\t\t\t\t\t<\/div>\n\t\t<\/div>\n\t\t\t\t\t\t\t<\/div>\n\t\t<\/section>\n\t\t\t\t\t\t<\/div>\n\t\t\t\t\t<\/div>\n\t\t","protected":false},"excerpt":{"rendered":"<p>CANAL MEGA Impacto de la pandemia en la salud mental. Se menciona estudio sobre el sue\u00f1o realizado por acad\u00e9micos de la UTalca. LA ESTRELLA DE VALPARA\u00cdSO Valpara\u00edso es la segunda regi\u00f3n que peor duerme en Chile.\u00a0 Se refiere H\u00e9ctor Vargas, acad\u00e9mico de la Facultad de Psicolog\u00eda de la UTalca. CANAL 13 L\u00ednea 4: Estudiantes a &hellip;<\/p>\n<p class=\"read-more\"> <a class=\"\" href=\"https:\/\/www.reportedeprensa.utalca.cl\/?p=820\"> <span class=\"screen-reader-text\">26 de abril de 2021<\/span> Read More &raquo;<\/a><\/p>\n","protected":false},"author":1,"featured_media":0,"comment_status":"closed","ping_status":"open","sticky":false,"template":"elementor_theme","format":"standard","meta":{"_monsterinsights_skip_tracking":false,"_monsterinsights_sitenote_active":false,"_monsterinsights_sitenote_note":"","_monsterinsights_sitenote_category":0},"categories":[7],"tags":[],"_links":{"self":[{"href":"https:\/\/www.reportedeprensa.utalca.cl\/index.php?rest_route=\/wp\/v2\/posts\/820"}],"collection":[{"href":"https:\/\/www.reportedeprensa.utalca.cl\/index.php?rest_route=\/wp\/v2\/posts"}],"about":[{"href":"https:\/\/www.reportedeprensa.utalca.cl\/index.php?rest_route=\/wp\/v2\/types\/post"}],"author":[{"embeddable":true,"href":"https:\/\/www.reportedeprensa.utalca.cl\/index.php?rest_route=\/wp\/v2\/users\/1"}],"replies":[{"embeddable":true,"href":"https:\/\/www.reportedeprensa.utalca.cl\/index.php?rest_route=%2Fwp%2Fv2%2Fcomments&post=820"}],"version-history":[{"count":4,"href":"https:\/\/www.reportedeprensa.utalca.cl\/index.php?rest_route=\/wp\/v2\/posts\/820\/revisions"}],"predecessor-version":[{"id":824,"href":"https:\/\/www.reportedeprensa.utalca.cl\/index.php?rest_route=\/wp\/v2\/posts\/820\/revisions\/824"}],"wp:attachment":[{"href":"https:\/\/www.reportedeprensa.utalca.cl\/index.php?rest_route=%2Fwp%2Fv2%2Fmedia&parent=820"}],"wp:term":[{"taxonomy":"category","embeddable":true,"href":"https:\/\/www.reportedeprensa.utalca.cl\/index.php?rest_route=%2Fwp%2Fv2%2Fcategories&post=820"},{"taxonomy":"post_tag","embeddable":true,"href":"https:\/\/www.reportedeprensa.utalca.cl\/index.php?rest_route=%2Fwp%2Fv2%2Ftags&post=820"}],"curies":[{"name":"wp","href":"https:\/\/api.w.org\/{rel}","templated":true}]}}