{"id":8206,"date":"2023-09-04T15:13:21","date_gmt":"2023-09-04T18:13:21","guid":{"rendered":"https:\/\/www.reportedeprensa.utalca.cl\/?p=8206"},"modified":"2023-09-04T15:22:44","modified_gmt":"2023-09-04T18:22:44","slug":"04-de-septiembre-de-2023","status":"publish","type":"post","link":"https:\/\/www.reportedeprensa.utalca.cl\/?p=8206","title":{"rendered":"04 de septiembre de 2023"},"content":{"rendered":"\t\t<div data-elementor-type=\"wp-post\" data-elementor-id=\"8206\" class=\"elementor elementor-8206\" data-elementor-settings=\"[]\">\n\t\t\t\t\t\t\t<div class=\"elementor-section-wrap\">\n\t\t\t\t\t\t\t<section class=\"elementor-section elementor-top-section elementor-element elementor-element-10154d05 elementor-section-boxed elementor-section-height-default elementor-section-height-default\" data-id=\"10154d05\" data-element_type=\"section\">\n\t\t\t\t\t\t<div class=\"elementor-container elementor-column-gap-default\">\n\t\t\t\t\t<div class=\"elementor-column elementor-col-100 elementor-top-column elementor-element elementor-element-5db19c21\" data-id=\"5db19c21\" data-element_type=\"column\">\n\t\t\t<div class=\"elementor-widget-wrap elementor-element-populated\">\n\t\t\t\t\t\t\t\t<div class=\"elementor-element elementor-element-587e31be elementor-widget elementor-widget-text-editor\" data-id=\"587e31be\" data-element_type=\"widget\" data-widget_type=\"text-editor.default\">\n\t\t\t\t<div class=\"elementor-widget-container\">\n\t\t\t\t\t\t\t\t<p><strong>ADPRENSA<\/strong><\/p><p><a href=\"https:\/\/www.adprensa.cl\/cronica\/utalca-ofrecera-concierto-sinfonico-en-conmemoracion-de-los-50-anos-del-golpe-civico-militar\/\">UTalca ofrecer\u00e1 concierto sinf\u00f3nico en conmemoraci\u00f3n de los 50 a\u00f1os del Golpe C\u00edvico Militar. Se refieren Carlos Torres Fuchslocher, rector; Marcela Barros Morales, directora de Comunicaciones Corporativas; y Paula Elgueta Sierra, directora del Coro y acad\u00e9mica de la Escuela de M\u00fasica. <\/a><\/p><p>\u00a0<\/p><p><strong>MEDIABANCO<\/strong><\/p><p><a href=\"https:\/\/www.mediabanco.com\/utalca-ofrecera-concierto-sinfonico-en-conmemoracion-de-los-50-anos-del-golpe-civico-militar\/\">UTalca ofrecer\u00e1 concierto sinf\u00f3nico en conmemoraci\u00f3n de los 50 a\u00f1os del Golpe C\u00edvico Militar. Se refieren Carlos Torres Fuchslocher, rector; Marcela Barros Morales, directora de Comunicaciones Corporativas; y Paula Elgueta Sierra, directora del Coro y acad\u00e9mica de la Escuela de M\u00fasica.<\/a><\/p><p>\u00a0<\/p><p><strong>CHILLANONLINE.CL<\/strong><\/p><p><a href=\"https:\/\/www.chillanonline.cl\/V6\/utalca-ofrecera-concierto-sinfonico-en-conmemoracion-de-los-50-anos-del-golpe-civico-militar\/\">UTalca ofrecer\u00e1 concierto sinf\u00f3nico en conmemoraci\u00f3n de los 50 a\u00f1os del Golpe C\u00edvico Militar. Se refieren Carlos Torres Fuchslocher, rector; Marcela Barros Morales, directora de Comunicaciones Corporativas; y Paula Elgueta Sierra, directora del Coro y acad\u00e9mica de la Escuela de M\u00fasica.<\/a><\/p><p>\u00a0<\/p><p><strong>LA PRENSA DE CURIC\u00d3<\/strong><\/p><p><a href=\"https:\/\/www.litoralpress.cl\/paginaconsultas\/Servicios_NClipSitio\/Get_Imagen_Nota.aspx?LPKey=MJGP3ZUWFWRYHWS7LWBOQGFHT33M7LYKOOK2DT72EA3QQKQXZDNZRZVPTS27U3TRHVQRYK7EOTKTW\">Anuncian conversatorio y exposici\u00f3n sobre los procesos y antesala del Golpe c\u00edvico militar. Se refiere Victor Brangier, director del Centro de Documentaci\u00f3n Patrimonial.<\/a><\/p><p>\u00a0<\/p><p><strong>MEDIABANCO<\/strong><\/p><p><a href=\"https:\/\/www.mediabanco.com\/universidad-de-talca-inaugura-moderno-laboratorio-de-investigacion-en-comportamiento-humano\/\">Universidad de Talca inaugura moderno laboratorio de investigaci\u00f3n en comportamiento humano. Se refieren Ram\u00f3n Castillo Guevara, acad\u00e9mico de la Facultad de Psicolog\u00eda; e Ismael Gallardo Cuadra, acad\u00e9mico y decano de la Facultad de Psicolog\u00eda.<\/a><\/p><p>\u00a0<\/p><p><strong>ADPRENSA<\/strong><\/p><p><a href=\"https:\/\/www.adprensa.cl\/cronica\/universidad-de-talca-inaugura-moderno-laboratorio-de-investigacion-en-comportamiento-humano\/\">Universidad de Talca inaugura moderno laboratorio de investigaci\u00f3n en comportamiento humano. Se refieren Ram\u00f3n Castillo Guevara, acad\u00e9mico de la Facultad de Psicolog\u00eda; e Ismael Gallardo Cuadra, acad\u00e9mico y decano de la Facultad de Psicolog\u00eda.<\/a><\/p><p>\u00a0<\/p><p><strong>EL LECTOR<\/strong><\/p><p><a href=\"https:\/\/www.litoralpress.cl\/sitio\/Prensa_Detalles.cshtml?LPKey=2GMQC2GLZKDFPFULQUWICRQO7DXKN54CWR5TJRWMGSWON4BRRAYA\">Universidad de Talca inaugura moderno laboratorio de investigaci\u00f3n en comportamiento humano. Se refieren Ram\u00f3n Castillo Guevara, acad\u00e9mico de la Facultad de Psicolog\u00eda; e Ismael Gallardo Cuadra, acad\u00e9mico y decano de la Facultad de Psicolog\u00eda.<\/a><\/p><p>\u00a0<\/p><p><strong>PUBLIMICRO<\/strong><\/p><p><a href=\"https:\/\/publimicro.cl\/universidad-de-talca-inaugura-moderno-laboratorio-de-investigacion-en-comportamiento-humano\/\">Universidad de Talca inaugura moderno laboratorio de investigaci\u00f3n en comportamiento humano. Se refieren Ram\u00f3n Castillo Guevara, acad\u00e9mico de la Facultad de Psicolog\u00eda; e Ismael Gallardo Cuadra, acad\u00e9mico y decano de la Facultad de Psicolog\u00eda.<\/a><\/p><p>\u00a0<\/p><p><strong>CHILLANONLINE.CL<\/strong><\/p><p><a href=\"https:\/\/www.chillanonline.cl\/V6\/universidad-de-talca-inaugura-moderno-laboratorio-de-investigacion-en-comportamiento-humano\/\">Universidad de Talca inaugura moderno laboratorio de investigaci\u00f3n en comportamiento humano. Se refieren Ram\u00f3n Castillo Guevara, acad\u00e9mico de la Facultad de Psicolog\u00eda; e Ismael Gallardo Cuadra, acad\u00e9mico y decano de la Facultad de Psicolog\u00eda.<\/a><\/p><p>\u00a0<\/p><p><strong>CAUQUENESNET.CL<\/strong><\/p><p><a href=\"https:\/\/cauquenesnet.cl\/2023\/09\/02\/universidad-de-talca-inaugura-moderno-laboratorio-de-investigacion-en-comportamiento-humano\/\">Universidad de Talca inaugura moderno laboratorio de investigaci\u00f3n en comportamiento humano. Se refieren Ram\u00f3n Castillo Guevara, acad\u00e9mico de la Facultad de Psicolog\u00eda; e Ismael Gallardo Cuadra, acad\u00e9mico y decano de la Facultad de Psicolog\u00eda.<\/a><\/p><p>\u00a0<\/p><p><strong>MEDIABANCO<\/strong><\/p><p><a href=\"https:\/\/www.mediabanco.com\/lanzan-primera-encuesta-sobre-derechos-sexuales-y-reproductivos-en-el-maule\/\">Lanzan primera encuesta Sobre Derechos Sexuales y Reproductivos en el Maule. Se refiere Jos\u00e9 Manuel C\u00e1rdenas, acad\u00e9mico de la Facultad de Psicolog\u00eda.<\/a><\/p><p>\u00a0<\/p><p><strong>ADPRENSA<\/strong><\/p><p><a href=\"https:\/\/www.adprensa.cl\/cronica\/lanzan-primera-encuesta-sobre-derechos-sexuales-y-reproductivos-en-el-maule\/\">Lanzan primera encuesta Sobre Derechos Sexuales y Reproductivos en el Maule. Se refiere Jos\u00e9 Manuel C\u00e1rdenas, acad\u00e9mico de la Facultad de Psicolog\u00eda.<\/a><\/p><p>\u00a0<\/p><p><strong>G5NOTICIAS.CL<\/strong><\/p><p><a href=\"https:\/\/g5noticias.cl\/2023\/09\/02\/lanzan-primera-encuesta-sobre-derechos-sexuales-y-reproductivos-en-el-maule\/\">Lanzan primera encuesta Sobre Derechos Sexuales y Reproductivos en el Maule. Se refiere Jos\u00e9 Manuel C\u00e1rdenas, acad\u00e9mico de la Facultad de Psicolog\u00eda.<\/a><\/p><p>\u00a0<\/p><p><strong>ELMAULEINFORMA.CL<\/strong><\/p><p><a href=\"https:\/\/elmauleinforma.cl\/lanzan-primera-encuesta-sobre-derechos-sexuales-y-reproductivos-en-el-maule\/\">Lanzan primera encuesta Sobre Derechos Sexuales y Reproductivos en el Maule. Se refiere Jos\u00e9 Manuel C\u00e1rdenas, acad\u00e9mico de la Facultad de Psicolog\u00eda.<\/a><\/p><p>\u00a0<\/p><p><strong>EL LECTOR<\/strong><\/p><p><a href=\"https:\/\/www.litoralpress.cl\/paginaconsultas\/Servicios_NClipSitio\/Get_Imagen_Nota.aspx?LPKey=5EHQGJ7JVP5ZAH2GI3YPVJFS7NGOWTEJN7FELNOX5JGCO2YPGZAPCBT25H2YKDO3CXKLQZ5JZWA5W\">Lanzan primera encuesta Sobre Derechos Sexuales y Reproductivos en el Maule. Se refiere Jos\u00e9 Manuel C\u00e1rdenas, acad\u00e9mico de la Facultad de Psicolog\u00eda.<\/a><\/p><p>\u00a0<\/p><p><strong>LA TERCERA<\/strong><\/p><p><a href=\"https:\/\/www.litoralpress.cl\/paginaconsultas\/Servicios_NClipSitio\/Get_Imagen_Pagina.aspx?LPKey=LG2EUYUTLEE3NZWRBS3HJPIZ7VTMCCUZLA4OWZXPR3RRRPPC72LA\">Cuando el agua se va: el lento y doloroso desaf\u00edo de la reconstrucci\u00f3n. Se refiere Patricio Gonz\u00e1lez Colville, agroclimat\u00f3logo del Centro de Investigaci\u00f3n y Transferencia en Riego y Agroclimatolog\u00eda (CITRA).<\/a><\/p><p><strong>\u00a0<\/strong><\/p><p><strong>LATERCERA.COM<\/strong><\/p><p><a href=\"https:\/\/www.latercera.com\/la-tercera-sabado\/noticia\/cuando-el-agua-se-va-el-lento-y-doloroso-desafio-de-la-reconstruccion\/RITTUXMHSZBJZEM3CIJAKS3HMY\/\">Cuando el agua se va: el lento y doloroso desaf\u00edo de la reconstrucci\u00f3n. Se refiere Patricio Gonz\u00e1lez Colville, agroclimat\u00f3logo del Centro de Investigaci\u00f3n y Transferencia en Riego y Agroclimatolog\u00eda (CITRA).<\/a><\/p><p>\u00a0<\/p><p><strong>DIARIO FINANCIERO ONLINE<\/strong><\/p><p><a href=\"https:\/\/www.df.cl\/empresas\/industria\/agricolas-forestales-y-vinas-modifican-sus-procesos-para-enfrentar\">Agr\u00edcolas, forestales y vi\u00f1as modifican sus procesos para enfrentar aumento del calor. Se refiere Patricio Gonz\u00e1lez Colville, agroclimat\u00f3logo del Centro de Investigaci\u00f3n y Transferencia en Riego y Agroclimatolog\u00eda (CITRA).<\/a><\/p><p>\u00a0<\/p><p><strong>LAS \u00daLTIMAS NOTICIAS<\/strong><\/p><p><a href=\"https:\/\/www.litoralpress.cl\/paginaconsultas\/Servicios_NClipSitio\/Get_Imagen_Nota.aspx?LPKey=62FXURC2J5TMDN6TLFTFVWOGCB2DC3BW5MF5L62HBGNXNGVSNFAGZHZVPGEISXDILQYCTLRMJ3JOQ\">Bomberos rescat\u00f3 a familia desde el techo de camioneta que cay\u00f3 al r\u00edo. Se refiere Miguel \u00c1ngel Arriagada, director de la Escuela de Ingenier\u00eda Civil en Obras Civiles. <\/a><\/p><p>\u00a0<\/p><p><strong>RADIO AMIGA<\/strong><\/p><p><a href=\"https:\/\/www.litoralpress.cl\/sitio\/RadioTV_Detalles.cshtml?LPKey=QJBAQTZIYPNZKCYVBGKON3ZJ5Z7BYDA3ZULQA4UWUOZXGYHGNVTOTVUIVV5VJGHQJBGL64EEDMV56\">Expertos de la\u00a0Universidad de Talca\u00a0analizan los desaf\u00edos tras las inundaciones. Se refiere Miguel \u00c1ngel Arriagada, director de la Escuela de Ingenier\u00eda Civil en Obras Civiles.<\/a><\/p><p>\u00a0<\/p><p><strong>EMOL<\/strong><\/p><p><a href=\"https:\/\/www.emol.com\/noticias\/Autos\/2023\/09\/01\/1105906\/cinturon-seguridad-fiestas-patrias.html\">Llaman a reforzar el uso del cintur\u00f3n de seguridad durante los viajes de Fiestas Patrias. Se refiere Emilio Moyano, acad\u00e9mico de la Facultad de Psicolog\u00eda.<\/a><strong><br \/><\/strong><\/p><p><strong>\u00a0<\/strong><\/p><p><strong>COOPERATIVA.CL<\/strong><\/p><p><a href=\"https:\/\/www.cooperativa.cl\/noticias\/pais\/energia\/cambio-de-hora\/cambio-de-hora-es-mejor-el-horario-de-verano-o-de-invierno\/2023-09-02\/110759.html\">Cambio de hora: \u00bfEs mejor el horario de verano o de invierno? Se refiere Felipe Figueroa, psic\u00f3logo del programa PACE \u2013 UTalca.<\/a><\/p><p><strong>\u00a0<\/strong><\/p><p><strong>RADIO COOPERATIVA<\/strong><\/p><p><a href=\"https:\/\/www.litoralpress.cl\/sitio\/RadioTV_Detalles.cshtml?LPKey=SOCJWNEXV34SL5QY45MM7LVXS7H4NAP6EKHUKJZEVO2O6SATKBE3AK4R7WIBHE57V6VHZ37HBO632\">Hoy se cambia la hora. Se refiere Felipe Figueroa, psic\u00f3logo del programa PACE \u2013 UTalca.<\/a><\/p><p><strong>\u00a0<\/strong><\/p><p><strong>EL MOSTRADOR<\/strong><\/p><p><a href=\"https:\/\/www.elmostrador.cl\/agenda-pais\/vida-en-linea\/2023\/09\/01\/nueva-vacuna-prevendria-mortalidad-de-infantes-y-adultos-mayores-por-virus-sincicial\/\">Nueva vacuna prevendr\u00eda mortalidad de infantes y adultos mayores por virus sincicial. Se refiere Erika Retamal Contreras, directora del Departamento de Salud P\u00fablica.<\/a><\/p><p>\u00a0<\/p><p><strong>ATENTOS CHILE<\/strong><\/p><p><a href=\"https:\/\/www.litoralpress.cl\/sitio\/RadioTV_Detalles.cshtml?LPKey=C3NSC2ROMGPPFH4L7DIM7JE472JTQO4WRHKWPGADQNSXJPT3AIVT5VT4F7FBYWIN35SELTTMWDNXW\">An\u00e1lisis del fin de la emergencia sanitaria por COVID \u2013 19. Se refiere Erika Retamal Contreras, directora del Departamento de Salud P\u00fablica.<\/a><\/p><p>\u00a0<\/p><p><strong>EL LECTOR<\/strong><\/p><p><a href=\"https:\/\/www.litoralpress.cl\/paginaconsultas\/Servicios_NClipSitio\/Get_Imagen_Nota.aspx?LPKey=DXK6W6BAGHHGP3RQHOS5JCBVYL7NR6HE2GLKOE2644EIDEK72YLVXXJA2A4KJNIHHS6D7T7A56GM2\">Nueva vacuna prevendr\u00eda mortalidad de infantes y adultos mayores por virus sincicial. Se refiere Erika Retamal Contreras, directora del Departamento de Salud P\u00fablica.<\/a><\/p><p>\u00a0<\/p><p><strong>RADIONUEVOMUNDO.CL<\/strong><\/p><p><a href=\"https:\/\/radionuevomundo.cl\/2023\/09\/01\/especialista-advierte-el-multiple-impacto-de-las-lluvias-e-inundaciones-en-la-salud-de-las-personas\/\">Especialista advierte el m\u00faltiple impacto de las lluvias e inundaciones en la salud de las personas. Se refiere Erika Retamal Contreras, directora del Departamento de Salud P\u00fablica.<\/a><\/p><p>\u00a0<\/p><p><strong>CERTIFICACIONSUSTENTABLE.CL<\/strong><\/p><p><a href=\"https:\/\/www.certificacionsustentable.cl\/direccion-de-aeropuertos-mop-adjudico-licitacion-para-los-estudios-base-ces-aeropuertos\/\">Direcci\u00f3n de Aeropuertos MOP adjudic\u00f3 licitaci\u00f3n para los estudios base CES Aeropuertos. Se menciona al Centro Tecnol\u00f3gico KIPUS.<\/a><\/p><p>\u00a0<\/p><p><strong>RADIO BIOBIO<\/strong><\/p><p><a href=\"https:\/\/www.litoralpress.cl\/sitio\/RadioTV_Detalles.cshtml?LPKey=MAYVMVBD5YRBP57FVP7GZVJB3XJOMRRLVPHM236UYC3XRAJF7TAPOWMHCCNG3Q7H54NPSVP7GNZ5Q\">Analistas pol\u00edticos se refirieron al triunfo del Rechazo. Se refiere Mauricio Morales, director del Centro de An\u00e1lisis Pol\u00edtico (CAP).<\/a><\/p><p>\u00a0<\/p><p><strong>BIOBIOBCHILE.CL<\/strong><\/p><p><a href=\"https:\/\/www.biobiochile.cl\/noticias\/nacional\/chile\/2023\/09\/03\/el-ambiente-toxico-de-la-politica-chilena-que-impide-cerrar-la-herida-del-golpe.shtml\">El &#8220;ambiente t\u00f3xico&#8221; de la pol\u00edtica chilena que impide cerrar la herida del Golpe. Se refiere Mauricio Morales, director del Centro de An\u00e1lisis Pol\u00edtico (CAP).<\/a><\/p><p>\u00a0<\/p><p><strong>CANAL MEGA<\/strong><\/p><p><a href=\"https:\/\/www.litoralpress.cl\/sitio\/RadioTV_Detalles.cshtml?LPKey=U6EPC5TYXQOVZCLLJHOLAZJHV6X2N3OYJAVB4CEJUJREVSZNSD7SNBBAUN3CJQD4ZQKOIPJ5TLJJU\">Dichos de la ministra Jeannette Jara tensionan di\u00e1logo sobre la reforma previsional. Se refiere Mauricio Morales, director del Centro de An\u00e1lisis Pol\u00edtico (CAP).<\/a><\/p><p>\u00a0<\/p><p><strong>MEGANOTICIAS.CL<\/strong><\/p><p><a href=\"https:\/\/www.meganoticias.cl\/nacional\/424380-columna-mauricio-morales-encuesta-cadem-proceso-constitucional-voto-a-favor-en-contra-rechazo-03-09-2023.html\">El d\u00eda en que nos jugamos la vida, gan\u00f3 el Rechazo. Se refiere Mauricio Morales, director del Centro de An\u00e1lisis Pol\u00edtico (CAP)<\/a><\/p><p>\u00a0<\/p><p><strong>EMOL<\/strong><\/p><p><a href=\"https:\/\/www.emol.com\/noticias\/Nacional\/2023\/09\/03\/1106087\/reforma-previsional-debate-oposicion-oficialismo.html\">\u00bfPunto muerto? El an\u00e1lisis al debate sobre la reforma previsional tras un &#8220;endurecimiento de las posturas&#8221;. Se refiere Mario Herrera, acad\u00e9mico e investigador del Centro de An\u00e1lisis Pol\u00edtico (CAP).<\/a><\/p><p>\u00a0<\/p><p><strong>DIARIOELCENTRO.CL<\/strong><\/p><p><a href=\"https:\/\/www.diarioelcentro.cl\/2023\/09\/03\/justicia-ciega-sorda-y-muda-tras-el-golpe-del-11-de-septiembre-de-1973\/\">Justicia ciega, sorda y muda tras el golpe del 11 de septiembre de 1973. Se refiere Diego Palomo V\u00e9lez, acad\u00e9mico de la Facultad de Ciencias Jur\u00eddicas y Sociales.<\/a><\/p><p>\u00a0<\/p><p><strong>NOTICIAS.UCN.CL<\/strong><\/p><p><a href=\"https:\/\/www.noticias.ucn.cl\/destacado\/vicerrectores-de-investigacion-de-las-universidades-del-cruch-se-reunieron-en-antofagasta\/\">Vicerrectores de Investigaci\u00f3n de las universidades del CRUCH se reunieron en Antofagasta. Se menciona a la Universidad de Talca.<\/a><\/p><p>\u00a0<\/p><p><strong>DIARIOELCENTRO.CL<\/strong><\/p><p><a href=\"https:\/\/www.diarioelcentro.cl\/2023\/09\/01\/gobierno-solicito-renuncia-de-delegada-provincial-de-linares\/\">Gobierno solicit\u00f3 renuncia de delegada provincial de Linares. Se menciona a la Universidad de Talca.<\/a><\/p><p>\u00a0<\/p><p><strong>LA PRENSA DE CURIC\u00d3<\/strong><\/p><p><a href=\"https:\/\/www.litoralpress.cl\/paginaconsultas\/Servicios_NClipSitio\/Get_Imagen_Nota.aspx?LPKey=57744T2WA274VHMV4UMBI6ZY46T72I3KPWHGQPJU4232WB7HVKZM2BOQA6M2X6SNUBOR5AWZTHYKE\">Asume nueva delegada presidencial en Linares. Se menciona a la Universidad de Talca.<\/a><\/p><p>\u00a0<\/p><p><strong>LANACION.CL<\/strong><\/p><p><a href=\"https:\/\/www.lanacion.cl\/gobierno-informo-que-se-solicito-renuncia-de-la-delegada-presidencial-provincial-de-linares-priscila-gonzalez\/\">Gobierno solicit\u00f3 renuncia de delegada provincial de Linares. Se menciona a la Universidad de Talca.<\/a><\/p><p>\u00a0<\/p><p><strong>THECLINIC.CL<\/strong><\/p><p><a href=\"https:\/\/www.theclinic.cl\/2023\/09\/02\/paulina-urrutia-gracias-a-la-memoria-infinita-estoy-viviendo-un-antiduelo\/\">Paulina Urrutia: \u201cGracias a \u2018La memoria infinita\u2019 estoy viviendo un antiduelo, porque olvidarme de Augusto es imposible\u201d. Se menciona a la Universidad de Talca.<\/a><\/p>\t\t\t\t\t\t<\/div>\n\t\t\t\t<\/div>\n\t\t\t\t\t<\/div>\n\t\t<\/div>\n\t\t\t\t\t\t\t<\/div>\n\t\t<\/section>\n\t\t\t\t\t\t<\/div>\n\t\t\t\t\t<\/div>\n\t\t","protected":false},"excerpt":{"rendered":"<p>ADPRENSA UTalca ofrecer\u00e1 concierto sinf\u00f3nico en conmemoraci\u00f3n de los 50 a\u00f1os del Golpe C\u00edvico Militar. Se refieren Carlos Torres Fuchslocher, rector; Marcela Barros Morales, directora de Comunicaciones Corporativas; y Paula Elgueta Sierra, directora del Coro y acad\u00e9mica de la Escuela de M\u00fasica. \u00a0 MEDIABANCO UTalca ofrecer\u00e1 concierto sinf\u00f3nico en conmemoraci\u00f3n de los 50 a\u00f1os del &hellip;<\/p>\n<p class=\"read-more\"> <a class=\"\" href=\"https:\/\/www.reportedeprensa.utalca.cl\/?p=8206\"> <span class=\"screen-reader-text\">04 de septiembre de 2023<\/span> Read More &raquo;<\/a><\/p>\n","protected":false},"author":1,"featured_media":0,"comment_status":"closed","ping_status":"open","sticky":false,"template":"","format":"standard","meta":{"_monsterinsights_skip_tracking":false,"_monsterinsights_sitenote_active":false,"_monsterinsights_sitenote_note":"","_monsterinsights_sitenote_category":0},"categories":[40],"tags":[],"_links":{"self":[{"href":"https:\/\/www.reportedeprensa.utalca.cl\/index.php?rest_route=\/wp\/v2\/posts\/8206"}],"collection":[{"href":"https:\/\/www.reportedeprensa.utalca.cl\/index.php?rest_route=\/wp\/v2\/posts"}],"about":[{"href":"https:\/\/www.reportedeprensa.utalca.cl\/index.php?rest_route=\/wp\/v2\/types\/post"}],"author":[{"embeddable":true,"href":"https:\/\/www.reportedeprensa.utalca.cl\/index.php?rest_route=\/wp\/v2\/users\/1"}],"replies":[{"embeddable":true,"href":"https:\/\/www.reportedeprensa.utalca.cl\/index.php?rest_route=%2Fwp%2Fv2%2Fcomments&post=8206"}],"version-history":[{"count":4,"href":"https:\/\/www.reportedeprensa.utalca.cl\/index.php?rest_route=\/wp\/v2\/posts\/8206\/revisions"}],"predecessor-version":[{"id":8210,"href":"https:\/\/www.reportedeprensa.utalca.cl\/index.php?rest_route=\/wp\/v2\/posts\/8206\/revisions\/8210"}],"wp:attachment":[{"href":"https:\/\/www.reportedeprensa.utalca.cl\/index.php?rest_route=%2Fwp%2Fv2%2Fmedia&parent=8206"}],"wp:term":[{"taxonomy":"category","embeddable":true,"href":"https:\/\/www.reportedeprensa.utalca.cl\/index.php?rest_route=%2Fwp%2Fv2%2Fcategories&post=8206"},{"taxonomy":"post_tag","embeddable":true,"href":"https:\/\/www.reportedeprensa.utalca.cl\/index.php?rest_route=%2Fwp%2Fv2%2Ftags&post=8206"}],"curies":[{"name":"wp","href":"https:\/\/api.w.org\/{rel}","templated":true}]}}