{"id":8214,"date":"2023-09-05T11:03:05","date_gmt":"2023-09-05T14:03:05","guid":{"rendered":"https:\/\/www.reportedeprensa.utalca.cl\/?p=8214"},"modified":"2023-09-05T11:07:10","modified_gmt":"2023-09-05T14:07:10","slug":"05-de-septiembre-de-2023","status":"publish","type":"post","link":"https:\/\/www.reportedeprensa.utalca.cl\/?p=8214","title":{"rendered":"05 de septiembre de 2023"},"content":{"rendered":"\t\t<div data-elementor-type=\"wp-post\" data-elementor-id=\"8214\" class=\"elementor elementor-8214\" data-elementor-settings=\"[]\">\n\t\t\t\t\t\t\t<div class=\"elementor-section-wrap\">\n\t\t\t\t\t\t\t<section class=\"elementor-section elementor-top-section elementor-element elementor-element-10154d05 elementor-section-boxed elementor-section-height-default elementor-section-height-default\" data-id=\"10154d05\" data-element_type=\"section\">\n\t\t\t\t\t\t<div class=\"elementor-container elementor-column-gap-default\">\n\t\t\t\t\t<div class=\"elementor-column elementor-col-100 elementor-top-column elementor-element elementor-element-5db19c21\" data-id=\"5db19c21\" data-element_type=\"column\">\n\t\t\t<div class=\"elementor-widget-wrap elementor-element-populated\">\n\t\t\t\t\t\t\t\t<div class=\"elementor-element elementor-element-587e31be elementor-widget elementor-widget-text-editor\" data-id=\"587e31be\" data-element_type=\"widget\" data-widget_type=\"text-editor.default\">\n\t\t\t\t<div class=\"elementor-widget-container\">\n\t\t\t\t\t\t\t\t<p style=\"font-weight: 400;\"><strong><span style=\"font-style: inherit; font-weight: inherit;\">DIARIOTALCA.CL<\/span><\/strong><strong><span style=\"font-style: inherit; font-weight: inherit;\">\u00a0<\/span><\/strong><\/p><p style=\"font-weight: 400;\"><a href=\"https:\/\/diariotalca.cl\/ofreceran-concierto-sinfonico-para-reflexionar-por-los-50-anos-del-golpe-militar\/?fbclid=PAAaZehpqAt5TpLCcyo9g5ofVBrjcVvPURlJDZt1y57khTSJmukMyOQgD_O2M\"><span style=\"font-style: inherit;\">Ofrecer\u00e1n concierto sinf\u00f3nico para reflexionar por los 50 a\u00f1os del Golpe Militar.\u00a0<\/span><span style=\"font-style: inherit; font-weight: inherit;\">Se refieren Carlos Torres Fuchslocher, rector; y Paula Elgueta Sierra, directora del Coro y acad\u00e9mica de la Escuela de M\u00fasica.<\/span><\/a><strong><span style=\"font-style: inherit; font-weight: inherit;\"><br \/><\/span><\/strong><\/p><p style=\"font-weight: 400;\"><span style=\"font-style: inherit; font-weight: inherit;\">\u00a0<\/span><\/p><p style=\"font-weight: 400;\"><strong><span style=\"font-style: inherit;\">DIARIOLAPRENSA.CL\u00a0<\/span><\/strong><\/p><p style=\"font-weight: 400;\"><a href=\"https:\/\/new.diariolaprensa.cl\/index.php\/2023\/09\/05\/concierto-sinfonico-en-conmemoracion-de-los-50-anos-del-golpe-civico-militar\/\"><span style=\"font-style: inherit; font-weight: inherit;\">Concierto sinf\u00f3nico en conmemoraci\u00f3n de los 50 a\u00f1os del Golpe C\u00edvico Militar.\u00a0<\/span><span style=\"font-style: inherit; font-weight: inherit;\">Se refieren Carlos Torres Fuchslocher, rector; Marcela Barros Morales, directora de Comunicaciones Corporativas; y Paula Elgueta Sierra, directora del Coro y acad\u00e9mica de la Escuela de M\u00fasica.\u00a0<\/span><\/a><\/p><p style=\"font-weight: 400;\"><span style=\"font-style: inherit; font-weight: inherit;\">\u00a0<\/span><\/p><p style=\"font-weight: 400;\"><strong><span style=\"font-style: inherit; font-weight: inherit;\">G5NOTICIAS.CL\u00a0<\/span><\/strong><\/p><p style=\"font-weight: 400;\"><a href=\"https:\/\/g5noticias.cl\/2023\/09\/05\/universidad-de-talca-inaugura-moderno-laboratorio-de-investigacion-en-comportamiento-humano\/\"><span style=\"font-style: inherit;\">Universidad de Talca inaugura moderno laboratorio de investigaci\u00f3n en comportamiento humano. Se refieren Ram\u00f3n Castillo Guevara, acad\u00e9mico de la Facultad de Psicolog\u00eda; e Ismael Gallardo Cuadra, acad\u00e9mico y decano de la Facultad de Psicolog\u00eda.\u00a0<\/span><span style=\"font-style: inherit;\">\u00a0<\/span><\/a><\/p><p style=\"font-weight: 400;\"><span style=\"font-style: inherit; font-weight: inherit;\">\u00a0<\/span><\/p><p style=\"font-weight: 400;\"><strong><span style=\"font-style: inherit; font-weight: inherit;\">DIARIO FINANCIERO<\/span><\/strong><strong><span style=\"font-style: inherit; font-weight: inherit;\">\u00a0<\/span><\/strong><\/p><p style=\"font-weight: 400;\"><a href=\"https:\/\/www.litoralpress.cl\/paginaconsultas\/Servicios_NClipSitio\/Get_Imagen_Nota.aspx?LPKey=3TQHNKXIU3KU5AUTCNCDYD3RGCCLNOLXJSL5XZUTD74HKGCAZVA7RORK2WEFQW3GEBB3JRKHPGYEY\"><span style=\"font-style: inherit;\">Agr\u00edcolas, forestales y vi\u00f1as modifican sus procesos para enfrentar aumento del calor.\u00a0<\/span><span style=\"font-style: inherit;\">Se refiere Patricio Gonz\u00e1lez Colville, agroclimat\u00f3logo del Centro de Investigaci\u00f3n y Transferencia en Riego y Agroclimatolog\u00eda (CITRA).\u00a0<\/span><\/a><\/p><p style=\"font-weight: 400;\"><span style=\"font-style: inherit; font-weight: inherit;\">\u00a0<\/span><\/p><p style=\"font-weight: 400;\"><strong><span style=\"font-style: inherit; font-weight: inherit;\">EL TIP\u00d3GRAFO<\/span><\/strong><strong><span style=\"font-style: inherit; font-weight: inherit;\">\u00a0<\/span><\/strong><\/p><p style=\"font-weight: 400;\"><a href=\"https:\/\/www.litoralpress.cl\/paginaconsultas\/Servicios_NClipSitio\/Get_Imagen_Nota.aspx?LPKey=OIUCWBBRKVIMJ4QWFF4SCNU5VZ22ICBOTLQ6ML2XRX2YEKWMEVHUSTHRV7CJURKDFCQV65522HZAU\"><span style=\"font-style: inherit;\">Construcci\u00f3n en O&#8217;Higgins: 40% de las licitaciones declaradas desiertas en 2022. Se refiere Armando Dur\u00e1n, acad\u00e9mico de la Facultad de Ingenier\u00eda.<\/span><span style=\"font-style: inherit;\">\u00a0<\/span><\/a><\/p><p style=\"font-weight: 400;\"><span style=\"font-style: inherit; font-weight: inherit;\">\u00a0<\/span><\/p><p style=\"font-weight: 400;\"><strong><span style=\"font-style: inherit;\">ELTIPOGRAFO.CL\u00a0<\/span><\/strong><\/p><p style=\"font-weight: 400;\"><a href=\"https:\/\/eltipografo.cl\/2023\/09\/preocupante-un-40-de-las-licitaciones-en-la-region-de-ohiggins-se-declaran-desiertas\"><span style=\"font-style: inherit; font-weight: inherit;\">Preocupante: Un 40% de las licitaciones en la regi\u00f3n de O&#8217;Higgins se declaran desiertas.\u00a0Se refiere Armando Dur\u00e1n, acad\u00e9mico de la Facultad de Ingenier\u00eda.\u00a0<\/span><\/a><\/p><p style=\"font-weight: 400;\"><span style=\"font-style: inherit; font-weight: inherit;\">\u00a0<\/span><\/p><p style=\"font-weight: 400;\"><strong><span style=\"font-style: inherit; font-weight: inherit;\">DIARIOLAPRENSA.CL\u00a0<\/span><\/strong><\/p><p style=\"font-weight: 400;\"><a href=\"https:\/\/new.diariolaprensa.cl\/index.php\/2023\/09\/05\/aumentan-licitaciones-desiertas-en-el-rubro-de-la-construccion\/\"><span style=\"font-style: inherit;\">Aumentan licitaciones desiertas en el rubro de la construcci\u00f3n.\u00a0<\/span><span style=\"font-style: inherit;\">Se refiere Armando Dur\u00e1n, acad\u00e9mico de la Facultad de Ingenier\u00eda.\u00a0<\/span><\/a><\/p><p style=\"font-weight: 400;\"><span style=\"font-style: inherit; font-weight: inherit;\">\u00a0<\/span><\/p><p style=\"font-weight: 400;\"><strong><span style=\"font-style: inherit;\">PUNTOLONTUE.CL\u00a0<\/span><\/strong><\/p><p style=\"font-weight: 400;\"><span style=\"font-style: inherit; font-weight: inherit;\"><a href=\"https:\/\/puntolontue.cl\/?p=10986\">En 100% aumentaron las licitaciones desiertas en el rubro de la construcci\u00f3n en el 2022.\u00a0Se refiere Armando Dur\u00e1n, acad\u00e9mico de la Facultad de Ingenier\u00eda.<\/a>\u00a0<\/span><\/p><p style=\"font-weight: 400;\"><span style=\"font-style: inherit; font-weight: inherit;\">\u00a0<\/span><\/p><p style=\"font-weight: 400;\"><strong><span style=\"font-style: inherit; font-weight: inherit;\">EMOL\u00a0<\/span><\/strong><\/p><p style=\"font-weight: 400;\"><a href=\"https:\/\/www.emol.com\/noticias\/Nacional\/2023\/09\/05\/1106181\/fiestas-patrias-conduccion-alcohol-seguridad.html\"><span style=\"font-style: inherit;\">Preocupante seguidilla de accidentes provocados por conductores ebrios: Expertos advierten peligros ante Fiestas Patrias<\/span><span style=\"font-style: inherit;\">. Se refiere Emilio Moyano, acad\u00e9mico de la Facultad de Psicolog\u00eda.\u00a0<\/span><span style=\"font-style: inherit;\">\u00a0<\/span><\/a><\/p><p style=\"font-weight: 400;\"><span style=\"font-style: inherit; font-weight: inherit;\">\u00a0<\/span><\/p><p style=\"font-weight: 400;\"><strong><span style=\"font-style: inherit; font-weight: inherit;\">CANAL 30 MULTICOM\u00a0<\/span><\/strong><\/p><p style=\"font-weight: 400;\"><a href=\"https:\/\/www.litoralpress.cl\/sitio\/RadioTV_Detalles.cshtml?LPKey=UNHGFI4XDK4N6CYCOTNVHPRAQQFER44M5E7FRJBMEPFHZBZ6MLOO3UGM2VHQMGWDLNQYPBL2Z4I2E\"><span style=\"font-style: inherit;\">Los desaf\u00edos de la estructura cr\u00edtica para enfrentar nuevas inundaciones.\u00a0<\/span><span style=\"font-style: inherit;\">Se refiere Miguel \u00c1ngel Arriagada, director de la Escuela de Ingenier\u00eda Civil en Obras Civiles.\u00a0<\/span><\/a><\/p><p style=\"font-weight: 400;\"><span style=\"font-style: inherit; font-weight: inherit;\">\u00a0<\/span><\/p><p style=\"font-weight: 400;\"><strong><span style=\"font-style: inherit; font-weight: inherit;\">CANAL 30 MULTICOM\u00a0<\/span><\/strong><\/p><p style=\"font-weight: 400;\"><a href=\"https:\/\/www.litoralpress.cl\/sitio\/RadioTV_Detalles.cshtml?LPKey=E2IVMAQVPEP72J5WAAQY44POSOID4XZMYYS4WXOEP7TQTREKODCS5PRRFIR5Q66ZVRRNGFZNYTG6O\"><span style=\"font-style: inherit;\">Regulaciones electorales: las ventanas que favorecen la impunidad. Se refiere Francisco Maldonado, acad\u00e9mico de la Facultad de Ciencias Jur\u00eddicas y Sociales.\u00a0\u00a0<\/span><\/a><\/p><p style=\"font-weight: 400;\"><span style=\"font-style: inherit; font-weight: inherit;\">\u00a0<\/span><\/p><p style=\"font-weight: 400;\"><strong><span style=\"font-style: inherit; font-weight: inherit;\">EMOL\u00a0<\/span><\/strong><\/p><p style=\"font-weight: 400;\"><a href=\"https:\/\/www.emol.com\/noticias\/Nacional\/2023\/09\/05\/1106160\/chile-latinoamerica-economia-instituciones-debate.html\"><span style=\"font-style: inherit;\">\u00bfChile &#8220;latinoamericanizado&#8221;?: El debate pol\u00edtico y econ\u00f3mico detr\u00e1s de la &#8220;comparaci\u00f3n&#8221; del pa\u00eds con el &#8220;vecindario&#8221;<\/span>. Se refiere\u00a0<span style=\"font-style: inherit;\">Mauricio Morales, director del Centro de An\u00e1lisis Pol\u00edtico (CAP).<\/span><\/a><strong><span style=\"font-style: inherit; font-weight: inherit;\"><br \/><\/span><\/strong><\/p><p>\u00a0<\/p><p style=\"font-weight: 400;\"><strong><span style=\"font-style: inherit;\">RADIO INFINITA\u00a0<\/span><\/strong><\/p><p style=\"font-weight: 400;\"><a href=\"https:\/\/www.litoralpress.cl\/sitio\/RadioTV_Detalles.cshtml?LPKey=TSUJJ4IOPIFIJRJYU2EWV3JPQZDQ4CQNYIPODNKQ3CIWR2IFTTOMKCLJO7QNWFV5PIJIPGQITPNH4\"><span style=\"font-style: inherit; font-weight: inherit;\">An\u00e1lisis pol\u00edtico de Mauricio Morales, director del Centro de An\u00e1lisis Pol\u00edtico (CAP).\u00a0<\/span><\/a><\/p><p style=\"font-weight: 400;\"><span style=\"font-style: inherit; font-weight: inherit;\">\u00a0<\/span><\/p><p style=\"font-weight: 400;\"><strong><span style=\"font-style: inherit;\">DIARIOTALCA.CL\u00a0<\/span><\/strong><\/p><p style=\"font-weight: 400;\"><a href=\"https:\/\/diariotalca.cl\/lo-normal-del-invierno-es-que-llueve-por-rodrigo-biel-melgarejo-2\/\"><span style=\"font-style: inherit; font-weight: inherit;\">Lo normal del invierno, es que llueve. Se refiere Rodrigo Biel Melgarejo, acad\u00e9mico de la Facultad de Ciencias Jur\u00eddicas y Sociales.\u00a0\u00a0<\/span><\/a><\/p><p style=\"font-weight: 400;\"><span style=\"font-style: inherit; font-weight: inherit;\">\u00a0<\/span><\/p><p style=\"font-weight: 400;\"><strong><span style=\"font-style: inherit;\">ANALIZAMAULE.CL\u00a0<\/span><\/strong><\/p><p><a href=\"https:\/\/analizamaule.cl\/mujeres-por-el-agro-en-la-ruta-de-la-digitalizacion\/\"><span style=\"font-style: inherit;\">Mujeres por el Agro en la Ruta de la Digitalizaci\u00f3n. Se menciona al proyecto Thinkagro \u2013 UTalca.\u00a0<\/span><\/a><\/p><p style=\"font-weight: 400;\">\u00a0<\/p><p style=\"font-weight: 400;\"><strong><span style=\"font-style: inherit; font-weight: inherit;\">PORTALFRUTICOLA.COM\u00a0<\/span><\/strong><\/p><p style=\"font-weight: 400;\"><a href=\"https:\/\/www.portalfruticola.com\/noticias\/2023\/09\/05\/mujeres-por-el-agro-en-la-ruta-de-la-digitalizacion\/\"><span style=\"font-style: inherit;\">Mujeres por el agro en la ruta de la digitalizaci\u00f3n.\u00a0Se menciona al proyecto Thinkagro \u2013 UTalca.\u00a0<\/span><\/a><\/p>\t\t\t\t\t\t<\/div>\n\t\t\t\t<\/div>\n\t\t\t\t\t<\/div>\n\t\t<\/div>\n\t\t\t\t\t\t\t<\/div>\n\t\t<\/section>\n\t\t\t\t\t\t<\/div>\n\t\t\t\t\t<\/div>\n\t\t","protected":false},"excerpt":{"rendered":"<p>DIARIOTALCA.CL\u00a0 Ofrecer\u00e1n concierto sinf\u00f3nico para reflexionar por los 50 a\u00f1os del Golpe Militar.\u00a0Se refieren Carlos Torres Fuchslocher, rector; y Paula Elgueta Sierra, directora del Coro y acad\u00e9mica de la Escuela de M\u00fasica. \u00a0 DIARIOLAPRENSA.CL\u00a0 Concierto sinf\u00f3nico en conmemoraci\u00f3n de los 50 a\u00f1os del Golpe C\u00edvico Militar.\u00a0Se refieren Carlos Torres Fuchslocher, rector; Marcela Barros Morales, directora &hellip;<\/p>\n<p class=\"read-more\"> <a class=\"\" href=\"https:\/\/www.reportedeprensa.utalca.cl\/?p=8214\"> <span class=\"screen-reader-text\">05 de septiembre de 2023<\/span> Read More &raquo;<\/a><\/p>\n","protected":false},"author":1,"featured_media":0,"comment_status":"closed","ping_status":"open","sticky":false,"template":"","format":"standard","meta":{"_monsterinsights_skip_tracking":false,"_monsterinsights_sitenote_active":false,"_monsterinsights_sitenote_note":"","_monsterinsights_sitenote_category":0},"categories":[40],"tags":[],"_links":{"self":[{"href":"https:\/\/www.reportedeprensa.utalca.cl\/index.php?rest_route=\/wp\/v2\/posts\/8214"}],"collection":[{"href":"https:\/\/www.reportedeprensa.utalca.cl\/index.php?rest_route=\/wp\/v2\/posts"}],"about":[{"href":"https:\/\/www.reportedeprensa.utalca.cl\/index.php?rest_route=\/wp\/v2\/types\/post"}],"author":[{"embeddable":true,"href":"https:\/\/www.reportedeprensa.utalca.cl\/index.php?rest_route=\/wp\/v2\/users\/1"}],"replies":[{"embeddable":true,"href":"https:\/\/www.reportedeprensa.utalca.cl\/index.php?rest_route=%2Fwp%2Fv2%2Fcomments&post=8214"}],"version-history":[{"count":4,"href":"https:\/\/www.reportedeprensa.utalca.cl\/index.php?rest_route=\/wp\/v2\/posts\/8214\/revisions"}],"predecessor-version":[{"id":8218,"href":"https:\/\/www.reportedeprensa.utalca.cl\/index.php?rest_route=\/wp\/v2\/posts\/8214\/revisions\/8218"}],"wp:attachment":[{"href":"https:\/\/www.reportedeprensa.utalca.cl\/index.php?rest_route=%2Fwp%2Fv2%2Fmedia&parent=8214"}],"wp:term":[{"taxonomy":"category","embeddable":true,"href":"https:\/\/www.reportedeprensa.utalca.cl\/index.php?rest_route=%2Fwp%2Fv2%2Fcategories&post=8214"},{"taxonomy":"post_tag","embeddable":true,"href":"https:\/\/www.reportedeprensa.utalca.cl\/index.php?rest_route=%2Fwp%2Fv2%2Ftags&post=8214"}],"curies":[{"name":"wp","href":"https:\/\/api.w.org\/{rel}","templated":true}]}}