{"id":8222,"date":"2023-09-06T22:31:35","date_gmt":"2023-09-07T01:31:35","guid":{"rendered":"https:\/\/www.reportedeprensa.utalca.cl\/?p=8222"},"modified":"2023-09-06T22:37:12","modified_gmt":"2023-09-07T01:37:12","slug":"06-de-septiembre-de-2023","status":"publish","type":"post","link":"https:\/\/www.reportedeprensa.utalca.cl\/?p=8222","title":{"rendered":"06 de septiembre de 2023"},"content":{"rendered":"\t\t<div data-elementor-type=\"wp-post\" data-elementor-id=\"8222\" class=\"elementor elementor-8222\" data-elementor-settings=\"[]\">\n\t\t\t\t\t\t\t<div class=\"elementor-section-wrap\">\n\t\t\t\t\t\t\t<section class=\"elementor-section elementor-top-section elementor-element elementor-element-10154d05 elementor-section-boxed elementor-section-height-default elementor-section-height-default\" data-id=\"10154d05\" data-element_type=\"section\">\n\t\t\t\t\t\t<div class=\"elementor-container elementor-column-gap-default\">\n\t\t\t\t\t<div class=\"elementor-column elementor-col-100 elementor-top-column elementor-element elementor-element-5db19c21\" data-id=\"5db19c21\" data-element_type=\"column\">\n\t\t\t<div class=\"elementor-widget-wrap elementor-element-populated\">\n\t\t\t\t\t\t\t\t<div class=\"elementor-element elementor-element-587e31be elementor-widget elementor-widget-text-editor\" data-id=\"587e31be\" data-element_type=\"widget\" data-widget_type=\"text-editor.default\">\n\t\t\t\t<div class=\"elementor-widget-container\">\n\t\t\t\t\t\t\t\t<p><strong><span style=\"font-family: Arial, sans-serif;\">DIARIOS EN RED<\/span><\/strong><\/p><p><a href=\"https:\/\/diariosenred.com\/regional\/convenio-de-u-de-talca-fortalece-la-ensenanza-escolar-y-el-ingreso-a-la\"><span style=\"font-family: Arial, sans-serif;\">Convenio de la U. de Talca fortalece la ense\u00f1anza escolar y el ingreso a la educaci\u00f3n superior. S<span class=\"ContentPasted14\">e refieren Carlos Torres Fuchslocher, rector; y Paola Morales Norambuena, directora de Ciclo de Vida Estudiantil.<\/span><\/span><\/a><\/p><p>\u00a0<\/p><p><strong><span style=\"font-family: Arial, sans-serif;\">RED MAULE<\/span><\/strong><\/p><p><span style=\"font-family: Arial, sans-serif;\"><a href=\"https:\/\/redmaule.com\/regional\/convenio-de-u-de-talca-fortalece-la-ensenanza-escolar-y-el-ingreso-a-la\"><span class=\"ContentPasted16\">Convenio de la U. de Talca fortalece la ense\u00f1anza escolar y el ingreso a la educaci\u00f3n superior. S<\/span><span class=\"ContentPasted14 ContentPasted16\">e refieren Carlos Torres Fuchslocher, rector; y Paola Morales Norambuena, directora de Ciclo de Vida Estudiantil.<\/span><\/a><br \/><\/span><\/p><p><span class=\"ContentPasted15\" style=\"font-family: Arial, sans-serif;\">\u00a0<\/span><\/p><p><strong>RED O\u00b4HIGGINS<\/strong><\/p><p class=\"x_MsoNormal elementToProof\"><a href=\"https:\/\/redohiggins.com\/regional\/convenio-de-u-de-talca-fortalece-la-ensenanza-escolar-y-el-ingreso-a-la\"><span class=\"ContentPasted16\">Convenio de la U. de Talca fortalece la ense\u00f1anza escolar y el ingreso a la educaci\u00f3n superior. S<\/span><span class=\"ContentPasted14 ContentPasted16\">e refieren Carlos\u00a0<span class=\"ContentPasted17\">Torres Fuchslocher, rector; y Paola Morales Norambuena, directora de Ciclo de Vida Estudiantil.<\/span><\/span><\/a><\/p><div class=\"_Entity _EType_OWALinkPreview _EId_OWALinkPreview_2 _EReadonly_1\" contenteditable=\"false\">\u00a0<\/div><p class=\"elementToProof\"><strong>G5NOTICIAS.CL<\/strong><\/p><p class=\"elementToProof\"><a href=\"https:\/\/g5noticias.cl\/2023\/09\/05\/convenio-fortalece-la-ensenanza-escolar-y-el-ingreso-a-la-educacion-superior\/\"><span class=\"ContentPasted21\">Convenio fortalece la ense\u00f1anza escolar y el ingreso a la educaci\u00f3n superior.\u00a0<span class=\"ContentPasted16 ContentPasted22\">S<\/span><span class=\"ContentPasted14 ContentPasted16 ContentPasted22\">e refieren Carlos<span class=\"ContentPasted22\">\u00a0<span class=\"ContentPasted17 ContentPasted22\">Torres Fuchslocher, rector; y Paola Morales Norambuena, directora de Ciclo de Vida Estudiantil.<\/span><\/span><\/span><\/span><\/a><\/p><p class=\"elementToProof ContentPasted20\">\u00a0<\/p><p class=\"elementToProof ContentPasted20\"><strong>ELMAULEINFORMA.CL<\/strong><\/p><p class=\"elementToProof ContentPasted20\"><a href=\"https:\/\/elmauleinforma.cl\/convenio-fortalece-la-ensenanza-escolar-y-el-ingreso-a-la-educacion-superior\/\"><span class=\"ContentPasted24\">Convenio fortalece la ense\u00f1anza escolar y el ingreso a la educaci\u00f3n superior.\u00a0<\/span><span class=\"ContentPasted16 ContentPasted22 ContentPasted24\">S<\/span><span class=\"ContentPasted14 ContentPasted16 ContentPasted22 ContentPasted24\">e refieren Carlos<span class=\"ContentPasted22 ContentPasted24\">\u00a0<span class=\"ContentPasted17 ContentPasted22 ContentPasted24\">Torres Fuchslocher, rector; y Paola Morales Norambuena, directora de Ciclo de Vida Estudiantil.<\/span><\/span><\/span><\/a><\/p><div class=\"_Entity _EType_OWALinkPreview _EId_OWALinkPreview_3 _EReadonly_1\" contenteditable=\"false\">\u00a0<\/div><p><strong><span lang=\"ES-TRAD\"><span class=\"ContentPasted0\">LA PRENSA DE CURIC\u00d3<\/span><\/span><\/strong><\/p><p><span lang=\"ES-TRAD\"><span class=\"ContentPasted0\"><a href=\"https:\/\/www.litoralpress.cl\/paginaconsultas\/Servicios_NClipSitio\/Get_Imagen_Nota.aspx?LPKey=ZH3DQX4ETDJJENOZOEC2RXHAVE7NFPQ5UHRW4SKTTKVEAUWOBOUTVQPECBJPCCFL54A6MUIO24AG4\"><span class=\"x_ContentPasted0 ContentPasted3\">Concierto sinf\u00f3nico en conmemoraci\u00f3n de los 50 a\u00f1os del Golpe C\u00edvico Militar.<span class=\"ContentPasted3\">\u00a0<\/span><\/span><span class=\"x_ContentPasted0 ContentPasted3\" lang=\"ES-TRAD\">Se refieren Carlos Torres Fuchslocher, rector; Marcela Barros Morales, directora de Comunicaciones Corporativas; y Paula Elgueta Sierra, directora del Coro y acad\u00e9mica de la Escuela de M\u00fasica.<\/span><\/a><br \/><\/span><\/span><\/p><p><span lang=\"ES-TRAD\"><span class=\"ContentPasted0\"><span class=\"x_ContentPasted0 ContentPasted3 ContentPasted4\" lang=\"ES-TRAD\">\u00a0<\/span><\/span><\/span><\/p><p><strong><span lang=\"ES-TRAD\"><span class=\"ContentPasted0\">EL LECTOR<\/span><\/span><\/strong><\/p><p><span lang=\"ES-TRAD\"><span class=\"ContentPasted0\"><a href=\"https:\/\/www.litoralpress.cl\/paginaconsultas\/Servicios_NClipSitio\/Get_Imagen_Nota.aspx?LPKey=HIJOH44QH2OXBV4QARRS4KBC7FASHFTYIKLHPJVK3UREHWZRRMN2GYTDNPOOVJV6XKXYVMS5ZM3BE\"><span class=\"ContentPasted1\">En 100% aumentaron las licitaciones desiertas en el rubro de la construcci\u00f3n en el 2022.\u00a0<\/span><span class=\"x_ContentPasted0 ContentPasted1\">Se refiere Armando Dur\u00e1n, acad\u00e9mico de la Facultad de Ingenier\u00eda.<\/span><span class=\"ContentPasted1\">\u00a0<\/span><\/a><br \/><\/span><\/span><\/p><p><span lang=\"ES-TRAD\"><span class=\"ContentPasted0\"><span class=\"ContentPasted1 ContentPasted2\">\u00a0<\/span><\/span><\/span><\/p><p><strong><span lang=\"ES-TRAD\"><span class=\"ContentPasted0\"><span class=\"ContentPasted1 ContentPasted2\">LA PRENSA DE CURIC\u00d3<\/span><\/span><\/span><\/strong><\/p><p><a href=\"https:\/\/www.litoralpress.cl\/paginaconsultas\/Servicios_NClipSitio\/Get_Imagen_Nota.aspx?LPKey=3N7OHUYXFSE2C4VM5DS5ZLUIHFA7YCX7JVIUOI6QUHVLSCU3GNNZFVUEBHPC7Q6YHJWGVNFCK72HW\"><span lang=\"ES-TRAD\"><span class=\"ContentPasted0\"><span class=\"ContentPasted1 ContentPasted2\">Aumentan las licitaciones desiertas en el sector construcci\u00f3n.\u00a0<span class=\"ContentPasted1\"><span class=\"ContentPasted1 ContentPasted5\">\u00a0<\/span><\/span><span class=\"x_ContentPasted0 ContentPasted1 ContentPasted5\">Se refiere Armando Dur\u00e1n, acad\u00e9mico de la Facultad de Ingenier\u00eda.<\/span><span class=\"ContentPasted1 ContentPasted5\">\u00a0<\/span><\/span><\/span><\/span><\/a><\/p><p>\u00a0<\/p><p><strong>CNN CHILE<\/strong><\/p><p><a href=\"https:\/\/www.litoralpress.cl\/sitio\/RadioTV_Detalles.cshtml?LPKey=NZX4ZICIS2P7JM42VYLQHJAJIWQRSINTYIUT5N24CINHPJJOSQ5HKSUYKD352DP4FQLAKF3HTTXYS\"><span class=\"ContentPasted12\">Los efectos de los micropl\u00e1sticos en la salud. Se refiere Mauricio Quiroz, acad\u00e9mico del Instituto de Ciencias Biol\u00f3gicas.\u00a0<\/span><\/a><\/p><p><span class=\"ContentPasted11\">\u00a0<\/span><\/p><p><strong>EMOL<\/strong><\/p><p class=\"x_MsoNormal elementToProof\"><a href=\"https:\/\/www.emol.com\/noticias\/Nacional\/2023\/09\/05\/1106181\/fiestas-patrias-conduccion-alcohol-seguridad.html\">Preocupante seguidilla de accidentes provocados por conductores ebrios: Expertos advierten peligros ante Fiestas Patrias. Se refiere Emilio Moyano, acad\u00e9mico de la Facultad de Psicolog\u00eda.\u00a0<\/a><\/p><p class=\"x_MsoNormal elementToProof\">\u00a0<\/p><p><strong>CIENCIAYSALUD.CL<\/strong><\/p><p><a href=\"https:\/\/cienciaysalud.cl\/2023\/09\/05\/nueva-vacuna-apunta-a-prevenir-mortalidad-de-infantes-y-adultos-mayores-por-virus-sincicial\/\">Nueva vacuna apunta a prevenir mortalidad de infantes y adultos mayores por virus sincicial.\u00a0<\/a><span class=\"ContentPasted19\">Se refiere Erika Retamal Contreras, directora del Departamento de Salud P\u00fablica.<\/span><\/p><p><span class=\"ContentPasted18\">\u00a0<\/span><\/p><p><strong><span style=\"font-family: Arial, sans-serif;\">RADIO AMIGA<\/span><\/strong><\/p><p><a href=\"https:\/\/www.litoralpress.cl\/sitio\/RadioTV_Detalles.cshtml?LPKey=TKCWBHWYOU3TJVA52XFLTV7V6URTHDBX2UUBDD3SWQGEPPWRIP4Z3U7GOD4LJ42NE7EFMGUMDSLGY\"><span style=\"font-family: Arial, sans-serif;\">Crean vacuna contra virus sincicial. Se refiere Erika Retamal Contreras, directora del Departamento de Salud P\u00fablica.<\/span><\/a><\/p><p><span lang=\"ES-TRAD\"><span class=\"ContentPasted0 ContentPasted7\">\u00a0<\/span><\/span><\/p><p><strong><span style=\"font-family: Arial, sans-serif;\">RADIO AMIGA<\/span><\/strong><\/p><p><a href=\"https:\/\/www.litoralpress.cl\/sitio\/RadioTV_Detalles.cshtml?LPKey=7G6UJCL5Q6LYRNDZMQ3UQS2B2GBVBJTPIS7WBLJJWZXX32LV3ME2BIXTC2KUAMXUCTHW6GMS53XE6\"><span style=\"font-family: Arial, sans-serif;\">Pron\u00f3stico del tiempo para Fiestas Patrias. Se refiera Patricio Gonz\u00e1lez Colville, agroclimat\u00f3logo del Centro de Investigaci\u00f3n y Transferencia en Riego y Agroclimatolog\u00eda.\u00a0<\/span><\/a><\/p><p><span lang=\"ES-TRAD\"><span class=\"ContentPasted0 ContentPasted7 ContentPasted10\">\u00a0<\/span><\/span><\/p><p><strong>EMOL<\/strong><\/p><p class=\"x_MsoNormal elementToProof\"><a href=\"https:\/\/www.emol.com\/noticias\/Nacional\/2023\/09\/05\/1106160\/chile-latinoamerica-economia-instituciones-debate.html\">\u00bfChile &#8220;latinoamericanizado&#8221;?: El debate pol\u00edtico y econ\u00f3mico detr\u00e1s de la &#8220;comparaci\u00f3n&#8221; del pa\u00eds con el &#8220;vecindario&#8221;. Se refiere\u00a0<span class=\"ContentPasted13\">An\u00e1lisis pol\u00edtico de Mauricio Morales, director del Centro de An\u00e1lisis Pol\u00edtico (CAP<\/span><span class=\"ContentPasted13\">).\u00a0<\/span><\/a><\/p><p>\u00a0<\/p><p><strong><span lang=\"ES-TRAD\"><span class=\"x_ContentPasted0 ContentPasted8\">RADIO INFINITA\u00a0<\/span><\/span><\/strong><\/p><p><a href=\"https:\/\/www.litoralpress.cl\/sitio\/RadioTV_Detalles.cshtml?LPKey=EZSEKSKAIJFZDDGMDKIJSL7RUVR5YGMDT33XK7QAW2KJBKXANM2VCHQYMM622RLSGOVBQI55XT45U\"><span class=\"x_ContentPasted0 ContentPasted8\" lang=\"ES-TRAD\">An\u00e1lisis pol\u00edtico de Mauricio Morales, director del Centro de An\u00e1lisis Pol\u00edtico (CAP).\u00a0<\/span><\/a><\/p><p>\u00a0<\/p><p><strong><span lang=\"ES-TRAD\"><span class=\"ContentPasted0\">DIARIOCONSTITUCIONAL.CL<\/span><\/span><\/strong><\/p><p class=\"ContentPasted26\"><a href=\"https:\/\/www.diarioconstitucional.cl\/cartas-al-director\/un-recordatorio-sobre-urrutia-manzano-y-pinochet-tras-el-golpe\/\">Un recordatorio sobre Urrutia Manzano y Pinochet tras el Golpe: una dupla llamada a hacer restituir el respeto el Estado de Derecho (\u00bf?). Se refiere Diego Palomo V\u00e9lez, acad\u00e9mico de la Facultad de Ciencias Jur\u00eddicas y Sociales.<\/a>\u00a0<\/p>\t\t\t\t\t\t<\/div>\n\t\t\t\t<\/div>\n\t\t\t\t\t<\/div>\n\t\t<\/div>\n\t\t\t\t\t\t\t<\/div>\n\t\t<\/section>\n\t\t\t\t\t\t<\/div>\n\t\t\t\t\t<\/div>\n\t\t","protected":false},"excerpt":{"rendered":"<p>DIARIOS EN RED Convenio de la U. de Talca fortalece la ense\u00f1anza escolar y el ingreso a la educaci\u00f3n superior. Se refieren Carlos Torres Fuchslocher, rector; y Paola Morales Norambuena, directora de Ciclo de Vida Estudiantil. \u00a0 RED MAULE Convenio de la U. de Talca fortalece la ense\u00f1anza escolar y el ingreso a la educaci\u00f3n &hellip;<\/p>\n<p class=\"read-more\"> <a class=\"\" href=\"https:\/\/www.reportedeprensa.utalca.cl\/?p=8222\"> <span class=\"screen-reader-text\">06 de septiembre de 2023<\/span> Read More &raquo;<\/a><\/p>\n","protected":false},"author":1,"featured_media":0,"comment_status":"closed","ping_status":"open","sticky":false,"template":"","format":"standard","meta":{"_monsterinsights_skip_tracking":false,"_monsterinsights_sitenote_active":false,"_monsterinsights_sitenote_note":"","_monsterinsights_sitenote_category":0},"categories":[40],"tags":[],"_links":{"self":[{"href":"https:\/\/www.reportedeprensa.utalca.cl\/index.php?rest_route=\/wp\/v2\/posts\/8222"}],"collection":[{"href":"https:\/\/www.reportedeprensa.utalca.cl\/index.php?rest_route=\/wp\/v2\/posts"}],"about":[{"href":"https:\/\/www.reportedeprensa.utalca.cl\/index.php?rest_route=\/wp\/v2\/types\/post"}],"author":[{"embeddable":true,"href":"https:\/\/www.reportedeprensa.utalca.cl\/index.php?rest_route=\/wp\/v2\/users\/1"}],"replies":[{"embeddable":true,"href":"https:\/\/www.reportedeprensa.utalca.cl\/index.php?rest_route=%2Fwp%2Fv2%2Fcomments&post=8222"}],"version-history":[{"count":4,"href":"https:\/\/www.reportedeprensa.utalca.cl\/index.php?rest_route=\/wp\/v2\/posts\/8222\/revisions"}],"predecessor-version":[{"id":8227,"href":"https:\/\/www.reportedeprensa.utalca.cl\/index.php?rest_route=\/wp\/v2\/posts\/8222\/revisions\/8227"}],"wp:attachment":[{"href":"https:\/\/www.reportedeprensa.utalca.cl\/index.php?rest_route=%2Fwp%2Fv2%2Fmedia&parent=8222"}],"wp:term":[{"taxonomy":"category","embeddable":true,"href":"https:\/\/www.reportedeprensa.utalca.cl\/index.php?rest_route=%2Fwp%2Fv2%2Fcategories&post=8222"},{"taxonomy":"post_tag","embeddable":true,"href":"https:\/\/www.reportedeprensa.utalca.cl\/index.php?rest_route=%2Fwp%2Fv2%2Ftags&post=8222"}],"curies":[{"name":"wp","href":"https:\/\/api.w.org\/{rel}","templated":true}]}}