{"id":8231,"date":"2023-09-07T13:02:35","date_gmt":"2023-09-07T16:02:35","guid":{"rendered":"https:\/\/www.reportedeprensa.utalca.cl\/?p=8231"},"modified":"2023-09-07T13:15:36","modified_gmt":"2023-09-07T16:15:36","slug":"07-de-septiembre-de-2023","status":"publish","type":"post","link":"https:\/\/www.reportedeprensa.utalca.cl\/?p=8231","title":{"rendered":"07 de septiembre de 2023"},"content":{"rendered":"\t\t<div data-elementor-type=\"wp-post\" data-elementor-id=\"8231\" class=\"elementor elementor-8231\" data-elementor-settings=\"[]\">\n\t\t\t\t\t\t\t<div class=\"elementor-section-wrap\">\n\t\t\t\t\t\t\t<section class=\"elementor-section elementor-top-section elementor-element elementor-element-10154d05 elementor-section-boxed elementor-section-height-default elementor-section-height-default\" data-id=\"10154d05\" data-element_type=\"section\">\n\t\t\t\t\t\t<div class=\"elementor-container elementor-column-gap-default\">\n\t\t\t\t\t<div class=\"elementor-column elementor-col-100 elementor-top-column elementor-element elementor-element-5db19c21\" data-id=\"5db19c21\" data-element_type=\"column\">\n\t\t\t<div class=\"elementor-widget-wrap elementor-element-populated\">\n\t\t\t\t\t\t\t\t<div class=\"elementor-element elementor-element-587e31be elementor-widget elementor-widget-text-editor\" data-id=\"587e31be\" data-element_type=\"widget\" data-widget_type=\"text-editor.default\">\n\t\t\t\t<div class=\"elementor-widget-container\">\n\t\t\t\t\t\t\t\t<p class=\"x_MsoNormal\"><b class=\"x_ContentPasted0\">DIARIOS EN RED\u00a0<\/b><\/p><p class=\"x_MsoNormal\"><a href=\"http:\/\/HTTPS:\/\/DIARIOSENRED.COM\/REGIONAL\/CONVENIO-DE-U-DE-TALCA-FORTALECE-LA-ENSENANZA-ESCOLAR-Y-EL-INGRESO-A-LA\" data-wplink-url-error=\"true\">Convenio de la U. de Talca fortalece la ense\u00f1anza escolar y el ingreso a la educaci\u00f3n superior.\u00a0Se refieren Carlos Torres Fuchslocher, rector; y Paola Morales Norambuena, directora de Ciclo de Vida Estudiantil.\u00a0<\/a><\/p><p class=\"x_MsoNormal\"><b class=\"x_ContentPasted0\"><a id=\"OWA075c5bbb-18ee-7510-1c79-d8b1708e7d63\" class=\"x_OWAAutoLink x_ContentPasted0\" href=\"https:\/\/diariosenred.com\/regional\/convenio-de-u-de-talca-fortalece-la-ensenanza-escolar-y-el-ingreso-a-la\" target=\"_blank\" rel=\"noopener noreferrer\" data-auth=\"NotApplicable\" data-linkindex=\"0\"><\/a>\u00a0\u00a0<\/b><b>\u00a0<\/b><\/p><p class=\"x_MsoNormal x_ContentPasted0\"><strong>RED MAULE\u00a0<\/strong><\/p><p class=\"x_MsoNormal x_ContentPasted0\"><a href=\"https:\/\/redmaule.com\/regional\/convenio-de-u-de-talca-fortalece-la-ensenanza-escolar-y-el-ingreso-a-la\">Convenio de la U. de Talca fortalece la ense\u00f1anza escolar y el ingreso a la educaci\u00f3n superior. Se refieren Carlos Torres Fuchslocher, rector; y Paola Morales Norambuena, directora de Ciclo de Vida Estudiantil.\u00a0<\/a><\/p><p class=\"x_MsoNormal\" aria-hidden=\"true\">\u00a0<\/p><p class=\"x_MsoNormal x_ContentPasted0\"><strong>RED O\u00b4HIGGINS\u00a0<\/strong><\/p><p class=\"x_MsoNormal x_ContentPasted0\"><a href=\"https:\/\/redohiggins.com\/regional\/convenio-de-u-de-talca-fortalece-la-ensenanza-escolar-y-el-ingreso-a-la\">Convenio de la U. de Talca fortalece la ense\u00f1anza escolar y el ingreso a la educaci\u00f3n superior. Se refieren Carlos\u00a0Torres Fuchslocher, rector; y Paola Morales Norambuena, directora de Ciclo de Vida Estudiantil.\u00a0<\/a><\/p><p class=\"x_MsoNormal\" aria-hidden=\"true\">\u00a0<\/p><p class=\"x_MsoNormal x_ContentPasted0\"><strong>G5NOTICIAS.CL\u00a0<\/strong><\/p><p class=\"x_MsoNormal x_ContentPasted0\"><a href=\"https:\/\/g5noticias.cl\/2023\/09\/05\/convenio-fortalece-la-ensenanza-escolar-y-el-ingreso-a-la-educacion-superior\/\">Convenio fortalece la ense\u00f1anza escolar y el ingreso a la educaci\u00f3n superior.\u00a0Se refieren Carlos\u00a0Torres Fuchslocher, rector; y Paola Morales Norambuena, directora de Ciclo de Vida Estudiantil.\u00a0<\/a><\/p><p class=\"x_MsoNormal\" aria-hidden=\"true\">\u00a0<\/p><p class=\"x_MsoNormal x_ContentPasted0\"><strong>ELMAULEINFORMA.CL\u00a0<\/strong><\/p><p class=\"x_MsoNormal x_ContentPasted0\"><a href=\"https:\/\/elmauleinforma.cl\/convenio-fortalece-la-ensenanza-escolar-y-el-ingreso-a-la-educacion-superior\/\">Convenio fortalece la ense\u00f1anza escolar y el ingreso a la educaci\u00f3n superior.\u00a0Se refieren Carlos\u00a0Torres Fuchslocher, rector; y Paola Morales Norambuena, directora de Ciclo de Vida Estudiantil.\u00a0<\/a><\/p><p class=\"x_MsoNormal\" aria-hidden=\"true\">\u00a0<\/p><p class=\"x_MsoNormal x_ContentPasted0\"><strong>CANAL TVN RED MAULE\u00a0<\/strong><\/p><p class=\"x_MsoNormal x_ContentPasted0\"><a href=\"https:\/\/www.litoralpress.cl\/sitio\/RadioTV_Detalles.cshtml?LPKey=MLTRIOKDVB5VU7JY56YZQ7SVB6QUWQ6UP7QDU33JWLNWRRCTAPKWVUVLXNKVAWWYRTTQZ2TQVGN3E\">Universidad de Talca firma convenio con 65 establecimientos educacionales. Se menciona a la Universidad de Talca.\u00a0<\/a><\/p><p class=\"x_MsoNormal\" aria-hidden=\"true\">\u00a0<\/p><p class=\"x_MsoNormal\"><b class=\"x_ContentPasted0\">CANAL CONTIVISION \u00a0<\/b><\/p><p class=\"x_MsoNormal\"><a href=\"https:\/\/www.litoralpress.cl\/sitio\/RadioTV_Detalles.cshtml?LPKey=25MFBXJPT4UR4SJX24W6U2RS7HE7EFGQFEE52HHDBAQD32W7YQN6LNAT52MOPJNWWRB6SZSZLBICS\">U de Talca\u00a0firma convenio con establecimientos educacionales para acercar el mundo universitario. Se refiere Carlos Torres Fuchslocher, rector\u00a0<\/a><\/p><p class=\"x_MsoNormal\" aria-hidden=\"true\">\u00a0<\/p><p class=\"x_MsoNormal x_ContentPasted0\"><strong>LA PRENSA DE CURIC\u00d3\u00a0<\/strong><\/p><p class=\"x_MsoNormal x_ContentPasted0\"><a href=\"https:\/\/www.litoralpress.cl\/paginaconsultas\/Servicios_NClipSitio\/Get_Imagen_Nota.aspx?LPKey=ZH3DQX4ETDJJENOZOEC2RXHAVE7NFPQ5UHRW4SKTTKVEAUWOBOUTVQPECBJPCCFL54A6MUIO24AG4\">Concierto sinf\u00f3nico en conmemoraci\u00f3n de los 50 a\u00f1os del Golpe C\u00edvico Militar.\u00a0Se refieren Carlos Torres Fuchslocher, rector; Marcela Barros Morales, directora de Comunicaciones Corporativas; y Paula Elgueta Sierra, directora del Coro y acad\u00e9mica de la Escuela de M\u00fasica.\u00a0<\/a><br class=\"x_ContentPasted0\" aria-hidden=\"true\" \/>\u00a0<\/p><p class=\"x_MsoNormal x_ContentPasted0\"><strong>EL LECTOR\u00a0<\/strong><\/p><p class=\"x_MsoNormal x_ContentPasted0\"><a href=\"https:\/\/www.litoralpress.cl\/paginaconsultas\/Servicios_NClipSitio\/Get_Imagen_Nota.aspx?LPKey=HIJOH44QH2OXBV4QARRS4KBC7FASHFTYIKLHPJVK3UREHWZRRMN2GYTDNPOOVJV6XKXYVMS5ZM3BE\">En 100% aumentaron las licitaciones desiertas en el rubro de la construcci\u00f3n en el 2022.\u00a0Se refiere Armando Dur\u00e1n, acad\u00e9mico de la Facultad de Ingenier\u00eda.\u00a0\u00a0<\/a><\/p><p class=\"x_MsoNormal x_ContentPasted0\">\u00a0<\/p><p class=\"x_MsoNormal\"><b class=\"x_ContentPasted0\">LA PRENSA DE CURIC\u00d3\u00a0<\/b><\/p><p class=\"x_MsoNormal\"><a href=\"https:\/\/www.litoralpress.cl\/paginaconsultas\/Servicios_NClipSitio\/Get_Imagen_Nota.aspx?LPKey=3N7OHUYXFSE2C4VM5DS5ZLUIHFA7YCX7JVIUOI6QUHVLSCU3GNNZFVUEBHPC7Q6YHJWGVNFCK72HW\">Aumentan las licitaciones desiertas en el sector construcci\u00f3n.\u00a0\u00a0Se refiere Armando Dur\u00e1n, acad\u00e9mico de la Facultad de Ingenier\u00eda.\u00a0\u00a0<\/a><\/p><p class=\"x_MsoNormal\" aria-hidden=\"true\">\u00a0<\/p><p class=\"x_MsoNormal\"><b class=\"x_ContentPasted0\">CNN CHILE\u00a0<\/b><\/p><p class=\"x_MsoNormal\"><a href=\"https:\/\/www.litoralpress.cl\/sitio\/RadioTV_Detalles.cshtml?LPKey=NZX4ZICIS2P7JM42VYLQHJAJIWQRSINTYIUT5N24CINHPJJOSQ5HKSUYKD352DP4FQLAKF3HTTXYS\">Los efectos de los micropl\u00e1sticos en la salud. Se refiere Mauricio Quiroz, acad\u00e9mico del Instituto de Ciencias Biol\u00f3gicas.\u00a0\u00a0<\/a><\/p><p class=\"x_MsoNormal x_ContentPasted0\"><strong>EL MOSTRADOR\u00a0<\/strong><\/p><p class=\"x_MsoNormal x_ContentPasted0\"><a href=\"https:\/\/www.elmostrador.cl\/agenda-pais\/vida-en-linea\/2023\/09\/06\/inteligencia-artificial-ayuda-a-cientificos-a-predecir-metastasis-en-pacientes-con-cancer\/\">Inteligencia artificial ayuda a cient\u00edficos a predecir met\u00e1stasis en pacientes con c\u00e1ncer. Se refiere Karen Or\u00f3stica Tapia, acad\u00e9mica de la Escuela de Medicina.<\/a> \u00a0<\/p><p class=\"x_MsoNormal\" aria-hidden=\"true\">\u00a0<\/p><p class=\"x_MsoNormal\"><b class=\"x_ContentPasted0\">RADIOAGRICULTURA.CL\u00a0<\/b><\/p><p class=\"x_MsoNormal\"><a href=\"https:\/\/www.radioagricultura.cl\/dato-practico\/2023\/09\/06\/investigacion-expone-que-la-ia-ayudaria-a-cientificos-a-predecir-metastasis-en-pacientes-con-cancer\/\">Investigaci\u00f3n expone que la IA ayudar\u00eda a cient\u00edficos a predecir met\u00e1stasis en pacientes con c\u00e1ncer. Se refiere Karen Or\u00f3stica Tapia, acad\u00e9mica de la Escuela de Medicina.\u00a0<\/a><\/p><p class=\"x_MsoNormal\" aria-hidden=\"true\">\u00a0<\/p><p class=\"x_MsoNormal x_ContentPasted0\"><strong>MEDIABANCO\u00a0<\/strong><\/p><p class=\"x_MsoNormal x_ContentPasted0\"><a href=\"https:\/\/www.mediabanco.com\/inteligencia-artificial-ayuda-a-cientificos-a-predecir-metastasis-en-pacientes-con-cancer\/\">Inteligencia artificial ayuda a cient\u00edficos a predecir met\u00e1stasis\u00a0en pacientes con c\u00e1ncer. Se refiere Karen Or\u00f3stica Tapia, acad\u00e9mica de la Escuela de Medicina.\u00a0<\/a><\/p><p class=\"x_MsoNormal\" aria-hidden=\"true\">\u00a0<\/p><p class=\"x_MsoNormal x_ContentPasted0\"><strong>G5NOTICIAS.CL\u00a0<\/strong><\/p><p class=\"x_MsoNormal x_ContentPasted0\"><a href=\"https:\/\/g5noticias.cl\/2023\/09\/06\/inteligencia-artificial-ayuda-a-cientificos-a-predecir-metastasis-en-pacientes-con-cancer\/\">Inteligencia artificial ayuda a cient\u00edficos a predecir met\u00e1stasis\u00a0en pacientes con c\u00e1ncer. Se refiere Karen Or\u00f3stica Tapia, acad\u00e9mica de la Escuela de Medicina.\u00a0<\/a><\/p><p class=\"x_MsoNormal\" aria-hidden=\"true\">\u00a0<\/p><p class=\"x_MsoNormal\"><b class=\"x_ContentPasted0\">ELTIPOGRAFO.CL\u00a0<\/b><\/p><p class=\"x_MsoNormal\"><a href=\"https:\/\/eltipografo.cl\/2023\/09\/cambio-climatico-los-desafios-de-la-estructura-critica-para-enfrentar-nuevas-inundaciones\">Cambio clim\u00e1tico: Los desaf\u00edos de la estructura cr\u00edtica para enfrentar nuevas inundaciones. Se refiere Miguel \u00c1ngel Arriagada, director de la Escuela de Ingenier\u00eda Civil en Obras Civiles. \u00a0<\/a><\/p><p class=\"x_MsoNormal\" aria-hidden=\"true\">\u00a0<\/p><p class=\"x_MsoNormal x_ContentPasted0\"><strong>CIENCIAYSALUD.CL\u00a0<\/strong><\/p><p class=\"x_MsoNormal x_ContentPasted0\"><a href=\"https:\/\/cienciaysalud.cl\/2023\/09\/05\/nueva-vacuna-apunta-a-prevenir-mortalidad-de-infantes-y-adultos-mayores-por-virus-sincicial\/\">Nueva vacuna apunta a prevenir mortalidad de infantes y adultos mayores por virus sincicial.\u00a0Se refiere Erika Retamal Contreras, directora del Departamento de Salud P\u00fablica.\u00a0<\/a><br class=\"x_ContentPasted0\" aria-hidden=\"true\" \/>\u00a0<\/p><p class=\"x_MsoNormal x_ContentPasted0\"><strong>RADIO AMIGA\u00a0<\/strong><\/p><p class=\"x_MsoNormal x_ContentPasted0\"><a href=\"https:\/\/www.litoralpress.cl\/sitio\/RadioTV_Detalles.cshtml?LPKey=TKCWBHWYOU3TJVA52XFLTV7V6URTHDBX2UUBDD3SWQGEPPWRIP4Z3U7GOD4LJ42NE7EFMGUMDSLGY\">Crean vacuna contra virus sincicial. Se refiere Erika Retamal Contreras, directora del Departamento de Salud P\u00fablica.\u00a0<\/a><\/p><p class=\"x_MsoNormal\" aria-hidden=\"true\">\u00a0<\/p><p class=\"x_MsoNormal\"><b class=\"x_ContentPasted0\">ELCIUDADANO.COM\u00a0<\/b><\/p><p class=\"x_MsoNormal\"><a href=\"https:\/\/www.elciudadano.com\/medio-ambiente\/inundaciones-sequias-y-olas-de-calor-la-necesidad-de-un-estado-ecosocial\/09\/06\/\">Inundaciones, sequ\u00edas y olas de calor: La necesidad de un Estado EcoSocial. Se refiere Patricio Gonz\u00e1lez, agroclimat\u00f3logo del Centro de Investigaci\u00f3n y Transferencia en Riego y Agroclimatolog\u00eda (CITRA)\u00a0<\/a><\/p><p class=\"x_MsoNormal\" aria-hidden=\"true\">\u00a0<\/p><p class=\"x_MsoNormal\"><b class=\"x_ContentPasted0\">EL MOSTRADOR\u00a0<\/b><\/p><p class=\"x_MsoNormal\"><a href=\"https:\/\/www.elmostrador.cl\/mercados\/2023\/09\/06\/conversatorio-online-sobre-gobiernos-corporativos\/\">Conversatorio online sobre gobiernos corporativos. Se refiere Felipe Arenas, director del Mag\u00edster en Administraci\u00f3n de Empresas.\u00a0<\/a><br class=\"x_ContentPasted0\" aria-hidden=\"true\" \/>\u00a0<\/p><p class=\"x_MsoNormal x_ContentPasted0\"><strong>ELDESCONCIERTO.CL\u00a0<\/strong><\/p><p class=\"x_MsoNormal x_ContentPasted0\"><a href=\"https:\/\/www.eldesconcierto.cl\/nacional\/2023\/09\/06\/desde-arica-a-magallanes-revisa-las-actividades-region-por-region-para-el-11-de-septiembre.html\">Desde Arica a Magallanes: Revisa las actividades regi\u00f3n por regi\u00f3n para el 11 de septiembre. Se menciona a la Universidad de Talca.\u00a0<\/a><\/p><p class=\"x_MsoNormal\" aria-hidden=\"true\">\u00a0<\/p><p class=\"x_MsoNormal x_ContentPasted0\"><strong>LA PRENSA DE CURIC\u00d3\u00a0<\/strong><\/p><p class=\"x_MsoNormal x_ContentPasted0\"><a href=\"https:\/\/www.litoralpress.cl\/paginaconsultas\/Servicios_NClipSitio\/Get_Imagen_Nota.aspx?LPKey=WIQDAISTDFAVH5E564M6JGZ3PJAFCZI3YRLPBVD4W55PQO4JJEDZCIWVBG3A5S6MZYV6VZVL3WTNI\">Interesante encuentro concentr\u00f3 a mujeres que se desempe\u00f1an en la Agricultura. Se refiere Paula Gajardo, miembro Think Agro. \u00a0<\/a><\/p><p class=\"x_MsoNormal\" aria-hidden=\"true\">\u00a0<\/p><p class=\"x_MsoNormal\"><b class=\"x_ContentPasted0\">LA SEGUNDA\u00a0<\/b><\/p><p class=\"x_MsoNormal\"><a href=\"https:\/\/www.litoralpress.cl\/paginaconsultas\/Servicios_NClipSitio\/Get_Imagen_Nota.aspx?LPKey=7C7DA6NTM4H5IAIA7WKVNOXXNASXRVT7LXXHBDW6DH3YSVD326M2WBGPO6FFR3HFCGOGOAF5QZ26S\">Boric no logr\u00f3 concitar unidad para declaraci\u00f3n por 50 a\u00f1os del 11. Se refiere Mauricio Morales, director del Centro de An\u00e1lisis Pol\u00edtico (CAP).\u00a0<\/a><\/p><p class=\"x_MsoNormal\" aria-hidden=\"true\">\u00a0<\/p><p class=\"x_MsoNormal\"><b class=\"x_ContentPasted0\">EMOL\u00a0<\/b><\/p><p class=\"x_MsoNormal\"><a href=\"https:\/\/www.emol.com\/noticias\/Nacional\/2023\/09\/06\/1106293\/dificultad-mandatarios-acuerdo-50-anos.html\">C\u00f3mo el acuerdo por los 50 a\u00f1os ha revelado la p\u00e9rdida de convocatoria de la figura presidencial. Se refiere Mauricio Morales, director del Centro de An\u00e1lisis Pol\u00edtico (CAP).<\/a><b class=\"x_ContentPasted0\"><br \/><\/b><\/p><p class=\"x_MsoNormal\">\u00a0<\/p><p class=\"x_MsoNormal x_ContentPasted0\"><strong>DIARIO AUSTRAL\u00a0<\/strong><\/p><p class=\"x_MsoNormal x_ContentPasted0\"><a href=\"https:\/\/www.litoralpress.cl\/paginaconsultas\/Servicios_NClipSitio\/Get_Imagen_Nota.aspx?LPKey=DWODMUMJFDSJGDBW7FKFULNI66ZISWFWZ2OX7EZAEII6C2KIJ7DUDB7ZIC7UI6W3UMJP6R2I72WMK\">UACh ser\u00e1 sede del Nacional Femenino que reunir\u00e1 a 14 equipos. Se menciona a la Universidad de Talca. \u00a0<\/a><\/p>\t\t\t\t\t\t<\/div>\n\t\t\t\t<\/div>\n\t\t\t\t\t<\/div>\n\t\t<\/div>\n\t\t\t\t\t\t\t<\/div>\n\t\t<\/section>\n\t\t\t\t\t\t<\/div>\n\t\t\t\t\t<\/div>\n\t\t","protected":false},"excerpt":{"rendered":"<p>DIARIOS EN RED\u00a0 Convenio de la U. de Talca fortalece la ense\u00f1anza escolar y el ingreso a la educaci\u00f3n superior.\u00a0Se refieren Carlos Torres Fuchslocher, rector; y Paola Morales Norambuena, directora de Ciclo de Vida Estudiantil.\u00a0 \u00a0\u00a0\u00a0 RED MAULE\u00a0 Convenio de la U. de Talca fortalece la ense\u00f1anza escolar y el ingreso a la educaci\u00f3n superior. &hellip;<\/p>\n<p class=\"read-more\"> <a class=\"\" href=\"https:\/\/www.reportedeprensa.utalca.cl\/?p=8231\"> <span class=\"screen-reader-text\">07 de septiembre de 2023<\/span> Read More &raquo;<\/a><\/p>\n","protected":false},"author":1,"featured_media":0,"comment_status":"closed","ping_status":"open","sticky":false,"template":"","format":"standard","meta":{"_monsterinsights_skip_tracking":false,"_monsterinsights_sitenote_active":false,"_monsterinsights_sitenote_note":"","_monsterinsights_sitenote_category":0},"categories":[40],"tags":[],"_links":{"self":[{"href":"https:\/\/www.reportedeprensa.utalca.cl\/index.php?rest_route=\/wp\/v2\/posts\/8231"}],"collection":[{"href":"https:\/\/www.reportedeprensa.utalca.cl\/index.php?rest_route=\/wp\/v2\/posts"}],"about":[{"href":"https:\/\/www.reportedeprensa.utalca.cl\/index.php?rest_route=\/wp\/v2\/types\/post"}],"author":[{"embeddable":true,"href":"https:\/\/www.reportedeprensa.utalca.cl\/index.php?rest_route=\/wp\/v2\/users\/1"}],"replies":[{"embeddable":true,"href":"https:\/\/www.reportedeprensa.utalca.cl\/index.php?rest_route=%2Fwp%2Fv2%2Fcomments&post=8231"}],"version-history":[{"count":4,"href":"https:\/\/www.reportedeprensa.utalca.cl\/index.php?rest_route=\/wp\/v2\/posts\/8231\/revisions"}],"predecessor-version":[{"id":8238,"href":"https:\/\/www.reportedeprensa.utalca.cl\/index.php?rest_route=\/wp\/v2\/posts\/8231\/revisions\/8238"}],"wp:attachment":[{"href":"https:\/\/www.reportedeprensa.utalca.cl\/index.php?rest_route=%2Fwp%2Fv2%2Fmedia&parent=8231"}],"wp:term":[{"taxonomy":"category","embeddable":true,"href":"https:\/\/www.reportedeprensa.utalca.cl\/index.php?rest_route=%2Fwp%2Fv2%2Fcategories&post=8231"},{"taxonomy":"post_tag","embeddable":true,"href":"https:\/\/www.reportedeprensa.utalca.cl\/index.php?rest_route=%2Fwp%2Fv2%2Ftags&post=8231"}],"curies":[{"name":"wp","href":"https:\/\/api.w.org\/{rel}","templated":true}]}}