{"id":8242,"date":"2023-09-09T13:49:07","date_gmt":"2023-09-09T16:49:07","guid":{"rendered":"https:\/\/www.reportedeprensa.utalca.cl\/?p=8242"},"modified":"2023-09-09T13:54:44","modified_gmt":"2023-09-09T16:54:44","slug":"08-de-septiembre-de-2023","status":"publish","type":"post","link":"https:\/\/www.reportedeprensa.utalca.cl\/?p=8242","title":{"rendered":"08 de septiembre de 2023"},"content":{"rendered":"\t\t<div data-elementor-type=\"wp-post\" data-elementor-id=\"8242\" class=\"elementor elementor-8242\" data-elementor-settings=\"[]\">\n\t\t\t\t\t\t\t<div class=\"elementor-section-wrap\">\n\t\t\t\t\t\t\t<section class=\"elementor-section elementor-top-section elementor-element elementor-element-10154d05 elementor-section-boxed elementor-section-height-default elementor-section-height-default\" data-id=\"10154d05\" data-element_type=\"section\">\n\t\t\t\t\t\t<div class=\"elementor-container elementor-column-gap-default\">\n\t\t\t\t\t<div class=\"elementor-column elementor-col-100 elementor-top-column elementor-element elementor-element-5db19c21\" data-id=\"5db19c21\" data-element_type=\"column\">\n\t\t\t<div class=\"elementor-widget-wrap elementor-element-populated\">\n\t\t\t\t\t\t\t\t<div class=\"elementor-element elementor-element-587e31be elementor-widget elementor-widget-text-editor\" data-id=\"587e31be\" data-element_type=\"widget\" data-widget_type=\"text-editor.default\">\n\t\t\t\t<div class=\"elementor-widget-container\">\n\t\t\t\t\t\t\t\t<div dir=\"ltr\"><div class=\"x_elementToProof elementToProof\"><p class=\"x_MsoNormal elementToProof\"><span lang=\"ES-TRAD\">\u00a0<strong>EL MOSTRADOR<\/strong><\/span><\/p><p class=\"x_MsoNormal elementToProof\"><a href=\"https:\/\/www.elmostrador.cl\/cultura\/agenda\/2023\/09\/07\/concierto-sinfonico-en-conmemoracion-de-los-50-anos-en-utalca\/\">Concierto sinf\u00f3nico en conmemoraci\u00f3n de los 50 a\u00f1os en UTalca.\u00a0Se refieren Carlos Torres Fuchslocher, rector; Marcela Barros Morales, directora de Comunicaciones Corporativas; y Paula Elgueta Sierra, directora del Coro y acad\u00e9mica de la Escuela de M\u00fasica.<\/a><\/p><div class=\"_Entity _EType_OWALinkPreview _EId_OWALinkPreview_2 _EReadonly_1\" contenteditable=\"false\">\u00a0<\/div><p class=\"x_MsoNormal\"><strong><span class=\"x_ContentPasted0\">CANAL CONTIVISION\u00a0<\/span><\/strong><\/p><p class=\"x_MsoNormal\"><a href=\"https:\/\/www.litoralpress.cl\/sitio\/RadioTV_Detalles.cshtml?LPKey=25MFBXJPT4UR4SJX24W6U2RS7HE7EFGQFEE52HHDBAQD32W7YQN6LNAT52MOPJNWWRB6SZSZLBICS\"><span class=\"x_xcontentpasted3\"><span class=\"x_ContentPasted0\">UTalca firma convenio con establecimientos educacionales para acercar el mundo universitario.\u00a0<\/span><\/span><span class=\"x_ContentPasted0\" lang=\"ES-TRAD\">Se refiere Carlos Torres Fuchslocher, rector.<\/span>\u00a0<\/a><\/p><p class=\"x_MsoNormal\"><span lang=\"ES-TRAD\">\u00a0<\/span><\/p><p class=\"x_MsoNormal\"><strong><span class=\"x_ContentPasted0\" lang=\"ES-TRAD\">CAUQUENESNET.CL\u00a0<\/span><\/strong><\/p><p class=\"x_MsoNormal\"><a href=\"https:\/\/cauquenesnet.cl\/2023\/09\/06\/convenio-fortalece-la-ensenanza-escolar-y-el-ingreso-a-la-educacion-superior\/\"><span class=\"x_ContentPasted0\" lang=\"ES-TRAD\">Convenio fortalece la ense\u00f1anza escolar y el ingreso a la educaci\u00f3n superior.\u00a0Se refiere Carlos Torres Fuchslocher, rector.\u00a0<\/span><\/a><\/p><p class=\"x_MsoNormal\"><span lang=\"ES-TRAD\">\u00a0<\/span><\/p><p class=\"x_MsoNormal\"><strong><span class=\"x_ContentPasted0\">CNN CHILE\u00a0\u00a0<\/span><\/strong><\/p><p class=\"x_MsoNormal\"><a href=\"https:\/\/www.litoralpress.cl\/sitio\/RadioTV_Detalles.cshtml?LPKey=3XOF6DWHXIG66Z4MF7VAUCT7JORYPQ5QXS2OTBOOYVEF74T27XTRCAWH45NA6KPQVONEND3CBJ6XI\"><span class=\"x_ContentPasted0\">ONU advierte sobre la situaci\u00f3n clim\u00e1tica.\u00a0<\/span><span class=\"x_ContentPasted0\" lang=\"ES-TRAD\">Se refiere Patricio Gonz\u00e1lez Colville, agroclimat\u00f3logo del Centro de Investigaci\u00f3n y Transferencia en Riego y Agroclimatolog\u00eda (CITRA).<\/span>\u00a0<\/a><\/p><p class=\"x_MsoNormal elementToProof\">\u00a0<\/p><p class=\"x_MsoNormal elementToProof\"><strong><span class=\"x_ContentPasted0\">LAHORA.CL<\/span><\/strong><\/p><\/div><\/div><div class=\"elementToProof\"><a href=\"https:\/\/lahora.cl\/cronica\/2023\/09\/07\/ola-de-calor-temperaturas-riesgosas-se-preven-para-la-region-metropolitana\/\">Ola de calor: \u00a1Temperaturas riesgosas se prev\u00e9n para la Regi\u00f3n Metropolitana!\u00a0<span class=\"x_ContentPasted0 ContentPasted1\" lang=\"ES-TRAD\">Se refiere Patricio Gonz\u00e1lez Colville, agroclimat\u00f3logo del Centro de Investigaci\u00f3n y Transferencia en Riego y Agroclimatolog\u00eda (CITRA).<\/span><span class=\"ContentPasted1\">\u00a0<\/span><\/a><\/div><div dir=\"ltr\"><div class=\"x_elementToProof\"><p class=\"x_MsoNormal elementToProof\">\u00a0<\/p><p class=\"x_MsoNormal\"><strong><span class=\"x_ContentPasted0\">RADIOAGRICULTURA.CL\u00a0<\/span><\/strong><\/p><p class=\"x_MsoNormal\"><a href=\"https:\/\/www.radioagricultura.cl\/dato-practico\/2023\/09\/06\/investigacion-expone-que-la-ia-ayudaria-a-cientificos-a-predecir-metastasis-en-pacientes-con-cancer\/\"><span class=\"x_ContentPasted0\">Investigaci\u00f3n expone que la IA ayudar\u00eda a cient\u00edficos a predecir met\u00e1stasis en pacientes con c\u00e1ncer.\u00a0<\/span><span class=\"x_ContentPasted0\" lang=\"ES-TRAD\">Se refiere Karen Or\u00f3stica Tapia, acad\u00e9mica de la Escuela de Medicina.<\/span><\/a>\u00a0<\/p><p class=\"x_MsoNormal\">\u00a0<\/p><p class=\"x_MsoNormal\"><strong><span class=\"x_ContentPasted0\">DIARIOELCENTRO.CL\u00a0<\/span><\/strong><\/p><p class=\"x_MsoNormal\"><a href=\"https:\/\/www.diarioelcentro.cl\/2023\/09\/07\/inteligencia-artificial-ayuda-a-cientificos-a-predecir-metastasis\/\"><span class=\"x_ContentPasted0\">Inteligencia artificial ayuda a cient\u00edficos a predecir met\u00e1stasis.\u00a0<\/span><span class=\"x_ContentPasted0\" lang=\"ES-TRAD\">Se refiere Karen Or\u00f3stica Tapia, acad\u00e9mica de la Escuela de Medicina.<\/span><\/a>\u00a0<\/p><p class=\"x_MsoNormal\">\u00a0<\/p><p class=\"x_MsoNormal\"><strong><span class=\"x_ContentPasted0\" lang=\"ES-TRAD\">EL LECTOR\u00a0<\/span><\/strong><\/p><p class=\"x_MsoNormal\"><a href=\"https:\/\/www.litoralpress.cl\/paginaconsultas\/Servicios_NClipSitio\/Get_Imagen_Nota.aspx?LPKey=VZZY2BVHEAOGTBWATMLCEI5BBTXMPPSFZLN73QVLP7J53TZCETCLCPCAU3MBIABCCXDB6LTHHB5X6\"><span class=\"x_ContentPasted0\" lang=\"ES-TRAD\">Inteligencia artificial ayuda a cient\u00edficos a predecir met\u00e1stasis. Se refiere Karen Or\u00f3stica Tapia, acad\u00e9mica de la Escuela de Medicina.\u00a0<\/span><\/a><\/p><p class=\"x_MsoNormal\"><span lang=\"ES-TRAD\">\u00a0<\/span><\/p><p class=\"x_MsoNormal\"><strong><span class=\"x_ContentPasted0\" lang=\"ES-TRAD\">RADIO AMIGA\u00a0<\/span><\/strong><\/p><p class=\"x_MsoNormal\"><a href=\"https:\/\/www.litoralpress.cl\/sitio\/RadioTV_Detalles.cshtml?LPKey=235XR67I635IOQGRVECM4CINLNBZQTGIH4ZLOLMOVSGQ7GVJEHHV5Y3YWMBDS2LIYPPG7I4PUEO66\"><span class=\"x_ContentPasted0\">Buscan entregar un mejor tratamiento a pacientes de c\u00e1ncer al pulm\u00f3n utilizando inteligencia artificial.<\/span><span class=\"x_ContentPasted0\" lang=\"ES-TRAD\">Se refiere Karen Or\u00f3stica Tapia, acad\u00e9mica de la Escuela de Medicina.\u00a0<\/span><\/a><\/p><p class=\"x_MsoNormal\"><span lang=\"ES-TRAD\">\u00a0<\/span><\/p><p class=\"x_MsoNormal\"><strong><span class=\"x_ContentPasted0\" lang=\"ES-TRAD\">CANAL ANTOFAGASTA\u00a0<\/span><\/strong><\/p><p class=\"x_MsoNormal\"><a href=\"https:\/\/www.litoralpress.cl\/sitio\/RadioTV_Detalles.cshtml?LPKey=QVUYP6UTM5XPO2V7QG6GUVALFESRXAQMZ2TWHCCGYHZKB4QVBIKFHNNELTNP3CI6U6ZEBC26ODEXE\"><span class=\"x_ContentPasted0\">EE.UU: FDA aprob\u00f3 la primera vacuna contra el Virus Sincicial que llegar\u00eda a Chile el 2024. Se refiere Erika Retamal Contreras, directora del Departamento de Salud P\u00fablica.\u00a0<\/span><\/a><\/p><p class=\"x_MsoNormal\"><span lang=\"ES-TRAD\">\u00a0<\/span><\/p><p class=\"x_MsoNormal\"><strong><span class=\"x_ContentPasted0\" lang=\"ES-TRAD\">EL MERCURIO\u00a0<\/span><\/strong><\/p><p class=\"x_MsoNormal\"><a href=\"https:\/\/www.litoralpress.cl\/paginaconsultas\/Servicios_NClipSitio\/Get_Imagen_Nota.aspx?LPKey=QAT6PSGRXOHLNQ2J6R4S3I33KSDGJ7WU2YJRF7YA64GO7RDZVHBGH3VQ5SRDFZIXCIIWPLGML2S2A\"><span class=\"x_ContentPasted0\" lang=\"ES-TRAD\">Analistas advierten desprolijidades y errores de La Moneda que frustraron acto de unidad.<\/span><span class=\"x_ContentPasted0\" lang=\"ES-TRAD\">Se <\/span><span class=\"x_ContentPasted0\" lang=\"ES-TRAD\">refiere Mauricio Morales, director del Centro de An\u00e1lisis Pol\u00edtico (CAP).<\/span><\/a><span lang=\"ES-TRAD\">\u00a0<\/span><\/p><p class=\"x_MsoNormal\">\u00a0<\/p><p class=\"x_MsoNormal\"><strong><span class=\"x_ContentPasted0\" lang=\"ES-TRAD\">RADIO INFINITA\u00a0<\/span><\/strong><\/p><p class=\"x_MsoNormal\"><a href=\"https:\/\/www.litoralpress.cl\/sitio\/RadioTV_Detalles.cshtml?LPKey=6WGNN6S5TNEHH7TSEFM7OXTGMMCDDV7FYDXLEKEU34S63KJ4NLOYAO4BUJ4ALEFRYA6OWQSX2UAIG\"><span class=\"x_ContentPasted0\" lang=\"ES-TRAD\">An\u00e1lisis pol\u00edtico de Mauricio Morales, director del Centro de An\u00e1lisis Pol\u00edtico (CAP).\u00a0<\/span><\/a><\/p><p class=\"x_MsoNormal\"><span lang=\"ES-TRAD\">\u00a0<\/span><\/p><p class=\"x_MsoNormal\"><strong><span class=\"x_ContentPasted0\" lang=\"ES-TRAD\">EL MOSTRADOR\u00a0<\/span><\/strong><\/p><p class=\"x_MsoNormal x_ContentPasted0\"><a href=\"https:\/\/www.elmostrador.cl\/noticias\/opinion\/columnas\/2023\/09\/07\/la-fisura-que-se-abrio-en-el-pais-tras-el-11-de-septiembre-de-1973\/\">La fisura que se abri\u00f3 en el pa\u00eds tras el 11 de septiembre de 1973. Se refiere Eduardo Saavedra D\u00edaz, acad\u00e9mico de la Facultad de Ciencias Jur\u00eddicas y Sociales.<\/a> \u00a0<\/p><p class=\"x_MsoNormal\"><span lang=\"ES-TRAD\">\u00a0<\/span><\/p><p class=\"x_MsoNormal\"><strong><span class=\"x_ContentPasted0\" lang=\"ES-TRAD\">EL MERCURIO\u00a0<\/span><\/strong><\/p><p class=\"x_MsoNormal\"><a href=\"https:\/\/www.litoralpress.cl\/paginaconsultas\/Servicios_NClipSitio\/Get_Imagen_Nota.aspx?LPKey=3ULQ45GM4VXOMN2ASMNGWVGUWIWXBCNSQFEKV5SYX55LY53BN6TMZMLP3SU7XC2QC62CX6QM6JYTC\"><span class=\"x_ContentPasted0\" lang=\"ES-TRAD\">\u201cCarmina Burana\u201d y Bienal Saco: la vida cultural en regiones se mueve. Se menciona a la Universidad de Talca.\u00a0<\/span><span lang=\"ES-TRAD\">\u00a0<\/span><\/a><\/p><p class=\"x_MsoNormal\"><span lang=\"ES-TRAD\">\u00a0<\/span><\/p><p class=\"x_MsoNormal\"><strong><span class=\"x_ContentPasted0\" lang=\"ES-TRAD\">EL RANCAG\u00dcINO\u00a0<\/span><\/strong><\/p><p class=\"x_MsoNormal\"><a href=\"https:\/\/www.litoralpress.cl\/paginaconsultas\/Servicios_NClipSitio\/Get_Imagen_Nota.aspx?LPKey=VEJVCBFUVEW4L4SFXETH4RN3IJTVMLIQHDSP5L652QSCQ472X772Q7AOFR7WFHXCV2G65AZQJ43HA\"><span class=\"x_ContentPasted0\">Vi\u00f1a Vik lanza concurso de innovaci\u00f3n enol\u00f3gica para impulsar a talentos j\u00f3venes. Se menciona a la Universidad de Talca. \u00a0<\/span><\/a><\/p><p class=\"x_MsoNormal\">\u00a0<\/p><p class=\"x_MsoNormal\"><strong><span class=\"x_ContentPasted0\" lang=\"ES-TRAD\">EL HERALDO\u00a0<\/span><\/strong><\/p><p class=\"x_MsoNormal\"><a href=\"https:\/\/www.litoralpress.cl\/paginaconsultas\/Servicios_NClipSitio\/Get_Imagen_Nota.aspx?LPKey=5JSFFINR4ZYCBUMHDWFD4ZI7IPC4246WIFZNZDZDEUSNLWCZJHKXPJR6RKFTPBAY2G7Y47BPGLMIG\"><span class=\"x_ContentPasted0\" lang=\"ES-TRAD\">Septiembre, Mes de la Patria -Jos\u00e9 Bravo L\u00f3pez, folclorista. Se menciona a la Universidad de Talca. \u00a0<\/span><\/a><\/p><\/div><\/div>\t\t\t\t\t\t<\/div>\n\t\t\t\t<\/div>\n\t\t\t\t\t<\/div>\n\t\t<\/div>\n\t\t\t\t\t\t\t<\/div>\n\t\t<\/section>\n\t\t\t\t\t\t<\/div>\n\t\t\t\t\t<\/div>\n\t\t","protected":false},"excerpt":{"rendered":"<p>\u00a0EL MOSTRADOR Concierto sinf\u00f3nico en conmemoraci\u00f3n de los 50 a\u00f1os en UTalca.\u00a0Se refieren Carlos Torres Fuchslocher, rector; Marcela Barros Morales, directora de Comunicaciones Corporativas; y Paula Elgueta Sierra, directora del Coro y acad\u00e9mica de la Escuela de M\u00fasica. \u00a0 CANAL CONTIVISION\u00a0 UTalca firma convenio con establecimientos educacionales para acercar el mundo universitario.\u00a0Se refiere Carlos Torres &hellip;<\/p>\n<p class=\"read-more\"> <a class=\"\" href=\"https:\/\/www.reportedeprensa.utalca.cl\/?p=8242\"> <span class=\"screen-reader-text\">08 de septiembre de 2023<\/span> Read More &raquo;<\/a><\/p>\n","protected":false},"author":1,"featured_media":0,"comment_status":"closed","ping_status":"open","sticky":false,"template":"","format":"standard","meta":{"_monsterinsights_skip_tracking":false,"_monsterinsights_sitenote_active":false,"_monsterinsights_sitenote_note":"","_monsterinsights_sitenote_category":0},"categories":[40],"tags":[],"_links":{"self":[{"href":"https:\/\/www.reportedeprensa.utalca.cl\/index.php?rest_route=\/wp\/v2\/posts\/8242"}],"collection":[{"href":"https:\/\/www.reportedeprensa.utalca.cl\/index.php?rest_route=\/wp\/v2\/posts"}],"about":[{"href":"https:\/\/www.reportedeprensa.utalca.cl\/index.php?rest_route=\/wp\/v2\/types\/post"}],"author":[{"embeddable":true,"href":"https:\/\/www.reportedeprensa.utalca.cl\/index.php?rest_route=\/wp\/v2\/users\/1"}],"replies":[{"embeddable":true,"href":"https:\/\/www.reportedeprensa.utalca.cl\/index.php?rest_route=%2Fwp%2Fv2%2Fcomments&post=8242"}],"version-history":[{"count":4,"href":"https:\/\/www.reportedeprensa.utalca.cl\/index.php?rest_route=\/wp\/v2\/posts\/8242\/revisions"}],"predecessor-version":[{"id":8246,"href":"https:\/\/www.reportedeprensa.utalca.cl\/index.php?rest_route=\/wp\/v2\/posts\/8242\/revisions\/8246"}],"wp:attachment":[{"href":"https:\/\/www.reportedeprensa.utalca.cl\/index.php?rest_route=%2Fwp%2Fv2%2Fmedia&parent=8242"}],"wp:term":[{"taxonomy":"category","embeddable":true,"href":"https:\/\/www.reportedeprensa.utalca.cl\/index.php?rest_route=%2Fwp%2Fv2%2Fcategories&post=8242"},{"taxonomy":"post_tag","embeddable":true,"href":"https:\/\/www.reportedeprensa.utalca.cl\/index.php?rest_route=%2Fwp%2Fv2%2Ftags&post=8242"}],"curies":[{"name":"wp","href":"https:\/\/api.w.org\/{rel}","templated":true}]}}