{"id":8250,"date":"2023-09-11T10:39:17","date_gmt":"2023-09-11T13:39:17","guid":{"rendered":"https:\/\/www.reportedeprensa.utalca.cl\/?p=8250"},"modified":"2023-09-11T10:50:32","modified_gmt":"2023-09-11T13:50:32","slug":"11-de-septiembre-de-2023","status":"publish","type":"post","link":"https:\/\/www.reportedeprensa.utalca.cl\/?p=8250","title":{"rendered":"11 de septiembre de 2023"},"content":{"rendered":"\t\t<div data-elementor-type=\"wp-post\" data-elementor-id=\"8250\" class=\"elementor elementor-8250\" data-elementor-settings=\"[]\">\n\t\t\t\t\t\t\t<div class=\"elementor-section-wrap\">\n\t\t\t\t\t\t\t<section class=\"elementor-section elementor-top-section elementor-element elementor-element-10154d05 elementor-section-boxed elementor-section-height-default elementor-section-height-default\" data-id=\"10154d05\" data-element_type=\"section\">\n\t\t\t\t\t\t<div class=\"elementor-container elementor-column-gap-default\">\n\t\t\t\t\t<div class=\"elementor-column elementor-col-100 elementor-top-column elementor-element elementor-element-5db19c21\" data-id=\"5db19c21\" data-element_type=\"column\">\n\t\t\t<div class=\"elementor-widget-wrap elementor-element-populated\">\n\t\t\t\t\t\t\t\t<div class=\"elementor-element elementor-element-587e31be elementor-widget elementor-widget-text-editor\" data-id=\"587e31be\" data-element_type=\"widget\" data-widget_type=\"text-editor.default\">\n\t\t\t\t<div class=\"elementor-widget-container\">\n\t\t\t\t\t\t\t\t<div dir=\"ltr\"><div class=\"x_elementToProof elementToProof\"><p><strong>EL MERCURIO (PORTADA) <\/strong><\/p><p><a href=\"https:\/\/www.litoralpress.cl\/paginaconsultas\/Servicios_NClipSitio\/Get_Imagen_Nota.aspx?LPKey=QZL2W6OYABZAUMIHU5QEIN25CBHGZ45XB2QZLQK4KN3XIJTHL3ZPPLN465FW57S3OKRBG7RWQTERG\">Lina Meruane. La \u201cpolifac\u00e9tica\u201d escritora nacional ganal el premio Jos\u00e9 Donoso. Se menciona al Premio.<\/a><\/p><p>\u00a0<\/p><p><strong>EL MERCURIO\u00a0<\/strong><\/p><p><a href=\"https:\/\/www.litoralpress.cl\/paginaconsultas\/Servicios_NClipSitio\/Get_Imagen_Nota.aspx?LPKey=YXBW5IFNP264SMKTCN5PLCHIK5MPNFQZV6DQHTEFIIZSKENO6ZBNIOQJCARDTXIZERG62DVJ6AFAK\">La &#8220;polifac\u00e9tica&#8221; obra de Lina Meruane gana el premio Donoso. Se menciona a la Universidad de Talca.\u00a0<\/a><\/p><p>\u00a0<\/p><p><strong>ADNRADIO.CL\u00a0<\/strong><\/p><p><a href=\"https:\/\/www.adnradio.cl\/cultura-y-educacion\/2023\/09\/08\/escritora-chilena-lina-meruane-gana-el-premio-iberoamericano-de-letras-jose-donoso-2023.html\">Escritora chilena Lina Meruane gana el Premio Iberoamericano de Letras Jos\u00e9 Donoso 2023.\u00a0\u00a0Se refiere Carlos Torres Fuchslocher, rector.\u00a0<\/a><\/p><p>\u00a0<\/p><p><strong>13C.CL<\/strong><\/p><p><a href=\"https:\/\/www.13c.cl\/programas\/espacio-13c\/escritora-chilena-lina-meruane-es-la-ganadora-del-premio-jose-donoso-2023\">Escritora chilena Lina Meruane es la ganadora del Premio Jos\u00e9 Donoso 2023. Se menciona a la Universidad de Talca.<\/a><\/p><p>\u00a0<\/p><p><strong>INFOBAE (ARGENTINA)<\/strong><\/p><p><a href=\"https:\/\/www.infobae.com\/cultura\/2023\/09\/09\/la-escritora-chilena-lina-meruane-gano-el-premio-jose-donoso\/\">La escritora chilena Lina Meruane gan\u00f3 el Premio Jos\u00e9 Donoso. Se refiere Carlos Torres Fuchslocher, rector.\u00a0<\/a><\/p><p>\u00a0<\/p><p><strong>GRUPOLAPROVINCIA.COM (ARGENTINA)\u00a0<\/strong><\/p><p><a href=\"https:\/\/www.litoralpress.cl\/sitio\/Prensa_Detalles.cshtml?LPKey=VVT3KEELG66EUDD4KLCQO3DQXRQOG2KJZD33YYRU7JV5VLGNOAZA\">La escritora chilena Lina Meruane es la ganadora del Premio Jos\u00e9 Donoso 2023. Se menciona a la Universidad de Talca.\u00a0<\/a><\/p><p>\u00a0<\/p><p><strong>PRENSAMADRIDSUR.ES (ESPA\u00d1A)<\/strong><\/p><p><a href=\"https:\/\/www.litoralpress.cl\/sitio\/Prensa_Detalles.cshtml?LPKey=RISTFY6YKFKX2E7UWFEY6O6OPJTCOGCSNUQYNUYKIC7RJE53EY5Q\">Lina Meruane, escritora chilena, gana el prestigioso Premio Jos\u00e9 Donoso de Literatura Latinoamericana 2023. Se menciona a la Universidad de Talca. <\/a><\/p><p>\u00a0<\/p><p><strong>RIALTA.ORG (M\u00c9XICO)<\/strong><\/p><p><a href=\"https:\/\/www.litoralpress.cl\/sitio\/Prensa_Detalles.cshtml?LPKey=N7HWYUYAKWWNVLO2AXDGBW3FGH47D6VRBCJFA63REKRH7NWMTJTQ\">La escritora chilena Lina Meruane gana el Premio Jos\u00e9 Donoso. Se menciona a la Universidad de Talca.<\/a><\/p><p>\u00a0<\/p><p><strong>EMOL\u00a0<\/strong><\/p><p><a href=\"https:\/\/www.emol.com\/noticias\/Espectaculos\/2023\/09\/08\/1106661\/lina-meruane-premio-jose-donoso.html\">Escritora chilena Lina Meruane es la ganadora del Premio Iberoamericano de Letras Jos\u00e9 Donoso 2023. Se menciona a la Universidad de Talca. \u00a0<\/a><\/p><p>\u00a0<\/p><p><strong>EL MOSTRADOR\u00a0<\/strong><\/p><p><a href=\"https:\/\/www.elmostrador.cl\/cultura\/2023\/09\/08\/escritora-lina-meruane-es-la-ganadora-del-premio-jose-donoso-2023\/\">Escritora Lina Meruane es la ganadora del Premio Jos\u00e9 Donoso 2023. Se refieren Claire Mercier coordinadora del galard\u00f3n y acad\u00e9mica de Instituto de Estudios Human\u00edsticos Juan Ignacio Molina; Pedro Emilio Zamorano, director del Instituto de Estudios Human\u00edsticos Juan Ignacio Molina; y Marcela Albornoz Dachelet, directora de Extensi\u00f3n Cultural \u2013 Art\u00edstica.\u00a0<\/a><\/p><p>\u00a0<\/p><p><strong>MEDIABANCO\u00a0<\/strong><\/p><p><a href=\"https:\/\/www.mediabanco.com\/escritora-lina-meruane-es-la-ganadora-del-premio-jose-donoso-2023\/\">Escritora Lina Meruane es la ganadora del Premio Jos\u00e9 Donoso 2023. Se refieren Claire Mercier coordinadora del galard\u00f3n y acad\u00e9mica de Instituto de Estudios Human\u00edsticos Juan Ignacio Molina; Pedro Emilio Zamorano, director del Instituto de Estudios Human\u00edsticos Juan Ignacio Molina; y Marcela Albornoz Dachelet, directora de Extensi\u00f3n Cultural \u2013 Art\u00edstica.\u00a0<\/a><\/p><p>\u00a0<\/p><p><strong>EL HERALDO\u00a0<\/strong><\/p><p><a href=\"https:\/\/www.litoralpress.cl\/paginaconsultas\/Servicios_NClipSitio\/Get_Imagen_Nota.aspx?LPKey=RATS6RUP4B5FQMDKMRT5BLAR77K5WQSJMJGV227JUAYJZ7BUHJBNEUDJJC43XFNG4RKOBRFFNA4HO\">Escritora chilena Lina Meruane es la ganadora del Premio Iberoamericano de Letras Jos\u00e9 Donoso 2023. Se menciona a la Universidad de Talca. \u00a0<\/a><\/p><p>\u00a0<\/p><p><strong>G5NOTICIAS.CL\u00a0<\/strong><\/p><p><a href=\"https:\/\/g5noticias.cl\/2023\/09\/08\/escritora-lina-meruane-es-la-ganadora-del-premio-jose-donoso-2023\/\">Escritora Lina Meruane es la ganadora del Premio Jos\u00e9 Donoso 2023. Se refieren Claire Mercier coordinadora del galard\u00f3n y acad\u00e9mica de Instituto de Estudios Human\u00edsticos Juan Ignacio Molina; Pedro Emilio Zamorano, director del Instituto de Estudios Human\u00edsticos Juan Ignacio Molina; y Marcela Albornoz Dachelet, directora de Extensi\u00f3n Cultural \u2013 Art\u00edstica.\u00a0<\/a><\/p><p>\u00a0<\/p><p><strong>COWEB.CL\u00a0<\/strong><\/p><p><a href=\"https:\/\/coweb.cl\/chilena-obtiene-el-premio-iberoamericano-de-letras\/\">Chilena obtiene el Premio Iberoamericano de Letras. Se menciona a la Universidad de Talca. \u00a0<\/a><\/p><p>\u00a0<\/p><p><strong>TODALACULTURA.ORG\u00a0<\/strong><\/p><p><a href=\"https:\/\/todalacultura.org\/2023\/09\/08\/lina-meruane-obtuvo-el-premio-jose-donoso-2023\/\">Lina Meruane\u00a0obtuvo el Premio Jos\u00e9 Donoso 2023. Se refieren Claire Mercier coordinadora del galard\u00f3n y acad\u00e9mica de Instituto de Estudios Human\u00edsticos Juan Ignacio Molina; y Marcela Albornoz Dachelet, directora de Extensi\u00f3n Cultural \u2013 Art\u00edstica.\u00a0<\/a><\/p><p>\u00a0<\/p><p><strong>ELMAULEINFORMA.CL\u00a0<\/strong><\/p><p><a href=\"https:\/\/elmauleinforma.cl\/escritora-chilena-lina-meruane-es-la-ganadora-del-premio-jose-donoso-2023\/\">Escritora chilena Lina Meruane es la ganadora del Premio Jos\u00e9 Donoso 2023. Se refieren Claire Mercier coordinadora del galard\u00f3n y acad\u00e9mica de Instituto de Estudios Human\u00edsticos Juan Ignacio Molina; Pedro Emilio Zamorano, director del Instituto de Estudios Human\u00edsticos Juan Ignacio Molina; y Marcela Albornoz Dachelet, directora de Extensi\u00f3n Cultural \u2013 Art\u00edstica.\u00a0<\/a><\/p><p>\u00a0<\/p><p><strong>ANALIZAMAULE.CL\u00a0<\/strong><\/p><p><a href=\"https:\/\/analizamaule.cl\/escritora-lina-meruane-es-la-ganadora-del-premio-jose-donoso-2023\/\">Escritora chilena Lina Meruane es la ganadora del Premio Jos\u00e9 Donoso 2023. Se refieren Claire Mercier coordinadora del galard\u00f3n y acad\u00e9mica de Instituto de Estudios Human\u00edsticos Juan Ignacio Molina; Pedro Emilio Zamorano, director del Instituto de Estudios Human\u00edsticos Juan Ignacio Molina; y Marcela Albornoz Dachelet, directora de Extensi\u00f3n Cultural \u2013 Art\u00edstica.\u00a0<\/a><\/p><p>\u00a0<\/p><p><strong>EL MERCURIO<\/strong><\/p><p><a href=\"https:\/\/www.litoralpress.cl\/paginaconsultas\/Servicios_NClipSitio\/Get_Imagen_Nota.aspx?LPKey=TBMTSWJONRFAE4EKRUBBKU6M7QWYAWJEKFOLAKUCB5C7ULBO2LB7W5XL3ERZ7GHMTELWMRELXXQ66\"><span style=\"font-style: inherit;\">Formadores de economistas anticipan cu\u00e1les ser\u00e1n los desaf\u00edos del pa\u00eds para las siguientes d\u00e9cadas<\/span>. Se refiere Rodrigo Herrera, decano de la Facultad de Econom\u00eda y Negocios. <\/a><\/p><p>\u00a0<\/p><p><strong>LAS \u00daLTIMAS NOTICIAS<\/strong><\/p><p><a href=\"https:\/\/www.litoralpress.cl\/paginaconsultas\/Servicios_NClipSitio\/Get_Imagen_Nota.aspx?LPKey=FAPBGFY7PZMQWHZQTGO4IN6VS5KHNQK7GB5J4B5XGRIRD7HASWGFKWBS6KCCRIW6TANDAZEFF57RK\">Ranking de universidades chilenas seg\u00fan n\u00famero de alumnos. Se menciona a la Universidad de Talca. <\/a><\/p><p>\u00a0<\/p><p><strong>LA PRENSA DE CURIC\u00d3\u00a0<\/strong><\/p><p><a href=\"https:\/\/www.litoralpress.cl\/paginaconsultas\/Servicios_NClipSitio\/Get_Imagen_Nota.aspx?LPKey=DXGQWXEWS5QPEM6SLLP4SMT7VZJZQS3QJRGPG2ONDLQIEONVNRDMH62BR53PP3I3CWZCISAXTVBFS\">Jornadas de reflexi\u00f3n y an\u00e1lisis sobre procesos previos al golpe militar. Se refiere \u00c1lvaro Rojas Mar\u00edn, exrector y acad\u00e9mico de la Facultad de Ciencias Agrarias y Victor Brangier, director del Centro de Documentaci\u00f3n Patrimonial. \u00a0<\/a><\/p><p>\u00a0<\/p><p><strong>EL HERALDO\u00a0<\/strong><\/p><p><a href=\"https:\/\/www.litoralpress.cl\/paginaconsultas\/Servicios_NClipSitio\/Get_Imagen_Nota.aspx?LPKey=EWLVKJENCERYXPIESKVSIO5PS3AVVDMY7FZXASKV47IFS564XL42QQESSRSFCT56BQ5UIJVXP2VKQ\">Analizan procesos hist\u00f3ricos previos al golpe c\u00edvico militar. Se refiere \u00c1lvaro Rojas Mar\u00edn, exrector y acad\u00e9mico de la Facultad de Ciencias Agrarias y Victor Brangier, director del Centro de Documentaci\u00f3n Patrimonial.\u00a0<\/a><\/p><p>\u00a0<\/p><p><strong>EL LECTOR\u00a0<\/strong><\/p><p><a href=\"https:\/\/www.litoralpress.cl\/paginaconsultas\/Servicios_NClipSitio\/Get_Imagen_Nota.aspx?LPKey=Y3ZNBUI46XWYIZB253HNEA764VF2J2B4NJ3F76ZHE4ZDISHSYEBVHNTIQOJOCVYG3NABHZNEVNKY6\">Analizan procesos hist\u00f3ricos previos al golpe c\u00edvico militar. Se refiere \u00c1lvaro Rojas Mar\u00edn, exrector y acad\u00e9mico de la Facultad de Ciencias Agrarias y Victor Brangier, director del Centro de Documentaci\u00f3n Patrimonial.\u00a0<\/a><\/p><p>\u00a0<\/p><p><strong>ADPRENSA\u00a0<\/strong><\/p><p><a href=\"https:\/\/www.adprensa.cl\/cronica\/utalca-estrena-nuevo-servicio-odontologico-profesional-para-la-comunidad\/\">UTalca estrena nuevo servicio odontol\u00f3gico profesional para la comunidad. Se refiere Rodrigo Giacaman Sarah, decano de la Facultad de Odontolog\u00eda.\u00a0<\/a><\/p><p>\u00a0<\/p><p><strong>TVN RED MAULE<\/strong><\/p><p><a href=\"https:\/\/www.litoralpress.cl\/sitio\/RadioTV_Detalles.cshtml?LPKey=3IVKSY4ST7KDQZNRM6RWX3DRHX2NSBSKZDJNPCBI4CBR5CJ4Z6JFWSDKNA74TZX5ONEBXXPKBNZGU\"><span style=\"font-style: inherit; font-weight: inherit;\">Proyecto busca fortalecer la red p\u00fablica de salud en el \u00e1rea odontol\u00f3gica. <\/span>Se refiere Rodrigo Giacaman Sarah, decano de la Facultad de Odontolog\u00eda.\u00a0<\/a><\/p><p><strong>\u00a0<\/strong><\/p><p><strong>CANAL CONTIVISION \u00a0<\/strong><\/p><p><a href=\"https:\/\/www.litoralpress.cl\/sitio\/RadioTV_Detalles.cshtml?LPKey=4XWWOECMXSF6DCYH5XH3U2FYZVROGLY7GCDDYYGWNHPSA3JWYW2FCPRSAWKMJ6ZA3B2FTAUOWZMMQ\">Cl\u00ednica odontol\u00f3gica de la\u00a0Universidad de Talca\u00a0abri\u00f3 sus puerta para atender a cualquier tipo de paciente. Se refiere Rodrigo Giacaman Sarah, decano de la Facultad de Odontolog\u00eda.\u00a0<\/a><\/p><p>\u00a0<\/p><p><strong>DIARIOTALCA.CL\u00a0<\/strong><\/p><p><a href=\"https:\/\/diariotalca.cl\/usted-o-su-familia-necesitan-atencion-dental-aqui-nueva-alternativa\/\">\u00bfUsted o su familia necesitan atenci\u00f3n dental? Aqu\u00ed nueva alternativa. Se refiere Rodrigo Giacaman Sarah, decano de la Facultad de Odontolog\u00eda.\u00a0<\/a><\/p><p>\u00a0<\/p><p><strong>MEDIABANCO\u00a0<\/strong><\/p><p><a href=\"https:\/\/www.mediabanco.com\/region-del-maule-se-prepara-para-recibir-el-festival-de-las-ciencias-2023\/\">Regi\u00f3n del Maule se prepara para recibir el Festival de las Ciencias 2023. Se refiere Karin Saavedra Redlich, directora General de Vinculaci\u00f3n\u00a0con el Medio.\u00a0<\/a><\/p><p>\u00a0<\/p><p><strong>DIARIOS EN RED\u00a0<\/strong><\/p><p><a href=\"https:\/\/diariosenred.com\/regional\/region-del-maule-se-prepara-para-recibir-el-festival-de-las-ciencias-2023\">Regi\u00f3n del Maule se prepara para recibir el Festival de las Ciencias 2023. Se refiere Karin Saavedra Redlich, directora General de Vinculaci\u00f3n\u00a0con el Medio.\u00a0<\/a><\/p><p><strong>\u00a0<\/strong><\/p><p><strong>RED MAULE\u00a0<\/strong><\/p><p><a href=\"https:\/\/redmaule.com\/regional\/region-del-maule-se-prepara-para-recibir-el-festival-de-las-ciencias-2023\">Regi\u00f3n del Maule se prepara para recibir el Festival de las Ciencias 2023. Se refiere Karin Saavedra Redlich, directora General de Vinculaci\u00f3n\u00a0con el Medio.\u00a0<\/a><\/p><p>\u00a0<\/p><p><strong>RED O\u00b4HIGGINS\u00a0<\/strong><\/p><p><a href=\"https:\/\/redohiggins.com\/regional\/region-del-maule-se-prepara-para-recibir-el-festival-de-las-ciencias-2023\">Regi\u00f3n del Maule se prepara para recibir el Festival de las Ciencias 2023. Se refiere Karin Saavedra Redlich, directora General de Vinculaci\u00f3n\u00a0con el Medio.\u00a0<\/a><\/p><p>\u00a0<\/p><p><strong>DIARIOELCENTRO.CL\u00a0<\/strong><\/p><p><a href=\"https:\/\/www.diarioelcentro.cl\/2023\/09\/09\/el-maule-recibira-el-festival-de-las-ciencias-2023\/\">El Maule recibir\u00e1 el Festival de las Ciencias 2023. Se refiere Karin Saavedra Redlich, directora General de Vinculaci\u00f3n\u00a0con el Medio.\u00a0<\/a><\/p><p>\u00a0<\/p><p><strong>EL HERALDO\u00a0<\/strong><\/p><p><a href=\"https:\/\/www.litoralpress.cl\/paginaconsultas\/Servicios_NClipSitio\/Get_Imagen_Nota.aspx?LPKey=XYHCHKC7YVGDZ4M7QLVL7WF44GCLP2V6CIQTFO5H4BDGDSOBZTM53OPZAKE2R6FBLNPVJITNRQYIQ\">Regi\u00f3n del Maule se prepara para recibir el Fectival de las Ciencias 2023. Se refiere Karin Saavedra Redlich, directora General de Vinculaci\u00f3n\u00a0con el Medio.\u00a0<\/a><\/p><p>\u00a0\u00a0<\/p><p><strong>CANAL CNN CHILE\u00a0<\/strong><\/p><p><a href=\"https:\/\/www.litoralpress.cl\/sitio\/RadioTV_Detalles.cshtml?LPKey=SKLF24IRQKEIH2LF3Y7SRS7VL2DUJEOHBK6WZVSNYSQZZN6NWUIFIDVJGDHC6QVG6WTVDN76ZQQDM\">ONU advierte que inici\u00f3 el colapso clim\u00e1tico. Se refiere Patricio Gonz\u00e1lez Colville, agroclimat\u00f3logo del Centro de Investigaci\u00f3n y Transferencia en Reigo y Agroclimatolog\u00eda. \u00a0<\/a><\/p><p>\u00a0<\/p><p><strong>LAS \u00daLTIMAS NOTICIAS<\/strong><strong><br aria-hidden=\"true\" \/><\/strong><a href=\"https:\/\/www.litoralpress.cl\/sitio\/Prensa_Detalles.cshtml?LPKey=NGHTULNLSOKEMZUDCDV4VEQSQGPTCI7HWRXMHA4AWLLRC6UNMUWA\">Cocinero tiktokero se llena de elogios por su sencilla receta de granadina casera. Se refiere Ana Karina Peralta, directora del Centro de Inocuidad Alimentaria. \u00a0<\/a><\/p><p>\u00a0<\/p><p><strong>LAS \u00daLTIMAS NOTICIAS<\/strong><\/p><p><a href=\"https:\/\/www.litoralpress.cl\/paginaconsultas\/Servicios_NClipSitio\/Get_Imagen_Nota.aspx?LPKey=JHNVMRHDHQQ6G2AFR77UXYAB22ZGOVWRYWYD56645EHF6J5XEKB5FPAD23NYASHWPPYGJ3XXJHW6G\">Gloriosa: la marraqueta se ubica entre los mejores panes del mundo. Se menciona a la Universidad de Talca.<\/a><\/p><p>\u00a0<\/p><p><strong>PUBLIMETRO<\/strong><\/p><p><a href=\"https:\/\/www.litoralpress.cl\/paginaconsultas\/Servicios_NClipSitio\/Get_Imagen_Nota.aspx?LPKey=PNTSUERMZDFX76ODCSWSWGNM6Q4MFAYKUI6FFDWUJAOV7CZPN4THBRLLHLVQILMO4SEHTDWIWRD3G\">Las grandes trabas que hereda ahora el Pleno del Consejo Constitucional. Se refiere Mario Herrera, cientista pol\u00edtica y acad\u00e9mico del Centro de An\u00e1lisis Pol\u00edtico (CAP).<\/a><\/p><p>\u00a0\u00a0<\/p><p><strong>TVMAULE.CL\u00a0<\/strong><\/p><p><a href=\"https:\/\/www.tvmaule.cl\/emergencia-hidrica-en-maule-urgente-llamado-a-la-accion-ante-crisis\/\">Emergencia H\u00eddrica en Maule: Urgente Llamado a la Acci\u00f3n ante Crisis. Se menciona a la Universidad de Talca.\u00a0<\/a><\/p><p>\u00a0<\/p><p><strong>REVISTA RED AGR\u00cdCOLA\u00a0<\/strong><\/p><p><a href=\"https:\/\/www.litoralpress.cl\/paginaconsultas\/Servicios_NClipSitio\/Get_Imagen_Nota.aspx?LPKey=AXLHUANVYNQODA2BEMUG27V475SRXKSALOFUHTB6WEMNKNFOCCZZDWLUFWQAJKSBPFP3N5NVX36RU\">Pardeamiento interno en cerezas Regina: factores involucrados en su aparici\u00f3n Se menciona al Centro de Pom\u00e1ceas.\u00a0<\/a><\/p><p>\u00a0<\/p><p><strong>REVISTA RED AGR\u00cdCOLA<\/strong><br aria-hidden=\"true\" \/><a href=\"https:\/\/www.litoralpress.cl\/paginaconsultas\/Servicios_NClipSitio\/Get_Imagen_Nota.aspx?LPKey=KMFTW7S63L5ORVIUOEYEHV2VCCO4SWGYLCV3LBDVVL4OZUEOPCTYZEQ3LJXMOUSZRS4UBAH7JCX54\">Cubiertas pl\u00e1sticas:\u00a0Su efecto en el microclima, fisiolog\u00eda y calidad de fruta en cerezos. Se menciona al Centro de Pom\u00e1ceas. \u00a0<\/a><\/p><p>\u00a0<\/p><p><strong>LADERASUR.COM\u00a0<\/strong><\/p><p><a href=\"https:\/\/laderasur.com\/articulo\/casi-600-especies-de-insectos-han-sido-introducidas-a-chile-en-los-ultimos-500-anos\/\">Casi 600 especies de insectos han sido introducidas a Chile en los \u00faltimos 500 a\u00f1os. Se menciona a la Universidad de Talca.\u00a0<\/a><\/p><\/div><\/div><div dir=\"ltr\"><div class=\"x_elementToProof\">\u00a0<\/div><\/div>\t\t\t\t\t\t<\/div>\n\t\t\t\t<\/div>\n\t\t\t\t\t<\/div>\n\t\t<\/div>\n\t\t\t\t\t\t\t<\/div>\n\t\t<\/section>\n\t\t\t\t\t\t<\/div>\n\t\t\t\t\t<\/div>\n\t\t","protected":false},"excerpt":{"rendered":"<p>EL MERCURIO (PORTADA) Lina Meruane. La \u201cpolifac\u00e9tica\u201d escritora nacional ganal el premio Jos\u00e9 Donoso. Se menciona al Premio. \u00a0 EL MERCURIO\u00a0 La &#8220;polifac\u00e9tica&#8221; obra de Lina Meruane gana el premio Donoso. Se menciona a la Universidad de Talca.\u00a0 \u00a0 ADNRADIO.CL\u00a0 Escritora chilena Lina Meruane gana el Premio Iberoamericano de Letras Jos\u00e9 Donoso 2023.\u00a0\u00a0Se refiere Carlos &hellip;<\/p>\n<p class=\"read-more\"> <a class=\"\" href=\"https:\/\/www.reportedeprensa.utalca.cl\/?p=8250\"> <span class=\"screen-reader-text\">11 de septiembre de 2023<\/span> Read More &raquo;<\/a><\/p>\n","protected":false},"author":1,"featured_media":0,"comment_status":"closed","ping_status":"open","sticky":false,"template":"","format":"standard","meta":{"_monsterinsights_skip_tracking":false,"_monsterinsights_sitenote_active":false,"_monsterinsights_sitenote_note":"","_monsterinsights_sitenote_category":0},"categories":[40],"tags":[],"_links":{"self":[{"href":"https:\/\/www.reportedeprensa.utalca.cl\/index.php?rest_route=\/wp\/v2\/posts\/8250"}],"collection":[{"href":"https:\/\/www.reportedeprensa.utalca.cl\/index.php?rest_route=\/wp\/v2\/posts"}],"about":[{"href":"https:\/\/www.reportedeprensa.utalca.cl\/index.php?rest_route=\/wp\/v2\/types\/post"}],"author":[{"embeddable":true,"href":"https:\/\/www.reportedeprensa.utalca.cl\/index.php?rest_route=\/wp\/v2\/users\/1"}],"replies":[{"embeddable":true,"href":"https:\/\/www.reportedeprensa.utalca.cl\/index.php?rest_route=%2Fwp%2Fv2%2Fcomments&post=8250"}],"version-history":[{"count":4,"href":"https:\/\/www.reportedeprensa.utalca.cl\/index.php?rest_route=\/wp\/v2\/posts\/8250\/revisions"}],"predecessor-version":[{"id":8254,"href":"https:\/\/www.reportedeprensa.utalca.cl\/index.php?rest_route=\/wp\/v2\/posts\/8250\/revisions\/8254"}],"wp:attachment":[{"href":"https:\/\/www.reportedeprensa.utalca.cl\/index.php?rest_route=%2Fwp%2Fv2%2Fmedia&parent=8250"}],"wp:term":[{"taxonomy":"category","embeddable":true,"href":"https:\/\/www.reportedeprensa.utalca.cl\/index.php?rest_route=%2Fwp%2Fv2%2Fcategories&post=8250"},{"taxonomy":"post_tag","embeddable":true,"href":"https:\/\/www.reportedeprensa.utalca.cl\/index.php?rest_route=%2Fwp%2Fv2%2Ftags&post=8250"}],"curies":[{"name":"wp","href":"https:\/\/api.w.org\/{rel}","templated":true}]}}