{"id":8304,"date":"2023-09-28T12:35:22","date_gmt":"2023-09-28T15:35:22","guid":{"rendered":"https:\/\/www.reportedeprensa.utalca.cl\/?p=8304"},"modified":"2023-09-28T15:08:32","modified_gmt":"2023-09-28T18:08:32","slug":"27-de-septiembre-de-2023","status":"publish","type":"post","link":"https:\/\/www.reportedeprensa.utalca.cl\/?p=8304","title":{"rendered":"27 de septiembre de 2023"},"content":{"rendered":"\t\t<div data-elementor-type=\"wp-post\" data-elementor-id=\"8304\" class=\"elementor elementor-8304\" data-elementor-settings=\"[]\">\n\t\t\t\t\t\t\t<div class=\"elementor-section-wrap\">\n\t\t\t\t\t\t\t<section class=\"elementor-section elementor-top-section elementor-element elementor-element-10154d05 elementor-section-boxed elementor-section-height-default elementor-section-height-default\" data-id=\"10154d05\" data-element_type=\"section\">\n\t\t\t\t\t\t<div class=\"elementor-container elementor-column-gap-default\">\n\t\t\t\t\t<div class=\"elementor-column elementor-col-100 elementor-top-column elementor-element elementor-element-5db19c21\" data-id=\"5db19c21\" data-element_type=\"column\">\n\t\t\t<div class=\"elementor-widget-wrap elementor-element-populated\">\n\t\t\t\t\t\t\t\t<div class=\"elementor-element elementor-element-587e31be elementor-widget elementor-widget-text-editor\" data-id=\"587e31be\" data-element_type=\"widget\" data-widget_type=\"text-editor.default\">\n\t\t\t\t<div class=\"elementor-widget-container\">\n\t\t\t\t\t\t\t\t<p><strong>RADIO BIOBIO<\/strong><\/p><p><a href=\"https:\/\/www.litoralpress.cl\/sitio\/RadioTV_Detalles.cshtml?LPKey=UUBVGULSSQDQYSUHJBLLU5Y5JB3DVC6WSJS6LOO267Q3FLJLGIJRMNNKQDOQVMRIXSI6A4YKSFPOK\">An\u00e1lisis del Fen\u00f3meno El Ni\u00f1o y proyecciones para verano. Se refiere Patricio Gonz\u00e1lez Colville, agroclimat\u00f3logo del Centro de Investigaci\u00f3n y Transferencia en Riego y Agroclimatolog\u00eda (CITRA).<\/a><\/p><p>\u00a0<\/p><p><strong>EL MOSTRADOR<\/strong><\/p><p><a href=\"https:\/\/www.elmostrador.cl\/cultura\/ciencia-cultura\/2023\/09\/26\/olas-de-calor-extremo-avanzan-sin-freno-para-diciembre-enero-y-febrero\/\">Olas de calor extremo avanzan sin freno para diciembre, enero y febrero. Se refiere Patricio Gonz\u00e1lez Colville, agroclimat\u00f3logo del Centro de Investigaci\u00f3n y Transferencia en Riego y Agroclimatolog\u00eda (CITRA).<\/a><\/p><p>\u00a0<\/p><p><strong>TERRAM.CL<\/strong><\/p><p><a href=\"https:\/\/www.terram.cl\/2023\/09\/olas-de-calor-extremo-avanzan-sin-freno-para-diciembre-enero-y-febrero\/\">Olas de calor extremo avanzan sin freno para diciembre, enero y febrero. Se refiere Patricio Gonz\u00e1lez Colville, agroclimat\u00f3logo del Centro de Investigaci\u00f3n y Transferencia en Riego y Agroclimatolog\u00eda (CITRA).<\/a><\/p><p>\u00a0<\/p><p><strong>RADIOAGRICULTURA.CL<\/strong><\/p><p><a href=\"https:\/\/www.radioagricultura.cl\/dato-practico\/2023\/09\/25\/phubbing\/\">\u00abPhubbing\u00bb: Qu\u00e9 es y c\u00f3mo puede afectar a tu entorno este problema relacionado con tu celular. Se refiere Carla Mendoza N\u00fa\u00f1ez, coordinadora de la Unidad Cl\u00ednica del Centro de Psicolog\u00eda Aplicada (CEPA).<\/a><\/p><p>\u00a0<\/p><p><strong>COOPERATIVA CIENCIA<\/strong><\/p><p><a href=\"https:\/\/www.cooperativaciencia.cl\/2023\/09\/26\/los-danos-del-mal-habito-de-no-poder-dejar-de-mirar-el-celular\/\">Los da\u00f1os de no poder dejar de mirar el celular. Se refiere Carla Mendoza N\u00fa\u00f1ez, coordinadora de la Unidad Cl\u00ednica del Centro de Psicolog\u00eda Aplicada (CEPA).<\/a><\/p><p>\u00a0<\/p><p><strong>EL LECTOR<\/strong><\/p><p><a href=\"https:\/\/www.litoralpress.cl\/paginaconsultas\/Servicios_NClipSitio\/Get_Imagen_Nota.aspx?LPKey=PYA2EECWTFZWWLOSI7TED72RTMRM66U2SF6SKJGCMT2NNF36ERJKBKRE67HPYCRYW67CZTIFD2HJI\">Alertan sobre mal h\u00e1bito relacionado con la imposibilidad de dejar de mirar el celular. Se refiere Carla Mendoza N\u00fa\u00f1ez, coordinadora de la Unidad Cl\u00ednica del Centro de Psicolog\u00eda Aplicada (CEPA).<\/a><\/p><p>\u00a0<\/p><p><strong>G5NOTICIAS.CL<\/strong><\/p><p><a href=\"https:\/\/g5noticias.cl\/2023\/09\/26\/alertan-sobre-mal-habito-relacionado-con-la-imposibilidad-de-dejar-de-mirar-el-celular\/\">Alertan sobre mal h\u00e1bito relacionado con la imposibilidad de dejar de mirar el celular. Se refiere Carla Mendoza N\u00fa\u00f1ez, coordinadora de la Unidad Cl\u00ednica del Centro de Psicolog\u00eda Aplicada (CEPA).<\/a><\/p><p>\u00a0<\/p><p><strong>SEPTIMAPAGINANOTICIAS.CL<\/strong><\/p><p><a href=\"https:\/\/www.septimapaginanoticias.cl\/alertan-sobre-mal-habito-relacionado-con-la-imposibilidad-de-dejar-de-mirar-el-celular\">Alertan sobre mal h\u00e1bito relacionado con la imposibilidad de dejar de mirar el celular. Se refiere Carla Mendoza N\u00fa\u00f1ez, coordinadora de la Unidad Cl\u00ednica del Centro de Psicolog\u00eda Aplicada (CEPA).<\/a><\/p><p>\u00a0<\/p><p><strong>DIARIODELAARAUCANIA.CL<\/strong><\/p><p><a href=\"https:\/\/eldiariodelaaraucania.cl\/2023\/09\/26\/que-es-el-edadismo-y-como-perjudica-a-adultos-mayores\/\">\u00bfQu\u00e9 es el Edadismo y c\u00f3mo perjudica a adultos mayores? Se refiere Carolina Riveros Ferrada, acad\u00e9mica de la Facultad de Ciencias Jur\u00eddicas y Sociales.<\/a><\/p><p>\u00a0<\/p><p><strong>CANAL TVN RED MAULE<\/strong><\/p><p><a href=\"https:\/\/www.litoralpress.cl\/sitio\/RadioTV_Detalles.cshtml?LPKey=2RKLHEO7DXHMTPAGWEH7K4LZGXU35QI6PLIB4KOSCISFQYBWOSTXFD6UA6SETWHAYABAVB56XHUKK\">Veh\u00edculo condujo contra el tr\u00e1nsito por m\u00e1s de 50 kil\u00f3metros. Se refiere Emilio Moyano, acad\u00e9mico de la Facultad de Psicolog\u00eda.<\/a><\/p><p>\u00a0<\/p><p><strong>CANAL TVN RED BIOBIO<\/strong><\/p><p><a href=\"https:\/\/www.litoralpress.cl\/sitio\/RadioTV_Detalles.cshtml?LPKey=2RKLHEO7DXHMTPAGWEH7K4LZGXU35QI6PLIB4KOSCISFQYBWOSTXFD6UA6SETWHAYABAVB56XHUKK\">San Javier: Veh\u00edculo condujo contra el tr\u00e1nsito por m\u00e1s de 50 kil\u00f3metros. Se refiere Emilio Moyano, acad\u00e9mico de la Facultad de Psicolog\u00eda.<\/a><\/p><p>\u00a0<\/p><p><strong>CANAL ANTOFAGASTA<\/strong><\/p><p><a href=\"https:\/\/www.litoralpress.cl\/sitio\/RadioTV_Detalles.cshtml?LPKey=WTRPGCXKVFWASMQG56YSOK4G7SJF4JFNJL53XVFZIPTUPDZ5RBRSKEMFTVSCYCGPQW3RLRLZECUHG\">Alza en precios en verduras en El Maule preocupa. Se refiere Roberto Jara, acad\u00e9mico de la Facultad de Ciencias Agrarias.<\/a><\/p><p>\u00a0<\/p><p><strong>EL MERCURIO<\/strong><\/p><p><a href=\"https:\/\/www.litoralpress.cl\/paginaconsultas\/Servicios_NClipSitio\/Get_Imagen_Nota.aspx?LPKey=Y6VETZ657IF7A5EFMVAOTUVZOHLE4RW5T3EFDFUPJZRZSZEUUH7IKN5K3VDXAYV3VIPZ6BHJDVAU4\">&#8220;Debilidad&#8221; o &#8220;ilusi\u00f3n de fuerza&#8221;: Analistas examinan inusual convocatoria. Se refiere Mauricio Morales, director del Centro de An\u00e1lisis Pol\u00edtico (CAP).\u00a0<\/a><\/p><p>\u00a0<\/p><p><strong>EMOL<\/strong><\/p><p><a href=\"https:\/\/www.emol.com\/noticias\/Nacional\/2023\/09\/26\/1108181\/boric-manifestaciones-oficialistas.html\">&#8220;Hay que remontarse a Pinochet o a Allende&#8221;: La &#8220;in\u00e9dita&#8221; marcha de respaldo al Presidente Boric (y los otros casos en la regi\u00f3n). Se refiere Mauricio Morales, director del Centro de An\u00e1lisis Pol\u00edtico (CAP).\u00a0<\/a><\/p><p>\u00a0<\/p><p><strong>RADIO INFINITA<\/strong><\/p><p><a href=\"https:\/\/www.litoralpress.cl\/sitio\/RadioTV_Detalles.cshtml?LPKey=OV6FXPSKE5EKVXYZWVFKSOAGGHAFN3O6AUI63XW6KLZAPIRX6BIXL2TEWDDHSH2XTUQE5T2SNPGLU\">An\u00e1lisis pol\u00edtico de Mauricio Morales, director del Centro de An\u00e1lisis Pol\u00edtico (CAP).\u00a0<\/a><\/p>\t\t\t\t\t\t<\/div>\n\t\t\t\t<\/div>\n\t\t\t\t\t<\/div>\n\t\t<\/div>\n\t\t\t\t\t\t\t<\/div>\n\t\t<\/section>\n\t\t\t\t\t\t<\/div>\n\t\t\t\t\t<\/div>\n\t\t","protected":false},"excerpt":{"rendered":"<p>RADIO BIOBIO An\u00e1lisis del Fen\u00f3meno El Ni\u00f1o y proyecciones para verano. Se refiere Patricio Gonz\u00e1lez Colville, agroclimat\u00f3logo del Centro de Investigaci\u00f3n y Transferencia en Riego y Agroclimatolog\u00eda (CITRA). \u00a0 EL MOSTRADOR Olas de calor extremo avanzan sin freno para diciembre, enero y febrero. Se refiere Patricio Gonz\u00e1lez Colville, agroclimat\u00f3logo del Centro de Investigaci\u00f3n y Transferencia &hellip;<\/p>\n<p class=\"read-more\"> <a class=\"\" href=\"https:\/\/www.reportedeprensa.utalca.cl\/?p=8304\"> <span class=\"screen-reader-text\">27 de septiembre de 2023<\/span> Read More &raquo;<\/a><\/p>\n","protected":false},"author":1,"featured_media":0,"comment_status":"closed","ping_status":"open","sticky":false,"template":"","format":"standard","meta":{"_monsterinsights_skip_tracking":false,"_monsterinsights_sitenote_active":false,"_monsterinsights_sitenote_note":"","_monsterinsights_sitenote_category":0},"categories":[40],"tags":[],"_links":{"self":[{"href":"https:\/\/www.reportedeprensa.utalca.cl\/index.php?rest_route=\/wp\/v2\/posts\/8304"}],"collection":[{"href":"https:\/\/www.reportedeprensa.utalca.cl\/index.php?rest_route=\/wp\/v2\/posts"}],"about":[{"href":"https:\/\/www.reportedeprensa.utalca.cl\/index.php?rest_route=\/wp\/v2\/types\/post"}],"author":[{"embeddable":true,"href":"https:\/\/www.reportedeprensa.utalca.cl\/index.php?rest_route=\/wp\/v2\/users\/1"}],"replies":[{"embeddable":true,"href":"https:\/\/www.reportedeprensa.utalca.cl\/index.php?rest_route=%2Fwp%2Fv2%2Fcomments&post=8304"}],"version-history":[{"count":4,"href":"https:\/\/www.reportedeprensa.utalca.cl\/index.php?rest_route=\/wp\/v2\/posts\/8304\/revisions"}],"predecessor-version":[{"id":8322,"href":"https:\/\/www.reportedeprensa.utalca.cl\/index.php?rest_route=\/wp\/v2\/posts\/8304\/revisions\/8322"}],"wp:attachment":[{"href":"https:\/\/www.reportedeprensa.utalca.cl\/index.php?rest_route=%2Fwp%2Fv2%2Fmedia&parent=8304"}],"wp:term":[{"taxonomy":"category","embeddable":true,"href":"https:\/\/www.reportedeprensa.utalca.cl\/index.php?rest_route=%2Fwp%2Fv2%2Fcategories&post=8304"},{"taxonomy":"post_tag","embeddable":true,"href":"https:\/\/www.reportedeprensa.utalca.cl\/index.php?rest_route=%2Fwp%2Fv2%2Ftags&post=8304"}],"curies":[{"name":"wp","href":"https:\/\/api.w.org\/{rel}","templated":true}]}}