{"id":8305,"date":"2023-09-28T12:35:26","date_gmt":"2023-09-28T15:35:26","guid":{"rendered":"https:\/\/www.reportedeprensa.utalca.cl\/?p=8305"},"modified":"2023-09-28T12:41:50","modified_gmt":"2023-09-28T15:41:50","slug":"28-de-septiembre-de-2023","status":"publish","type":"post","link":"https:\/\/www.reportedeprensa.utalca.cl\/?p=8305","title":{"rendered":"28 de septiembre de 2023"},"content":{"rendered":"\t\t<div data-elementor-type=\"wp-post\" data-elementor-id=\"8305\" class=\"elementor elementor-8305\" data-elementor-settings=\"[]\">\n\t\t\t\t\t\t\t<div class=\"elementor-section-wrap\">\n\t\t\t\t\t\t\t<section class=\"elementor-section elementor-top-section elementor-element elementor-element-10154d05 elementor-section-boxed elementor-section-height-default elementor-section-height-default\" data-id=\"10154d05\" data-element_type=\"section\">\n\t\t\t\t\t\t<div class=\"elementor-container elementor-column-gap-default\">\n\t\t\t\t\t<div class=\"elementor-column elementor-col-100 elementor-top-column elementor-element elementor-element-5db19c21\" data-id=\"5db19c21\" data-element_type=\"column\">\n\t\t\t<div class=\"elementor-widget-wrap elementor-element-populated\">\n\t\t\t\t\t\t\t\t<div class=\"elementor-element elementor-element-587e31be elementor-widget elementor-widget-text-editor\" data-id=\"587e31be\" data-element_type=\"widget\" data-widget_type=\"text-editor.default\">\n\t\t\t\t<div class=\"elementor-widget-container\">\n\t\t\t\t\t\t\t\t<p><strong>ADPRENSA<\/strong><\/p><p><a href=\"https:\/\/www.adprensa.cl\/cronica\/utalca-y-servicio-de-salud-del-maule-afianzan-colaboracion-para-mejorar-atenciones-de-salud\/\">UTalca y Servicio de Salud del Maule afianzan colaboraci\u00f3n para mejorar atenciones de salud. Se refiere Carlos Torres Fuchslocher, rector.<\/a><\/p><p>\u00a0<\/p><p><strong>ENL\u00cdNEAMAULE.CL<\/strong><\/p><p><a href=\"https:\/\/enlineamaule.cl\/archivo\/53459\">Mediante alianza entre el Servicio de Salud y UTalca se busca entregar mejoras en la red asistencial maulina. Se refiere Carlos Torres Fuchslocher, rector.<\/a><\/p><p>\u00a0<\/p><p><strong>AGENCIA XINHUA (CHINA)<\/strong><\/p><p><a href=\"https:\/\/www.litoralpress.cl\/paginaconsultas\/Servicios_NClipSitio\/Get_Imagen_Nota.aspx?LPKey=NSZKPA5LXPK6PJQNMZITLMKGDZSQ7LS7NWKMMN75P7WPSEMK7NE53KYQPQ5K62QNHANRUYOTLW7A4\"><span style=\"font-style: inherit; font-weight: inherit;\">ENTREVISTA: Atributos de los veh\u00edculos el\u00e9ctricos chinos impulsan la electromovilidad en Chile<\/span>. Se refiere Cristi\u00e1n Garc\u00eda, acad\u00e9mico de la Facultad de Ingenier\u00eda.<\/a><\/p><p>\u00a0<\/p><p><strong>CANAL CNN CHILE<\/strong><\/p><p><a href=\"https:\/\/www.litoralpress.cl\/sitio\/RadioTV_Detalles.cshtml?LPKey=ATZGLZLRPPH4OYAICXN5ARKYIKGT4A6MXVPSGX3EGBF2OGV4WWSQ6HDZASA4UIUCUQFNFBSNFFUZW\">Estudio de la\u00a0U de Talca\u00a0se\u00f1ala que han aumentado las licitaciones desiertas en un 100%. Se refiere Armando Dur\u00e1n, acad\u00e9mico de la Facultad de Ingenier\u00eda. <\/a><\/p><p>\u00a0<\/p><p><strong>CANAL CNN CHILE<\/strong><br \/><a href=\"https:\/\/www.litoralpress.cl\/sitio\/RadioTV_Detalles.cshtml?LPKey=ULXJ3C4MCLUKPW2SJEV5LDLNFAFSJC6JB6RFHPVEDMNUYTVYVAH5D54D7VY37XIXNZ4A5GXRUSTDS\">Entrevista. Estudio de la\u00a0U de Talca\u00a0se\u00f1ala que han aumentado las licitaciones desiertas en un 100%. Se refiere Armando Dur\u00e1n, acad\u00e9mico de la Facultad de Ingenier\u00eda.<\/a><\/p><p>\u00a0<\/p><p><strong>LAS \u00daLTIMAS NOTICIAS<\/strong><\/p><p><a href=\"https:\/\/www.litoralpress.cl\/paginaconsultas\/Servicios_NClipSitio\/Get_Imagen_Nota.aspx?LPKey=GNOLAGWSYIWTHUG6MYKN3JEIPS3CGKUIPOCENXBWDJPHO7CAEXTF5NT5GQCZLIEK7JZISYXAVSF4Q\"><span style=\"font-style: inherit;\">Heladas primaverales amenazan vasta zona agr\u00edcola entre O\u00a8Higgins y Biob\u00edo<\/span>. Se refiere Patricio Gonz\u00e1lez Colville, agroclimat\u00f3logo del Centro de Investigaci\u00f3n y Transferencia en Riego y Agroclimatolog\u00eda (CITRA).<\/a><\/p><p>\u00a0<\/p><p><strong>CANAL 13<\/strong><\/p><p><a href=\"https:\/\/www.litoralpress.cl\/sitio\/RadioTV_Detalles.cshtml?LPKey=E4PHA3IS525Z6WCYEIA2QMQM4UR5GAEGJFFVUFTY3HAFQQVCL62KME2EWIAOCACGK3NCTUKNLYLEW\">Olas de calor extremo avanzan sin freno para diciembre, enero y febrero.\u00a0Se menciona a la Universidad de Talca.<\/a><\/p><p>\u00a0<\/p><p><strong>PUBLIMICRO.CL<\/strong><\/p><p><a href=\"https:\/\/publimicro.cl\/olas-de-calor-extremo-se-esperan-para-diciembre-enero-y-febrero\/\">Olas de calor extremo se esperan para diciembre, enero y febrero. Se refiere Patricio Gonz\u00e1lez Colville, agroclimat\u00f3logo del Centro de Investigaci\u00f3n y Transferencia en Riego y Agroclimatolog\u00eda (CITRA).<\/a><\/p><p><strong>\u00a0<\/strong><\/p><p><strong><span style=\"font-style: inherit;\">COOPERATIVA CIENCIA<\/span><\/strong><\/p><p><a href=\"https:\/\/www.cooperativaciencia.cl\/2023\/09\/26\/los-danos-del-mal-habito-de-no-poder-dejar-de-mirar-el-celular\/\"><span style=\"font-style: inherit;\">Los da\u00f1os de no poder dejar de mirar el celular<\/span>. Se refiere Carla Mendoza N\u00fa\u00f1ez, coordinadora de la Unidad Cl\u00ednica del Centro de Psicolog\u00eda Aplicada (CEPA).<\/a><\/p><p>\u00a0<\/p><p><strong>ELDIARIODEMAULE.CL<\/strong><\/p><p><a href=\"https:\/\/eldiariodemaule.cl\/alertan-sobre-mal-habito-relacionado-con-la-imposibilidad-de-dejar-de-mirar-el-celular\/\">Alertan sobre mal h\u00e1bito relacionado con la imposibilidad de dejar de mirar el celular. Se refiere Carla Mendoza N\u00fa\u00f1ez, coordinadora de la Unidad Cl\u00ednica del Centro de Psicolog\u00eda Aplicada (CEPA).<\/a><\/p><p>\u00a0<\/p><p><strong>FUTURO360.COM<\/strong><\/p><p><a href=\"https:\/\/www.futuro360.com\/ciencia-en-ti\/edadismo-perjudica-adultos-mayores_20230926\/\">\u00bfC\u00f3mo el edadismo perjudica la calidad de vida de los adultos mayores? Se refiere Carolina Riveros Ferrada, acad\u00e9mica de la Facultad de Ciencias Jur\u00eddicas y Sociales.<\/a><\/p><p>\u00a0<\/p><p><strong>RADIO AMIGA<\/strong><\/p><p><a href=\"https:\/\/www.litoralpress.cl\/sitio\/RadioTV_Detalles.cshtml?LPKey=26QTZ55UZZHGZHMN7C2Q2IHS5KERBJFEVPOL4IKI5N4FEGXT5QXC2HY6B5ZWULMXSFHLORXUJNQVC\">En Chile el 80 por ciento de personas mayores son autovalentes e independientes. Se refiere Carolina Riveros Ferrada, acad\u00e9mica de la Facultad de Ciencias Jur\u00eddicas y Sociales.<\/a><\/p><p>\u00a0<\/p><p><strong>MEDIABANCO<\/strong><\/p><p><a href=\"https:\/\/www.mediabanco.com\/festival-de-las-ciencias-en-el-maule-dinosaurio-a-gran-escala-visitara-curico-y-dara-inicio-a-esta-fiesta\/\">Festival de las Ciencias en el Maule: dinosaurio a gran escala visitar\u00e1 Curic\u00f3 y dar\u00e1 inicio a esta fiesta. Se refiere Karin Saavedra Redlich, directora general de Vinculaci\u00f3n con el Medio.<\/a><\/p><p><strong>\u00a0<\/strong><\/p><p><strong>LA ESTRELLA DE ANTOFAGASTA<\/strong><\/p><p><a href=\"https:\/\/www.litoralpress.cl\/paginaconsultas\/Servicios_NClipSitio\/Get_Imagen_Nota.aspx?LPKey=374UQVBRXDV5G2JGSKQFR5O3M2HC3OMSNXECCBIZYQCYRTFDY6CE52IG2XVDVCQGRSHTT3QTKYTTE\">Residuos de vi\u00f1edos pueden ser usados para cosm\u00e9ticos y f\u00e1rmacos. Se refiere Fernando Guerra, acad\u00e9mico del Instituto de Ciencias Biol\u00f3gicas<\/a><strong>.<\/strong><\/p><p><strong>\u00a0<\/strong><\/p><p><strong>EMOL<\/strong><\/p><p><a href=\"https:\/\/www.emol.com\/noticias\/Nacional\/2023\/09\/26\/1108241\/gobierno-consejo-constitucional.html\">\u00bfUna oportunidad o el destierro del debate pol\u00edtico?: C\u00f3mo el duelo &#8220;constitucional&#8221; Kast-Matthei impacta al Gobierno. Se refiere Mauricio Morales, director del Centro de An\u00e1lisis Pol\u00edtico (CAP).\u00a0<\/a><strong><br \/><\/strong><\/p><p>\u00a0<\/p><p><strong>RADIO INFINITA<\/strong><\/p><p><a href=\"https:\/\/www.litoralpress.cl\/sitio\/RadioTV_Detalles.cshtml?LPKey=YLBLK6ODKJED2UBWUBR75V3WY622QM43JYPW7LUJGB2MHLWPON4C7DYJEGTASUJXRKZACXQVUPMJS\">An\u00e1lisis pol\u00edtico de Mauricio Morales, director del Centro de An\u00e1lisis Pol\u00edtico (CAP).\u00a0<\/a><\/p>\t\t\t\t\t\t<\/div>\n\t\t\t\t<\/div>\n\t\t\t\t\t<\/div>\n\t\t<\/div>\n\t\t\t\t\t\t\t<\/div>\n\t\t<\/section>\n\t\t\t\t\t\t<\/div>\n\t\t\t\t\t<\/div>\n\t\t","protected":false},"excerpt":{"rendered":"<p>ADPRENSA UTalca y Servicio de Salud del Maule afianzan colaboraci\u00f3n para mejorar atenciones de salud. Se refiere Carlos Torres Fuchslocher, rector. \u00a0 ENL\u00cdNEAMAULE.CL Mediante alianza entre el Servicio de Salud y UTalca se busca entregar mejoras en la red asistencial maulina. Se refiere Carlos Torres Fuchslocher, rector. \u00a0 AGENCIA XINHUA (CHINA) ENTREVISTA: Atributos de los &hellip;<\/p>\n<p class=\"read-more\"> <a class=\"\" href=\"https:\/\/www.reportedeprensa.utalca.cl\/?p=8305\"> <span class=\"screen-reader-text\">28 de septiembre de 2023<\/span> Read More &raquo;<\/a><\/p>\n","protected":false},"author":1,"featured_media":0,"comment_status":"closed","ping_status":"open","sticky":false,"template":"","format":"standard","meta":{"_monsterinsights_skip_tracking":false,"_monsterinsights_sitenote_active":false,"_monsterinsights_sitenote_note":"","_monsterinsights_sitenote_category":0},"categories":[40],"tags":[],"_links":{"self":[{"href":"https:\/\/www.reportedeprensa.utalca.cl\/index.php?rest_route=\/wp\/v2\/posts\/8305"}],"collection":[{"href":"https:\/\/www.reportedeprensa.utalca.cl\/index.php?rest_route=\/wp\/v2\/posts"}],"about":[{"href":"https:\/\/www.reportedeprensa.utalca.cl\/index.php?rest_route=\/wp\/v2\/types\/post"}],"author":[{"embeddable":true,"href":"https:\/\/www.reportedeprensa.utalca.cl\/index.php?rest_route=\/wp\/v2\/users\/1"}],"replies":[{"embeddable":true,"href":"https:\/\/www.reportedeprensa.utalca.cl\/index.php?rest_route=%2Fwp%2Fv2%2Fcomments&post=8305"}],"version-history":[{"count":4,"href":"https:\/\/www.reportedeprensa.utalca.cl\/index.php?rest_route=\/wp\/v2\/posts\/8305\/revisions"}],"predecessor-version":[{"id":8316,"href":"https:\/\/www.reportedeprensa.utalca.cl\/index.php?rest_route=\/wp\/v2\/posts\/8305\/revisions\/8316"}],"wp:attachment":[{"href":"https:\/\/www.reportedeprensa.utalca.cl\/index.php?rest_route=%2Fwp%2Fv2%2Fmedia&parent=8305"}],"wp:term":[{"taxonomy":"category","embeddable":true,"href":"https:\/\/www.reportedeprensa.utalca.cl\/index.php?rest_route=%2Fwp%2Fv2%2Fcategories&post=8305"},{"taxonomy":"post_tag","embeddable":true,"href":"https:\/\/www.reportedeprensa.utalca.cl\/index.php?rest_route=%2Fwp%2Fv2%2Ftags&post=8305"}],"curies":[{"name":"wp","href":"https:\/\/api.w.org\/{rel}","templated":true}]}}