{"id":8323,"date":"2023-10-01T17:49:44","date_gmt":"2023-10-01T20:49:44","guid":{"rendered":"https:\/\/www.reportedeprensa.utalca.cl\/?p=8323"},"modified":"2023-10-01T18:19:30","modified_gmt":"2023-10-01T21:19:30","slug":"29-de-septiembre-de-2023","status":"publish","type":"post","link":"https:\/\/www.reportedeprensa.utalca.cl\/?p=8323","title":{"rendered":"29 de septiembre de 2023"},"content":{"rendered":"\t\t<div data-elementor-type=\"wp-post\" data-elementor-id=\"8323\" class=\"elementor elementor-8323\" data-elementor-settings=\"[]\">\n\t\t\t\t\t\t\t<div class=\"elementor-section-wrap\">\n\t\t\t\t\t\t\t<section class=\"elementor-section elementor-top-section elementor-element elementor-element-10154d05 elementor-section-boxed elementor-section-height-default elementor-section-height-default\" data-id=\"10154d05\" data-element_type=\"section\">\n\t\t\t\t\t\t<div class=\"elementor-container elementor-column-gap-default\">\n\t\t\t\t\t<div class=\"elementor-column elementor-col-100 elementor-top-column elementor-element elementor-element-5db19c21\" data-id=\"5db19c21\" data-element_type=\"column\">\n\t\t\t<div class=\"elementor-widget-wrap elementor-element-populated\">\n\t\t\t\t\t\t\t\t<div class=\"elementor-element elementor-element-587e31be elementor-widget elementor-widget-text-editor\" data-id=\"587e31be\" data-element_type=\"widget\" data-widget_type=\"text-editor.default\">\n\t\t\t\t<div class=\"elementor-widget-container\">\n\t\t\t\t\t\t\t\t<p><strong>EL LECTOR<\/strong><\/p><p><a href=\"https:\/\/www.litoralpress.cl\/paginaconsultas\/Servicios_NClipSitio\/Get_Imagen_Nota.aspx?LPKey=FCSAPASMQQMTGA2LP4IX5EFHJG2KGTIPTIM4GBN352VHPQFMVZPXIBTDLZEQ7RRKVFHICQZMLPGWG\">UTalca y Servicio de Salud del Maule afianzan colaboraci\u00f3n. Se refiere Carlos Torres Fuchslocher, rector.<\/a><\/p><p>\u00a0<\/p><p><strong>PUBLIMICRO<\/strong><\/p><p><a href=\"https:\/\/publimicro.cl\/utalca-y-servicio-de-salud-del-maule-afianzan-colaboracion-para-mejorar-atenciones-de-salud\/\">UTalca y Servicio de Salud del Maule afianzan colaboraci\u00f3n para mejorar atenciones de salud. Se refiere Carlos Torres Fuchslocher, rector.<\/a><\/p><p>\u00a0<\/p><p><strong>RADIO AMIGA<\/strong><\/p><p><a href=\"https:\/\/www.litoralpress.cl\/sitio\/RadioTV_Detalles.cshtml?LPKey=T3XIISFXBDS2H2BYX3IIPJMLHVBP34E7VN74WV4O244A7DNBCSUEFPABH6BGMXTRUTYJXKLYVCODU\">Buscan mejorar la red asistencial de la regi\u00f3n del Maule. Se refiere Carlos Torres Fuchslocher, rector.<\/a><\/p><p>\u00a0<\/p><p><strong>HOY X HOY<\/strong><\/p><p><a href=\"https:\/\/www.litoralpress.cl\/paginaconsultas\/Servicios_NClipSitio\/Get_Imagen_Nota.aspx?LPKey=3FZ5QTFWRBZJQOLTE7QT2AZYJS5KHJGPZJYIBTIXIEVBZH5ZJTPP53OVAQLLGOI3XLL7TWOF5NK74\">Residuos de vi\u00f1edos pueden ser usados para cosm\u00e9ticos y f\u00e1rmacos. Se refiere Fernando Guerra, acad\u00e9mico del Instituto de Ciencias Biol\u00f3gicas.<\/a><\/p><p>\u00a0<\/p><p><strong>LA ESTRELLA DE ANTOFAGASTA<\/strong><\/p><p><a href=\"https:\/\/www.litoralpress.cl\/paginaconsultas\/Servicios_NClipSitio\/Get_Imagen_Nota.aspx?LPKey=374UQVBRXDV5G2JGSKQFR5O3M2HC3OMSNXECCBIZYQCYRTFDY6CE52IG2XVDVCQGRSHTT3QTKYTTE\">Residuos de vi\u00f1edos pueden ser usados para cosm\u00e9ticos y f\u00e1rmacos. Se refiere Fernando Guerra, acad\u00e9mico del Instituto de Ciencias Biol\u00f3gicas.<\/a><\/p><p>\u00a0<\/p><p><strong>LA ESTRELLA DE LOA<\/strong><\/p><p><a href=\"https:\/\/www.litoralpress.cl\/paginaconsultas\/Servicios_NClipSitio\/Get_Imagen_Nota.aspx?LPKey=PYWJFPEPQOFFDB2LDGHN45CVZ2BJK2YRACKNDSB65H2DYHWZ5SILIMOXIFWF2SAKF6ACE5REIAPTW\">Residuos de vi\u00f1edos pueden ser usados para cosm\u00e9ticos y f\u00e1rmacos. Se refiere Fernando Guerra, acad\u00e9mico del Instituto de Ciencias Biol\u00f3gicas.<\/a><\/p><p>\u00a0<\/p><p><strong>CONSTRUCCIONLATINOAMERICANA.COM<\/strong><\/p><p><a href=\"https:\/\/www.litoralpress.cl\/paginaconsultas\/Servicios_NClipSitio\/Get_Imagen_Nota.aspx?LPKey=KMFVKFWJ433HOD734HSNDAVWX6GVH47HN6CHDPGGOTKNZ33OPRQE3BHGRTNFVEPDJQGQ4XIXLCQUA\">Investigaci\u00f3n entrega cifras que dan cuenta de la crisis del sector construcci\u00f3n en Chile. Se refiere Armando Dur\u00e1n, acad\u00e9mico de la Facultad de Ingenier\u00eda.<\/a><\/p><p>\u00a0<\/p><p><strong>ADPRENSA<\/strong><\/p><p><a href=\"https:\/\/www.adprensa.cl\/cronica\/consumo-de-alimentos-procesados-aumentaria-prevalencia-de-alergias-estacionales\/\">Consumo de alimentos procesados aumentar\u00eda prevalencia de alergias estacionales. Se refiere Jos\u00e9 Gregorio Ledezma, acad\u00e9mico de la Escuela de Medicina.<\/a><\/p><p>\u00a0<\/p><p><strong>MEDIABANCO<\/strong><\/p><p><a href=\"https:\/\/www.mediabanco.com\/consumo-de-alimentos-procesados-aumentaria-prevalencia-de-alergias-estacionales\/\">Consumo de alimentos procesados aumentar\u00eda prevalencia de alergias estacionales. Se refiere Jos\u00e9 Gregorio Ledezma, acad\u00e9mico de la Escuela de Medicina.<\/a><\/p><p>\u00a0<\/p><p><strong>FMPLUS.CL<\/strong><br \/><a href=\"https:\/\/www.fmplus.cl\/magazine\/phubbing-ignorar-persona-prestar-atencion-celular\">\u201cPhubbing\u201d: El ignorar a una persona por prestar atenci\u00f3n al celularSe refiere Carla Mendoza N\u00fa\u00f1ez, coordinadora cl\u00ednica del Centro de Psicolog\u00eda Aplicada.<\/a><\/p><p>\u00a0<\/p><p><strong>ELHERALDO.CL<\/strong><\/p><p><a href=\"https:\/\/www.diarioelheraldo.cl\/noticia\/que-es-el-edadismo-y-como-perjudica-a-adultos-mayores-\">\u00bfQu\u00e9 es el Edadismo y c\u00f3mo perjudica a adultos mayores? Se refiere Carolina Riveros, acad\u00e9mica de la Facultad de Ciencias Jur\u00eddicas y Sociales.<\/a><\/p><p>\u00a0<\/p><p><strong>DIARIOLAPRENSA.CL<\/strong><\/p><p><a href=\"https:\/\/new.diariolaprensa.cl\/index.php\/2023\/09\/28\/dinosaurio-a-gran-escala-visitara-curico-dando-inicio-a-festival-de-las-ciencias-en-el-maule\/\">Dinosaurio a gran escala visitar\u00e1 Curic\u00f3 dando inicio a Festival de las Ciencias en el Maule. Se refiere Karin Saavedra Redlich, directora general de Vinculaci\u00f3n con el Medio.<\/a><\/p><p>\u00a0<\/p><p><strong>DIARIOELCENTRO.CL<\/strong><\/p><p><a href=\"https:\/\/www.diarioelcentro.cl\/2023\/09\/28\/dinosaurio-a-gran-escala-visitara-curico-y-dara-inicio-al-festival-de-las-ciencias-en-el-maule\/\">Dinosaurio a gran escala visitar\u00e1 Curic\u00f3 dando inicio a Festival de las Ciencias en el Maule. Se refiere Karin Saavedra Redlich, directora general de Vinculaci\u00f3n con el Medio.<\/a><\/p><p>\u00a0<\/p><p><strong>MEGANOTICIAS.CL<\/strong><\/p><p><a href=\"https:\/\/www.meganoticias.cl\/dato-util\/426701-requisitos-para-estudiar-medicina-en-chile-seo.html\">Estos son los requisitos para entrar a estudiar Medicina en las universidades chilenas. Se menciona a la Universidad de Talca.<\/a><\/p><p>\u00a0<\/p><p><strong>EL MERCURIO<\/strong><\/p><p><a href=\"https:\/\/www.litoralpress.cl\/paginaconsultas\/Servicios_NClipSitio\/Get_Imagen_Nota.aspx?LPKey=GIF7UFLXXNQNGJOHIK7QLGKYKMW43S4GNP5DGOAXGBZF56HKSCBKUGF5CVUCYBD6U2NIKBMDHIK5G\">Embajador chino se re\u00fane con diputados en medio de tensi\u00f3n tras dichos de Boric sobre DD.HH. Se refiere Mauricio Morales, director del Centro de An\u00e1lisis Pol\u00edtico (CAP).<\/a><\/p><p>\u00a0<\/p><p><strong>RADIO INFINITA<\/strong><\/p><p><a href=\"https:\/\/www.litoralpress.cl\/sitio\/RadioTV_Detalles.cshtml?LPKey=UPPUGZFW62Z2TD43PYDZEVDFQRZG7J33CZR2A66GWXYOHIEHROEHC7CSWA6YVVY2AWJT336GMV3M4\">An\u00e1lisis pol\u00edtico de refiere Mauricio Morales, director del Centro de An\u00e1lisis Pol\u00edtico (CAP).<\/a><\/p><p>\u00a0<\/p><p><strong>ELPROA.CL<\/strong><\/p><p><a href=\"https:\/\/elproa.cl\/2023\/09\/pintor-hugo-jorquera-inaugurara-exposicion-en-la-ex-estacion-de-trenes-de-cartagena\/\">Pintor Hugo Jorquera inaugurar\u00e1 exposici\u00f3n en la ex Estaci\u00f3n de Trenes de Cartagena. Se menciona a la Universidad de Talca<\/a>.<\/p>\t\t\t\t\t\t<\/div>\n\t\t\t\t<\/div>\n\t\t\t\t\t<\/div>\n\t\t<\/div>\n\t\t\t\t\t\t\t<\/div>\n\t\t<\/section>\n\t\t\t\t\t\t<\/div>\n\t\t\t\t\t<\/div>\n\t\t","protected":false},"excerpt":{"rendered":"<p>EL LECTOR UTalca y Servicio de Salud del Maule afianzan colaboraci\u00f3n. Se refiere Carlos Torres Fuchslocher, rector. \u00a0 PUBLIMICRO UTalca y Servicio de Salud del Maule afianzan colaboraci\u00f3n para mejorar atenciones de salud. Se refiere Carlos Torres Fuchslocher, rector. \u00a0 RADIO AMIGA Buscan mejorar la red asistencial de la regi\u00f3n del Maule. Se refiere Carlos &hellip;<\/p>\n<p class=\"read-more\"> <a class=\"\" href=\"https:\/\/www.reportedeprensa.utalca.cl\/?p=8323\"> <span class=\"screen-reader-text\">29 de septiembre de 2023<\/span> Read More &raquo;<\/a><\/p>\n","protected":false},"author":1,"featured_media":0,"comment_status":"closed","ping_status":"open","sticky":false,"template":"","format":"standard","meta":{"_monsterinsights_skip_tracking":false,"_monsterinsights_sitenote_active":false,"_monsterinsights_sitenote_note":"","_monsterinsights_sitenote_category":0},"categories":[40],"tags":[],"_links":{"self":[{"href":"https:\/\/www.reportedeprensa.utalca.cl\/index.php?rest_route=\/wp\/v2\/posts\/8323"}],"collection":[{"href":"https:\/\/www.reportedeprensa.utalca.cl\/index.php?rest_route=\/wp\/v2\/posts"}],"about":[{"href":"https:\/\/www.reportedeprensa.utalca.cl\/index.php?rest_route=\/wp\/v2\/types\/post"}],"author":[{"embeddable":true,"href":"https:\/\/www.reportedeprensa.utalca.cl\/index.php?rest_route=\/wp\/v2\/users\/1"}],"replies":[{"embeddable":true,"href":"https:\/\/www.reportedeprensa.utalca.cl\/index.php?rest_route=%2Fwp%2Fv2%2Fcomments&post=8323"}],"version-history":[{"count":4,"href":"https:\/\/www.reportedeprensa.utalca.cl\/index.php?rest_route=\/wp\/v2\/posts\/8323\/revisions"}],"predecessor-version":[{"id":8327,"href":"https:\/\/www.reportedeprensa.utalca.cl\/index.php?rest_route=\/wp\/v2\/posts\/8323\/revisions\/8327"}],"wp:attachment":[{"href":"https:\/\/www.reportedeprensa.utalca.cl\/index.php?rest_route=%2Fwp%2Fv2%2Fmedia&parent=8323"}],"wp:term":[{"taxonomy":"category","embeddable":true,"href":"https:\/\/www.reportedeprensa.utalca.cl\/index.php?rest_route=%2Fwp%2Fv2%2Fcategories&post=8323"},{"taxonomy":"post_tag","embeddable":true,"href":"https:\/\/www.reportedeprensa.utalca.cl\/index.php?rest_route=%2Fwp%2Fv2%2Ftags&post=8323"}],"curies":[{"name":"wp","href":"https:\/\/api.w.org\/{rel}","templated":true}]}}