{"id":8331,"date":"2023-10-02T15:28:42","date_gmt":"2023-10-02T18:28:42","guid":{"rendered":"https:\/\/www.reportedeprensa.utalca.cl\/?p=8331"},"modified":"2023-10-02T15:40:38","modified_gmt":"2023-10-02T18:40:38","slug":"02-de-octubre-de-2023","status":"publish","type":"post","link":"https:\/\/www.reportedeprensa.utalca.cl\/?p=8331","title":{"rendered":"02 de octubre de 2023"},"content":{"rendered":"\t\t<div data-elementor-type=\"wp-post\" data-elementor-id=\"8331\" class=\"elementor elementor-8331\" data-elementor-settings=\"[]\">\n\t\t\t\t\t\t\t<div class=\"elementor-section-wrap\">\n\t\t\t\t\t\t\t<section class=\"elementor-section elementor-top-section elementor-element elementor-element-10154d05 elementor-section-boxed elementor-section-height-default elementor-section-height-default\" data-id=\"10154d05\" data-element_type=\"section\">\n\t\t\t\t\t\t<div class=\"elementor-container elementor-column-gap-default\">\n\t\t\t\t\t<div class=\"elementor-column elementor-col-100 elementor-top-column elementor-element elementor-element-5db19c21\" data-id=\"5db19c21\" data-element_type=\"column\">\n\t\t\t<div class=\"elementor-widget-wrap elementor-element-populated\">\n\t\t\t\t\t\t\t\t<div class=\"elementor-element elementor-element-587e31be elementor-widget elementor-widget-text-editor\" data-id=\"587e31be\" data-element_type=\"widget\" data-widget_type=\"text-editor.default\">\n\t\t\t\t<div class=\"elementor-widget-container\">\n\t\t\t\t\t\t\t\t<p><span style=\"font-style: inherit; font-weight: inherit;\"><strong>ADPRENSA\u00a0<\/strong><\/span><\/p><p><a href=\"https:\/\/www.adprensa.cl\/cronica\/investigacion-busca-mejorar-el-cultivo-de-tomates-en-invernadero\/\"><span style=\"font-style: inherit; font-weight: inherit;\">Investigaci\u00f3n busca mejorar el cultivo de tomates\u00a0en invernadero. Se refiere Hern\u00e1n Paill\u00e1n, acad\u00e9mico de la Facultad de Ciencias Agrarias y director del proyecto.\u00a0<\/span><\/a><\/p><p><span style=\"font-style: inherit; font-weight: inherit;\">\u00a0<\/span><\/p><p><strong><span style=\"font-style: inherit;\">MEDIABANCO\u00a0<\/span><\/strong><\/p><p><a href=\"https:\/\/www.mediabanco.com\/investigacion-busca-mejorar-el-cultivo-de-tomates-en-invernadero\/\"><span style=\"font-style: inherit; font-weight: inherit;\">Investigaci\u00f3n busca mejorar el cultivo de tomates en invernadero. Se refiere Hern\u00e1n Paill\u00e1n, acad\u00e9mico de la Facultad de Ciencias Agrarias y director del proyecto.<\/span><\/a><\/p><p><span style=\"font-style: inherit; font-weight: inherit;\">\u00a0<\/span><\/p><p><strong><span style=\"font-style: inherit;\">SEPTIMAPAGINANOTICIAS.CL\u00a0<\/span><\/strong><\/p><p><a href=\"https:\/\/www.septimapaginanoticias.cl\/investigacion-busca-mejorar-el-cultivo-de-tomates-en-invernadero\"><span style=\"font-style: inherit; font-weight: inherit;\">Investigaci\u00f3n busca mejorar el cultivo de tomates\u00a0en invernadero. Se refiere Hern\u00e1n Paill\u00e1n, acad\u00e9mico de la Facultad de Ciencias Agrarias y director del proyecto.\u00a0<\/span><\/a><\/p><p><span style=\"font-style: inherit; font-weight: inherit;\">\u00a0<\/span><\/p><p><strong><span style=\"font-style: inherit;\">CHILLANONLINE.CL\u00a0<\/span><\/strong><\/p><p><a href=\"https:\/\/www.chillanonline.cl\/V6\/investigacion-busca-mejorar-el-cultivo-de-tomates-en-invernadero\/\"><span style=\"font-style: inherit; font-weight: inherit;\">Investigaci\u00f3n busca mejorar el cultivo de tomates en invernadero. Se refiere Hern\u00e1n Paill\u00e1n, acad\u00e9mico de la Facultad de Ciencias Agrarias y director del proyecto.\u00a0<\/span><\/a><\/p><p><span style=\"font-style: inherit; font-weight: inherit;\">\u00a0<\/span><\/p><p><strong><span style=\"font-style: inherit;\">ELMAULEINFORMA.CL\u00a0<\/span><\/strong><\/p><p><a href=\"https:\/\/elmauleinforma.cl\/investigacion-busca-mejorar-el-cultivo-de-tomates-en-invernadero\/\"><span style=\"font-style: inherit; font-weight: inherit;\">Investigaci\u00f3n busca mejorar el cultivo de tomates en invernadero. Se refiere Hern\u00e1n Paill\u00e1n, acad\u00e9mico de la Facultad de Ciencias Agrarias y director del proyecto.\u00a0<\/span><\/a><\/p><p>\u00a0<\/p><p style=\"font-weight: 400;\"><span style=\"font-style: inherit; font-weight: inherit;\"><strong>EL MERCURIO\u00a0<\/strong><\/span><\/p><p style=\"font-weight: 400;\"><a href=\"https:\/\/www.litoralpress.cl\/paginaconsultas\/Servicios_NClipSitio\/Get_Imagen_Nota.aspx?LPKey=ESNGHANOUZZI4RLWB3P7YUX5LWQO2HF44AKMLVU5NTGS4DG5K7ZCGDUPUIIERBZCLK5Y5EOSP4UII\"><span style=\"font-style: inherit; font-weight: inherit;\">\u00bfChile referente en inteligencia artificial? Expertos debaten frase del Presidente Boric en la ONU<\/span>. Se refiere Cesar Astudillo, acad\u00e9mico de la Facultad de Ingenier\u00eda.\u00a0<\/a><\/p><p style=\"font-weight: 400;\"><span style=\"font-style: inherit; font-weight: inherit;\"><strong>\u00a0<\/strong><\/span><\/p><p style=\"font-weight: 400;\"><span style=\"font-style: inherit; font-weight: inherit;\"><strong>OSORNOENVIVO.CL\u00a0<\/strong><\/span><\/p><p style=\"font-weight: 400;\"><a href=\"https:\/\/osornoenvivo.cl\/wp\/2023\/09\/22\/en-100-aumentaron-las-licitaciones-desiertas-en-el-rubro-de-la-construccion\/\"><span style=\"font-style: inherit; font-weight: inherit;\">En 100% aumentaron las licitaciones desiertas en el rubro de la construcci\u00f3n. Se refiere Armando Dur\u00e1n, acad\u00e9mico de la Facultad de Ingenier\u00eda.\u00a0<\/span><\/a><\/p><p style=\"font-weight: 400;\"><span style=\"font-style: inherit; font-weight: inherit;\">\u00a0<\/span><\/p><p style=\"font-weight: 400;\"><span style=\"font-style: inherit; font-weight: inherit;\"><strong>CANAL 24 HORAS\u00a0\u00a0<\/strong><\/span><\/p><p style=\"font-weight: 400;\"><a href=\"https:\/\/www.litoralpress.cl\/sitio\/RadioTV_Detalles.cshtml?LPKey=7Z7NYFPQ3YNFIWRP5MHQQCDCB3IXVIS3IQKAL2M2X3OY224I7RD4LMX23ISRFW3W47KRN6AMTYYUY\"><span style=\"font-style: inherit; font-weight: inherit;\">Cambio Clim\u00e1tico: Secretario General de la ONU dijo que &#8220;la humanidad abri\u00f3 las puertas del infierno&#8221;. Se refiere Patricio Gonz\u00e1lez Colville, acad\u00e9mico del Centro de Investigaci\u00f3n y Transferencia en Riego y Agroclimatolog\u00eda de la Universidad de Talca.\u00a0\u00a0<\/span><\/a><\/p><p style=\"font-weight: 400;\"><span style=\"font-style: inherit; font-weight: inherit;\">\u00a0<\/span><span style=\"font-style: inherit; font-weight: inherit;\">\u00a0<\/span><\/p><p style=\"font-weight: 400;\"><strong><span style=\"font-style: inherit;\">RADIOAGRICULTURA.CL\u00a0<\/span><span style=\"font-style: inherit;\">\u00a0<\/span><\/strong><\/p><p style=\"font-weight: 400;\"><a href=\"https:\/\/www.radioagricultura.cl\/dato-practico\/2023\/09\/29\/lluvias-primaverales-cuanto-danarian-a-la-agricultura-del-pais\/\"><span style=\"font-style: inherit; font-weight: inherit;\">Lluvias primaverales: \u00bfcu\u00e1nto da\u00f1ar\u00edan a la agricultura del pa\u00eds? Se refiere Patricio Gonz\u00e1lez Colville, acad\u00e9mico del Centro de Investigaci\u00f3n y Transferencia en Riego y Agroclimatolog\u00eda de la Universidad de Talca.\u00a0<\/span><span style=\"font-style: inherit; font-weight: inherit;\">\u00a0<\/span><\/a><\/p><p style=\"font-weight: 400;\"><span style=\"font-style: inherit; font-weight: inherit;\">\u00a0<\/span><span style=\"font-style: inherit; font-weight: inherit;\">\u00a0<\/span><\/p><p style=\"font-weight: 400;\"><strong><span style=\"font-style: inherit;\">COOPERATIVA.CL\u00a0<\/span><span style=\"font-style: inherit;\">\u00a0<\/span><\/strong><\/p><p style=\"font-weight: 400;\"><a href=\"https:\/\/www.cooperativa.cl\/noticias\/pais\/regiones\/zona-sur\/experto-lluvias-primaverales-generaran-graves-danos-en-cultivos\/2023-09-29\/152126.html\"><span style=\"font-style: inherit; font-weight: inherit;\">Experto: Lluvias primaverales generar\u00e1n graves da\u00f1os en cultivos. Se refiere Patricio Gonz\u00e1lez Colville, acad\u00e9mico del Centro de Investigaci\u00f3n y Transferencia en Riego y Agroclimatolog\u00eda de la Universidad de Talca.\u00a0<\/span><span style=\"font-style: inherit; font-weight: inherit;\">\u00a0<\/span><\/a><\/p><p style=\"font-weight: 400;\"><span style=\"font-style: inherit; font-weight: inherit;\">\u00a0<\/span><span style=\"font-style: inherit; font-weight: inherit;\">\u00a0<\/span><\/p><p style=\"font-weight: 400;\"><strong><span style=\"font-style: inherit;\">COOPERATIVA CIENCIA\u00a0<\/span><span style=\"font-style: inherit;\">\u00a0<\/span><\/strong><\/p><p style=\"font-weight: 400;\"><a href=\"https:\/\/www.cooperativa.cl\/noticias\/pais\/regiones\/zona-sur\/experto-lluvias-primaverales-generaran-graves-danos-en-cultivos\/2023-09-29\/152126.html\"><span style=\"font-style: inherit; font-weight: inherit;\">Experto: Lluvias primaverales generar\u00e1n graves da\u00f1os en cultivos. Se refiere Patricio Gonz\u00e1lez Colville, acad\u00e9mico del Centro de Investigaci\u00f3n y Transferencia en Riego y Agroclimatolog\u00eda de la Universidad de Talca.\u00a0<\/span><span style=\"font-style: inherit; font-weight: inherit;\">\u00a0<\/span><\/a><\/p><p style=\"font-weight: 400;\"><span style=\"font-style: inherit; font-weight: inherit;\">\u00a0<\/span><\/p><p style=\"font-weight: 400;\"><strong><span style=\"font-style: inherit;\">EL MOSTRADOR\u00a0<\/span><\/strong><\/p><p style=\"font-weight: 400;\"><a href=\"https:\/\/www.elmostrador.cl\/cultura\/cultivate\/2023\/09\/30\/un-verano-caliente\/\"><span style=\"font-style: inherit; font-weight: inherit;\">Un verano cliente. Se menciona a la Universidad de Talca.\u00a0<\/span><\/a><\/p><p>\u00a0<\/p><p style=\"font-weight: 400;\"><strong><span style=\"font-style: inherit;\">ADPRENSA\u00a0<\/span><span style=\"font-style: inherit;\">\u00a0<\/span><\/strong><\/p><p style=\"font-weight: 400;\"><a href=\"https:\/\/www.adprensa.cl\/cronica\/lluvias-primaverales-causarian-cuantiosos-danos-para-la-agricultura-del-pais\/\"><span style=\"font-style: inherit; font-weight: inherit;\">Lluvias primaverales causar\u00edan cuantiosos da\u00f1os para la agricultura del pa\u00eds. Se refiere Patricio Gonz\u00e1lez Colville, acad\u00e9mico del Centro de Investigaci\u00f3n y Transferencia en Riego y Agroclimatolog\u00eda de la Universidad de Talca.\u00a0<\/span><span style=\"font-style: inherit; font-weight: inherit;\">\u00a0<\/span><\/a><\/p><p style=\"font-weight: 400;\"><span style=\"font-style: inherit; font-weight: inherit;\">\u00a0<\/span><span style=\"font-style: inherit; font-weight: inherit;\">\u00a0<\/span><\/p><p style=\"font-weight: 400;\"><strong><span style=\"font-style: inherit;\">ELMAULEINFORMA.CL\u00a0<\/span><span style=\"font-style: inherit;\">\u00a0<\/span><\/strong><\/p><p style=\"font-weight: 400;\"><a href=\"https:\/\/elmauleinforma.cl\/lluvias-primaverales-causarian-cuantiosos-danos-para-la-agricultura-del-pais\/\"><span style=\"font-style: inherit; font-weight: inherit;\">Lluvias primaverales causar\u00edan cuantiosos da\u00f1os para la agricultura del pa\u00eds. Se refiere Patricio Gonz\u00e1lez Colville, acad\u00e9mico del Centro de Investigaci\u00f3n y Transferencia en Riego y Agroclimatolog\u00eda de la Universidad de Talca.\u00a0<\/span><span style=\"font-style: inherit; font-weight: inherit;\">\u00a0<\/span><\/a><\/p><p style=\"font-weight: 400;\"><span style=\"font-style: inherit; font-weight: inherit;\">\u00a0<\/span><\/p><p style=\"font-weight: 400;\"><strong><span style=\"font-style: inherit;\">PUBLIMICRO\u00a0<\/span><\/strong><\/p><p style=\"font-weight: 400;\"><a href=\"https:\/\/publimicro.cl\/efectos-de-el-nino-lluvias-primaverales-causarian-cuantiosos-danos-para-la-agricultura-del-pais\/\"><span style=\"font-style: inherit; font-weight: inherit;\">Efectos de \u201cEl Ni\u00f1o\u201d: Lluvias primaverales causar\u00edan cuantiosos da\u00f1os para la agricultura del pa\u00eds. Se refiere Patricio Gonz\u00e1lez Colville, acad\u00e9mico del Centro de Investigaci\u00f3n y Transferencia en Riego y Agroclimatolog\u00eda de la Universidad de Talca.\u00a0\u00a0<\/span><\/a><\/p><p style=\"font-weight: 400;\"><span style=\"font-style: inherit; font-weight: inherit;\">\u00a0<\/span><\/p><p style=\"font-weight: 400;\"><strong><span style=\"font-style: inherit;\">DIARIOELCENTRO.CL\u00a0<\/span><\/strong><\/p><p style=\"font-weight: 400;\"><a href=\"https:\/\/www.diarioelcentro.cl\/2023\/09\/30\/lluvias-primaverales-pueden-generar-cuantiosos-danos-para-la-agricultura-del-pais\/\"><span style=\"font-style: inherit; font-weight: inherit;\">Lluvias primaverales causar\u00edan cuantiosos da\u00f1os para la agricultura del pa\u00eds. Se refiere Patricio Gonz\u00e1lez Colville, acad\u00e9mico del Centro de Investigaci\u00f3n y Transferencia en Riego y Agroclimatolog\u00eda de la Universidad de Talca.\u00a0<\/span><span style=\"font-style: inherit; font-weight: inherit;\">\u00a0<\/span><\/a><\/p><p style=\"font-weight: 400;\"><span style=\"font-style: inherit; font-weight: inherit;\">\u00a0<\/span><\/p><p style=\"font-weight: 400;\"><span style=\"font-style: inherit; font-weight: inherit;\"><strong>EL MOSTRADOR\u00a0<\/strong><\/span><\/p><p style=\"font-weight: 400;\"><a href=\"https:\/\/www.elmostrador.cl\/agenda-pais\/agenda-social\/2023\/10\/01\/que-es-el-edadismo-y-como-perjudica-a-adultos-mayores\/\"><span style=\"font-style: inherit; font-weight: inherit;\">\u00bfQu\u00e9 es el edadismo y c\u00f3mo perjudica a adultos mayores? Se refiere Carolina Riveros, acad\u00e9mica de la Facultad de Ciencias Jur\u00eddicas y Sociales.\u00a0\u00a0<\/span><\/a><\/p><p style=\"font-weight: 400;\">\u00a0<\/p><p style=\"font-weight: 400;\"><strong><span style=\"font-style: inherit; font-weight: inherit;\">EL MERCURIO\u00a0<\/span><span style=\"font-style: inherit; font-weight: inherit;\">\u00a0<\/span><\/strong><\/p><p style=\"font-weight: 400;\"><span style=\"font-style: inherit; font-weight: inherit;\">Biopiscinas, una opci\u00f3n natural y ecol\u00f3gica para refrescarse este Verano. Se menciona al Centro de Investigaci\u00f3n y Transferencia en Riego y Agroclimatolog\u00eda de la Universidad de Talca.\u00a0<\/span><span style=\"font-style: inherit; font-weight: inherit;\">\u00a0<\/span><\/p><p style=\"font-weight: 400;\"><strong><span style=\"font-style: inherit; font-weight: inherit;\">\u00a0<\/span><span style=\"font-style: inherit; font-weight: inherit;\">\u00a0<\/span><\/strong><\/p><p style=\"font-weight: 400;\"><strong><span style=\"font-style: inherit; font-weight: inherit;\">LA ESTRELLA DE CONCEPCI\u00d3N\u00a0<\/span><span style=\"font-style: inherit; font-weight: inherit;\">\u00a0<\/span><\/strong><\/p><p style=\"font-weight: 400;\"><a href=\"https:\/\/www.litoralpress.cl\/paginaconsultas\/Servicios_NClipSitio\/Get_Imagen_Nota.aspx?LPKey=6UWJKCCSEQO7T5LL2BYC32JAHWDTBIMVMGPIISUK4IUJAN3RDQF7BWDIGDTE6YGV73OLDN3VSS2Y6\"><span style=\"font-style: inherit; font-weight: inherit;\">Residuos de vi\u00f1edos pueden ser usados para cosm\u00e9ticos y f\u00e1rmacos.\u00a0<\/span><span style=\"font-style: inherit; font-weight: inherit;\">Se refiere Fernando Guerra, acad\u00e9mico del Instituto de Ciencias Biol\u00f3gicas.<\/span><span style=\"font-style: inherit; font-weight: inherit;\">\u00a0\u00a0<\/span><span style=\"font-style: inherit; font-weight: inherit;\">\u00a0<\/span><\/a><\/p><p style=\"font-weight: 400;\"><span style=\"font-style: inherit; font-weight: inherit;\">\u00a0<\/span><span style=\"font-style: inherit; font-weight: inherit;\">\u00a0<\/span><\/p><p style=\"font-weight: 400;\"><strong>RADIO AMIGA\u00a0\u00a0<\/strong><\/p><p style=\"font-weight: 400;\"><a href=\"https:\/\/www.litoralpress.cl\/sitio\/RadioTV_Detalles.cshtml?LPKey=AOLVFJEH3FYJOTQO7FYYZ6P3FPBKHEUNXERKYCMVZTZEAZSF7T3U465C76DAJK2JLPEAFWBYFQKTE\"><span style=\"font-style: inherit; font-weight: inherit;\">Se espera que las pr\u00f3ximas lluvias traigan problemas al sector agr\u00edcola. Se refiere Patricio Gonz\u00e1lez Colville, acad\u00e9mico del Centro de Investigaci\u00f3n y Transferencia en Riego y Agroclimatolog\u00eda de la Universidad de Talca. \u00a0<\/span><span style=\"font-style: inherit; font-weight: inherit;\">\u00a0<\/span><\/a><\/p><p style=\"font-weight: 400;\"><span style=\"font-style: inherit; font-weight: inherit;\">\u00a0<\/span><\/p><p style=\"font-weight: 400;\"><span style=\"font-style: inherit; font-weight: inherit;\"><strong>T13.CL\u00a0<\/strong><\/span><\/p><p style=\"font-weight: 400;\"><a href=\"https:\/\/www.t13.cl\/noticia\/nacional\/cybermonday-2023-tres-tipos-estafas-lo-mas-comunes-30-9-2023\"><span style=\"font-style: inherit; font-weight: inherit;\">Cyber Monday 2023: Tres tipos de estafas de lo m\u00e1s comunes. Se refiere Rodrigo Bustamante, jefe de Seguridad Digital.\u00a0<\/span><\/a><\/p><p style=\"font-weight: 400;\"><span style=\"font-style: inherit; font-weight: inherit;\">\u00a0<\/span><span style=\"font-style: inherit; font-weight: inherit;\">\u00a0<\/span><\/p><p style=\"font-weight: 400;\"><strong><span style=\"font-style: inherit;\">MEDIABANCO\u00a0<\/span><\/strong><\/p><p style=\"font-weight: 400;\"><a href=\"https:\/\/www.mediabanco.com\/consejos-para-evitar-estafas-digitales-durante-el-cyber-monday-2023\/\"><span style=\"font-style: inherit; font-weight: inherit;\">Consejos para evitar estafas digitales durante el Cyber Monday 2023. Se refiere Rodrigo Bustamante, jefe de Seguridad Digital.\u00a0\u00a0<\/span><\/a><\/p><p style=\"font-weight: 400;\"><span style=\"font-style: inherit; font-weight: inherit;\">\u00a0<\/span><\/p><p style=\"font-weight: 400;\"><strong><span style=\"font-style: inherit;\">ELTIPOGRAFO.CL\u00a0<\/span><\/strong><\/p><p style=\"font-weight: 400;\"><a href=\"https:\/\/eltipografo.cl\/2023\/10\/consejos-para-evitar-estafas-digitales-durante-el-cyber-monday-2023\"><span style=\"font-style: inherit; font-weight: inherit;\">Consejos para evitar estafas digitales durante el Ciber Monday 2023. Se refiere Rodrigo Bustamante, jefe de Seguridad Digital.\u00a0<\/span><\/a><\/p><p style=\"font-weight: 400;\"><span style=\"font-style: inherit; font-weight: inherit;\">\u00a0<\/span><\/p><p style=\"font-weight: 400;\"><strong><span style=\"font-style: inherit;\">DIARIOTALCA.CL\u00a0<\/span><\/strong><\/p><p style=\"font-weight: 400;\"><a href=\"https:\/\/diariotalca.cl\/consejos-para-evitar-estafas-digitales-durante-el-ciber-monday-2023\/\"><span style=\"font-style: inherit; font-weight: inherit;\">Consejos para evitar estafas digitales durante el Ciber Monday 2023. Se refiere Rodrigo Bustamante, jefe de Seguridad Digital.\u00a0<\/span><\/a><\/p><p style=\"font-weight: 400;\">\u00a0<\/p><p style=\"font-weight: 400;\"><strong><span style=\"font-style: inherit;\">RADIOAGRICULTURA.CL\u00a0<\/span><span style=\"font-style: inherit;\">\u00a0<\/span><\/strong><\/p><p style=\"font-weight: 400;\"><a href=\"https:\/\/www.radioagricultura.cl\/dato-practico\/2023\/09\/28\/alergias-estacionales-consumo-de-alimentos-procesados-aumentaria-prevalencia\/\"><span style=\"font-style: inherit; font-weight: inherit;\">Alergias estacionales: Consumo de alimentos procesados aumentar\u00eda prevalencia. Se refiere Jos\u00e9 Gregorio Ledezma, acad\u00e9mico de la Escuela de Medicina. \u00a0<\/span><span style=\"font-style: inherit; font-weight: inherit;\">\u00a0<\/span><\/a><\/p><p style=\"font-weight: 400;\"><span style=\"font-style: inherit; font-weight: inherit;\">\u00a0<\/span><span style=\"font-style: inherit; font-weight: inherit;\">\u00a0<\/span><\/p><p style=\"font-weight: 400;\"><strong><span style=\"font-style: inherit; font-weight: inherit;\">EL MOSTRADOR\u00a0<\/span><span style=\"font-style: inherit; font-weight: inherit;\">\u00a0<\/span><\/strong><\/p><p style=\"font-weight: 400;\"><a href=\"https:\/\/www.elmostrador.cl\/agenda-pais\/vida-en-linea\/2023\/09\/29\/consumo-de-alimentos-procesados-aumentaria-prevalencia-de-alergias-estacionales\/\"><span style=\"font-style: inherit; font-weight: inherit;\">Consumo de alimentos procesados aumentar\u00eda prevalencia de alergias estacionales. Se refiere Jos\u00e9 Gregorio Ledezma, acad\u00e9mico de la Escuela de Medicina.\u00a0<\/span><span style=\"font-style: inherit; font-weight: inherit;\">\u00a0<\/span><\/a><\/p><p style=\"font-weight: 400;\"><span style=\"font-style: inherit; font-weight: inherit;\">\u00a0<\/span><span style=\"font-style: inherit; font-weight: inherit;\">\u00a0<\/span><\/p><p style=\"font-weight: 400;\"><strong><span style=\"font-style: inherit;\">REPORTEDIARIO.CL\u00a0<\/span><span style=\"font-style: inherit;\">\u00a0<\/span><\/strong><\/p><p style=\"font-weight: 400;\"><a href=\"https:\/\/reportediario.cl\/2023\/09\/29\/descubre-como-los-alimentos-procesados-aumentan-las-alergias-estacionales\/\"><span style=\"font-style: inherit; font-weight: inherit;\">\u00a1Descubre c\u00f3mo los alimentos procesados aumentan las alergias estacionales! Se refiere Jos\u00e9 Gregorio Ledezma, acad\u00e9mico de la Escuela de Medicina.\u00a0<\/span><span style=\"font-style: inherit; font-weight: inherit;\">\u00a0<\/span><\/a><\/p><p style=\"font-weight: 400;\"><span style=\"font-style: inherit; font-weight: inherit;\">\u00a0<\/span><\/p><p style=\"font-weight: 400;\"><strong><span style=\"font-style: inherit;\">G5NOTICIAS.CL\u00a0<\/span><\/strong><\/p><p style=\"font-weight: 400;\"><a href=\"https:\/\/g5noticias.cl\/2023\/09\/30\/consumo-de-alimentos-procesados-aumentaria-prevalencia-de-alergias-estacionales\/\"><span style=\"font-style: inherit; font-weight: inherit;\">Consumo de alimentos procesados aumentar\u00eda prevalencia de alergias estacionales. Se refiere Jos\u00e9 Gregorio Ledezma, acad\u00e9mico de la Escuela de Medicina.\u00a0<\/span><span style=\"font-style: inherit; font-weight: inherit;\">\u00a0<\/span><\/a><\/p><p style=\"font-weight: 400;\"><span style=\"font-style: inherit; font-weight: inherit;\">\u00a0<\/span><\/p><p style=\"font-weight: 400;\"><strong><span style=\"font-style: inherit;\">RADO LAUTARO\u00a0<\/span><span style=\"font-style: inherit;\">\u00a0<\/span><\/strong><\/p><p style=\"font-weight: 400;\"><a href=\"https:\/\/www.litoralpress.cl\/sitio\/RadioTV_Detalles.cshtml?LPKey=MEMCVINZQRVC4YSDYDQX63PJ32FADA3T7HDOQ6PXO2GOXR6B5KA2FBOK5FD5KQXISRAXXCV2G6QTQ\"><span style=\"font-style: inherit; font-weight: inherit;\">Alergias estacionales. Entrevista a Mar\u00eda In\u00e9s Ram\u00edrez, acad\u00e9mica de la Escuela de Enfermer\u00eda. \u00a0<\/span><span style=\"font-style: inherit; font-weight: inherit;\">\u00a0<\/span><\/a><\/p><p style=\"font-weight: 400;\"><span style=\"font-style: inherit; font-weight: inherit;\">\u00a0<\/span><\/p><p style=\"font-weight: 400;\"><strong><span style=\"font-style: inherit;\">LADERASUR.COM\u00a0<\/span><span style=\"font-style: inherit;\">\u00a0<\/span><\/strong><\/p><p style=\"font-weight: 400;\"><a href=\"https:\/\/laderasur.com\/articulo\/proyecto-internacional-busca-rescatar-las-tres-especies-de-nothofagus-amenazadas-en-sudamerica-solo-existen-en-chile\/\"><span style=\"font-style: inherit; font-weight: inherit;\">Proyecto internacional busca rescatar las tres especies de Nothofagus amenazadas en Sudam\u00e9rica: s\u00f3lo existen en Chile. Se menciona a la Universidad de Talca. \u00a0<\/span><span style=\"font-style: inherit; font-weight: inherit;\">\u00a0<\/span><\/a><\/p><p style=\"font-weight: 400;\"><span style=\"font-style: inherit; font-weight: inherit;\">\u00a0<\/span><span style=\"font-style: inherit; font-weight: inherit;\">\u00a0<\/span><\/p><p style=\"font-weight: 400;\"><strong><span style=\"font-style: inherit;\">TIERRAMARILLANO.CL\u00a0<\/span><span style=\"font-style: inherit;\">\u00a0<\/span><\/strong><\/p><p style=\"font-weight: 400;\"><a href=\"https:\/\/tierramarillano.cl\/2023\/09\/29\/vides-de-vino-resistentes-a-hongo-seran-probadas-para-evaluar-su-capacidad-comercial\/\"><span style=\"font-style: inherit; font-weight: inherit;\">Vides de vino resistentes a hongo ser\u00e1n probadas para evaluar su capacidad comercial. Se menciona al Centro Tecnol\u00f3gico de la Vid y el Vino.\u00a0<\/span><span style=\"font-style: inherit; font-weight: inherit;\">\u00a0<\/span><\/a><\/p><p style=\"font-weight: 400;\"><span style=\"font-style: inherit; font-weight: inherit;\">\u00a0<\/span><\/p><p style=\"font-weight: 400;\"><strong><span style=\"font-style: inherit;\">LA PRENSA DE CURIC\u00d3\u00a0<\/span><\/strong><\/p><p style=\"font-weight: 400;\"><a href=\"https:\/\/www.litoralpress.cl\/paginaconsultas\/Servicios_NClipSitio\/Get_Imagen_Nota.aspx?LPKey=NNJJP2HWXPY6KIVYN5QH62MB76N4ZLWNTALVO3AMBWKQAVWLW5JENY7IQHSPIBMMEKKFTCJCSOWH4\"><span style=\"font-style: inherit; font-weight: inherit;\">Dinosaurio a gran escala visita Curic\u00f3 dando inicio al Festival de las Ciencias en el Maule. Se refiere Karin Saavedra, directora general de Vinculaci\u00f3n con el Medio.\u00a0\u00a0<\/span><\/a><\/p><p style=\"font-weight: 400;\"><span style=\"font-style: inherit; font-weight: inherit;\">\u00a0<\/span><span style=\"font-style: inherit; font-weight: inherit;\">\u00a0<\/span><\/p><p style=\"font-weight: 400;\"><strong><span style=\"font-style: inherit;\">COOPERATIVA CIENCIA\u00a0<\/span><span style=\"font-style: inherit;\">\u00a0<\/span><\/strong><\/p><p style=\"font-weight: 400;\"><a href=\"https:\/\/www.cooperativaciencia.cl\/2023\/09\/29\/festival-de-las-ciencias-lleva-show-luminico-al-sur\/\"><span style=\"font-style: inherit; font-weight: inherit;\">Festival de las Ciencias lleva show lum\u00ednico al sur. Se menciona a la Universidad. \u00a0<\/span><\/a><span style=\"font-style: inherit; font-weight: inherit;\">\u00a0<\/span><\/p><p style=\"font-weight: 400;\"><span style=\"font-style: inherit; font-weight: inherit;\">\u00a0<\/span><\/p><p style=\"font-weight: 400;\"><strong><span style=\"font-style: inherit;\">CANAL TVN RED MAULE\u00a0<\/span><span style=\"font-style: inherit;\">\u00a0<\/span><\/strong><\/p><p style=\"font-weight: 400;\"><span style=\"font-style: inherit; font-weight: inherit;\"><a href=\"https:\/\/www.litoralpress.cl\/sitio\/RadioTV_Detalles.cshtml?LPKey=MOMNJIHGU5RBBFMBY5BVVYGPHWAL7IRLXIUNZOCJWWBAKO7RHSJFKFYCCHS4SNWEZ2TNJ3HDUMIGM\">En Curic\u00f3 comenzar\u00e1 el Festival de las Ciencias. Se menciona a la Universidad.<\/a> \u00a0<\/span><span style=\"font-style: inherit; font-weight: inherit;\">\u00a0<\/span><\/p><p style=\"font-weight: 400;\">\u00a0<\/p><p style=\"font-weight: 400;\"><strong><span style=\"font-style: inherit;\">EL MERCURIO\u00a0<\/span><\/strong><\/p><p style=\"font-weight: 400;\"><a href=\"https:\/\/www.litoralpress.cl\/paginaconsultas\/Servicios_NClipSitio\/Get_Imagen_Nota.aspx?LPKey=6MUXYN7IVRWLRYMRHTCFXDOHWW2OO2T4QFG6W772VXHKVZS4ERNESIPOKOG33DQ4NM2MVIEOYPDJM\"><span style=\"font-style: inherit; font-weight: inherit;\">M\u00e1s de una veintena de instituciones cerr\u00f3 al no poder cumplir con exigencia de certificaci\u00f3n. Se menciona a la Universidad de Talca.\u00a0<\/span><\/a><\/p><p style=\"font-weight: 400;\"><strong><span style=\"font-style: inherit;\">\u00a0<\/span><\/strong><\/p><p style=\"font-weight: 400;\"><strong><span style=\"font-style: inherit;\">UESTATALES.CL \u00a0<\/span><span style=\"font-style: inherit;\">\u00a0<\/span><\/strong><\/p><p style=\"font-weight: 400;\"><a href=\"http:\/\/uestatales.cl\/cue\/?q=node\/9814\"><span style=\"font-style: inherit; font-weight: inherit;\">Recientes investigaciones en el \u00e1mbito del envejecimiento fueron presentadas en Jornada Internacional. Se menciona a Eduardo Fuentes, acad\u00e9mico de Facultad de Ciencias de la Salud de la Universidad de Talca.\u00a0<\/span><span style=\"font-style: inherit; font-weight: inherit;\">\u00a0<\/span><\/a><\/p><p style=\"font-weight: 400;\"><strong><span style=\"font-style: inherit;\">\u00a0<\/span><span style=\"font-style: inherit;\">\u00a0<\/span><\/strong><\/p><p style=\"font-weight: 400;\"><strong><span style=\"font-style: inherit;\">UESTATALES.CL \u00a0<\/span><span style=\"font-style: inherit;\">\u00a0<\/span><\/strong><\/p><p style=\"font-weight: 400;\"><a href=\"http:\/\/uestatales.cl\/cue\/?q=node\/9812\"><span style=\"font-style: inherit; font-weight: inherit;\">Profesionales de Vinculaci\u00f3n con el Medio de universidades estatales de todo Chile llegan a Concepci\u00f3n para compartir buenas practices. Se menciona\u00a0\u00a0a Andr\u00e9s Astorga, profesional del Departamento de Coordinaci\u00f3n y Evaluaci\u00f3n de la Vinculaci\u00f3n.\u00a0<\/span><span style=\"font-style: inherit; font-weight: inherit;\">\u00a0<\/span><\/a><\/p><p style=\"font-weight: 400;\"><span style=\"font-style: inherit; font-weight: inherit;\">\u00a0<\/span><span style=\"font-style: inherit; font-weight: inherit;\">\u00a0<\/span><\/p><p style=\"font-weight: 400;\"><strong><span style=\"font-style: inherit;\">CANAL TVN RED MAULE\u00a0<\/span><span style=\"font-style: inherit;\">\u00a0<\/span><\/strong><\/p><p style=\"font-weight: 400;\"><a href=\"https:\/\/www.litoralpress.cl\/sitio\/RadioTV_Detalles.cshtml?LPKey=UPCIHXM62XL5AWCYKDIWOGQB2GYTJQJGAJRF4SCZBVRZHEF3NQJ6Q2N6EMIPQLV6KYHPIVTQAMDII\"><span style=\"font-style: inherit; font-weight: inherit;\">Ma\u00f1ana al mediod\u00eda se realizar\u00e1 un nuevo conversatorio en el marco de la C\u00e1tedra Hispanoamericana Oreste Platt. Se menciona a Extensi\u00f3n UTalca. <\/span><span style=\"font-style: inherit; font-weight: inherit;\">\u00a0<\/span><\/a><\/p>\t\t\t\t\t\t<\/div>\n\t\t\t\t<\/div>\n\t\t\t\t\t<\/div>\n\t\t<\/div>\n\t\t\t\t\t\t\t<\/div>\n\t\t<\/section>\n\t\t\t\t\t\t<\/div>\n\t\t\t\t\t<\/div>\n\t\t","protected":false},"excerpt":{"rendered":"<p>ADPRENSA\u00a0 Investigaci\u00f3n busca mejorar el cultivo de tomates\u00a0en invernadero. Se refiere Hern\u00e1n Paill\u00e1n, acad\u00e9mico de la Facultad de Ciencias Agrarias y director del proyecto.\u00a0 \u00a0 MEDIABANCO\u00a0 Investigaci\u00f3n busca mejorar el cultivo de tomates en invernadero. Se refiere Hern\u00e1n Paill\u00e1n, acad\u00e9mico de la Facultad de Ciencias Agrarias y director del proyecto. \u00a0 SEPTIMAPAGINANOTICIAS.CL\u00a0 Investigaci\u00f3n busca mejorar &hellip;<\/p>\n<p class=\"read-more\"> <a class=\"\" href=\"https:\/\/www.reportedeprensa.utalca.cl\/?p=8331\"> <span class=\"screen-reader-text\">02 de octubre de 2023<\/span> Read More &raquo;<\/a><\/p>\n","protected":false},"author":1,"featured_media":0,"comment_status":"closed","ping_status":"open","sticky":false,"template":"","format":"standard","meta":{"_monsterinsights_skip_tracking":false,"_monsterinsights_sitenote_active":false,"_monsterinsights_sitenote_note":"","_monsterinsights_sitenote_category":0},"categories":[41],"tags":[],"_links":{"self":[{"href":"https:\/\/www.reportedeprensa.utalca.cl\/index.php?rest_route=\/wp\/v2\/posts\/8331"}],"collection":[{"href":"https:\/\/www.reportedeprensa.utalca.cl\/index.php?rest_route=\/wp\/v2\/posts"}],"about":[{"href":"https:\/\/www.reportedeprensa.utalca.cl\/index.php?rest_route=\/wp\/v2\/types\/post"}],"author":[{"embeddable":true,"href":"https:\/\/www.reportedeprensa.utalca.cl\/index.php?rest_route=\/wp\/v2\/users\/1"}],"replies":[{"embeddable":true,"href":"https:\/\/www.reportedeprensa.utalca.cl\/index.php?rest_route=%2Fwp%2Fv2%2Fcomments&post=8331"}],"version-history":[{"count":4,"href":"https:\/\/www.reportedeprensa.utalca.cl\/index.php?rest_route=\/wp\/v2\/posts\/8331\/revisions"}],"predecessor-version":[{"id":8335,"href":"https:\/\/www.reportedeprensa.utalca.cl\/index.php?rest_route=\/wp\/v2\/posts\/8331\/revisions\/8335"}],"wp:attachment":[{"href":"https:\/\/www.reportedeprensa.utalca.cl\/index.php?rest_route=%2Fwp%2Fv2%2Fmedia&parent=8331"}],"wp:term":[{"taxonomy":"category","embeddable":true,"href":"https:\/\/www.reportedeprensa.utalca.cl\/index.php?rest_route=%2Fwp%2Fv2%2Fcategories&post=8331"},{"taxonomy":"post_tag","embeddable":true,"href":"https:\/\/www.reportedeprensa.utalca.cl\/index.php?rest_route=%2Fwp%2Fv2%2Ftags&post=8331"}],"curies":[{"name":"wp","href":"https:\/\/api.w.org\/{rel}","templated":true}]}}