{"id":835,"date":"2021-04-27T09:42:54","date_gmt":"2021-04-27T12:42:54","guid":{"rendered":"https:\/\/www.reportedeprensa.utalca.cl\/?p=835"},"modified":"2021-04-27T10:02:40","modified_gmt":"2021-04-27T13:02:40","slug":"27-de-abril-de-2021","status":"publish","type":"post","link":"https:\/\/www.reportedeprensa.utalca.cl\/?p=835","title":{"rendered":"27 de abril de 2021"},"content":{"rendered":"\t\t<div data-elementor-type=\"wp-post\" data-elementor-id=\"835\" class=\"elementor elementor-835\" data-elementor-settings=\"[]\">\n\t\t\t\t\t\t\t<div class=\"elementor-section-wrap\">\n\t\t\t\t\t\t\t<section class=\"elementor-section elementor-top-section elementor-element elementor-element-a06ca45 elementor-section-boxed elementor-section-height-default elementor-section-height-default\" data-id=\"a06ca45\" data-element_type=\"section\">\n\t\t\t\t\t\t<div class=\"elementor-container elementor-column-gap-default\">\n\t\t\t\t\t<div class=\"elementor-column elementor-col-100 elementor-top-column elementor-element elementor-element-1486c35\" data-id=\"1486c35\" data-element_type=\"column\">\n\t\t\t<div class=\"elementor-widget-wrap elementor-element-populated\">\n\t\t\t\t\t\t\t\t<div class=\"elementor-element elementor-element-42b145e elementor-widget elementor-widget-text-editor\" data-id=\"42b145e\" data-element_type=\"widget\" data-widget_type=\"text-editor.default\">\n\t\t\t\t<div class=\"elementor-widget-container\">\n\t\t\t\t\t\t\t\t<p><b>UNIVERSIDADESESTATALES.CL<\/b><\/p><p><a style=\"font-style: inherit; font-weight: inherit; background-color: #ffffff; font-family: -apple-system, BlinkMacSystemFont,;\" href=\"http:\/\/www.universidadesestatales.cl\/cue\/?q=node\/8668\" target=\"_blank\" rel=\"noopener\">UTalca recibe nueva certificaci\u00f3n en sustentabilidad.<\/a><\/p>\t\t\t\t\t\t<\/div>\n\t\t\t\t<\/div>\n\t\t\t\t<div class=\"elementor-element elementor-element-fdef248 elementor-widget elementor-widget-text-editor\" data-id=\"fdef248\" data-element_type=\"widget\" data-widget_type=\"text-editor.default\">\n\t\t\t\t<div class=\"elementor-widget-container\">\n\t\t\t\t\t\t\t\t<p><b>PORTALEDUCACION.CL<\/b><\/p><p><a style=\"font-style: inherit; font-weight: inherit; background-color: #ffffff; font-family: -apple-system, BlinkMacSystemFont,;\" href=\"https:\/\/portaleducacion.cl\/index.php\/2021\/04\/26\/utalca-recibe-nueva-certificacion-en-sustentabilidad\/\" target=\"_blank\" rel=\"noopener\">UTalca recibe nueva certificaci\u00f3n en sustentabilidad.<\/a><\/p>\t\t\t\t\t\t<\/div>\n\t\t\t\t<\/div>\n\t\t\t\t<div class=\"elementor-element elementor-element-0c404da elementor-widget elementor-widget-text-editor\" data-id=\"0c404da\" data-element_type=\"widget\" data-widget_type=\"text-editor.default\">\n\t\t\t\t<div class=\"elementor-widget-container\">\n\t\t\t\t\t\t\t\t<p><b>MAULEE.CL<\/b><\/p><p><a style=\"font-style: inherit; font-weight: inherit; background-color: #ffffff; font-family: -apple-system, BlinkMacSystemFont,;\" href=\"https:\/\/www.maulee.cl\/utalca-recibe-nueva-certificacion-en-sustentabilidad\/\" target=\"_blank\" rel=\"noopener\">UTalca recibe nueva certificaci\u00f3n en sustentabilidad.<\/a><\/p>\t\t\t\t\t\t<\/div>\n\t\t\t\t<\/div>\n\t\t\t\t<div class=\"elementor-element elementor-element-600b309 elementor-widget elementor-widget-text-editor\" data-id=\"600b309\" data-element_type=\"widget\" data-widget_type=\"text-editor.default\">\n\t\t\t\t<div class=\"elementor-widget-container\">\n\t\t\t\t\t\t\t\t<p><b>SEXTANOTICIAS.CL<\/b><\/p><p><a style=\"font-style: inherit; font-weight: inherit; background-color: #ffffff; font-family: -apple-system, BlinkMacSystemFont,;\" href=\"https:\/\/www.sextanoticias.cl\/utalca-recibe-nueva-certificacion-en-sustentabilidad\/\" target=\"_blank\" rel=\"noopener\">UTalca recibe nueva certificaci\u00f3n en sustentabilidad.<\/a><\/p>\t\t\t\t\t\t<\/div>\n\t\t\t\t<\/div>\n\t\t\t\t<div class=\"elementor-element elementor-element-2f3537a elementor-widget elementor-widget-text-editor\" data-id=\"2f3537a\" data-element_type=\"widget\" data-widget_type=\"text-editor.default\">\n\t\t\t\t<div class=\"elementor-widget-container\">\n\t\t\t\t\t\t\t\t<p><b>LAS \u00daLTIMAS NOTICIAS<\/b><\/p><p><a style=\"font-style: inherit; font-weight: inherit; background-color: #ffffff; font-family: -apple-system, BlinkMacSystemFont,;\" href=\"https:\/\/www.litoralpress.cl\/paginaconsultas\/Servicios_NClip\/Get_Imagen_Nota.aspx?LPKey=.I0ih.Gp.%C3%9Ck5.N.A.F.F.M7zvo.J.Z.S.P.R.M.E7.P.S.Kfdpo.Wd.Q2y6.E9ba.Ijnbtrby.Z.Ykisap.B.%C3%9Cr.Q.Jj\" target=\"_blank\" rel=\"noopener\">As\u00ed vienen los cuatro sistemas frontales que traer\u00e1n harta agua a Chile. Se refiere Patricio Gonz\u00e1lez, acad\u00e9mico del Centro de Investigaci\u00f3n y Transferencia en Riego y Agroclimatolog\u00eda (CITRA) de la UTalca.<\/a><\/p>\t\t\t\t\t\t<\/div>\n\t\t\t\t<\/div>\n\t\t\t\t<div class=\"elementor-element elementor-element-06c643c elementor-widget elementor-widget-text-editor\" data-id=\"06c643c\" data-element_type=\"widget\" data-widget_type=\"text-editor.default\">\n\t\t\t\t<div class=\"elementor-widget-container\">\n\t\t\t\t\t\t\t\t<p><b>SOYCHILE.CL<\/b><\/p><p><a style=\"font-style: inherit; font-weight: inherit; background-color: #ffffff; font-family: -apple-system, BlinkMacSystemFont,;\" href=\"https:\/\/www.soychile.cl\/Valparaiso\/Sociedad\/2021\/04\/26\/703400\/Valparaiso-es-la-segunda-region-que-peor-duerme-en-ChileValparaiso-es-la-segunda-region-que-peor-duerme-en-Chile.aspx\" target=\"_blank\" rel=\"noopener\">Valpara\u00edso es la segunda regi\u00f3n que peor duerme en Chile. Se menciona estudio realizado por acad\u00e9micos de la Facultad de Psicolog\u00eda de la UTalca.<\/a><\/p>\t\t\t\t\t\t<\/div>\n\t\t\t\t<\/div>\n\t\t\t\t<div class=\"elementor-element elementor-element-c294786 elementor-widget elementor-widget-text-editor\" data-id=\"c294786\" data-element_type=\"widget\" data-widget_type=\"text-editor.default\">\n\t\t\t\t<div class=\"elementor-widget-container\">\n\t\t\t\t\t\t\t\t<p><b>MARGAMARGATV.CL<\/b><\/p><p><a style=\"font-style: inherit; font-weight: inherit; background-color: #ffffff; font-family: -apple-system, BlinkMacSystemFont,;\" href=\"https:\/\/margamargatv.cl\/segun-estudio-valparaiso-es-la-segunda-region-que-peor-duerme-en-chile\/\" target=\"_blank\" rel=\"noopener\">Seg\u00fan estudio Valpara\u00edso es la segunda regi\u00f3n que peor duerme en Chile. Se refiere H\u00e9ctor Vargas, acad\u00e9mico de la Facultad de Psicolog\u00eda de la UTalca.Seg\u00fan estudio Valpara\u00edso es la segunda regi\u00f3n que peor duerme en Chile. Se refiere H\u00e9ctor Vargas, acad\u00e9mico de la Facultad de Psicolog\u00eda de la UTalca.<\/a><\/p>\t\t\t\t\t\t<\/div>\n\t\t\t\t<\/div>\n\t\t\t\t<div class=\"elementor-element elementor-element-4801916 elementor-widget elementor-widget-text-editor\" data-id=\"4801916\" data-element_type=\"widget\" data-widget_type=\"text-editor.default\">\n\t\t\t\t<div class=\"elementor-widget-container\">\n\t\t\t\t\t\t\t\t<p><b>RADIO AMIGA<\/b><\/p><p><a style=\"font-style: inherit; font-weight: inherit; background-color: #ffffff; font-family: -apple-system, BlinkMacSystemFont,;\" href=\"https:\/\/www.litoralpress.cl\/Archivos\/8.Er.R.N.Dopbogl.O84.Ps.Bdz.T.A.%c3%96.%c3%96.mp3\" target=\"_blank\" rel=\"noopener\">Tercera dosis y efectividad de las vacunas contra las nuevas cepas de COVID-19. Se refiere Sergio Wehinger, director del Mag\u00edster en Ciencias Biom\u00e9dicas de la UTalca.<\/a><\/p>\t\t\t\t\t\t<\/div>\n\t\t\t\t<\/div>\n\t\t\t\t<div class=\"elementor-element elementor-element-330c751 elementor-widget elementor-widget-text-editor\" data-id=\"330c751\" data-element_type=\"widget\" data-widget_type=\"text-editor.default\">\n\t\t\t\t<div class=\"elementor-widget-container\">\n\t\t\t\t\t\t\t\t<p><b>RADIO INFINITA<\/b><\/p><p><a style=\"font-style: inherit; font-weight: inherit; background-color: #ffffff; font-family: -apple-system, BlinkMacSystemFont,;\" href=\"https:\/\/www.litoralpress.cl\/Archivos\/.Gcq0.A.Z.C.L.X.E.Bp.R.S-.Srhi.U.M.A.%c3%96.%c3%96.mp3\" target=\"_blank\" rel=\"noopener\">Entrevista a Mauricio Morales, director del Centro de An\u00e1lisis Pol\u00edtico (CAP) de la UTalca.<\/a><\/p>\t\t\t\t\t\t<\/div>\n\t\t\t\t<\/div>\n\t\t\t\t<div class=\"elementor-element elementor-element-d62a3cd elementor-widget elementor-widget-text-editor\" data-id=\"d62a3cd\" data-element_type=\"widget\" data-widget_type=\"text-editor.default\">\n\t\t\t\t<div class=\"elementor-widget-container\">\n\t\t\t\t\t\t\t\t<p><b>EMOL.COM<\/b><\/p><p><a style=\"font-style: inherit; font-weight: inherit; background-color: #ffffff; font-family: -apple-system, BlinkMacSystemFont,;\" href=\"https:\/\/www.emol.com\/noticias\/Nacional\/2021\/04\/27\/1019102\/Presidenciables-ChileVamos-y-retiro.html\" target=\"_blank\" rel=\"noopener\">Cuatro de cinco presidenciales junto a Pi\u00f1era: Los efectos del anuncio del 10% en la carrera a La Moneda de Chile Vamos. Se refiere Mauricio Morales, director del Centro de An\u00e1lisis Pol\u00edtico (CAP) de la UTalca.<\/a><\/p>\t\t\t\t\t\t<\/div>\n\t\t\t\t<\/div>\n\t\t\t\t<div class=\"elementor-element elementor-element-01971e1 elementor-widget elementor-widget-text-editor\" data-id=\"01971e1\" data-element_type=\"widget\" data-widget_type=\"text-editor.default\">\n\t\t\t\t<div class=\"elementor-widget-container\">\n\t\t\t\t\t\t\t\t<p><b>DIARIO TALCA<\/b><\/p><p><a style=\"font-style: inherit; font-weight: inherit; background-color: #ffffff; font-family: -apple-system, BlinkMacSystemFont,;\" href=\"https:\/\/www.litoralpress.cl\/sitio\/Prensa_PaginaCompleta.cshtml?LPKey=srli12.Q0.Ul.G.Z0owet.Ii.H.Qq3.W4fh.Eov.%C3%9C.Ip.F.Y.Cuw.S5s.%C3%9Ck.%C3%96\" target=\"_blank\" rel=\"noopener\">La \u201ccrisis espejo\u201d que puede marcar la elecci\u00f3n presidencial en Chile. Se refiere Alejandra M\u00e1rquez, acad\u00e9mica de la Facultad de Ciencias Jur\u00eddicas y Sociales de la UTalca.<\/a><\/p>\t\t\t\t\t\t<\/div>\n\t\t\t\t<\/div>\n\t\t\t\t<div class=\"elementor-element elementor-element-8ce1a97 elementor-widget elementor-widget-text-editor\" data-id=\"8ce1a97\" data-element_type=\"widget\" data-widget_type=\"text-editor.default\">\n\t\t\t\t<div class=\"elementor-widget-container\">\n\t\t\t\t\t\t\t\t<p><b>DIARIO TALCA<\/b><\/p><p><a style=\"font-style: inherit; font-weight: inherit; background-color: #ffffff; font-family: -apple-system, BlinkMacSystemFont,;\" href=\"https:\/\/www.litoralpress.cl\/sitio\/Prensa_PaginaCompleta.cshtml?LPKey=.Y.D.X.Wa.A.A9i.Dw.K.G8k.W.Xo.Gj.D.%C3%9C8.Ldr95of.Tau.R.%C3%9Cy.Gh.Bli3.E.%C3%96\" target=\"_blank\" rel=\"noopener\">(Des) Clasificando a Parra. Se menciona que libro \u201cCatalogo de obra 1937-2018\u201d fue editado por el Centro de Documentaci\u00f3n Patrimonial de la UTalca.<\/a><\/p>\t\t\t\t\t\t<\/div>\n\t\t\t\t<\/div>\n\t\t\t\t<div class=\"elementor-element elementor-element-554fbe5 elementor-widget elementor-widget-text-editor\" data-id=\"554fbe5\" data-element_type=\"widget\" data-widget_type=\"text-editor.default\">\n\t\t\t\t<div class=\"elementor-widget-container\">\n\t\t\t\t\t\t\t\t<p><b>DIARIO TALCA<\/b><\/p><p><a style=\"font-style: inherit; font-weight: inherit; background-color: #ffffff; font-family: -apple-system, BlinkMacSystemFont,;\" href=\"https:\/\/www.litoralpress.cl\/paginaconsultas\/Servicios_NClip\/Get_Imagen_Nota.aspx?LPKey=p0e6z86.S.G.B3gg.Lbr7z6o7e.U8mv2.G065mp4q.L3.U.A.P.Suvs.T.Zw\/yir.M.Mjk.T.Qec.Sgtc.J\" target=\"_blank\" rel=\"noopener\">Editorial UTalca lanza e-book sobre Susana Wald<\/a><\/p>\t\t\t\t\t\t<\/div>\n\t\t\t\t<\/div>\n\t\t\t\t<div class=\"elementor-element elementor-element-9ae22e2 elementor-widget elementor-widget-text-editor\" data-id=\"9ae22e2\" data-element_type=\"widget\" data-widget_type=\"text-editor.default\">\n\t\t\t\t<div class=\"elementor-widget-container\">\n\t\t\t\t\t\t\t\t<p><b>DIARIO TALCA<\/b><\/p><p><a style=\"font-style: inherit; font-weight: inherit; background-color: #ffffff; font-family: -apple-system, BlinkMacSystemFont,;\" href=\"https:\/\/www.litoralpress.cl\/paginaconsultas\/Servicios_NClip\/Get_Imagen_Nota.aspx?LPKey=u.Jk44l8.I.U8r6co.H0gst.S.R.Z.Vvo.N.Xv.B.Xexq.%C3%9C.Ijrc4c.B.Z8.Ss3.R54.F.S.Vgy2n7i.K.B.Wqro\" target=\"_blank\" rel=\"noopener\">Ruta hacia Mendoza. Se menciona el Centro de Documentaci\u00f3n Patrimonial del Instituto de Estudios Human\u00edsticos de la UTalca.<\/a><\/p>\t\t\t\t\t\t<\/div>\n\t\t\t\t<\/div>\n\t\t\t\t<div class=\"elementor-element elementor-element-922d785 elementor-widget elementor-widget-text-editor\" data-id=\"922d785\" data-element_type=\"widget\" data-widget_type=\"text-editor.default\">\n\t\t\t\t<div class=\"elementor-widget-container\">\n\t\t\t\t\t\t\t\t<p><b>DIARIO TALCA<\/b><\/p><p><a style=\"font-style: inherit; font-weight: inherit; background-color: #ffffff; font-family: -apple-system, BlinkMacSystemFont,;\" href=\"https:\/\/www.litoralpress.cl\/sitio\/Prensa_PaginaCompleta.cshtml?LPKey=k.O7.M0j.A7.Ajc.B.Uyqbu4.X6bsfc7.Cp.Ar.Neqd.Oo.J.A.L6i.Ldg.%C3%96\u200b\" target=\"_blank\" rel=\"noopener\">Las cr\u00f3nicas de Benito Riquelme. Se menciona el Centro de Documentaci\u00f3n Patrimonial de la UTalca.<\/a><\/p>\t\t\t\t\t\t<\/div>\n\t\t\t\t<\/div>\n\t\t\t\t\t<\/div>\n\t\t<\/div>\n\t\t\t\t\t\t\t<\/div>\n\t\t<\/section>\n\t\t\t\t\t\t<\/div>\n\t\t\t\t\t<\/div>\n\t\t","protected":false},"excerpt":{"rendered":"<p>UNIVERSIDADESESTATALES.CL UTalca recibe nueva certificaci\u00f3n en sustentabilidad. PORTALEDUCACION.CL UTalca recibe nueva certificaci\u00f3n en sustentabilidad. MAULEE.CL UTalca recibe nueva certificaci\u00f3n en sustentabilidad. SEXTANOTICIAS.CL UTalca recibe nueva certificaci\u00f3n en sustentabilidad. LAS \u00daLTIMAS NOTICIAS As\u00ed vienen los cuatro sistemas frontales que traer\u00e1n harta agua a Chile. Se refiere Patricio Gonz\u00e1lez, acad\u00e9mico del Centro de Investigaci\u00f3n y Transferencia en &hellip;<\/p>\n<p class=\"read-more\"> <a class=\"\" href=\"https:\/\/www.reportedeprensa.utalca.cl\/?p=835\"> <span class=\"screen-reader-text\">27 de abril de 2021<\/span> Read More &raquo;<\/a><\/p>\n","protected":false},"author":1,"featured_media":0,"comment_status":"closed","ping_status":"open","sticky":false,"template":"elementor_theme","format":"standard","meta":{"_monsterinsights_skip_tracking":false,"_monsterinsights_sitenote_active":false,"_monsterinsights_sitenote_note":"","_monsterinsights_sitenote_category":0},"categories":[7],"tags":[],"_links":{"self":[{"href":"https:\/\/www.reportedeprensa.utalca.cl\/index.php?rest_route=\/wp\/v2\/posts\/835"}],"collection":[{"href":"https:\/\/www.reportedeprensa.utalca.cl\/index.php?rest_route=\/wp\/v2\/posts"}],"about":[{"href":"https:\/\/www.reportedeprensa.utalca.cl\/index.php?rest_route=\/wp\/v2\/types\/post"}],"author":[{"embeddable":true,"href":"https:\/\/www.reportedeprensa.utalca.cl\/index.php?rest_route=\/wp\/v2\/users\/1"}],"replies":[{"embeddable":true,"href":"https:\/\/www.reportedeprensa.utalca.cl\/index.php?rest_route=%2Fwp%2Fv2%2Fcomments&post=835"}],"version-history":[{"count":4,"href":"https:\/\/www.reportedeprensa.utalca.cl\/index.php?rest_route=\/wp\/v2\/posts\/835\/revisions"}],"predecessor-version":[{"id":839,"href":"https:\/\/www.reportedeprensa.utalca.cl\/index.php?rest_route=\/wp\/v2\/posts\/835\/revisions\/839"}],"wp:attachment":[{"href":"https:\/\/www.reportedeprensa.utalca.cl\/index.php?rest_route=%2Fwp%2Fv2%2Fmedia&parent=835"}],"wp:term":[{"taxonomy":"category","embeddable":true,"href":"https:\/\/www.reportedeprensa.utalca.cl\/index.php?rest_route=%2Fwp%2Fv2%2Fcategories&post=835"},{"taxonomy":"post_tag","embeddable":true,"href":"https:\/\/www.reportedeprensa.utalca.cl\/index.php?rest_route=%2Fwp%2Fv2%2Ftags&post=835"}],"curies":[{"name":"wp","href":"https:\/\/api.w.org\/{rel}","templated":true}]}}