{"id":8350,"date":"2023-10-03T12:40:06","date_gmt":"2023-10-03T15:40:06","guid":{"rendered":"https:\/\/www.reportedeprensa.utalca.cl\/?p=8350"},"modified":"2023-10-03T12:45:38","modified_gmt":"2023-10-03T15:45:38","slug":"03-de-octubre-de-2023","status":"publish","type":"post","link":"https:\/\/www.reportedeprensa.utalca.cl\/?p=8350","title":{"rendered":"03 de octubre de 2023"},"content":{"rendered":"\t\t<div data-elementor-type=\"wp-post\" data-elementor-id=\"8350\" class=\"elementor elementor-8350\" data-elementor-settings=\"[]\">\n\t\t\t\t\t\t\t<div class=\"elementor-section-wrap\">\n\t\t\t\t\t\t\t<section class=\"elementor-section elementor-top-section elementor-element elementor-element-10154d05 elementor-section-boxed elementor-section-height-default elementor-section-height-default\" data-id=\"10154d05\" data-element_type=\"section\">\n\t\t\t\t\t\t<div class=\"elementor-container elementor-column-gap-default\">\n\t\t\t\t\t<div class=\"elementor-column elementor-col-100 elementor-top-column elementor-element elementor-element-5db19c21\" data-id=\"5db19c21\" data-element_type=\"column\">\n\t\t\t<div class=\"elementor-widget-wrap elementor-element-populated\">\n\t\t\t\t\t\t\t\t<div class=\"elementor-element elementor-element-587e31be elementor-widget elementor-widget-text-editor\" data-id=\"587e31be\" data-element_type=\"widget\" data-widget_type=\"text-editor.default\">\n\t\t\t\t<div class=\"elementor-widget-container\">\n\t\t\t\t\t\t\t\t<p><strong>LA PRENSA DE CURIC\u00d3<\/strong><\/p><p><a href=\"https:\/\/www.litoralpress.cl\/paginaconsultas\/Servicios_NClipSitio\/Get_Imagen_Nota.aspx?LPKey=IUA3E7MIW4LOFJ5BBJKCHZYVUOTOWYIQDWCL6I3QICZHQK4AHMBCBVY264ZPVO5HREZON4JDPL3ZA\">Pasacalle a gran escala \u201cLa Pichint\u00fan\u201d convoc\u00f3 a la comunidad curicana. Se refiere Carlos Torres Fuchslocher, rector. <\/a><\/p><p>\u00a0<\/p><p><strong>MEDIABANCO<\/strong><\/p><p><a href=\"https:\/\/www.mediabanco.com\/festival-de-las-ciencias-2023-en-el-mauleinicio-con-una-alta-convocatoria-de-publico\/\">Festival de las Ciencias 2023 en el Maule inici\u00f3 con una alta convocatoria de p\u00fablico. Se refiere Carlos Torres Fuchslocher, rector.<\/a><\/p><p>\u00a0<\/p><p><strong>FUTURO360.COM<\/strong><\/p><p><a href=\"https:\/\/www.futuro360.com\/futuro\/fetival-ciencias-200-actividades-gratuitas_20231002\/\">Festival de las Ciencias: Revisa las m\u00e1s de 200 actividades gratuitas en todo el pa\u00eds que puedes participar. Se menciona a Explora Maule de la Universidad.<\/a><\/p><p><strong>\u00a0<\/strong><\/p><p><strong>LATRIBUNA.CL<\/strong><\/p><p><a href=\"https:\/\/www.latribuna.cl\/agroforestal\/2023\/10\/02\/investigacion-busca-mejorar-el-cultivo-de-tomates-en-invernadero.html\">Investigaci\u00f3n busca mejorar el cultivo de tomates en invernadero. Se refiere Hern\u00e1n Paill\u00e1n, acad\u00e9mico de la Facultad de Ciencias Agrarias y director del proyecto.<\/a><\/p><p>\u00a0<\/p><p><strong>CIENCIAENCHILE.CL<\/strong><\/p><p><a href=\"https:\/\/www.cienciaenchile.cl\/investigacion-busca-mejorar-el-cultivo-de-tomates-en-invernadero\/\">Investigaci\u00f3n busca mejorar el cultivo de tomates en invernadero. Se refiere Hern\u00e1n Paill\u00e1n, acad\u00e9mico de la Facultad de Ciencias Agrarias y director del proyecto.<\/a><\/p><p>\u00a0<\/p><p><strong>EMB.CL<\/strong><\/p><p><a href=\"https:\/\/www.emb.cl\/construccion\/noticia.mvc?nid=20231002w7&amp;ni=licitaciones-desiertas-en-la-construccion-aumentan-100\">Licitaciones desiertas en la construcci\u00f3n aumentan 100%. Se refiere Armando Dur\u00e1n, acad\u00e9mico de la Facultad de Ingenier\u00eda<\/a><strong>.<\/strong><\/p><p>\u00a0<\/p><p><strong>COOPERATIVA.CL<\/strong><\/p><p><a href=\"https:\/\/www.cooperativa.cl\/noticias\/corporativo\/efecto-china\/efecto-china-noticias\/experta-chilena-zonas-de-libre-comercio-marcan-un-hito-en-el-desarrollo\/2023-10-02\/160027.html?=efectochina?=efectochina\">Experta chilena: Zonas de Libre Comercio marcan un hito en el desarrollo de China. Se refiere Karina Pi\u00f1a, acad\u00e9mica de la Facultad de Econom\u00eda y Negocios. <\/a><\/p><p>\u00a0<\/p><p><strong>EL TIP\u00d3GRAFO<\/strong><\/p><p><a href=\"https:\/\/www.litoralpress.cl\/paginaconsultas\/Servicios_NClipSitio\/Get_Imagen_Nota.aspx?LPKey=CITHCCOTLHUKBESEP54Q5FMKX6SA3D5RBAZIF452YUZAU4TAHIT5G23SXV7NOTDT6UH2P4PCGYTKI\">Lluvias en octubre y noviembre afectar\u00edan la exportaci\u00f3n de frutas. Se refiere Patricio Gonz\u00e1lez Colville, acad\u00e9mico del Centro de Investigaci\u00f3n y Transferencia en Riego y Agroclimatolog\u00eda de la Universidad de Talca.\u00a0<\/a><\/p><p>\u00a0<\/p><p><strong>ELTIPOGRAFO.CL<\/strong><\/p><p><a href=\"https:\/\/eltipografo.cl\/2023\/10\/lluvias-en-octubre-y-noviembre-afectarian-la-exportacion-de-frutas\">Lluvias en octubre y noviembre afectar\u00edan la exportaci\u00f3n de frutas. Se refiere Patricio Gonz\u00e1lez Colville, acad\u00e9mico del Centro de Investigaci\u00f3n y Transferencia en Riego y Agroclimatolog\u00eda de la Universidad de Talca.\u00a0<\/a><\/p><p>\u00a0<\/p><p><strong>RADIO AMIGA<\/strong><\/p><p><a href=\"https:\/\/www.litoralpress.cl\/sitio\/RadioTV_Detalles.cshtml?LPKey=JGCFJUKYXN3HAAO7MCH4MAJCSCGRO2D5EMPI4BXLVJUJ2SXBTL2RBHT2FFOEHEOSGE2KTATO54FKG\">Lluvias traer\u00edan da\u00f1os a la producci\u00f3n de frutas y vides. Se refiere Patricio Gonz\u00e1lez Colville, acad\u00e9mico del Centro de Investigaci\u00f3n y Transferencia en Riego y Agroclimatolog\u00eda de la Universidad de Talca.\u00a0<\/a><\/p><p>\u00a0<\/p><p><strong>ADPRENSA<\/strong><\/p><p><a href=\"https:\/\/www.adprensa.cl\/cronica\/que-debemos-saber-sobre-el-virus-nipah\/\">\u00bfQu\u00e9 debemos saber sobre el virus Nipah? Se refiere Erika Retamal Contreras, directora del Departamento de Salud P\u00fablica. <\/a><\/p><p>\u00a0<\/p><p><strong>ELDIARIODESANTIAGO.CL<\/strong><\/p><p><a href=\"https:\/\/eldiariosantiago.cl\/que-debemos-saber-sobre-el-virus-nipah\/\">\u00bfQu\u00e9 debemos saber sobre el virus Nipah? Se refiere Erika Retamal Contreras, directora del Departamento de Salud P\u00fablica.<\/a><\/p><p>\u00a0<\/p><p><strong>ELDIARIODELAARAUCANIA.CL<\/strong><\/p><p><a href=\"https:\/\/eldiariodelaaraucania.cl\/2023\/10\/02\/que-debemos-saber-sobre-el-virus-nipah\/\">\u00bfQu\u00e9 debemos saber sobre el virus Nipah? Se refiere Erika Retamal Contreras, directora del Departamento de Salud P\u00fablica.<\/a><\/p><p>\u00a0<\/p><p><strong>ELDIARIODELACOSTA.CL<\/strong><\/p><p><a href=\"https:\/\/eldiariodelacosta.cl\/2023\/10\/02\/que-debemos-saber-sobre-el-virus-nipah\/\">\u00bfQu\u00e9 debemos saber sobre el virus Nipah? Se refiere Erika Retamal Contreras, directora del Departamento de Salud P\u00fablica.<\/a><\/p><p>\u00a0<\/p><p><strong>SEPTIMAPAGINANOTICIAS.CL<\/strong><\/p><p><a href=\"https:\/\/www.septimapaginanoticias.cl\/que-debemos-saber-sobre-el-virus-nipah\">\u00bfQu\u00e9 debemos saber sobre el virus Nipah? Se refiere Erika Retamal Contreras, directora del Departamento de Salud P\u00fablica.<\/a><\/p><p>\u00a0<\/p><p><strong>ELMAULEINFORMA.CL<\/strong><\/p><p><a href=\"https:\/\/elmauleinforma.cl\/que-debemos-saber-sobre-el-virus-nipah\/\">\u00bfQu\u00e9 debemos saber sobre el virus Nipah? Se refiere Erika Retamal Contreras, directora del Departamento de Salud P\u00fablica.<\/a><\/p><p>\u00a0<\/p><p><strong>EL MOSTRADOR<\/strong><\/p><p><a href=\"https:\/\/www.elmostrador.cl\/agenda-pais\/agenda-digital\/2023\/10\/03\/como-evitar-estafas-digitales-durante-el-cyber-monday-2023\/\">C\u00f3mo evitar estafas digitales durante el Cyber Monday 2023. Se refiere Rodrigo Bustamante, jefe de Seguridad Digital.<\/a><\/p><p><strong>\u00a0<\/strong><\/p><p><strong>LA ESTRELLA DE CHILO\u00c9\u00a0\u00a0\u00a0\u00a0\u00a0\u00a0\u00a0 <\/strong><\/p><p><a href=\"https:\/\/www.litoralpress.cl\/paginaconsultas\/Servicios_NClipSitio\/Get_Imagen_Nota.aspx?LPKey=RLHMWOLZWK23MXSD2D3Z3LMVSWSDSM4BJJRABWHYWJI4LMEGDDKYAMSFWBZMRSQE4AW75HMLBEOFC\">Residuos de vi\u00f1edos pueden ser usados para cosm\u00e9ticos y f\u00e1rmacos. Se menciona a Fernando Guerra, acad\u00e9mico del Instituto de Ciencias Biol\u00f3gicas.<\/a><\/p><p>\u00a0<\/p><p><strong>TXSPLUS.COM<\/strong><\/p><p><a href=\"https:\/\/txsplus.com\/2023\/10\/jornadas-de-uss-abordaran-trabajo-con-tecnologia-punta-para-manejo-terapeutico\/\">Jornada abordar\u00e1 el trabajo con tecnolog\u00eda de punta en el manejo terap\u00e9utico. Se menciona a Valeska Gatica, directora del Centro Tecnol\u00f3gico de Telerrehabilitaci\u00f3n y Neurociencias en el Movimiento Humano.<\/a><\/p><p>\u00a0<\/p><p><strong>MEGANOTICIAS.CL<\/strong><\/p><p><a href=\"https:\/\/www.meganoticias.cl\/nacional\/427061-columna-mauricio-morales-encuesta-cadem-voto-en-contra-consejo-constitucional-01-10-2023.html\">El \u00faltimo y nos vamos. Se refiere Mauricio Morales, director del Centro de An\u00e1lisis Pol\u00edtico (CAP).<\/a><\/p><p>\u00a0<\/p><p><strong>EL MERCURIO DE VALPARAISO<\/strong><\/p><p><a href=\"https:\/\/www.litoralpress.cl\/paginaconsultas\/Servicios_NClipSitio\/Get_Imagen_Nota.aspx?LPKey=RZBKFWD77TMQLHC73B7DMB5HSOPU47XABCFTWOBLIQHQLKTSY5L7Z7V4LST47C3ZLSP7WMTTI2ED6\">\u201cDesde la UDI, cierro la opci\u00f3n de que haya un tercer proceso constituyente\u201d. Se refiere Mauricio Morales, director del Centro de An\u00e1lisis Pol\u00edtico (CAP).<\/a><\/p><p>\u00a0<\/p><p><strong>EL MERCURIO DE CALAMA<\/strong><\/p><p><a href=\"https:\/\/www.litoralpress.cl\/paginaconsultas\/Servicios_NClipSitio\/Get_Imagen_Nota.aspx?LPKey=UJGSM3QRERBOGMDPG53LWGKYK4LK4ACUIC2NOQATETTO3NCCWIVP4KIODM7GCFOYQQKZKKBNA3TPE\">\u201cDesde la UDI, cierro la opci\u00f3n de que haya un tercer proceso constituyente\u201d. Se refiere Mauricio Morales, director del Centro de An\u00e1lisis Pol\u00edtico (CAP).<\/a><\/p><p>\u00a0<\/p><p><strong>EL AUSTRAL DE OSORNO<\/strong><\/p><p><a href=\"https:\/\/www.litoralpress.cl\/paginaconsultas\/Servicios_NClipSitio\/Get_Imagen_Nota.aspx?LPKey=SV52ZKUKRFT23LYJPSLMCBBJR6GRUPB4PWUDZV4LZ4ELKQNJO56GY2SQU352UTLXNEDK4O2K55MQI\">\u201cDesde la UDI, cierro la opci\u00f3n de que haya un tercer proceso constituyente\u201d. Se refiere Mauricio Morales, director del Centro de An\u00e1lisis Pol\u00edtico (CAP).<\/a><\/p><p>\u00a0<\/p><p><strong>DIARIO TALCA<\/strong><\/p><p><a href=\"https:\/\/diariotalca.cl\/hasta-cuando-por-rodrigo-biel-melgarejo-2\/\">Hasta cu\u00e1ndo. Se refiere Rodrigo Biel Melgarejo, acad\u00e9mico de la Facultad de Ciencias Jur\u00eddicas y Sociales.<\/a><\/p><p>\u00a0<\/p><p><strong>LA PRENSA DE CURIC\u00d3 <\/strong><\/p><p><a href=\"https:\/\/www.litoralpress.cl\/paginaconsultas\/Servicios_NClipSitio\/Get_Imagen_Nota.aspx?LPKey=NM5A346RGF5BZG24357E4CSJI5CQQZQRPHINDBOTTM4ZVV4YHGTGTM4GL4IXQEDJP3LEKV6RUYVM4\">Presentan la obra \u201cEl Golpe, un relato de memoria\u201d. Se refiere Marcela Albornoz Dachelet, directora de Extensi\u00f3n Cultural \u2013 Art\u00edstica.<\/a><\/p>\t\t\t\t\t\t<\/div>\n\t\t\t\t<\/div>\n\t\t\t\t\t<\/div>\n\t\t<\/div>\n\t\t\t\t\t\t\t<\/div>\n\t\t<\/section>\n\t\t\t\t\t\t<\/div>\n\t\t\t\t\t<\/div>\n\t\t","protected":false},"excerpt":{"rendered":"<p>LA PRENSA DE CURIC\u00d3 Pasacalle a gran escala \u201cLa Pichint\u00fan\u201d convoc\u00f3 a la comunidad curicana. Se refiere Carlos Torres Fuchslocher, rector. \u00a0 MEDIABANCO Festival de las Ciencias 2023 en el Maule inici\u00f3 con una alta convocatoria de p\u00fablico. Se refiere Carlos Torres Fuchslocher, rector. \u00a0 FUTURO360.COM Festival de las Ciencias: Revisa las m\u00e1s de 200 &hellip;<\/p>\n<p class=\"read-more\"> <a class=\"\" href=\"https:\/\/www.reportedeprensa.utalca.cl\/?p=8350\"> <span class=\"screen-reader-text\">03 de octubre de 2023<\/span> Read More &raquo;<\/a><\/p>\n","protected":false},"author":1,"featured_media":0,"comment_status":"closed","ping_status":"open","sticky":false,"template":"","format":"standard","meta":{"_monsterinsights_skip_tracking":false,"_monsterinsights_sitenote_active":false,"_monsterinsights_sitenote_note":"","_monsterinsights_sitenote_category":0},"categories":[41],"tags":[],"_links":{"self":[{"href":"https:\/\/www.reportedeprensa.utalca.cl\/index.php?rest_route=\/wp\/v2\/posts\/8350"}],"collection":[{"href":"https:\/\/www.reportedeprensa.utalca.cl\/index.php?rest_route=\/wp\/v2\/posts"}],"about":[{"href":"https:\/\/www.reportedeprensa.utalca.cl\/index.php?rest_route=\/wp\/v2\/types\/post"}],"author":[{"embeddable":true,"href":"https:\/\/www.reportedeprensa.utalca.cl\/index.php?rest_route=\/wp\/v2\/users\/1"}],"replies":[{"embeddable":true,"href":"https:\/\/www.reportedeprensa.utalca.cl\/index.php?rest_route=%2Fwp%2Fv2%2Fcomments&post=8350"}],"version-history":[{"count":4,"href":"https:\/\/www.reportedeprensa.utalca.cl\/index.php?rest_route=\/wp\/v2\/posts\/8350\/revisions"}],"predecessor-version":[{"id":8354,"href":"https:\/\/www.reportedeprensa.utalca.cl\/index.php?rest_route=\/wp\/v2\/posts\/8350\/revisions\/8354"}],"wp:attachment":[{"href":"https:\/\/www.reportedeprensa.utalca.cl\/index.php?rest_route=%2Fwp%2Fv2%2Fmedia&parent=8350"}],"wp:term":[{"taxonomy":"category","embeddable":true,"href":"https:\/\/www.reportedeprensa.utalca.cl\/index.php?rest_route=%2Fwp%2Fv2%2Fcategories&post=8350"},{"taxonomy":"post_tag","embeddable":true,"href":"https:\/\/www.reportedeprensa.utalca.cl\/index.php?rest_route=%2Fwp%2Fv2%2Ftags&post=8350"}],"curies":[{"name":"wp","href":"https:\/\/api.w.org\/{rel}","templated":true}]}}