{"id":8369,"date":"2023-10-04T14:31:48","date_gmt":"2023-10-04T17:31:48","guid":{"rendered":"https:\/\/www.reportedeprensa.utalca.cl\/?p=8369"},"modified":"2023-10-04T14:32:18","modified_gmt":"2023-10-04T17:32:18","slug":"04-de-octubre-de-2023","status":"publish","type":"post","link":"https:\/\/www.reportedeprensa.utalca.cl\/?p=8369","title":{"rendered":"04 de octubre de 2023"},"content":{"rendered":"\t\t<div data-elementor-type=\"wp-post\" data-elementor-id=\"8369\" class=\"elementor elementor-8369\" data-elementor-settings=\"[]\">\n\t\t\t\t\t\t\t<div class=\"elementor-section-wrap\">\n\t\t\t\t\t\t\t<section class=\"elementor-section elementor-top-section elementor-element elementor-element-bcea1a8 elementor-section-boxed elementor-section-height-default elementor-section-height-default\" data-id=\"bcea1a8\" data-element_type=\"section\">\n\t\t\t\t\t\t<div class=\"elementor-container elementor-column-gap-default\">\n\t\t\t\t\t<div class=\"elementor-column elementor-col-100 elementor-top-column elementor-element elementor-element-e7183bf\" data-id=\"e7183bf\" data-element_type=\"column\">\n\t\t\t<div class=\"elementor-widget-wrap elementor-element-populated\">\n\t\t\t\t\t\t\t\t<div class=\"elementor-element elementor-element-5ffbb87 elementor-widget elementor-widget-text-editor\" data-id=\"5ffbb87\" data-element_type=\"widget\" data-widget_type=\"text-editor.default\">\n\t\t\t\t<div class=\"elementor-widget-container\">\n\t\t\t\t\t\t\t\t<p><strong>ADPRENSA<\/strong><\/p><p><a href=\"https:\/\/www.adprensa.cl\/congreso\/senado-y-universidad-de-talca-firman-compromiso-por-la-ciberseguridad\/\">Senado y Universidad de Talca firman compromiso\u00a0por la ciberseguridad. Se refiere Carlos Torres Fuchslocher, rector.<\/a><\/p><p>\u00a0<\/p><p><strong>G5NOTICIAS.CL<\/strong><\/p><p><a href=\"https:\/\/g5noticias.cl\/2023\/10\/03\/senado-y-universidad-de-talca-firman-compromiso-por-la-ciberseguridad\/\">Senado y Universidad de Talca firman compromiso\u00a0por la ciberseguridad. Se refiere Carlos Torres Fuchslocher, rector.<\/a><\/p><p>\u00a0<\/p><p><strong>MEDIABANCO<\/strong><\/p><p><a href=\"https:\/\/www.mediabanco.com\/festival-de-las-ciencias-2023-en-el-mauleinicio-con-una-alta-convocatoria-de-publico\/\">Festival de las Ciencias 2023 en el Maule inici\u00f3 con una alta convocatoria de p\u00fablico. Se refiere Carlos Torres Fuchslocher, rector.<\/a><\/p><p>\u00a0<\/p><p><strong>VLNRADIO.CL<\/strong><\/p><p><a href=\"https:\/\/vlnradio.cl\/noticias\/nacional\/region-del-maule\/curico\/2023\/10\/02\/festival-de-las-ciencias-2023-inicio-con-una-alta-convocatoria-de-publico\/\">Festival de las Ciencias 2023 inici\u00f3 con una alta convocatoria de p\u00fablico. Se refiere Carlos Torres Fuchslocher, rector.<\/a><\/p><p>\u00a0<\/p><p><strong>PUBLIMICRO<\/strong><\/p><p><a href=\"https:\/\/publimicro.cl\/entretenida-y-ludica-intervencion-urbana-en-curico-acerco-la-ciencia-a-los-ninos-y-familias\/\">Entretenida y l\u00fadica intervenci\u00f3n urbana en Curic\u00f3 acerc\u00f3 la ciencia a los ni\u00f1os y Familias. Se refiere Carlos Torres Fuchslocher, rector.<\/a><\/p><p>\u00a0<\/p><p><strong>AGENCIA XINHUA (CHINA)<\/strong><\/p><p><a href=\"https:\/\/www.litoralpress.cl\/paginaconsultas\/Servicios_NClipSitio\/Get_Imagen_Nota.aspx?LPKey=O7HJZZN4X64GAN5US7RIRMKPJWRK3G6AA5TCSOYEPU6DGR3R4IZ6RQ7MOXVIZASSDB2GHHFIA3M6E\">Las\u00a0Zonas de Libre Comercio marcan un hito en el desarrollo de China en el siglo XXI. Se refiere Karina Pi\u00f1a, acad\u00e9mica de la Facultad de Econom\u00eda y Negocios.<\/a><\/p><p>\u00a0<\/p><p><strong>CIENCIAENCHILE.CL<\/strong><\/p><p><a href=\"https:\/\/www.cienciaenchile.cl\/investigacion-busca-mejorar-el-cultivo-de-tomates-en-invernadero\/\">Investigaci\u00f3n busca mejorar el cultivo de tomates en invernadero. Se refiere Hern\u00e1n Paill\u00e1n, acad\u00e9mico de la Facultad de Ciencias Agrarias y director del proyecto.<\/a><\/p><p>\u00a0<\/p><p><strong>G5NOTICIAS.CL<\/strong><\/p><p><a href=\"https:\/\/g5noticias.cl\/2023\/10\/03\/investigacion-busca-mejorar-el-cultivo-de-tomates-en-invernadero\/\">Investigaci\u00f3n busca mejorar el cultivo de tomates en invernadero. Se refiere Hern\u00e1n Paill\u00e1n, acad\u00e9mico de la Facultad de Ciencias Agrarias y director del proyecto.<\/a><\/p><p>\u00a0<\/p><p><strong>PUNTOLONTUE.CL<\/strong><\/p><p><a href=\"https:\/\/puntolontue.cl\/?p=11482\">Investigaci\u00f3n busca mejorar el cultivo de tomates en invernadero. Se refiere Hern\u00e1n Paill\u00e1n, acad\u00e9mico de la Facultad de Ciencias Agrarias y director del proyecto.<\/a><\/p><p>\u00a0<\/p><p><strong>ARAUCANIADIARIO.CL<\/strong><\/p><p><a href=\"https:\/\/araucaniadiario.cl\/contenido\/21833\/empeora-el-sector-construccion-mas-de-4-mil-licitaciones-fueron-declaradas-desie\">Empeora el sector construcci\u00f3n: m\u00e1s de 4 mil licitaciones fueron declaradas desiertas. Se refiere Armando Dur\u00e1n, acad\u00e9mico de la Facultad de Ingenier\u00eda.<\/a><\/p><p>\u00a0<\/p><p><strong>RADIOPOLAR.COM<\/strong><\/p><p><a href=\"https:\/\/radiopolar.com\/se-destaca-magallanes-en-100-aumentaron-las-licitaciones-desiertas-en-el-rubro-de-la-construccion\/\">Se destaca Magallanes: En 100% aumentaron las licitaciones desiertas en el rubro de la construcci\u00f3n. Se refiere Armando Dur\u00e1n, acad\u00e9mico de la Facultad de Ingenier\u00eda.<\/a><\/p><p>\u00a0<\/p><p><strong>OVEJEROSNOTICIAS.CL<\/strong><\/p><p><a href=\"https:\/\/www.ovejeronoticias.cl\/2023\/10\/en-100-aumentaron-las-licitaciones-desiertas-en-el-rubro-de-la-construccion\/\">Licitaciones desiertas en la construcci\u00f3n aumentan 100%. Se refiere Armando Dur\u00e1n, acad\u00e9mico de la Facultad de Ingenier\u00eda.<\/a><\/p><p>\u00a0<\/p><p><strong>LAS \u00daLTIMAS NOTICIAS<\/strong><\/p><p><a href=\"https:\/\/www.litoralpress.cl\/paginaconsultas\/Servicios_NClipSitio\/Get_Imagen_Nota.aspx?LPKey=VXALQBZOO2VK4RDMJDATR2OZFQYUCQ3OMKLEQX2PJXJZEZOWWR3G2KA6HUR45XW7XRG2MBV3GDFYA\">Se avecina un verano infernal: el aire acondicionado es una inversi\u00f3n. Se menciona al Centro de Investigaci\u00f3n y Transferencia en Riego y Agroclimatolog\u00eda (CITRA).<\/a><\/p><p>\u00a0<\/p><p><strong>G5NOTICIAS.CL<\/strong><\/p><p><a href=\"https:\/\/g5noticias.cl\/2023\/10\/03\/lluvias-primaverales-causarian-cuantiosos-danos-para-la-agricultura-del-pais\/\">Lluvias primaverales causar\u00edan cuantiosos da\u00f1os para la agricultura del pa\u00eds. Se refiere Patricio Gonz\u00e1lez Colville, agroclimat\u00f3logo del Centro de Investigaci\u00f3n y Transferencia en Riego y Agroclimatolog\u00eda (CITRA).<\/a><\/p><p>\u00a0<\/p><p><strong>EL MOSTRADOR<\/strong><\/p><p><a href=\"https:\/\/www.elmostrador.cl\/agenda-pais\/agenda-digital\/2023\/10\/03\/como-evitar-estafas-digitales-durante-el-cyber-monday-2023\/\">C\u00f3mo evitar estafas digitales durante el Cyber Monday 2023. Se refiere Rodrigo Bustamante, jefe de Seguridad Digital.<\/a><\/p><p>\u00a0<\/p><p><strong>ESTAPASANDO.CL\u00a0\u00a0\u00a0\u00a0\u00a0\u00a0<\/strong><\/p><p><a href=\"https:\/\/estapasando.cl\/paginas-web-falsas-consejos-para-evitar-fraudes-en-este-cyber-monday-2023\/\">P\u00e1ginas web falsas: consejos para evitar fraudes este Cyber Monday 2023. Se refiere Rodrigo Bustamante, jefe de Seguridad Digital.<\/a><\/p><p>\u00a0<\/p><p><strong>RADIO AMIGA<\/strong><\/p><p><a href=\"https:\/\/www.litoralpress.cl\/sitio\/RadioTV_Detalles.cshtml?LPKey=L6E5LGBWBITIYE5MJHO4FBZAKHWHOBNNFM4UA5Y2DTTA5YEUS4Z6ZSXU7ZBNLYZBWRK7DVWVF3MOM\">Entregan recomendaciones para evitar estafas en una nueva versi\u00f3n del Cyber Monday. Se refiere Rodrigo Bustamante, jefe de Seguridad Digital.<\/a><\/p><p>\u00a0<\/p><p><strong>CHVNOTICIAS.CL<\/strong><\/p><p><a href=\"https:\/\/www.chvnoticias.cl\/te-ayuda\/en-simples-pasos-como-averiguar-el-sueldo-promedio-y-la-empleabilidad-de-las-carreras-en-chile_20231003\/\">En simples pasos: C\u00f3mo averiguar el sueldo promedio y la empleabilidad de las carreras en Chile. Se menciona a la Universidad de Talca. <\/a><\/p><p><strong>\u00a0<\/strong><\/p><p><strong>ESTAPASANDO.CL<\/strong><\/p><p><a href=\"https:\/\/estapasando.cl\/municipalidad-de-santiago-otorga-licitacion-a-empresa-mas-cara-y-se-pasa-de-su-presupuesto\/\">Municipalidad de Santiago contrata a empresa de basura $1500 millones m\u00e1s cara que la competencia. Se refiere Armando Dur\u00e1n, acad\u00e9mico de la Facultad de Ingener\u00eda.<\/a><\/p><p><strong>\u00a0<\/strong><\/p><p><strong>EL MERCURIO<\/strong><\/p><p><a href=\"https:\/\/www.litoralpress.cl\/paginaconsultas\/Servicios_NClipSitio\/Get_Imagen_Nota.aspx?LPKey=ZBDSRZ57744E3LAIX4VJF7DMIO2TLE47ZTT2IFB5VYEZZRFC7WSERR4LX4BHLKOVVVVEMDHSPKV54\">Traspi\u00e9 de Toh\u00e1: enmienda dichos tras cr\u00edticas y pasa de &#8220;usurpaci\u00f3n pac\u00edfica&#8221; a &#8220;no violenta&#8221;. Se refiere Mauricio Morales, director del Centro de An\u00e1lisis Pol\u00edtico (CAP).<\/a><\/p><p><strong>\u00a0<\/strong><\/p><p><strong>RADIO INFINITA<\/strong><\/p><p><a href=\"https:\/\/www.litoralpress.cl\/sitio\/RadioTV_Detalles.cshtml?LPKey=TR3SNVW73MOQYLGXX74N7WDNYIMIVZFVDO2Y6TGNBXPJ4ERGQONTAB4WBGYHY4NRNRKAQA5ALXUUO\">An\u00e1lisis pol\u00edtico de Mauricio Morales, director del Centro de An\u00e1lisis Pol\u00edtico (CAP). <\/a><\/p>\t\t\t\t\t\t<\/div>\n\t\t\t\t<\/div>\n\t\t\t\t\t<\/div>\n\t\t<\/div>\n\t\t\t\t\t\t\t<\/div>\n\t\t<\/section>\n\t\t\t\t\t\t<\/div>\n\t\t\t\t\t<\/div>\n\t\t","protected":false},"excerpt":{"rendered":"<p>ADPRENSA Senado y Universidad de Talca firman compromiso\u00a0por la ciberseguridad. Se refiere Carlos Torres Fuchslocher, rector. \u00a0 G5NOTICIAS.CL Senado y Universidad de Talca firman compromiso\u00a0por la ciberseguridad. Se refiere Carlos Torres Fuchslocher, rector. \u00a0 MEDIABANCO Festival de las Ciencias 2023 en el Maule inici\u00f3 con una alta convocatoria de p\u00fablico. Se refiere Carlos Torres Fuchslocher, &hellip;<\/p>\n<p class=\"read-more\"> <a class=\"\" href=\"https:\/\/www.reportedeprensa.utalca.cl\/?p=8369\"> <span class=\"screen-reader-text\">04 de octubre de 2023<\/span> Read More &raquo;<\/a><\/p>\n","protected":false},"author":1,"featured_media":0,"comment_status":"closed","ping_status":"open","sticky":false,"template":"","format":"standard","meta":{"_monsterinsights_skip_tracking":false,"_monsterinsights_sitenote_active":false,"_monsterinsights_sitenote_note":"","_monsterinsights_sitenote_category":0},"categories":[41],"tags":[],"_links":{"self":[{"href":"https:\/\/www.reportedeprensa.utalca.cl\/index.php?rest_route=\/wp\/v2\/posts\/8369"}],"collection":[{"href":"https:\/\/www.reportedeprensa.utalca.cl\/index.php?rest_route=\/wp\/v2\/posts"}],"about":[{"href":"https:\/\/www.reportedeprensa.utalca.cl\/index.php?rest_route=\/wp\/v2\/types\/post"}],"author":[{"embeddable":true,"href":"https:\/\/www.reportedeprensa.utalca.cl\/index.php?rest_route=\/wp\/v2\/users\/1"}],"replies":[{"embeddable":true,"href":"https:\/\/www.reportedeprensa.utalca.cl\/index.php?rest_route=%2Fwp%2Fv2%2Fcomments&post=8369"}],"version-history":[{"count":4,"href":"https:\/\/www.reportedeprensa.utalca.cl\/index.php?rest_route=\/wp\/v2\/posts\/8369\/revisions"}],"predecessor-version":[{"id":8376,"href":"https:\/\/www.reportedeprensa.utalca.cl\/index.php?rest_route=\/wp\/v2\/posts\/8369\/revisions\/8376"}],"wp:attachment":[{"href":"https:\/\/www.reportedeprensa.utalca.cl\/index.php?rest_route=%2Fwp%2Fv2%2Fmedia&parent=8369"}],"wp:term":[{"taxonomy":"category","embeddable":true,"href":"https:\/\/www.reportedeprensa.utalca.cl\/index.php?rest_route=%2Fwp%2Fv2%2Fcategories&post=8369"},{"taxonomy":"post_tag","embeddable":true,"href":"https:\/\/www.reportedeprensa.utalca.cl\/index.php?rest_route=%2Fwp%2Fv2%2Ftags&post=8369"}],"curies":[{"name":"wp","href":"https:\/\/api.w.org\/{rel}","templated":true}]}}