{"id":8377,"date":"2023-10-05T11:47:40","date_gmt":"2023-10-05T14:47:40","guid":{"rendered":"https:\/\/www.reportedeprensa.utalca.cl\/?p=8377"},"modified":"2023-10-05T11:57:56","modified_gmt":"2023-10-05T14:57:56","slug":"05-de-octubre-de-2023","status":"publish","type":"post","link":"https:\/\/www.reportedeprensa.utalca.cl\/?p=8377","title":{"rendered":"05 de octubre de 2023"},"content":{"rendered":"\t\t<div data-elementor-type=\"wp-post\" data-elementor-id=\"8377\" class=\"elementor elementor-8377\" data-elementor-settings=\"[]\">\n\t\t\t\t\t\t\t<div class=\"elementor-section-wrap\">\n\t\t\t\t\t\t\t<section class=\"elementor-section elementor-top-section elementor-element elementor-element-bcea1a8 elementor-section-boxed elementor-section-height-default elementor-section-height-default\" data-id=\"bcea1a8\" data-element_type=\"section\">\n\t\t\t\t\t\t<div class=\"elementor-container elementor-column-gap-default\">\n\t\t\t\t\t<div class=\"elementor-column elementor-col-100 elementor-top-column elementor-element elementor-element-e7183bf\" data-id=\"e7183bf\" data-element_type=\"column\">\n\t\t\t<div class=\"elementor-widget-wrap elementor-element-populated\">\n\t\t\t\t\t\t\t\t<div class=\"elementor-element elementor-element-5ffbb87 elementor-widget elementor-widget-text-editor\" data-id=\"5ffbb87\" data-element_type=\"widget\" data-widget_type=\"text-editor.default\">\n\t\t\t\t<div class=\"elementor-widget-container\">\n\t\t\t\t\t\t\t\t<p><strong>EL MOSTRADOR<\/strong><\/p><p><a href=\"https:\/\/www.elmostrador.cl\/agenda-pais\/agenda-digital\/2023\/10\/04\/firman-compromiso-para-el-fortalecimiento-de-la-ciberseguridad-en-chile\/\">Firman compromiso para el fortalecimiento de la ciberseguridad en Chile. Se refiere Carlos Torres Fuchslocher, rector.<\/a><\/p><p>\u00a0<\/p><p><strong>ENLINEAMAULE.CL<\/strong><\/p><p><a href=\"https:\/\/enlineamaule.cl\/archivo\/53532\">Con el fin de contribuir al desarrollo de la ciberseguridad UTalca y Senado firmaron alianza. Se refiere Carlos Torres Fuchslocher, rector.<\/a><\/p><p>\u00a0<\/p><p><strong>DIARIOTALCA.CL<\/strong><\/p><p><a href=\"https:\/\/diariotalca.cl\/rector-utalca-a-nivel-mundial-la-democracia-esta-tensionada\/\">Rector UTalca: &#8220;A nivel mundial la democracia est\u00e1 tensionada&#8221;. Se refiere Carlos Torres Fuchslocher, rector.<\/a><\/p><p>\u00a0<\/p><p><strong>CAQUENESNET.CL<\/strong><\/p><p><a href=\"https:\/\/cauquenesnet.cl\/2023\/10\/04\/festival-de-las-ciencias-2023-en-el-maule-inicio-con-una-alta-convocatoria-de-publico\/\">Festival de las Ciencias 2023 inici\u00f3 con una alta convocatoria de p\u00fablico. Se refiere Carlos Torres Fuchslocher, rector. <\/a><\/p><p>\u00a0<\/p><p><strong>ADPRENSA<\/strong><\/p><p><a href=\"https:\/\/www.adprensa.cl\/cronica\/estudio-busca-mejorar-la-calidad-de-la-frutilla-comercial-en-chile\/#:~:text=La%20frutilla%20chilena%20destaca%20por,de%20otros%20frutos%20no%20climat%C3%A9ricos.\">Estudio busca mejorar la calidad de la frutilla comercial en Chile. Se refiere Alejandra Moya Le\u00f3n, acad\u00e9mica del Instituto de Ciencias Biol\u00f3gicas y directora del proyecto; Carlos Figueroa, director del programa en Doctorado en Ciencias con Menci\u00f3n en Biolog\u00eda Vegetal;\u00a0 y Roberto Jara, director de Investigaci\u00f3n. <\/a><\/p><p>\u00a0<\/p><p><strong>MEDIABANCO<\/strong><\/p><p><a href=\"https:\/\/www.mediabanco.com\/estudio-busca-mejorar-la-calidad-de-la-frutilla-comercial-en-chile\/\">Estudio busca mejorar la calidad de la frutilla comercial en Chile. Se refiere Alejandra Moya Le\u00f3n, acad\u00e9mica del Instituto de Ciencias Biol\u00f3gicas y directora del proyecto; Carlos Figueroa, director del programa en Doctorado en Ciencias con Menci\u00f3n en Biolog\u00eda Vegetal;\u00a0 y Roberto Jara, director de Investigaci\u00f3n.<\/a><\/p><p>\u00a0<\/p><p><strong>PUNTOLONTUE.CL<\/strong><\/p><p><a href=\"https:\/\/puntolontue.cl\/?p=11539\">Estudio busca mejorar la calidad de la frutilla comercial en Chile. Se refiere Alejandra Moya Le\u00f3n, acad\u00e9mica del Instituto de Ciencias Biol\u00f3gicas y directora del proyecto; Carlos Figueroa, director del programa en Doctorado en Ciencias con Menci\u00f3n en Biolog\u00eda Vegetal;\u00a0 y Roberto Jara, director de Investigaci\u00f3n<\/a>.<\/p><p>\u00a0<\/p><p><strong>CAUQUENESNET.CL<\/strong><\/p><p><a href=\"https:\/\/cauquenesnet.cl\/2023\/10\/04\/estudio-busca-mejorar-la-calidad-de-la-frutilla-comercial-en-chile\/\">Estudio busca mejorar la calidad de la frutilla comercial en Chile. Se refiere Alejandra Moya Le\u00f3n, acad\u00e9mica del Instituto de Ciencias Biol\u00f3gicas y directora del proyecto; Carlos Figueroa, director del programa en Doctorado en Ciencias con Menci\u00f3n en Biolog\u00eda Vegetal;\u00a0 y Roberto Jara, director de Investigaci\u00f3n.<\/a><\/p><p>\u00a0<\/p><p><strong>CANAL TVR <\/strong><\/p><p><a href=\"https:\/\/www.litoralpress.cl\/sitio\/RadioTV_Detalles.cshtml?LPKey=U3W7XALWIVMEAIYVPMG4UATV5WW6FYKFQ46X4PDYMOQXYX4RR6ICKK6G4RUHLIXB3UEK7B6XCNZDO\">Se espera que esta primavera se registren lluvias y altas temperaturas debido al Fen\u00f3meno del Ni\u00f1o. Se refiere Patricio Gonz\u00e1lez Colville, agroclimat\u00f3logo del Centro de Investigaci\u00f3n y Transferencia en Riego y Agroclimatolog\u00eda (CITRA).<\/a><\/p><p><strong>\u00a0<\/strong><\/p><p><strong>CANAL TVR<\/strong><\/p><p><a href=\"https:\/\/www.litoralpress.cl\/sitio\/RadioTV_Detalles.cshtml?LPKey=5J7HC4RTSTP7FFMTWUJXQ7PKAJ43OUF37VKDVBI5KUFU4VPZJHZB5RPVVCG647V2DPR7IQ56C57SS\">El desempleo en Linares lleg\u00f3 al 11,1% en el trimestre junio-agosto. Se refiere Rodrigo Saens, acad\u00e9mico de la Facultad de Econom\u00eda y Negocios.<\/a><\/p><p><strong>\u00a0<\/strong><\/p><p><strong>LA PRENSA DE CURIC\u00d3<\/strong><\/p><p><a href=\"https:\/\/www.litoralpress.cl\/paginaconsultas\/Servicios_NClipSitio\/Get_Imagen_Nota.aspx?LPKey=73M6W42FSLYRMPUQFEY6S4L6D7CPHEWMU3E4W6RKD3JQCJJQ6TVJGTR55HXRKLLZ6MZSGWAZBPUO4\">Seminario abordar\u00e1 la inteligencia artificial en el dise\u00f1o. Se menciona a la Escuela de Dise\u00f1o y al acad\u00e9mico Raimundo Hamilton. <\/a><\/p><p><strong>\u00a0<\/strong><\/p><p><strong>CANAL TVN RED MAULE<\/strong><\/p><p><a href=\"https:\/\/www.litoralpress.cl\/sitio\/RadioTV_Detalles.cshtml?LPKey=36UO5FSJNRYH657L74YQ5C4SPRW3WET6EM2SICYGBYPNYQUUTZPPFH3D3A35CI6Y26Z5A2G4U64HQ\">Detienen a presunto autor de incendio de Iglesia en Constituci\u00f3n. Se refiere Felipe Figueroa, psic\u00f3logo del programa PACE.<\/a><\/p><p><strong>\u00a0<\/strong><\/p><p><strong>EL MOSTRADOR\u00a0\u00a0\u00a0\u00a0\u00a0\u00a0 <\/strong><\/p><p><a href=\"https:\/\/www.elmostrador.cl\/braga\/2023\/10\/04\/sextorsion-o-chantaje-digital-un-delito-sin-ley-en-chile\/\">Sextorsi\u00f3n o chantaje digital: un delito sin ley en Chile. Se refiere David Tobar, abogado de la Direcci\u00f3n de G\u00e9nero.<\/a><\/p><p><strong>\u00a0<\/strong><\/p><p><strong>G5NOTICIAS.CL<\/strong><\/p><p><a href=\"https:\/\/g5noticias.cl\/2023\/10\/04\/que-debemos-saber-sobre-el-virus-nipah\/\">\u00bfQu\u00e9 debemos saber sobre el virus Nipah? Se refiere Erika Retamal Contreras, directora del Departamento de Salud P\u00fablica.<\/a><\/p><p>\u00a0<\/p><p><strong>RADIO AMIGA<\/strong><\/p><p><a href=\"https:\/\/www.litoralpress.cl\/sitio\/RadioTV_Detalles.cshtml?LPKey=T5YFP5WT44TAMT53AQPU4BJLCFXXJDR5MUXWT5VOXO4JDKGZZ5DQKM22AK4MXFKC6NXZDZW7UMLHS\">Autoridades indias se apresuran a contener brote mortal del Virus de Nipah. Se refiere Erika Retamal Contreras, directora del Departamento de Salud P\u00fablica.<\/a><\/p><p>\u00a0<\/p><p><strong>RADIO AMIGA<\/strong><\/p><p><a href=\"https:\/\/www.litoralpress.cl\/sitio\/RadioTV_Detalles.cshtml?LPKey=3JDAU3JDLXLUY5GKC4RQTTGUQBL7ZXQDZOZU2PO2W4W5YRAGNLMX2HVGJEPYJIBVRJL6SAIQRGWT2\">Alergias: sistema inmunitario puede verse afectado por la carencia de vitaminas y minerales. Se refiere Jos\u00e9 Gregorio Ledezma, acad\u00e9mico de la Escuela de Medicina.<\/a><\/p><p>\u00a0<\/p><p><strong>RADIO INFINITA<\/strong><\/p><p><a href=\"https:\/\/www.litoralpress.cl\/sitio\/RadioTV_Detalles.cshtml?LPKey=RTE4AFZQNN56K45WKAS2BBIJMYK7Q5TZYDS7IU7MDPM7ISFWLNTYHTJEUNSHT6757UON7IZMS44WC\">An\u00e1lisis pol\u00edtico de Mauricio Morales, director del Centro de An\u00e1lisis Pol\u00edtico (CAP).<\/a><\/p>\t\t\t\t\t\t<\/div>\n\t\t\t\t<\/div>\n\t\t\t\t\t<\/div>\n\t\t<\/div>\n\t\t\t\t\t\t\t<\/div>\n\t\t<\/section>\n\t\t\t\t\t\t<\/div>\n\t\t\t\t\t<\/div>\n\t\t","protected":false},"excerpt":{"rendered":"<p>EL MOSTRADOR Firman compromiso para el fortalecimiento de la ciberseguridad en Chile. Se refiere Carlos Torres Fuchslocher, rector. \u00a0 ENLINEAMAULE.CL Con el fin de contribuir al desarrollo de la ciberseguridad UTalca y Senado firmaron alianza. Se refiere Carlos Torres Fuchslocher, rector. \u00a0 DIARIOTALCA.CL Rector UTalca: &#8220;A nivel mundial la democracia est\u00e1 tensionada&#8221;. Se refiere Carlos &hellip;<\/p>\n<p class=\"read-more\"> <a class=\"\" href=\"https:\/\/www.reportedeprensa.utalca.cl\/?p=8377\"> <span class=\"screen-reader-text\">05 de octubre de 2023<\/span> Read More &raquo;<\/a><\/p>\n","protected":false},"author":1,"featured_media":0,"comment_status":"closed","ping_status":"open","sticky":false,"template":"","format":"standard","meta":{"_monsterinsights_skip_tracking":false,"_monsterinsights_sitenote_active":false,"_monsterinsights_sitenote_note":"","_monsterinsights_sitenote_category":0},"categories":[41],"tags":[],"_links":{"self":[{"href":"https:\/\/www.reportedeprensa.utalca.cl\/index.php?rest_route=\/wp\/v2\/posts\/8377"}],"collection":[{"href":"https:\/\/www.reportedeprensa.utalca.cl\/index.php?rest_route=\/wp\/v2\/posts"}],"about":[{"href":"https:\/\/www.reportedeprensa.utalca.cl\/index.php?rest_route=\/wp\/v2\/types\/post"}],"author":[{"embeddable":true,"href":"https:\/\/www.reportedeprensa.utalca.cl\/index.php?rest_route=\/wp\/v2\/users\/1"}],"replies":[{"embeddable":true,"href":"https:\/\/www.reportedeprensa.utalca.cl\/index.php?rest_route=%2Fwp%2Fv2%2Fcomments&post=8377"}],"version-history":[{"count":4,"href":"https:\/\/www.reportedeprensa.utalca.cl\/index.php?rest_route=\/wp\/v2\/posts\/8377\/revisions"}],"predecessor-version":[{"id":8381,"href":"https:\/\/www.reportedeprensa.utalca.cl\/index.php?rest_route=\/wp\/v2\/posts\/8377\/revisions\/8381"}],"wp:attachment":[{"href":"https:\/\/www.reportedeprensa.utalca.cl\/index.php?rest_route=%2Fwp%2Fv2%2Fmedia&parent=8377"}],"wp:term":[{"taxonomy":"category","embeddable":true,"href":"https:\/\/www.reportedeprensa.utalca.cl\/index.php?rest_route=%2Fwp%2Fv2%2Fcategories&post=8377"},{"taxonomy":"post_tag","embeddable":true,"href":"https:\/\/www.reportedeprensa.utalca.cl\/index.php?rest_route=%2Fwp%2Fv2%2Ftags&post=8377"}],"curies":[{"name":"wp","href":"https:\/\/api.w.org\/{rel}","templated":true}]}}